{"id":9759,"date":"2010-08-20T22:43:02","date_gmt":"2010-08-21T02:43:02","guid":{"rendered":"http:\/\/develop.olympic.ca\/?p=9759"},"modified":"2013-08-01T01:11:02","modified_gmt":"2013-08-01T01:11:02","slug":"une-chute-aneantit-les-espoirs-de-medailles-dune-triathlete-canadienne","status":"publish","type":"post","link":"https:\/\/develop.olympic.ca\/olympique\/2010\/08\/20\/une-chute-aneantit-les-espoirs-de-medailles-dune-triathlete-canadienne\/","title":{"rendered":"Une chute an\u00e9antit les espoirs de m\u00e9dailles d\u2019une triathl\u00e8te canadienne"},"content":{"rendered":"<p>La triathl\u00e8te canadienne Christine Ridenour a appris une grande le\u00e7on apr\u00e8s un accident au dernier tour de l\u2019\u00e9preuve de cyclisme du triathlon f\u00e9minin qui a eu lieu dimanche : lorsqu\u2019on est devant, il faut rester devant.<\/p>\n<p>Ridenour, consid\u00e9r\u00e9e comme l\u2019une des favorites pour d\u00e9crocher une m\u00e9daille dans cette \u00e9preuve aux Jeux olympiques de la jeunesse,  \u00e9tait en train d\u2019organiser le peloton de t\u00eate lorsque des concurrentes impatientes l\u2019ont accul\u00e9e, ainsi que plusieurs autres,<br \/>\n\u00e0 un coin.<\/p>\n<p>\u00ab C\u2019\u00e9tait dangereux \u00bb, a affirm\u00e9 l\u2019athl\u00e8te de 18 ans, gagnante du triathlon de Coteau-du-Lac. Certaines coureuses sont impr\u00e9visibles. Je ne souhaite bl\u00e2mer personne, mais j\u2019ai appris une le\u00e7on aujourd\u2019hui. Je resterai toujours devant. \u00bb<\/p>\n<p>La Britanno-Colombienne \u00e9tait la premi\u00e8re \u00e0 sortir de l\u2019eau apr\u00e8s la portion natation et avait pris l\u2019initiative dans l\u2019\u00e9preuve cycliste; elle a essay\u00e9 de communiquer avec d\u2019autres comp\u00e9titrices pour qu\u2019elles prennent leur position.<\/p>\n<p>\u00ab C\u2019\u00e9tait difficile d\u2019amener les filles \u00e0 s\u2019organiser.  Je suis rest\u00e9e avec les cinq ou six premi\u00e8res cyclistes. Parfois, nous \u00e9tions quatre entass\u00e9es dans le m\u00eame rang. \u00bb<\/p>\n<p>\u00ab J\u2019ai pris une mauvaise d\u00e9cision. En essayant d\u2019organiser le groupe, j\u2019ai recul\u00e9, ce qui m\u2019a mis au m\u00eame niveau que les filles lorsqu\u2019elles sont tomb\u00e9es. \u00bb<\/p>\n<p>Ridenour s\u2019est retrouv\u00e9e de l\u2019autre c\u00f4t\u00e9 de la route, et apr\u00e8s s\u2019\u00eatre heurt\u00e9e \u00e0 un arbre, elle a d\u00e9m\u00eal\u00e9 la cha\u00eene de son v\u00e9lo avant de terminer l\u2019\u00e9preuve au 14e rang avec un chrono de 1 heure 4 minutes et 7,56 secondes, soit plus de trois minutes derri\u00e8re la gagnante Yuka Sato du Japon.<\/p>\n<p>\u00ab Alors que je redressais mon v\u00e9lo, c\u2019est \u00e0 ce moment qu\u2019arriva le deuxi\u00e8me peloton.  Il avait environ une minute et demie de retard. J\u2019ai travaill\u00e9 fort pour rester devant ce peloton \u00bb, ajouta-t-elle.<\/p>\n<p>\u00ab Je me suis bien examin\u00e9e, et j\u2019ai constat\u00e9 que mes blessures \u00e9taient assez graves, mais j\u2019\u00e9tais r\u00e9ellement d\u00e9termin\u00e9e \u00e0 finir la course. \u00bb<\/p>\n<p>Ridenour a eu des \u00e9raflures \u00e0 l&rsquo;omoplate et au bras droits, mais elle affirme qu\u2019elle n\u2019a jamais pens\u00e9 \u00e0 abandonner.<\/p>\n<p>\u00ab Lorsque je suis tomb\u00e9e, j\u2019ai pens\u00e9 : \u201cOK, c\u2019est un autre d\u00e9fi que j\u2019aurai \u00e0 relever aujourd\u2019hui\u201d. Je n\u2019ai jamais abandonn\u00e9 une course \u00bb, ajouta-t-elle.<\/p>\n","protected":false},"excerpt":{"rendered":"<p>La triathl\u00e8te canadienne Christine Ridenour a appris une grande le\u00e7on apr\u00e8s un accident au dernier tour de l\u2019\u00e9preuve de cyclisme&#8230;<\/p>\n","protected":false},"author":47562643,"featured_media":9976,"comment_status":"open","ping_status":"open","sticky":false,"template":"","format":"standard","meta":{"_acf_changed":false,"_crdt_document":"","_jetpack_memberships_contains_paid_content":false,"footnotes":""},"categories":[23939911],"tags":[],"post_format":"standard","sport":[],"game":[],"coauthors":[186127234],"class_list":["post-9759","post","type-post","status-publish","format-standard","has-post-thumbnail","hentry","category-uncategorized-fr"],"acf":[],"yoast_head":"<!-- This site is optimized with the Yoast SEO plugin v27.3 - https:\/\/yoast.com\/product\/yoast-seo-wordpress\/ -->\n<title>Une chute an\u00e9antit les espoirs de m\u00e9dailles d\u2019une triathl\u00e8te canadienne - \u00c9quipe Canada | Site officiel de l&#039;\u00e9quipe olympique<\/title>\n<meta name=\"robots\" content=\"index, follow, max-snippet:-1, max-image-preview:large, max-video-preview:-1\" \/>\n<link rel=\"canonical\" href=\"https:\/\/develop.olympic.ca\/olympique\/2010\/08\/20\/une-chute-aneantit-les-espoirs-de-medailles-dune-triathlete-canadienne\/\" \/>\n<meta property=\"og:locale\" content=\"fr_FR\" \/>\n<meta property=\"og:type\" content=\"article\" \/>\n<meta property=\"og:title\" content=\"Une chute an\u00e9antit les espoirs de m\u00e9dailles d\u2019une triathl\u00e8te canadienne - \u00c9quipe Canada | Site officiel de l&#039;\u00e9quipe olympique\" \/>\n<meta property=\"og:description\" content=\"La triathl\u00e8te canadienne Christine Ridenour a appris une grande le\u00e7on apr\u00e8s un accident au dernier tour de l\u2019\u00e9preuve de cyclisme...\" \/>\n<meta property=\"og:url\" content=\"https:\/\/develop.olympic.ca\/olympique\/2010\/08\/20\/une-chute-aneantit-les-espoirs-de-medailles-dune-triathlete-canadienne\/\" \/>\n<meta property=\"og:site_name\" content=\"\u00c9quipe Canada | Site officiel de l&#039;\u00e9quipe olympique\" \/>\n<meta property=\"article:published_time\" content=\"2010-08-21T02:43:02+00:00\" \/>\n<meta property=\"article:modified_time\" content=\"2013-08-01T01:11:02+00:00\" \/>\n<meta property=\"og:image\" content=\"https:\/\/develop.olympic.ca\/olympique\/wp-content\/uploads\/sites\/2\/2010\/08\/triathlon-youth-olympic5.jpeg?quality=100\" \/>\n\t<meta property=\"og:image:width\" content=\"2953\" \/>\n\t<meta property=\"og:image:height\" content=\"1953\" \/>\n\t<meta property=\"og:image:type\" content=\"image\/jpeg\" \/>\n<meta name=\"author\" content=\"Comit\u00e9 olympique canadien\" \/>\n<meta name=\"twitter:card\" content=\"summary_large_image\" \/>\n<meta name=\"twitter:label1\" content=\"Written by\" \/>\n\t<meta name=\"twitter:data1\" content=\"Comit\u00e9 olympique canadien\" \/>\n\t<meta name=\"twitter:label2\" content=\"Est. reading time\" \/>\n\t<meta name=\"twitter:data2\" content=\"2 minutes\" \/>\n<script type=\"application\/ld+json\" class=\"yoast-schema-graph\">{\"@context\":\"https:\\\/\\\/schema.org\",\"@graph\":[{\"@type\":\"Article\",\"@id\":\"https:\\\/\\\/develop.olympic.ca\\\/olympique\\\/2010\\\/08\\\/20\\\/une-chute-aneantit-les-espoirs-de-medailles-dune-triathlete-canadienne\\\/#article\",\"isPartOf\":{\"@id\":\"https:\\\/\\\/develop.olympic.ca\\\/olympique\\\/2010\\\/08\\\/20\\\/une-chute-aneantit-les-espoirs-de-medailles-dune-triathlete-canadienne\\\/\"},\"author\":{\"name\":\"cdnolympicteam\",\"@id\":\"https:\\\/\\\/develop.olympic.ca\\\/olympique\\\/#\\\/schema\\\/person\\\/b88ab0bea250d933632a93e669b06e95\"},\"headline\":\"Une chute an\u00e9antit les espoirs de m\u00e9dailles d\u2019une triathl\u00e8te canadienne\",\"datePublished\":\"2010-08-21T02:43:02+00:00\",\"dateModified\":\"2013-08-01T01:11:02+00:00\",\"mainEntityOfPage\":{\"@id\":\"https:\\\/\\\/develop.olympic.ca\\\/olympique\\\/2010\\\/08\\\/20\\\/une-chute-aneantit-les-espoirs-de-medailles-dune-triathlete-canadienne\\\/\"},\"wordCount\":423,\"commentCount\":0,\"image\":{\"@id\":\"https:\\\/\\\/develop.olympic.ca\\\/olympique\\\/2010\\\/08\\\/20\\\/une-chute-aneantit-les-espoirs-de-medailles-dune-triathlete-canadienne\\\/#primaryimage\"},\"thumbnailUrl\":\"https:\\\/\\\/develop.olympic.ca\\\/olympique\\\/wp-content\\\/uploads\\\/sites\\\/2\\\/2010\\\/08\\\/triathlon-youth-olympic5.jpeg?quality=100\",\"articleSection\":[\"Uncategorized @fr\"],\"inLanguage\":\"fr-FR\",\"potentialAction\":[{\"@type\":\"CommentAction\",\"name\":\"Comment\",\"target\":[\"https:\\\/\\\/develop.olympic.ca\\\/olympique\\\/2010\\\/08\\\/20\\\/une-chute-aneantit-les-espoirs-de-medailles-dune-triathlete-canadienne\\\/#respond\"]}]},{\"@type\":\"WebPage\",\"@id\":\"https:\\\/\\\/develop.olympic.ca\\\/olympique\\\/2010\\\/08\\\/20\\\/une-chute-aneantit-les-espoirs-de-medailles-dune-triathlete-canadienne\\\/\",\"url\":\"https:\\\/\\\/develop.olympic.ca\\\/olympique\\\/2010\\\/08\\\/20\\\/une-chute-aneantit-les-espoirs-de-medailles-dune-triathlete-canadienne\\\/\",\"name\":\"Une chute an\u00e9antit les espoirs de m\u00e9dailles d\u2019une triathl\u00e8te canadienne - \u00c9quipe Canada | Site officiel de l&#039;\u00e9quipe olympique\",\"isPartOf\":{\"@id\":\"https:\\\/\\\/develop.olympic.ca\\\/olympique\\\/#website\"},\"primaryImageOfPage\":{\"@id\":\"https:\\\/\\\/develop.olympic.ca\\\/olympique\\\/2010\\\/08\\\/20\\\/une-chute-aneantit-les-espoirs-de-medailles-dune-triathlete-canadienne\\\/#primaryimage\"},\"image\":{\"@id\":\"https:\\\/\\\/develop.olympic.ca\\\/olympique\\\/2010\\\/08\\\/20\\\/une-chute-aneantit-les-espoirs-de-medailles-dune-triathlete-canadienne\\\/#primaryimage\"},\"thumbnailUrl\":\"https:\\\/\\\/develop.olympic.ca\\\/olympique\\\/wp-content\\\/uploads\\\/sites\\\/2\\\/2010\\\/08\\\/triathlon-youth-olympic5.jpeg?quality=100\",\"datePublished\":\"2010-08-21T02:43:02+00:00\",\"dateModified\":\"2013-08-01T01:11:02+00:00\",\"author\":{\"@id\":\"https:\\\/\\\/develop.olympic.ca\\\/olympique\\\/#\\\/schema\\\/person\\\/b88ab0bea250d933632a93e669b06e95\"},\"inLanguage\":\"fr-FR\",\"potentialAction\":[{\"@type\":\"ReadAction\",\"target\":[\"https:\\\/\\\/develop.olympic.ca\\\/olympique\\\/2010\\\/08\\\/20\\\/une-chute-aneantit-les-espoirs-de-medailles-dune-triathlete-canadienne\\\/\"]}]},{\"@type\":\"ImageObject\",\"inLanguage\":\"fr-FR\",\"@id\":\"https:\\\/\\\/develop.olympic.ca\\\/olympique\\\/2010\\\/08\\\/20\\\/une-chute-aneantit-les-espoirs-de-medailles-dune-triathlete-canadienne\\\/#primaryimage\",\"url\":\"https:\\\/\\\/develop.olympic.ca\\\/olympique\\\/wp-content\\\/uploads\\\/sites\\\/2\\\/2010\\\/08\\\/triathlon-youth-olympic5.jpeg?quality=100\",\"contentUrl\":\"https:\\\/\\\/develop.olympic.ca\\\/olympique\\\/wp-content\\\/uploads\\\/sites\\\/2\\\/2010\\\/08\\\/triathlon-youth-olympic5.jpeg?quality=100\",\"width\":2953,\"height\":1953},{\"@type\":\"WebSite\",\"@id\":\"https:\\\/\\\/develop.olympic.ca\\\/olympique\\\/#website\",\"url\":\"https:\\\/\\\/develop.olympic.ca\\\/olympique\\\/\",\"name\":\"\u00c9quipe Canada | Site officiel de l&#039;\u00e9quipe olympique\",\"description\":\"Votre source pour l\u2019\u00c9quipe olympique canadienne. Retrouvez les r\u00e9cits, vid\u00e9os et photos des athl\u00e8tes canadiens, sports olympiques, Jeux olympiques de 2020 et bien plus!\",\"potentialAction\":[{\"@type\":\"SearchAction\",\"target\":{\"@type\":\"EntryPoint\",\"urlTemplate\":\"https:\\\/\\\/develop.olympic.ca\\\/olympique\\\/?s={search_term_string}\"},\"query-input\":{\"@type\":\"PropertyValueSpecification\",\"valueRequired\":true,\"valueName\":\"search_term_string\"}}],\"inLanguage\":\"fr-FR\"},{\"@type\":\"Person\",\"@id\":\"https:\\\/\\\/develop.olympic.ca\\\/olympique\\\/#\\\/schema\\\/person\\\/b88ab0bea250d933632a93e669b06e95\",\"name\":\"cdnolympicteam\",\"image\":{\"@type\":\"ImageObject\",\"inLanguage\":\"fr-FR\",\"@id\":\"https:\\\/\\\/secure.gravatar.com\\\/avatar\\\/5ebf1554473077ab88cd1ec3372750991c09302ef58500182e331751d1f3473b?s=96&d=identicon&r=g7289394c1202ef020fcd9aad965e50f7\",\"url\":\"https:\\\/\\\/secure.gravatar.com\\\/avatar\\\/5ebf1554473077ab88cd1ec3372750991c09302ef58500182e331751d1f3473b?s=96&d=identicon&r=g\",\"contentUrl\":\"https:\\\/\\\/secure.gravatar.com\\\/avatar\\\/5ebf1554473077ab88cd1ec3372750991c09302ef58500182e331751d1f3473b?s=96&d=identicon&r=g\",\"caption\":\"cdnolympicteam\"},\"url\":\"https:\\\/\\\/develop.olympic.ca\\\/olympique\\\/author\\\/cdnolympicteam\\\/\"}]}<\/script>\n<!-- \/ Yoast SEO plugin. -->","yoast_head_json":{"title":"Une chute an\u00e9antit les espoirs de m\u00e9dailles d\u2019une triathl\u00e8te canadienne - \u00c9quipe Canada | Site officiel de l&#039;\u00e9quipe olympique","robots":{"index":"index","follow":"follow","max-snippet":"max-snippet:-1","max-image-preview":"max-image-preview:large","max-video-preview":"max-video-preview:-1"},"canonical":"https:\/\/develop.olympic.ca\/olympique\/2010\/08\/20\/une-chute-aneantit-les-espoirs-de-medailles-dune-triathlete-canadienne\/","og_locale":"fr_FR","og_type":"article","og_title":"Une chute an\u00e9antit les espoirs de m\u00e9dailles d\u2019une triathl\u00e8te canadienne - \u00c9quipe Canada | Site officiel de l&#039;\u00e9quipe olympique","og_description":"La triathl\u00e8te canadienne Christine Ridenour a appris une grande le\u00e7on apr\u00e8s un accident au dernier tour de l\u2019\u00e9preuve de cyclisme...","og_url":"https:\/\/develop.olympic.ca\/olympique\/2010\/08\/20\/une-chute-aneantit-les-espoirs-de-medailles-dune-triathlete-canadienne\/","og_site_name":"\u00c9quipe Canada | Site officiel de l&#039;\u00e9quipe olympique","article_published_time":"2010-08-21T02:43:02+00:00","article_modified_time":"2013-08-01T01:11:02+00:00","og_image":[{"width":2953,"height":1953,"url":"https:\/\/develop.olympic.ca\/olympique\/wp-content\/uploads\/sites\/2\/2010\/08\/triathlon-youth-olympic5.jpeg?quality=100","type":"image\/jpeg"}],"author":"Comit\u00e9 olympique canadien","twitter_card":"summary_large_image","twitter_misc":{"Written by":"Comit\u00e9 olympique canadien","Est. reading time":"2 minutes"},"schema":{"@context":"https:\/\/schema.org","@graph":[{"@type":"Article","@id":"https:\/\/develop.olympic.ca\/olympique\/2010\/08\/20\/une-chute-aneantit-les-espoirs-de-medailles-dune-triathlete-canadienne\/#article","isPartOf":{"@id":"https:\/\/develop.olympic.ca\/olympique\/2010\/08\/20\/une-chute-aneantit-les-espoirs-de-medailles-dune-triathlete-canadienne\/"},"author":{"name":"cdnolympicteam","@id":"https:\/\/develop.olympic.ca\/olympique\/#\/schema\/person\/b88ab0bea250d933632a93e669b06e95"},"headline":"Une chute an\u00e9antit les espoirs de m\u00e9dailles d\u2019une triathl\u00e8te canadienne","datePublished":"2010-08-21T02:43:02+00:00","dateModified":"2013-08-01T01:11:02+00:00","mainEntityOfPage":{"@id":"https:\/\/develop.olympic.ca\/olympique\/2010\/08\/20\/une-chute-aneantit-les-espoirs-de-medailles-dune-triathlete-canadienne\/"},"wordCount":423,"commentCount":0,"image":{"@id":"https:\/\/develop.olympic.ca\/olympique\/2010\/08\/20\/une-chute-aneantit-les-espoirs-de-medailles-dune-triathlete-canadienne\/#primaryimage"},"thumbnailUrl":"https:\/\/develop.olympic.ca\/olympique\/wp-content\/uploads\/sites\/2\/2010\/08\/triathlon-youth-olympic5.jpeg?quality=100","articleSection":["Uncategorized @fr"],"inLanguage":"fr-FR","potentialAction":[{"@type":"CommentAction","name":"Comment","target":["https:\/\/develop.olympic.ca\/olympique\/2010\/08\/20\/une-chute-aneantit-les-espoirs-de-medailles-dune-triathlete-canadienne\/#respond"]}]},{"@type":"WebPage","@id":"https:\/\/develop.olympic.ca\/olympique\/2010\/08\/20\/une-chute-aneantit-les-espoirs-de-medailles-dune-triathlete-canadienne\/","url":"https:\/\/develop.olympic.ca\/olympique\/2010\/08\/20\/une-chute-aneantit-les-espoirs-de-medailles-dune-triathlete-canadienne\/","name":"Une chute an\u00e9antit les espoirs de m\u00e9dailles d\u2019une triathl\u00e8te canadienne - \u00c9quipe Canada | Site officiel de l&#039;\u00e9quipe olympique","isPartOf":{"@id":"https:\/\/develop.olympic.ca\/olympique\/#website"},"primaryImageOfPage":{"@id":"https:\/\/develop.olympic.ca\/olympique\/2010\/08\/20\/une-chute-aneantit-les-espoirs-de-medailles-dune-triathlete-canadienne\/#primaryimage"},"image":{"@id":"https:\/\/develop.olympic.ca\/olympique\/2010\/08\/20\/une-chute-aneantit-les-espoirs-de-medailles-dune-triathlete-canadienne\/#primaryimage"},"thumbnailUrl":"https:\/\/develop.olympic.ca\/olympique\/wp-content\/uploads\/sites\/2\/2010\/08\/triathlon-youth-olympic5.jpeg?quality=100","datePublished":"2010-08-21T02:43:02+00:00","dateModified":"2013-08-01T01:11:02+00:00","author":{"@id":"https:\/\/develop.olympic.ca\/olympique\/#\/schema\/person\/b88ab0bea250d933632a93e669b06e95"},"inLanguage":"fr-FR","potentialAction":[{"@type":"ReadAction","target":["https:\/\/develop.olympic.ca\/olympique\/2010\/08\/20\/une-chute-aneantit-les-espoirs-de-medailles-dune-triathlete-canadienne\/"]}]},{"@type":"ImageObject","inLanguage":"fr-FR","@id":"https:\/\/develop.olympic.ca\/olympique\/2010\/08\/20\/une-chute-aneantit-les-espoirs-de-medailles-dune-triathlete-canadienne\/#primaryimage","url":"https:\/\/develop.olympic.ca\/olympique\/wp-content\/uploads\/sites\/2\/2010\/08\/triathlon-youth-olympic5.jpeg?quality=100","contentUrl":"https:\/\/develop.olympic.ca\/olympique\/wp-content\/uploads\/sites\/2\/2010\/08\/triathlon-youth-olympic5.jpeg?quality=100","width":2953,"height":1953},{"@type":"WebSite","@id":"https:\/\/develop.olympic.ca\/olympique\/#website","url":"https:\/\/develop.olympic.ca\/olympique\/","name":"\u00c9quipe Canada | Site officiel de l&#039;\u00e9quipe olympique","description":"Votre source pour l\u2019\u00c9quipe olympique canadienne. Retrouvez les r\u00e9cits, vid\u00e9os et photos des athl\u00e8tes canadiens, sports olympiques, Jeux olympiques de 2020 et bien plus!","potentialAction":[{"@type":"SearchAction","target":{"@type":"EntryPoint","urlTemplate":"https:\/\/develop.olympic.ca\/olympique\/?s={search_term_string}"},"query-input":{"@type":"PropertyValueSpecification","valueRequired":true,"valueName":"search_term_string"}}],"inLanguage":"fr-FR"},{"@type":"Person","@id":"https:\/\/develop.olympic.ca\/olympique\/#\/schema\/person\/b88ab0bea250d933632a93e669b06e95","name":"cdnolympicteam","image":{"@type":"ImageObject","inLanguage":"fr-FR","@id":"https:\/\/secure.gravatar.com\/avatar\/5ebf1554473077ab88cd1ec3372750991c09302ef58500182e331751d1f3473b?s=96&d=identicon&r=g7289394c1202ef020fcd9aad965e50f7","url":"https:\/\/secure.gravatar.com\/avatar\/5ebf1554473077ab88cd1ec3372750991c09302ef58500182e331751d1f3473b?s=96&d=identicon&r=g","contentUrl":"https:\/\/secure.gravatar.com\/avatar\/5ebf1554473077ab88cd1ec3372750991c09302ef58500182e331751d1f3473b?s=96&d=identicon&r=g","caption":"cdnolympicteam"},"url":"https:\/\/develop.olympic.ca\/olympique\/author\/cdnolympicteam\/"}]}},"jetpack_featured_media_url":"https:\/\/develop.olympic.ca\/olympique\/wp-content\/uploads\/sites\/2\/2010\/08\/triathlon-youth-olympic5.jpeg?quality=100","featured_image_url":"https:\/\/develop.olympic.ca\/olympique\/wp-content\/uploads\/sites\/2\/2010\/08\/triathlon-youth-olympic5.jpeg?quality=100","author_name":["Comit\u00e9 olympique canadien"],"category_names":["Uncategorized @fr"],"tag_names":[],"video_embed_code":"","facebook_video_embed_code":"","jetpack_sharing_enabled":true,"jetpack-related-posts":[],"jetpack_shortlink":"https:\/\/wp.me\/pbmyEP-2xp","_links":{"self":[{"href":"https:\/\/develop.olympic.ca\/olympique\/wp-json\/wp\/v2\/posts\/9759","targetHints":{"allow":["GET"]}}],"collection":[{"href":"https:\/\/develop.olympic.ca\/olympique\/wp-json\/wp\/v2\/posts"}],"about":[{"href":"https:\/\/develop.olympic.ca\/olympique\/wp-json\/wp\/v2\/types\/post"}],"author":[{"embeddable":true,"href":"https:\/\/develop.olympic.ca\/olympique\/wp-json\/wp\/v2\/users\/47562643"}],"replies":[{"embeddable":true,"href":"https:\/\/develop.olympic.ca\/olympique\/wp-json\/wp\/v2\/comments?post=9759"}],"version-history":[{"count":1,"href":"https:\/\/develop.olympic.ca\/olympique\/wp-json\/wp\/v2\/posts\/9759\/revisions"}],"predecessor-version":[{"id":82971,"href":"https:\/\/develop.olympic.ca\/olympique\/wp-json\/wp\/v2\/posts\/9759\/revisions\/82971"}],"wp:featuredmedia":[{"embeddable":true,"href":"https:\/\/develop.olympic.ca\/olympique\/wp-json\/wp\/v2\/media\/9976"}],"wp:attachment":[{"href":"https:\/\/develop.olympic.ca\/olympique\/wp-json\/wp\/v2\/media?parent=9759"}],"wp:term":[{"taxonomy":"category","embeddable":true,"href":"https:\/\/develop.olympic.ca\/olympique\/wp-json\/wp\/v2\/categories?post=9759"},{"taxonomy":"post_tag","embeddable":true,"href":"https:\/\/develop.olympic.ca\/olympique\/wp-json\/wp\/v2\/tags?post=9759"},{"taxonomy":"post_format","embeddable":true,"href":"https:\/\/develop.olympic.ca\/olympique\/wp-json\/wp\/v2\/post_format?post=9759"},{"taxonomy":"sport","embeddable":true,"href":"https:\/\/develop.olympic.ca\/olympique\/wp-json\/wp\/v2\/sport?post=9759"},{"taxonomy":"game","embeddable":true,"href":"https:\/\/develop.olympic.ca\/olympique\/wp-json\/wp\/v2\/game?post=9759"},{"taxonomy":"author","embeddable":true,"href":"https:\/\/develop.olympic.ca\/olympique\/wp-json\/wp\/v2\/coauthors?post=9759"}],"curies":[{"name":"wp","href":"https:\/\/api.w.org\/{rel}","templated":true}]}}