{"id":129637,"date":"2017-02-06T11:00:46","date_gmt":"2017-02-06T16:00:46","guid":{"rendered":"http:\/\/develop.olympic.ca\/olympique\/?post_type=press&#038;p=129637"},"modified":"2017-10-03T22:41:14","modified_gmt":"2017-10-04T02:41:14","slug":"isabelle-charest-est-nommee-chef-de-mission-dequipe-canada-pour-pyeongchang-2018","status":"publish","type":"press","link":"https:\/\/develop.olympic.ca\/olympique\/presse\/isabelle-charest-est-nommee-chef-de-mission-dequipe-canada-pour-pyeongchang-2018\/","title":{"rendered":"Isabelle Charest est nomm\u00e9e chef de mission d\u2019\u00c9quipe Canada pour PyeongChang 2018"},"content":{"rendered":"<p><span class=\"rls-date\">Lundi 6 f\u00e9vrier 2017 \u2014\u00a0<\/span>MONTR\u00c9AL\u00a0\u2014\u00a0Lundi matin, \u00e0 la Maison olympique canadienne, \u00e0 Montr\u00e9al, la pr\u00e9sidente du Comit\u00e9 olympique canadien (COC), Tricia Smith, a nomm\u00e9\u00a0<a href=\"http:\/\/develop.olympic.ca\/olympique\/team-canada\/isabelle-charest\/\">Isabelle Charest<\/a>\u00a0\u00e0 titre de chef de mission d\u2019\u00c9quipe Canada pour les Jeux olympiques d\u2019hiver de 2018 \u00e0 PyeongChang. La triple olympienne et triple m\u00e9daill\u00e9e olympique a \u00e9t\u00e9 d\u00e9sign\u00e9e chef de mission du Canada \u00e0 trois jours du compte \u00e0 rebours d\u2019un an avant le d\u00e9but des Jeux.<\/p>\n<p><a href=\"https:\/\/images.olympic.ca\/bp\/#\/folder\/1973257\"><strong>Cliquez ici pour t\u00e9l\u00e9charger les photos haute r\u00e9solution ci-dessous<\/strong><\/a>.<\/p>\n<p>Originaire de Rimouski, au Qu\u00e9bec, Isabelle a particip\u00e9 \u00e0 trois Jeux olympiques d\u2019hiver cons\u00e9cutifs et remport\u00e9 des m\u00e9dailles \u00e0 chacun de ces Jeux en patinage de vitesse sur courte piste. Elle a fait ses d\u00e9buts olympiques \u00e0 Lillehammer 1994 o\u00f9 elle a remport\u00e9 la m\u00e9daille d\u2019argent du relais 3000\u00a0m. Elle a ensuite particip\u00e9 \u00e0 Nagano 1998 et \u00e0 Salt\u00a0Lake\u00a0City 2002 et remport\u00e9 une m\u00e9daille de bronze avec l\u2019\u00e9quipe du relais \u00e0 la m\u00eame \u00e9preuve \u00e0 chacun de ces Jeux.<\/p>\n<p>Isabelle a \u00e9galement connu de nombreux succ\u00e8s en dehors de la comp\u00e9tition olympique, ayant notamment \u00e9t\u00e9 couronn\u00e9e championne du monde et ayant d\u00e9tenu le record du monde \u00e0 plusieurs reprises. Pendant trois ann\u00e9es cons\u00e9cutives, soit de 1995 \u00e0 1997, elle a \u00e9t\u00e9 d\u00e9sign\u00e9e patineuse de vitesse sur courte piste de l\u2019ann\u00e9e au Canada, et elle a \u00e9t\u00e9 intronis\u00e9e au Temple de la renomm\u00e9e de Patinage de vitesse Canada en 1997.<\/p>\n<p>Isabelle poss\u00e8de aussi une exp\u00e9rience remarquable \u00e0 titre de leader olympique. Elle a agi \u00e0 titre de chef de mission adjointe aux Jeux olympiques de 2016 \u00e0 Rio, o\u00f9 \u00c9quipe Canada a livr\u00e9 une performance historique, \u00e9galisant la meilleure r\u00e9colte de m\u00e9dailles du pays \u00e0 des Jeux d\u2019\u00e9t\u00e9 non boycott\u00e9s. Plus t\u00f4t durant la m\u00eame ann\u00e9e, elle a agi \u00e0 titre de chef de mission du Canada aux Jeux olympiques de la jeunesse d\u2019hiver de 2016 \u00e0 Lillehammer. Elle faisait \u00e9galement partie de l\u2019\u00e9quipe de mission du Canada \u00e0 Londres\u00a02012.<\/p>\n<p>&nbsp;<\/p>\n<p><strong>CITATIONS<\/strong><\/p>\n<p>\u00ab\u00a0<em>C\u2019est un v\u00e9ritable honneur pour moi d\u2019avoir \u00e9t\u00e9 nomm\u00e9e afin de diriger une \u00e9quipe d\u2019athl\u00e8tes remarquables en vue de PyeongChang 2018. Nos athl\u00e8tes livrent d\u00e9j\u00e0 des performances extraordinaires sur leurs diff\u00e9rents circuits de la Coupe du monde. Je suis impatiente de mettre toute mon exp\u00e9rience \u00e0 contribution afin d\u2019aider \u00e0 leur offrir un environnement qui leur permettra de performer au sommet de leur art lorsque \u00e7a comptera le plus. Je tiens \u00e0 remercier Tricia et toute l\u2019\u00e9quipe du COC de la confiance qu\u2019elles me t\u00e9moignent en me confiant cette importante responsabilit\u00e9. Je me mets au boulot imm\u00e9diatement!<\/em>\u00a0\u00bb<\/p>\n<p>&#8211;\u00a0<strong>Isabelle Charest<\/strong>, chef de mission d\u2019\u00c9quipe Canada \u00e0 PyeongChang\u00a02018<\/p>\n<p>\u00ab\u00a0<em>Isabelle poss\u00e8de toutes les qualit\u00e9s que nous recherchons dans un chef de mission\u00a0: une carri\u00e8re remarquable en tant qu\u2019athl\u00e8te, une passion d\u00e9vorante pour le Mouvement olympique et un dossier irr\u00e9prochable quant \u00e0 son leadership et son esprit d\u2019\u00e9quipe. Nous avons beaucoup de chance et sommes honor\u00e9s de pouvoir compter sur une personne aussi exemplaire pour diriger notre \u00e9quipe qui se rendra en Cor\u00e9e\u00a0pour les Jeux. Toutes nos f\u00e9licitations, Isabelle!<\/em>\u00a0\u00bb<\/p>\n<p>&#8211;\u00a0<strong>Tricia Smith,\u00a0<\/strong>pr\u00e9sidente, Comit\u00e9 olympique canadien<\/p>\n<p>\u00ab\u00a0<em>Au nom de tous les Canadiens, je f\u00e9licite Isabelle Charest et le Comit\u00e9 olympique canadien \u00e0 l\u2019occasion de cette importante \u00e9tape en vue des Jeux olympiques d\u2019hiver de 2018 \u00e0 PyeongChang. Le pays est derri\u00e8re vous! Isabelle a port\u00e9 les couleurs du Canada \u00e0 de nombreuses reprises en tant qu\u2019athl\u00e8te et chef d\u2019\u00e9quipe, et elle le fera avec autant de fiert\u00e9 en sa qualit\u00e9 de chef de mission de l\u2019\u00e9quipe canadienne. Je sais que son exp\u00e9rience et son leadership seront pr\u00e9cieux pour nos athl\u00e8tes et entra\u00eeneurs qui se pr\u00e9parent \u00e0 participer aux Jeux et \u00e0 faire leur entr\u00e9e dans le stade \u00e0 la suite du drapeau canadien durant la c\u00e9r\u00e9monie d\u2019ouverture. Toutes mes f\u00e9licitations Isabelle!<\/em>\u00a0\u00bb<\/p>\n<p>&#8211;\u00a0<strong>L\u2019honorable Carla Qualtrough,<\/strong>\u00a0ministre des Sports et des Personnes handicap\u00e9es<\/p>\n<p>&nbsp;<\/p>\n<p>Le r\u00f4le du chef de mission consiste notamment \u00e0 agir \u00e0 titre de porte-parole d\u2019\u00c9quipe Canada et de mentor aupr\u00e8s des athl\u00e8tes, des entra\u00eeneurs et du personnel, en plus de cr\u00e9er un environnement qui favorise une performance optimale aux Jeux. Pour en apprendre davantage \u00e0 ce sujet, veuillez lire la\u00a0<a href=\"https:\/\/press.olympic.ca\/fiche-dinformation-sur-le-role-du-chef-de-mission\">Fiche d\u2019information sur le r\u00f4le du chef de mission<\/a>.<\/p>\n<p>Les Jeux olympiques d\u2019hiver de PyeongChang se d\u00e9rouleront du 9 au 25\u00a0f\u00e9vrier 2018. Ces Jeux d\u2019hiver seront les troisi\u00e8mes \u00e0 avoir lieu en Asie, et ils pr\u00e9senteront 15\u00a0disciplines sportives r\u00e9parties parmi 12 sites de comp\u00e9tition. Les athl\u00e8tes d\u2019\u00c9quipe Canada compteront parmi les quelque 6\u00a0500 athl\u00e8tes et officiels qui porteront les couleurs de 95\u00a0pays diff\u00e9rents.<\/p>\n","protected":false},"excerpt":{"rendered":"<p>Lundi 6 f\u00e9vrier 2017 \u2014\u00a0MONTR\u00c9AL\u00a0\u2014\u00a0Lundi matin, \u00e0 la Maison olympique canadienne, \u00e0 Montr\u00e9al, la pr\u00e9sidente du Comit\u00e9 olympique canadien (COC),&#8230;<\/p>\n","protected":false},"featured_media":129638,"template":"","format":"standard","tags":[],"type-of-press":[496138],"press-topic":[415985202],"years":[415985161],"class_list":["post-129637","press","type-press","status-publish","format-standard","has-post-thumbnail","hentry","type-of-press-communiques","press-topic-pyeongchang-2018","years-415985161"],"acf":[],"yoast_head":"<!-- This site is optimized with the Yoast SEO plugin v27.3 - https:\/\/yoast.com\/product\/yoast-seo-wordpress\/ -->\n<title>Isabelle Charest est nomm\u00e9e chef de mission d\u2019\u00c9quipe Canada pour PyeongChang 2018 - \u00c9quipe Canada | Site officiel de l&#039;\u00e9quipe olympique<\/title>\n<meta name=\"robots\" content=\"index, follow, max-snippet:-1, max-image-preview:large, max-video-preview:-1\" \/>\n<link rel=\"canonical\" href=\"https:\/\/develop.olympic.ca\/olympique\/presse\/isabelle-charest-est-nommee-chef-de-mission-dequipe-canada-pour-pyeongchang-2018\/\" \/>\n<meta property=\"og:locale\" content=\"fr_FR\" \/>\n<meta property=\"og:type\" content=\"article\" \/>\n<meta property=\"og:title\" content=\"Isabelle Charest est nomm\u00e9e chef de mission d\u2019\u00c9quipe Canada pour PyeongChang 2018 - \u00c9quipe Canada | Site officiel de l&#039;\u00e9quipe olympique\" \/>\n<meta property=\"og:description\" content=\"Lundi 6 f\u00e9vrier 2017 \u2014\u00a0MONTR\u00c9AL\u00a0\u2014\u00a0Lundi matin, \u00e0 la Maison olympique canadienne, \u00e0 Montr\u00e9al, la pr\u00e9sidente du Comit\u00e9 olympique canadien (COC),...\" \/>\n<meta property=\"og:url\" content=\"https:\/\/develop.olympic.ca\/olympique\/presse\/isabelle-charest-est-nommee-chef-de-mission-dequipe-canada-pour-pyeongchang-2018\/\" \/>\n<meta property=\"og:site_name\" content=\"\u00c9quipe Canada | Site officiel de l&#039;\u00e9quipe olympique\" \/>\n<meta property=\"article:modified_time\" content=\"2017-10-04T02:41:14+00:00\" \/>\n<meta property=\"og:image\" content=\"https:\/\/develop.olympic.ca\/olympique\/wp-content\/uploads\/sites\/2\/2017\/08\/chef-de-mission.jpg?quality=100\" \/>\n\t<meta property=\"og:image:width\" content=\"1000\" \/>\n\t<meta property=\"og:image:height\" content=\"667\" \/>\n\t<meta property=\"og:image:type\" content=\"image\/jpeg\" \/>\n<meta name=\"twitter:card\" content=\"summary_large_image\" \/>\n<meta name=\"twitter:label1\" content=\"Est. reading time\" \/>\n\t<meta name=\"twitter:data1\" content=\"4 minutes\" \/>\n\t<meta name=\"twitter:label2\" content=\"Written by\" \/>\n\t<meta name=\"twitter:data2\" content=\"csherratt1\" \/>\n<script type=\"application\/ld+json\" class=\"yoast-schema-graph\">{\"@context\":\"https:\\\/\\\/schema.org\",\"@graph\":[{\"@type\":\"WebPage\",\"@id\":\"https:\\\/\\\/develop.olympic.ca\\\/olympique\\\/presse\\\/isabelle-charest-est-nommee-chef-de-mission-dequipe-canada-pour-pyeongchang-2018\\\/\",\"url\":\"https:\\\/\\\/develop.olympic.ca\\\/olympique\\\/presse\\\/isabelle-charest-est-nommee-chef-de-mission-dequipe-canada-pour-pyeongchang-2018\\\/\",\"name\":\"Isabelle Charest est nomm\u00e9e chef de mission d\u2019\u00c9quipe Canada pour PyeongChang 2018 - \u00c9quipe Canada | Site officiel de l&#039;\u00e9quipe olympique\",\"isPartOf\":{\"@id\":\"https:\\\/\\\/develop.olympic.ca\\\/olympique\\\/#website\"},\"primaryImageOfPage\":{\"@id\":\"https:\\\/\\\/develop.olympic.ca\\\/olympique\\\/presse\\\/isabelle-charest-est-nommee-chef-de-mission-dequipe-canada-pour-pyeongchang-2018\\\/#primaryimage\"},\"image\":{\"@id\":\"https:\\\/\\\/develop.olympic.ca\\\/olympique\\\/presse\\\/isabelle-charest-est-nommee-chef-de-mission-dequipe-canada-pour-pyeongchang-2018\\\/#primaryimage\"},\"thumbnailUrl\":\"https:\\\/\\\/develop.olympic.ca\\\/olympique\\\/wp-content\\\/uploads\\\/sites\\\/2\\\/2017\\\/08\\\/chef-de-mission.jpg?quality=100\",\"datePublished\":\"2017-02-06T16:00:46+00:00\",\"dateModified\":\"2017-10-04T02:41:14+00:00\",\"inLanguage\":\"fr-FR\",\"potentialAction\":[{\"@type\":\"ReadAction\",\"target\":[\"https:\\\/\\\/develop.olympic.ca\\\/olympique\\\/presse\\\/isabelle-charest-est-nommee-chef-de-mission-dequipe-canada-pour-pyeongchang-2018\\\/\"]}]},{\"@type\":\"ImageObject\",\"inLanguage\":\"fr-FR\",\"@id\":\"https:\\\/\\\/develop.olympic.ca\\\/olympique\\\/presse\\\/isabelle-charest-est-nommee-chef-de-mission-dequipe-canada-pour-pyeongchang-2018\\\/#primaryimage\",\"url\":\"https:\\\/\\\/develop.olympic.ca\\\/olympique\\\/wp-content\\\/uploads\\\/sites\\\/2\\\/2017\\\/08\\\/chef-de-mission.jpg?quality=100\",\"contentUrl\":\"https:\\\/\\\/develop.olympic.ca\\\/olympique\\\/wp-content\\\/uploads\\\/sites\\\/2\\\/2017\\\/08\\\/chef-de-mission.jpg?quality=100\",\"width\":1000,\"height\":667},{\"@type\":\"WebSite\",\"@id\":\"https:\\\/\\\/develop.olympic.ca\\\/olympique\\\/#website\",\"url\":\"https:\\\/\\\/develop.olympic.ca\\\/olympique\\\/\",\"name\":\"\u00c9quipe Canada | Site officiel de l&#039;\u00e9quipe olympique\",\"description\":\"Votre source pour l\u2019\u00c9quipe olympique canadienne. Retrouvez les r\u00e9cits, vid\u00e9os et photos des athl\u00e8tes canadiens, sports olympiques, Jeux olympiques de 2020 et bien plus!\",\"potentialAction\":[{\"@type\":\"SearchAction\",\"target\":{\"@type\":\"EntryPoint\",\"urlTemplate\":\"https:\\\/\\\/develop.olympic.ca\\\/olympique\\\/?s={search_term_string}\"},\"query-input\":{\"@type\":\"PropertyValueSpecification\",\"valueRequired\":true,\"valueName\":\"search_term_string\"}}],\"inLanguage\":\"fr-FR\"}]}<\/script>\n<!-- \/ Yoast SEO plugin. -->","yoast_head_json":{"title":"Isabelle Charest est nomm\u00e9e chef de mission d\u2019\u00c9quipe Canada pour PyeongChang 2018 - \u00c9quipe Canada | Site officiel de l&#039;\u00e9quipe olympique","robots":{"index":"index","follow":"follow","max-snippet":"max-snippet:-1","max-image-preview":"max-image-preview:large","max-video-preview":"max-video-preview:-1"},"canonical":"https:\/\/develop.olympic.ca\/olympique\/presse\/isabelle-charest-est-nommee-chef-de-mission-dequipe-canada-pour-pyeongchang-2018\/","og_locale":"fr_FR","og_type":"article","og_title":"Isabelle Charest est nomm\u00e9e chef de mission d\u2019\u00c9quipe Canada pour PyeongChang 2018 - \u00c9quipe Canada | Site officiel de l&#039;\u00e9quipe olympique","og_description":"Lundi 6 f\u00e9vrier 2017 \u2014\u00a0MONTR\u00c9AL\u00a0\u2014\u00a0Lundi matin, \u00e0 la Maison olympique canadienne, \u00e0 Montr\u00e9al, la pr\u00e9sidente du Comit\u00e9 olympique canadien (COC),...","og_url":"https:\/\/develop.olympic.ca\/olympique\/presse\/isabelle-charest-est-nommee-chef-de-mission-dequipe-canada-pour-pyeongchang-2018\/","og_site_name":"\u00c9quipe Canada | Site officiel de l&#039;\u00e9quipe olympique","article_modified_time":"2017-10-04T02:41:14+00:00","og_image":[{"width":1000,"height":667,"url":"https:\/\/develop.olympic.ca\/olympique\/wp-content\/uploads\/sites\/2\/2017\/08\/chef-de-mission.jpg?quality=100","type":"image\/jpeg"}],"twitter_card":"summary_large_image","twitter_misc":{"Est. reading time":"4 minutes","Written by":"csherratt1"},"schema":{"@context":"https:\/\/schema.org","@graph":[{"@type":"WebPage","@id":"https:\/\/develop.olympic.ca\/olympique\/presse\/isabelle-charest-est-nommee-chef-de-mission-dequipe-canada-pour-pyeongchang-2018\/","url":"https:\/\/develop.olympic.ca\/olympique\/presse\/isabelle-charest-est-nommee-chef-de-mission-dequipe-canada-pour-pyeongchang-2018\/","name":"Isabelle Charest est nomm\u00e9e chef de mission d\u2019\u00c9quipe Canada pour PyeongChang 2018 - \u00c9quipe Canada | Site officiel de l&#039;\u00e9quipe olympique","isPartOf":{"@id":"https:\/\/develop.olympic.ca\/olympique\/#website"},"primaryImageOfPage":{"@id":"https:\/\/develop.olympic.ca\/olympique\/presse\/isabelle-charest-est-nommee-chef-de-mission-dequipe-canada-pour-pyeongchang-2018\/#primaryimage"},"image":{"@id":"https:\/\/develop.olympic.ca\/olympique\/presse\/isabelle-charest-est-nommee-chef-de-mission-dequipe-canada-pour-pyeongchang-2018\/#primaryimage"},"thumbnailUrl":"https:\/\/develop.olympic.ca\/olympique\/wp-content\/uploads\/sites\/2\/2017\/08\/chef-de-mission.jpg?quality=100","datePublished":"2017-02-06T16:00:46+00:00","dateModified":"2017-10-04T02:41:14+00:00","inLanguage":"fr-FR","potentialAction":[{"@type":"ReadAction","target":["https:\/\/develop.olympic.ca\/olympique\/presse\/isabelle-charest-est-nommee-chef-de-mission-dequipe-canada-pour-pyeongchang-2018\/"]}]},{"@type":"ImageObject","inLanguage":"fr-FR","@id":"https:\/\/develop.olympic.ca\/olympique\/presse\/isabelle-charest-est-nommee-chef-de-mission-dequipe-canada-pour-pyeongchang-2018\/#primaryimage","url":"https:\/\/develop.olympic.ca\/olympique\/wp-content\/uploads\/sites\/2\/2017\/08\/chef-de-mission.jpg?quality=100","contentUrl":"https:\/\/develop.olympic.ca\/olympique\/wp-content\/uploads\/sites\/2\/2017\/08\/chef-de-mission.jpg?quality=100","width":1000,"height":667},{"@type":"WebSite","@id":"https:\/\/develop.olympic.ca\/olympique\/#website","url":"https:\/\/develop.olympic.ca\/olympique\/","name":"\u00c9quipe Canada | Site officiel de l&#039;\u00e9quipe olympique","description":"Votre source pour l\u2019\u00c9quipe olympique canadienne. Retrouvez les r\u00e9cits, vid\u00e9os et photos des athl\u00e8tes canadiens, sports olympiques, Jeux olympiques de 2020 et bien plus!","potentialAction":[{"@type":"SearchAction","target":{"@type":"EntryPoint","urlTemplate":"https:\/\/develop.olympic.ca\/olympique\/?s={search_term_string}"},"query-input":{"@type":"PropertyValueSpecification","valueRequired":true,"valueName":"search_term_string"}}],"inLanguage":"fr-FR"}]}},"jetpack_sharing_enabled":true,"_links":{"self":[{"href":"https:\/\/develop.olympic.ca\/olympique\/wp-json\/wp\/v2\/press\/129637","targetHints":{"allow":["GET"]}}],"collection":[{"href":"https:\/\/develop.olympic.ca\/olympique\/wp-json\/wp\/v2\/press"}],"about":[{"href":"https:\/\/develop.olympic.ca\/olympique\/wp-json\/wp\/v2\/types\/press"}],"version-history":[{"count":0,"href":"https:\/\/develop.olympic.ca\/olympique\/wp-json\/wp\/v2\/press\/129637\/revisions"}],"wp:featuredmedia":[{"embeddable":true,"href":"https:\/\/develop.olympic.ca\/olympique\/wp-json\/wp\/v2\/media\/129638"}],"wp:attachment":[{"href":"https:\/\/develop.olympic.ca\/olympique\/wp-json\/wp\/v2\/media?parent=129637"}],"wp:term":[{"taxonomy":"post_tag","embeddable":true,"href":"https:\/\/develop.olympic.ca\/olympique\/wp-json\/wp\/v2\/tags?post=129637"},{"taxonomy":"type-of-press","embeddable":true,"href":"https:\/\/develop.olympic.ca\/olympique\/wp-json\/wp\/v2\/type-of-press?post=129637"},{"taxonomy":"press-topic","embeddable":true,"href":"https:\/\/develop.olympic.ca\/olympique\/wp-json\/wp\/v2\/press-topic?post=129637"},{"taxonomy":"years","embeddable":true,"href":"https:\/\/develop.olympic.ca\/olympique\/wp-json\/wp\/v2\/years?post=129637"}],"curies":[{"name":"wp","href":"https:\/\/api.w.org\/{rel}","templated":true}]}}