{"id":130418,"date":"2017-08-30T22:03:45","date_gmt":"2017-08-31T02:03:45","guid":{"rendered":"http:\/\/develop.olympic.ca\/olympique\/?post_type=press&#038;p=130418"},"modified":"2017-12-07T16:01:49","modified_gmt":"2017-12-07T21:01:49","slug":"nomination-de-lequipe-canadienne-de-patinage-de-vitesse-sur-courte-piste-pour-pyeongchang-2018","status":"publish","type":"press","link":"https:\/\/develop.olympic.ca\/olympique\/presse\/nomination-de-lequipe-canadienne-de-patinage-de-vitesse-sur-courte-piste-pour-pyeongchang-2018\/","title":{"rendered":"Nomination de l\u2019\u00e9quipe canadienne de patinage de vitesse sur courte piste pour PyeongChang 2018"},"content":{"rendered":"<p>MONTR\u00c9AL (30 ao\u00fbt 2017) \u2014\u00a0Le Comit\u00e9 olympique canadien (COC) et Patinage de vitesse Canada (PVC) ont annonc\u00e9 le nom des dix athl\u00e8tes et deux entra\u00eeneurs nomm\u00e9s \u00e0 titre provisoire pour repr\u00e9senter \u00c9quipe Canada en <a href=\"http:\/\/develop.olympic.ca\/olympique\/sports\/patinage-de-vitesse-courte-piste\/\">patinage de vitesse sur courte piste<\/a> aux Jeux olympiques d\u2019hiver de PyeongChang\u00a02018.<\/p>\n<p>Les patineurs ont \u00e9t\u00e9 nomm\u00e9s \u00e0 la suite des S\u00e9lections de l\u2019\u00e9quipe sur courte piste 2018 qui se sont d\u00e9roul\u00e9es du 12 au 20 ao\u00fbt 2017 \u00e0 Montr\u00e9al.<\/p>\n<p>Du c\u00f4t\u00e9 des femmes, Kim Boutin (Sherbrooke, QC), Jamie Macdonald (Fort St.\u00a0James, C.-B.) et Kasandra Bradette (Saint-F\u00e9licien, QC) ont \u00e9t\u00e9 les trois premi\u00e8res \u00e0 \u00eatre nomm\u00e9es \u00e0 partir du classement g\u00e9n\u00e9ral des s\u00e9lections en vue de leur premi\u00e8re participation aux Jeux. Kim Boutin a domin\u00e9 les s\u00e9lections gr\u00e2ce \u00e0 ses huit victoires en neuf courses.<\/p>\n<p>Du c\u00f4t\u00e9 des hommes, Samuel Girard (Ferland\u2011et\u2011Boilleau, QC), Charles Hamelin (Sainte\u2011Julie, QC) et Charle Cournoyer (Boucherville, QC) ont \u00e9t\u00e9 les trois premiers \u00e0 \u00eatre nomm\u00e9s \u00e0 la suite des s\u00e9lections. Samuel Girard, qui s\u2019est aussi qualifi\u00e9 pour ses premiers Jeux, a termin\u00e9 au premier rang du classement apr\u00e8s avoir remport\u00e9 sept des neuf courses. Charles Hamelin, quadruple m\u00e9daill\u00e9 olympique, a termin\u00e9 deuxi\u00e8me aux s\u00e9lections et obtenu son billet pour sa quatri\u00e8me participation aux Jeux; quant \u00e0 lui, Charle Cournoyer, m\u00e9daill\u00e9 de bronze de Sotchi\u00a02014, a termin\u00e9 troisi\u00e8me au classement g\u00e9n\u00e9ral des s\u00e9lections.<\/p>\n<p>Les derni\u00e8res places ont \u00e9t\u00e9 accord\u00e9es \u00e0 Fran\u00e7ois Hamelin (Sainte\u2011Julie, QC) et \u00e0 Marianne St\u2011Gelais (Saint\u2011F\u00e9licien, QC) \u00e0 la suite de l\u2019examen de leurs demandes d\u2019exemption, tandis que Pascal Dion (Montr\u00e9al, QC) et Val\u00e9rie Maltais (Saguenay [La\u00a0Baie], QC) ont obtenu leurs places \u00e0 la suite de d\u00e9cisions discr\u00e9tionnaires.<\/p>\n<p>Fr\u00e9d\u00e9ric Blackburn (Saguenay, QC) et Derrick Campbell (Cambridge, ON) ont \u00e9t\u00e9 nomm\u00e9s entra\u00eeneurs-chefs des \u00e9quipes f\u00e9minine et masculine, respectivement.<\/p>\n<p><a href=\"https:\/\/images.olympic.ca\/bp\/#\/folder\/3307422\/\">T\u00e9l\u00e9chargez les photos haute d\u00e9finition de l\u2019\u00e9quipe<\/a><\/p>\n<p>L\u2019automne prochain, les athl\u00e8tes nomm\u00e9s participeront \u00e0 quatre comp\u00e9titions de la Coupe du monde de patinage de vitesse sur courte piste de l\u2019ISU en vue d\u2019obtenir le nombre maximum de places fix\u00e9es pour satisfaire au quota dans chacune des \u00e9preuves, dont le relais 5000\u00a0m chez les hommes et le relais 3000\u00a0m chez les femmes.<\/p>\n<p>Les places attribu\u00e9es pour satisfaire au quota de PyeongChang\u00a02018 s\u2019obtiennent au moyen du classement des qualifications sp\u00e9ciales des Jeux olympiques, lequel s\u2019appuie sur trois des quatre meilleurs r\u00e9sultats inscrits pour chaque \u00e9preuve concern\u00e9e \u00e0 l\u2019occasion d\u2019une comp\u00e9tition de Coupe du monde de patinage de vitesse sur courte piste.<\/p>\n<p>La premi\u00e8re Coupe du monde de patinage de vitesse sur courte piste de l\u2019ISU se d\u00e9roulera du 28\u00a0septembre au 1<sup>er<\/sup>\u00a0octobre \u00e0 Budapest (Hongrie). Elle sera suivie de comp\u00e9titions pr\u00e9vues du 5 au 8\u00a0octobre \u00e0 Dordrecht (Pays-Bas), du 9 au 12\u00a0novembre \u00e0 Shanghai (Chine) et du 16 au 19\u00a0novembre \u00e0 S\u00e9oul (Cor\u00e9e du Sud).<\/p>\n<p>On peut consulter la Politique et les proc\u00e9dures de s\u00e9lection olympique de courte piste de PVC\u00a02018 <a href=\"http:\/\/www.speedskating.ca\/fr\/jo-2018\/courte-piste\">ici<\/a>. La composition finale des \u00e9quipes f\u00e9minine et masculine ainsi que leurs \u00e9preuves respectives seront annonc\u00e9es en d\u00e9cembre ou en janvier.<\/p>\n<p>Les huit \u00e9preuves de patinage de vitesse sur courte piste qui figurent au programme de PyeongChang\u00a02018 auront lieu les 10, 13, 17, 20 et 22 f\u00e9vrier (soit les jours 1, 4, 8, 11 et 13) au Palais des glaces de Gangneung.<\/p>\n<p>Le patinage de vitesse sur courte piste se place au second rang parmi les sports qui remportent le plus de succ\u00e8s pour le Canada aux Jeux olympiques d\u2019hiver. Le Canada a remport\u00e9 28\u00a0m\u00e9dailles olympiques en courte piste depuis l\u2019ajout de ce sport au programme officiel d\u2019Albertville\u00a01992.<\/p>\n<p>CITATIONS\u00a0:<\/p>\n<p>\u00ab\u00a0J\u2019ai bien h\u00e2te de voir l\u2019\u00e9quipe de courte piste concourir \u00e0 PyeongChang. Nos patineurs sont tr\u00e8s impressionnants et ils d\u00e9bordent de talent. Je suis emball\u00e9e \u00e0 l\u2019id\u00e9e de voir ce que cette \u00e9quipe sera capable de r\u00e9aliser en 2018. J\u2019ai vraiment h\u00e2te d\u2019encourager nos patineurs.\u00a0\u00bb<\/p>\n<p>&#8211; Isabelle Charest, chef de mission d\u2019\u00c9quipe Canada \u00e0 PyeongChang 2018<\/p>\n<p>\u00ab\u00a0\u00c7a y est\u00a0! Ma participation aux Jeux de PyeongChang est confirm\u00e9e et j\u2019en suis tr\u00e8s heureuse. Cette nomination repr\u00e9sente une \u00e9tape d\u00e9cisive en vue de mon dernier tour de piste olympique. Je tiens \u00e0 remercier Patinage de vitesse Canada et son comit\u00e9 de s\u00e9lection pour leur confiance \u00e0 la suite de ma demande d\u2019exemption lors des S\u00e9lections de l\u2019\u00e9quipe. Je me sens super bien. Je suis d\u00e9j\u00e0 de retour sur la glace, pr\u00eate physiquement et mentalement pour les premi\u00e8res \u00e9preuves de la Coupe du monde. Notre \u00e9quipe olympique est un heureux m\u00e9lange qui r\u00e9unit l\u2019exp\u00e9rience et la jeunesse. Nous serons des adversaires coriaces, croyez-moi\u00a0!\u00a0\u00bb<\/p>\n<p>&#8211; Marianne St\u2011Gelais, athl\u00e8te nomm\u00e9e pour PyeongChang\u00a02018<\/p>\n<p>\u00ab\u00a0Ce sera un honneur pour moi non seulement de repr\u00e9senter le Canada \u00e0 mes premiers Jeux olympiques, mais aussi de le faire en c\u00f4toyant des v\u00e9t\u00e9rans tels que Charles Hamelin et Marianne St\u2011Gelais. Tous deux seront certainement pour moi une source d\u2019inspiration pour PyeongChang, o\u00f9 j\u2019esp\u00e8re d\u00e9montrer que la rel\u00e8ve est pr\u00eate \u00e0 prendre le flambeau et \u00e0 r\u00e9p\u00e9ter ses performances des S\u00e9lections de l\u2019\u00e9quipe de courte piste 2018.\u00a0\u00bb<\/p>\n<p>&#8211; Samuel Girard, athl\u00e8te nomm\u00e9 pour PyeongChang\u00a02018<\/p>\n<p>\u00ab\u00a0Nous ne saurions \u00eatre plus heureux de la composition de notre \u00e9quipe, et nous avons confiance que nos athl\u00e8tes perp\u00e9tueront cette tradition d\u2019excellence qui a permis au Canada de remporter 28\u00a0m\u00e9dailles olympiques jusqu\u2019\u00e0 pr\u00e9sent. Ces patineurs ont travaill\u00e9 avec acharnement pour se qualifier \u00e0 cette \u00e9quipe olympique, et nous sommes de tout c\u0153ur derri\u00e8re eux alors qu\u2019ils poursuivent leur pr\u00e9paration pour PyeongChang, o\u00f9 ils repr\u00e9senteront leur pays aupr\u00e8s d\u2019\u00c9quipe Canada.\u00a0\u00bb<\/p>\n<p>&#8211; Susan Auch, chef de la direction, Patinage de vitesse Canada<\/p>\n<p>\u00ab\u00a0Je suis heureux d\u2019apprendre que l\u2019\u00e9quipe de patinage de vitesse sur courte piste a \u00e9t\u00e9 annonc\u00e9e et qu\u2019elle est la premi\u00e8re \u00e0 rejoindre officiellement les rangs d\u2019\u00c9quipe Canada pour les Jeux olympiques d\u2019hiver de 2018. Ces athl\u00e8tes se sont entra\u00een\u00e9s sans rel\u00e2che et ont repouss\u00e9 leurs limites pour repr\u00e9senter le Canada au plus grand rendez-vous sportif au monde. Je suis persuad\u00e9 que les membres de l\u2019\u00e9quipe, en tant qu\u2019ambassadeurs pour le Canada, seront une source de fiert\u00e9 et montreront au monde tout le talent des athl\u00e8tes canadiens. Alors qu\u2019ils visent la plus haute marche du podium, ils pourront compter sur 36 millions de fiers partisans \u00e0 la maison. Go Canada!\u00a0\u00bb<\/p>\n<p>&#8211; L\u2019honorable Kent Hehr, ministre des Sports et des Personnes handicap\u00e9es<\/p>\n<p>Voici la liste des athl\u00e8tes et des entra\u00eeneurs qui repr\u00e9senteront le Canada \u00e0 PyeongChang\u00a02018\u00a0:<\/p>\n<p>\u00c9quipe f\u00e9minine<\/p>\n<table style=\"width:453px;\" width=\"453\">\n<tbody>\n<tr>\n<td width=\"212\"><strong>Nom<\/strong><\/td>\n<td width=\"241\"><strong>Ville d\u2019attache<\/strong><\/td>\n<\/tr>\n<tr>\n<td width=\"212\">Kim Boutin<\/td>\n<td width=\"241\">Sherbrooke (QC)<\/td>\n<\/tr>\n<tr>\n<td width=\"212\">Kasandra Bradette<\/td>\n<td width=\"241\">Saint-F\u00e9licien (QC)<\/td>\n<\/tr>\n<tr>\n<td width=\"212\">Jamie Macdonald<\/td>\n<td width=\"241\">Fort St. James (C.\u2011B.)<\/td>\n<\/tr>\n<tr>\n<td width=\"212\">Val\u00e9rie Maltais<\/td>\n<td width=\"241\">Saguenay [La Baie] (QC)<\/td>\n<\/tr>\n<tr>\n<td width=\"212\">Marianne St\u2011Gelais<\/td>\n<td width=\"241\">Saint-F\u00e9licien (QC)<\/td>\n<\/tr>\n<tr>\n<td width=\"212\">Entra\u00eeneur\u2011chef\u00a0: Fr\u00e9d\u00e9ric Blackburn<\/td>\n<td width=\"241\">Saguenay (QC)<\/td>\n<\/tr>\n<\/tbody>\n<\/table>\n<p>\u00c9quipe masculine<\/p>\n<table width=\"453\">\n<tbody>\n<tr>\n<td width=\"212\"><strong>Nom<\/strong><\/td>\n<td width=\"241\"><strong>Ville d\u2019attache<\/strong><\/td>\n<\/tr>\n<tr>\n<td width=\"212\">Charle Cournoyer<\/td>\n<td width=\"241\">Boucherville (QC)<\/td>\n<\/tr>\n<tr>\n<td width=\"212\">Pascal Dion<\/td>\n<td width=\"241\">Montr\u00e9al (QC)<\/td>\n<\/tr>\n<tr>\n<td width=\"212\">Samuel Girard<\/td>\n<td width=\"241\">Ferland\u2011et\u2011Boilleau (QC)<\/td>\n<\/tr>\n<tr>\n<td width=\"212\">Charles Hamelin<\/td>\n<td width=\"241\">Sainte\u2011Julie (QC)<\/td>\n<\/tr>\n<tr>\n<td width=\"212\">Fran\u00e7ois Hamelin<\/td>\n<td width=\"241\">Sainte\u2011Julie (QC)<\/td>\n<\/tr>\n<tr>\n<td width=\"212\">Entra\u00eeneur-chef\u00a0: Derrick Campbell<\/td>\n<td width=\"241\">Cambridge (ON)<\/td>\n<\/tr>\n<\/tbody>\n<\/table>\n<p>Avant d\u2019\u00eatre d\u00e9sign\u00e9s au sein de la formation d\u00e9finitive de l\u2019\u00c9quipe olympique canadienne, les athl\u00e8tes nomm\u00e9s de fa\u00e7on provisoire doivent voir leur nomination approuver par le comit\u00e9 de s\u00e9lection de l\u2019\u00e9quipe du COC apr\u00e8s la r\u00e9ception de l\u2019ensemble des nominations de la part de toutes les f\u00e9d\u00e9rations nationales de sport \u00e0 la fin janvier 2018.<\/p>\n<p style=\"text-align:center;\">-30-<\/p>\n<p><strong>Bureau de presse de Patinage de vitesse Canada\u00a0:<\/strong><\/p>\n<p>Patrick Godbout, responsable des communications et des relations avec les m\u00e9dias<br \/>\nT\u00e9l.\u00a0: 514\u00a0213-9897<br \/>\nCourriel\u00a0: <a href=\"mailto:pgodbout@speedskating.ca\">pgodbout@speedskating.ca<\/a><\/p>\n<p><strong>Bureau de presse du Comit\u00e9 olympique canadien\u00a0:<\/strong><\/p>\n<p>Josh Su, coordonnateur, Communications<br \/>\nT\u00e9l.\u00a0: 416\u00a0324-4303 \/ Cell.\u00a0: 647\u00a0464-4060<br \/>\nCourriel\u00a0: <a href=\"mailto:jsu@olympique.ca\">jsu@olympique.ca<\/a><\/p>\n<p>Ricky Landry, gestionnaire, Communications organisationnelles<br \/>\nT\u00e9l.\u00a0: 514\u00a0861-3696 \/ Cell.\u00a0: 514\u00a0229-4833<br \/>\nCourriel\u00a0: <a href=\"mailto:rlandry@olympique.ca\">rlandry@olympique.ca<\/a><\/p>\n","protected":false},"excerpt":{"rendered":"<p>MONTR\u00c9AL (30 ao\u00fbt 2017) \u2014\u00a0Le Comit\u00e9 olympique canadien (COC) et Patinage de vitesse Canada (PVC) ont annonc\u00e9 le nom des&#8230;<\/p>\n","protected":false},"featured_media":130375,"template":"","format":"standard","tags":[],"type-of-press":[496138],"press-topic":[415985202],"years":[415985161],"class_list":["post-130418","press","type-press","status-publish","format-standard","has-post-thumbnail","hentry","type-of-press-communiques","press-topic-pyeongchang-2018","years-415985161"],"acf":[],"yoast_head":"<!-- This site is optimized with the Yoast SEO plugin v27.3 - https:\/\/yoast.com\/product\/yoast-seo-wordpress\/ -->\n<title>Nomination de l\u2019\u00e9quipe canadienne de patinage de vitesse sur courte piste pour PyeongChang 2018 - \u00c9quipe Canada | Site officiel de l&#039;\u00e9quipe olympique<\/title>\n<meta name=\"robots\" content=\"index, follow, max-snippet:-1, max-image-preview:large, max-video-preview:-1\" \/>\n<link rel=\"canonical\" href=\"https:\/\/develop.olympic.ca\/olympique\/presse\/nomination-de-lequipe-canadienne-de-patinage-de-vitesse-sur-courte-piste-pour-pyeongchang-2018\/\" \/>\n<meta property=\"og:locale\" content=\"fr_FR\" \/>\n<meta property=\"og:type\" content=\"article\" \/>\n<meta property=\"og:title\" content=\"Nomination de l\u2019\u00e9quipe canadienne de patinage de vitesse sur courte piste pour PyeongChang 2018 - \u00c9quipe Canada | Site officiel de l&#039;\u00e9quipe olympique\" \/>\n<meta property=\"og:description\" content=\"MONTR\u00c9AL (30 ao\u00fbt 2017) \u2014\u00a0Le Comit\u00e9 olympique canadien (COC) et Patinage de vitesse Canada (PVC) ont annonc\u00e9 le nom des...\" \/>\n<meta property=\"og:url\" content=\"https:\/\/develop.olympic.ca\/olympique\/presse\/nomination-de-lequipe-canadienne-de-patinage-de-vitesse-sur-courte-piste-pour-pyeongchang-2018\/\" \/>\n<meta property=\"og:site_name\" content=\"\u00c9quipe Canada | Site officiel de l&#039;\u00e9quipe olympique\" \/>\n<meta property=\"article:modified_time\" content=\"2017-12-07T21:01:49+00:00\" \/>\n<meta property=\"og:image\" content=\"https:\/\/develop.olympic.ca\/olympique\/wp-content\/uploads\/sites\/2\/2017\/08\/08302017mp021_coc_short-e1504125872660.jpg?quality=100\" \/>\n\t<meta property=\"og:image:width\" content=\"1340\" \/>\n\t<meta property=\"og:image:height\" content=\"893\" \/>\n\t<meta property=\"og:image:type\" content=\"image\/jpeg\" \/>\n<meta name=\"twitter:card\" content=\"summary_large_image\" \/>\n<meta name=\"twitter:label1\" content=\"Est. reading time\" \/>\n\t<meta name=\"twitter:data1\" content=\"7 minutes\" \/>\n\t<meta name=\"twitter:label2\" content=\"Written by\" \/>\n\t<meta name=\"twitter:data2\" content=\"joshsu\" \/>\n<script type=\"application\/ld+json\" class=\"yoast-schema-graph\">{\"@context\":\"https:\\\/\\\/schema.org\",\"@graph\":[{\"@type\":\"WebPage\",\"@id\":\"https:\\\/\\\/develop.olympic.ca\\\/olympique\\\/presse\\\/nomination-de-lequipe-canadienne-de-patinage-de-vitesse-sur-courte-piste-pour-pyeongchang-2018\\\/\",\"url\":\"https:\\\/\\\/develop.olympic.ca\\\/olympique\\\/presse\\\/nomination-de-lequipe-canadienne-de-patinage-de-vitesse-sur-courte-piste-pour-pyeongchang-2018\\\/\",\"name\":\"Nomination de l\u2019\u00e9quipe canadienne de patinage de vitesse sur courte piste pour PyeongChang 2018 - \u00c9quipe Canada | Site officiel de l&#039;\u00e9quipe olympique\",\"isPartOf\":{\"@id\":\"https:\\\/\\\/develop.olympic.ca\\\/olympique\\\/#website\"},\"primaryImageOfPage\":{\"@id\":\"https:\\\/\\\/develop.olympic.ca\\\/olympique\\\/presse\\\/nomination-de-lequipe-canadienne-de-patinage-de-vitesse-sur-courte-piste-pour-pyeongchang-2018\\\/#primaryimage\"},\"image\":{\"@id\":\"https:\\\/\\\/develop.olympic.ca\\\/olympique\\\/presse\\\/nomination-de-lequipe-canadienne-de-patinage-de-vitesse-sur-courte-piste-pour-pyeongchang-2018\\\/#primaryimage\"},\"thumbnailUrl\":\"https:\\\/\\\/develop.olympic.ca\\\/olympique\\\/wp-content\\\/uploads\\\/sites\\\/2\\\/2017\\\/08\\\/08302017mp021_coc_short-e1504125872660.jpg?quality=100\",\"datePublished\":\"2017-08-31T02:03:45+00:00\",\"dateModified\":\"2017-12-07T21:01:49+00:00\",\"inLanguage\":\"fr-FR\",\"potentialAction\":[{\"@type\":\"ReadAction\",\"target\":[\"https:\\\/\\\/develop.olympic.ca\\\/olympique\\\/presse\\\/nomination-de-lequipe-canadienne-de-patinage-de-vitesse-sur-courte-piste-pour-pyeongchang-2018\\\/\"]}]},{\"@type\":\"ImageObject\",\"inLanguage\":\"fr-FR\",\"@id\":\"https:\\\/\\\/develop.olympic.ca\\\/olympique\\\/presse\\\/nomination-de-lequipe-canadienne-de-patinage-de-vitesse-sur-courte-piste-pour-pyeongchang-2018\\\/#primaryimage\",\"url\":\"https:\\\/\\\/develop.olympic.ca\\\/olympique\\\/wp-content\\\/uploads\\\/sites\\\/2\\\/2017\\\/08\\\/08302017mp021_coc_short-e1504125872660.jpg?quality=100\",\"contentUrl\":\"https:\\\/\\\/develop.olympic.ca\\\/olympique\\\/wp-content\\\/uploads\\\/sites\\\/2\\\/2017\\\/08\\\/08302017mp021_coc_short-e1504125872660.jpg?quality=100\",\"width\":1340,\"height\":893,\"caption\":\"De gauche \u00e0 droite : Jamie Macdonald, Kasandra Bradette, Marianne St-Gelais, Val\u00e9rie Maltais, Kim Boutin, Samuel Girard, Fran\u00e7ois Hamelin, Charles Hamelin, Charle Cournoyer et Pascal Dion lors de la prise de photo d'\u00e9quipe officielle lors de l'annonce d'\u00e9quipe pour PyeongChang 2018, le 30 ao\u00fbt 2017. (Photo\\\/COC)\"},{\"@type\":\"WebSite\",\"@id\":\"https:\\\/\\\/develop.olympic.ca\\\/olympique\\\/#website\",\"url\":\"https:\\\/\\\/develop.olympic.ca\\\/olympique\\\/\",\"name\":\"\u00c9quipe Canada | Site officiel de l&#039;\u00e9quipe olympique\",\"description\":\"Votre source pour l\u2019\u00c9quipe olympique canadienne. Retrouvez les r\u00e9cits, vid\u00e9os et photos des athl\u00e8tes canadiens, sports olympiques, Jeux olympiques de 2020 et bien plus!\",\"potentialAction\":[{\"@type\":\"SearchAction\",\"target\":{\"@type\":\"EntryPoint\",\"urlTemplate\":\"https:\\\/\\\/develop.olympic.ca\\\/olympique\\\/?s={search_term_string}\"},\"query-input\":{\"@type\":\"PropertyValueSpecification\",\"valueRequired\":true,\"valueName\":\"search_term_string\"}}],\"inLanguage\":\"fr-FR\"}]}<\/script>\n<!-- \/ Yoast SEO plugin. -->","yoast_head_json":{"title":"Nomination de l\u2019\u00e9quipe canadienne de patinage de vitesse sur courte piste pour PyeongChang 2018 - \u00c9quipe Canada | Site officiel de l&#039;\u00e9quipe olympique","robots":{"index":"index","follow":"follow","max-snippet":"max-snippet:-1","max-image-preview":"max-image-preview:large","max-video-preview":"max-video-preview:-1"},"canonical":"https:\/\/develop.olympic.ca\/olympique\/presse\/nomination-de-lequipe-canadienne-de-patinage-de-vitesse-sur-courte-piste-pour-pyeongchang-2018\/","og_locale":"fr_FR","og_type":"article","og_title":"Nomination de l\u2019\u00e9quipe canadienne de patinage de vitesse sur courte piste pour PyeongChang 2018 - \u00c9quipe Canada | Site officiel de l&#039;\u00e9quipe olympique","og_description":"MONTR\u00c9AL (30 ao\u00fbt 2017) \u2014\u00a0Le Comit\u00e9 olympique canadien (COC) et Patinage de vitesse Canada (PVC) ont annonc\u00e9 le nom des...","og_url":"https:\/\/develop.olympic.ca\/olympique\/presse\/nomination-de-lequipe-canadienne-de-patinage-de-vitesse-sur-courte-piste-pour-pyeongchang-2018\/","og_site_name":"\u00c9quipe Canada | Site officiel de l&#039;\u00e9quipe olympique","article_modified_time":"2017-12-07T21:01:49+00:00","og_image":[{"width":1340,"height":893,"url":"https:\/\/develop.olympic.ca\/olympique\/wp-content\/uploads\/sites\/2\/2017\/08\/08302017mp021_coc_short-e1504125872660.jpg?quality=100","type":"image\/jpeg"}],"twitter_card":"summary_large_image","twitter_misc":{"Est. reading time":"7 minutes","Written by":"joshsu"},"schema":{"@context":"https:\/\/schema.org","@graph":[{"@type":"WebPage","@id":"https:\/\/develop.olympic.ca\/olympique\/presse\/nomination-de-lequipe-canadienne-de-patinage-de-vitesse-sur-courte-piste-pour-pyeongchang-2018\/","url":"https:\/\/develop.olympic.ca\/olympique\/presse\/nomination-de-lequipe-canadienne-de-patinage-de-vitesse-sur-courte-piste-pour-pyeongchang-2018\/","name":"Nomination de l\u2019\u00e9quipe canadienne de patinage de vitesse sur courte piste pour PyeongChang 2018 - \u00c9quipe Canada | Site officiel de l&#039;\u00e9quipe olympique","isPartOf":{"@id":"https:\/\/develop.olympic.ca\/olympique\/#website"},"primaryImageOfPage":{"@id":"https:\/\/develop.olympic.ca\/olympique\/presse\/nomination-de-lequipe-canadienne-de-patinage-de-vitesse-sur-courte-piste-pour-pyeongchang-2018\/#primaryimage"},"image":{"@id":"https:\/\/develop.olympic.ca\/olympique\/presse\/nomination-de-lequipe-canadienne-de-patinage-de-vitesse-sur-courte-piste-pour-pyeongchang-2018\/#primaryimage"},"thumbnailUrl":"https:\/\/develop.olympic.ca\/olympique\/wp-content\/uploads\/sites\/2\/2017\/08\/08302017mp021_coc_short-e1504125872660.jpg?quality=100","datePublished":"2017-08-31T02:03:45+00:00","dateModified":"2017-12-07T21:01:49+00:00","inLanguage":"fr-FR","potentialAction":[{"@type":"ReadAction","target":["https:\/\/develop.olympic.ca\/olympique\/presse\/nomination-de-lequipe-canadienne-de-patinage-de-vitesse-sur-courte-piste-pour-pyeongchang-2018\/"]}]},{"@type":"ImageObject","inLanguage":"fr-FR","@id":"https:\/\/develop.olympic.ca\/olympique\/presse\/nomination-de-lequipe-canadienne-de-patinage-de-vitesse-sur-courte-piste-pour-pyeongchang-2018\/#primaryimage","url":"https:\/\/develop.olympic.ca\/olympique\/wp-content\/uploads\/sites\/2\/2017\/08\/08302017mp021_coc_short-e1504125872660.jpg?quality=100","contentUrl":"https:\/\/develop.olympic.ca\/olympique\/wp-content\/uploads\/sites\/2\/2017\/08\/08302017mp021_coc_short-e1504125872660.jpg?quality=100","width":1340,"height":893,"caption":"De gauche \u00e0 droite : Jamie Macdonald, Kasandra Bradette, Marianne St-Gelais, Val\u00e9rie Maltais, Kim Boutin, Samuel Girard, Fran\u00e7ois Hamelin, Charles Hamelin, Charle Cournoyer et Pascal Dion lors de la prise de photo d'\u00e9quipe officielle lors de l'annonce d'\u00e9quipe pour PyeongChang 2018, le 30 ao\u00fbt 2017. (Photo\/COC)"},{"@type":"WebSite","@id":"https:\/\/develop.olympic.ca\/olympique\/#website","url":"https:\/\/develop.olympic.ca\/olympique\/","name":"\u00c9quipe Canada | Site officiel de l&#039;\u00e9quipe olympique","description":"Votre source pour l\u2019\u00c9quipe olympique canadienne. Retrouvez les r\u00e9cits, vid\u00e9os et photos des athl\u00e8tes canadiens, sports olympiques, Jeux olympiques de 2020 et bien plus!","potentialAction":[{"@type":"SearchAction","target":{"@type":"EntryPoint","urlTemplate":"https:\/\/develop.olympic.ca\/olympique\/?s={search_term_string}"},"query-input":{"@type":"PropertyValueSpecification","valueRequired":true,"valueName":"search_term_string"}}],"inLanguage":"fr-FR"}]}},"jetpack_sharing_enabled":true,"_links":{"self":[{"href":"https:\/\/develop.olympic.ca\/olympique\/wp-json\/wp\/v2\/press\/130418","targetHints":{"allow":["GET"]}}],"collection":[{"href":"https:\/\/develop.olympic.ca\/olympique\/wp-json\/wp\/v2\/press"}],"about":[{"href":"https:\/\/develop.olympic.ca\/olympique\/wp-json\/wp\/v2\/types\/press"}],"version-history":[{"count":0,"href":"https:\/\/develop.olympic.ca\/olympique\/wp-json\/wp\/v2\/press\/130418\/revisions"}],"wp:featuredmedia":[{"embeddable":true,"href":"https:\/\/develop.olympic.ca\/olympique\/wp-json\/wp\/v2\/media\/130375"}],"wp:attachment":[{"href":"https:\/\/develop.olympic.ca\/olympique\/wp-json\/wp\/v2\/media?parent=130418"}],"wp:term":[{"taxonomy":"post_tag","embeddable":true,"href":"https:\/\/develop.olympic.ca\/olympique\/wp-json\/wp\/v2\/tags?post=130418"},{"taxonomy":"type-of-press","embeddable":true,"href":"https:\/\/develop.olympic.ca\/olympique\/wp-json\/wp\/v2\/type-of-press?post=130418"},{"taxonomy":"press-topic","embeddable":true,"href":"https:\/\/develop.olympic.ca\/olympique\/wp-json\/wp\/v2\/press-topic?post=130418"},{"taxonomy":"years","embeddable":true,"href":"https:\/\/develop.olympic.ca\/olympique\/wp-json\/wp\/v2\/years?post=130418"}],"curies":[{"name":"wp","href":"https:\/\/api.w.org\/{rel}","templated":true}]}}