{"id":130711,"date":"2016-07-21T16:26:59","date_gmt":"2016-07-21T20:26:59","guid":{"rendered":"http:\/\/develop.olympic.ca\/olympique\/?post_type=press&#038;p=130711"},"modified":"2017-10-04T16:12:48","modified_gmt":"2017-10-04T20:12:48","slug":"declaration-le-coc-celebre-le-40e-anniversaire-des-jeux-olympiques-de-1976-a-montreal","status":"publish","type":"press","link":"https:\/\/develop.olympic.ca\/olympique\/presse\/declaration-le-coc-celebre-le-40e-anniversaire-des-jeux-olympiques-de-1976-a-montreal\/","title":{"rendered":"D\u00e9claration : Le COC c\u00e9l\u00e8bre le 40e anniversaire des Jeux olympiques de 1976 \u00e0 Montr\u00e9al"},"content":{"rendered":"<p>MONTR\u00c9AL\u00a0\u2014\u00a0Aujourd\u2019hui, le Comit\u00e9 olympique canadien (COC) a \u00e9mis la d\u00e9claration suivante, soulignant le 40<sup>e<\/sup>\u00a0anniversaire des Jeux olympiques de 1976 \u00e0 Montr\u00e9al.<\/p>\n<p>\u00ab\u00a0Le 12 mai 1970, la flamme olympique a embras\u00e9 le c\u0153ur des Canadiens lorsque Montr\u00e9al a \u00e9t\u00e9 choisie pour accueillir les Jeux de la XXI<sup>e<\/sup>\u00a0Olympiade, devant Moscou et Los\u00a0Angeles. Le mois de juillet\u00a02016 marque le 40<sup>e<\/sup>\u00a0anniversaire de ces premiers Jeux olympiques en sol canadien et invite le COC \u00e0 repenser \u00e0 l\u2019effet que ces Jeux ont eu sur le pays et sa communaut\u00e9 sportive. Dans quelques semaines \u00e0 peine, alors que les athl\u00e8tes canadiens entreront fi\u00e8rement dans le stade olympique de Rio, marchant dans les pas de ceux qui les ont pr\u00e9c\u00e9d\u00e9s, plusieurs se souviendront de ce soir du 17\u00a0juillet\u00a01970, o\u00f9 la flamme olympique s\u2019est allum\u00e9e au Canada pour y briller \u00e0 jamais.\u00a0\u00bb<\/p>\n<p>\u00ab\u00a0En tant que membre de l\u2019\u00c9quipe olympique canadienne \u00e0 ces Jeux, je me souviens tr\u00e8s bien de l\u2019impact que Montr\u00e9al\u00a01976 a eu non seulement sur mes co\u00e9quipi\u00e8res et moi, mais aussi sur tout le pays. Le r\u00eave que j\u2019ai choisi d\u2019atteindre, celui d\u2019\u00eatre une olympienne canadienne, a fait de moi la personne que je suis aujourd\u2019hui. Merci, Montr\u00e9al, d\u2019avoir mis en \u0153uvre ce mouvement et d\u2019avoir allum\u00e9 cette flamme qui continue de transformer notre pays.\u00a0\u00bb<\/p>\n<p><strong>Tricia Smith<\/strong>, pr\u00e9sidente, Comit\u00e9 olympique canadien<\/p>\n","protected":false},"excerpt":{"rendered":"<p>MONTR\u00c9AL\u00a0\u2014\u00a0Aujourd\u2019hui, le Comit\u00e9 olympique canadien (COC) a \u00e9mis la d\u00e9claration suivante, soulignant le 40e\u00a0anniversaire des Jeux olympiques de 1976 \u00e0&#8230;<\/p>\n","protected":false},"featured_media":130712,"template":"","format":"standard","tags":[],"type-of-press":[184353519],"press-topic":[415985198],"years":[415985070],"class_list":["post-130711","press","type-press","status-publish","format-standard","has-post-thumbnail","hentry","type-of-press-declarations","press-topic-general","years-415985070"],"acf":[],"yoast_head":"<!-- This site is optimized with the Yoast SEO plugin v27.3 - https:\/\/yoast.com\/product\/yoast-seo-wordpress\/ -->\n<title>D\u00e9claration : Le COC c\u00e9l\u00e8bre le 40e anniversaire des Jeux olympiques de 1976 \u00e0 Montr\u00e9al - \u00c9quipe Canada | Site officiel de l&#039;\u00e9quipe olympique<\/title>\n<meta name=\"robots\" content=\"index, follow, max-snippet:-1, max-image-preview:large, max-video-preview:-1\" \/>\n<link rel=\"canonical\" href=\"https:\/\/develop.olympic.ca\/olympique\/presse\/declaration-le-coc-celebre-le-40e-anniversaire-des-jeux-olympiques-de-1976-a-montreal\/\" \/>\n<meta property=\"og:locale\" content=\"fr_FR\" \/>\n<meta property=\"og:type\" content=\"article\" \/>\n<meta property=\"og:title\" content=\"D\u00e9claration : Le COC c\u00e9l\u00e8bre le 40e anniversaire des Jeux olympiques de 1976 \u00e0 Montr\u00e9al - \u00c9quipe Canada | Site officiel de l&#039;\u00e9quipe olympique\" \/>\n<meta property=\"og:description\" content=\"MONTR\u00c9AL\u00a0\u2014\u00a0Aujourd\u2019hui, le Comit\u00e9 olympique canadien (COC) a \u00e9mis la d\u00e9claration suivante, soulignant le 40e\u00a0anniversaire des Jeux olympiques de 1976 \u00e0...\" \/>\n<meta property=\"og:url\" content=\"https:\/\/develop.olympic.ca\/olympique\/presse\/declaration-le-coc-celebre-le-40e-anniversaire-des-jeux-olympiques-de-1976-a-montreal\/\" \/>\n<meta property=\"og:site_name\" content=\"\u00c9quipe Canada | Site officiel de l&#039;\u00e9quipe olympique\" \/>\n<meta property=\"article:modified_time\" content=\"2017-10-04T20:12:48+00:00\" \/>\n<meta property=\"og:image\" content=\"https:\/\/develop.olympic.ca\/olympique\/wp-content\/uploads\/sites\/2\/2017\/09\/40th-anniversary-celebration-_1_.jpg?quality=100\" \/>\n\t<meta property=\"og:image:width\" content=\"1000\" \/>\n\t<meta property=\"og:image:height\" content=\"667\" \/>\n\t<meta property=\"og:image:type\" content=\"image\/jpeg\" \/>\n<meta name=\"twitter:card\" content=\"summary_large_image\" \/>\n<meta name=\"twitter:label1\" content=\"Est. reading time\" \/>\n\t<meta name=\"twitter:data1\" content=\"1 minute\" \/>\n\t<meta name=\"twitter:label2\" content=\"Written by\" \/>\n\t<meta name=\"twitter:data2\" content=\"joshsu\" \/>\n<script type=\"application\/ld+json\" class=\"yoast-schema-graph\">{\"@context\":\"https:\\\/\\\/schema.org\",\"@graph\":[{\"@type\":\"WebPage\",\"@id\":\"https:\\\/\\\/develop.olympic.ca\\\/olympique\\\/presse\\\/declaration-le-coc-celebre-le-40e-anniversaire-des-jeux-olympiques-de-1976-a-montreal\\\/\",\"url\":\"https:\\\/\\\/develop.olympic.ca\\\/olympique\\\/presse\\\/declaration-le-coc-celebre-le-40e-anniversaire-des-jeux-olympiques-de-1976-a-montreal\\\/\",\"name\":\"D\u00e9claration : Le COC c\u00e9l\u00e8bre le 40e anniversaire des Jeux olympiques de 1976 \u00e0 Montr\u00e9al - \u00c9quipe Canada | Site officiel de l&#039;\u00e9quipe olympique\",\"isPartOf\":{\"@id\":\"https:\\\/\\\/develop.olympic.ca\\\/olympique\\\/#website\"},\"primaryImageOfPage\":{\"@id\":\"https:\\\/\\\/develop.olympic.ca\\\/olympique\\\/presse\\\/declaration-le-coc-celebre-le-40e-anniversaire-des-jeux-olympiques-de-1976-a-montreal\\\/#primaryimage\"},\"image\":{\"@id\":\"https:\\\/\\\/develop.olympic.ca\\\/olympique\\\/presse\\\/declaration-le-coc-celebre-le-40e-anniversaire-des-jeux-olympiques-de-1976-a-montreal\\\/#primaryimage\"},\"thumbnailUrl\":\"https:\\\/\\\/develop.olympic.ca\\\/olympique\\\/wp-content\\\/uploads\\\/sites\\\/2\\\/2017\\\/09\\\/40th-anniversary-celebration-_1_.jpg?quality=100\",\"datePublished\":\"2016-07-21T20:26:59+00:00\",\"dateModified\":\"2017-10-04T20:12:48+00:00\",\"inLanguage\":\"fr-FR\",\"potentialAction\":[{\"@type\":\"ReadAction\",\"target\":[\"https:\\\/\\\/develop.olympic.ca\\\/olympique\\\/presse\\\/declaration-le-coc-celebre-le-40e-anniversaire-des-jeux-olympiques-de-1976-a-montreal\\\/\"]}]},{\"@type\":\"ImageObject\",\"inLanguage\":\"fr-FR\",\"@id\":\"https:\\\/\\\/develop.olympic.ca\\\/olympique\\\/presse\\\/declaration-le-coc-celebre-le-40e-anniversaire-des-jeux-olympiques-de-1976-a-montreal\\\/#primaryimage\",\"url\":\"https:\\\/\\\/develop.olympic.ca\\\/olympique\\\/wp-content\\\/uploads\\\/sites\\\/2\\\/2017\\\/09\\\/40th-anniversary-celebration-_1_.jpg?quality=100\",\"contentUrl\":\"https:\\\/\\\/develop.olympic.ca\\\/olympique\\\/wp-content\\\/uploads\\\/sites\\\/2\\\/2017\\\/09\\\/40th-anniversary-celebration-_1_.jpg?quality=100\",\"width\":1000,\"height\":667,\"caption\":\"MONTREAL, QC - JULY 21: 40th anniversary of the Olympic Park at the Olympic Stadium on July 21, 2016 in Montreal, Quebec, Canada. (Photo by Minas Panagiotakis\\\/Photography 514-COC)\"},{\"@type\":\"WebSite\",\"@id\":\"https:\\\/\\\/develop.olympic.ca\\\/olympique\\\/#website\",\"url\":\"https:\\\/\\\/develop.olympic.ca\\\/olympique\\\/\",\"name\":\"\u00c9quipe Canada | Site officiel de l&#039;\u00e9quipe olympique\",\"description\":\"Votre source pour l\u2019\u00c9quipe olympique canadienne. Retrouvez les r\u00e9cits, vid\u00e9os et photos des athl\u00e8tes canadiens, sports olympiques, Jeux olympiques de 2020 et bien plus!\",\"potentialAction\":[{\"@type\":\"SearchAction\",\"target\":{\"@type\":\"EntryPoint\",\"urlTemplate\":\"https:\\\/\\\/develop.olympic.ca\\\/olympique\\\/?s={search_term_string}\"},\"query-input\":{\"@type\":\"PropertyValueSpecification\",\"valueRequired\":true,\"valueName\":\"search_term_string\"}}],\"inLanguage\":\"fr-FR\"}]}<\/script>\n<!-- \/ Yoast SEO plugin. -->","yoast_head_json":{"title":"D\u00e9claration : Le COC c\u00e9l\u00e8bre le 40e anniversaire des Jeux olympiques de 1976 \u00e0 Montr\u00e9al - \u00c9quipe Canada | Site officiel de l&#039;\u00e9quipe olympique","robots":{"index":"index","follow":"follow","max-snippet":"max-snippet:-1","max-image-preview":"max-image-preview:large","max-video-preview":"max-video-preview:-1"},"canonical":"https:\/\/develop.olympic.ca\/olympique\/presse\/declaration-le-coc-celebre-le-40e-anniversaire-des-jeux-olympiques-de-1976-a-montreal\/","og_locale":"fr_FR","og_type":"article","og_title":"D\u00e9claration : Le COC c\u00e9l\u00e8bre le 40e anniversaire des Jeux olympiques de 1976 \u00e0 Montr\u00e9al - \u00c9quipe Canada | Site officiel de l&#039;\u00e9quipe olympique","og_description":"MONTR\u00c9AL\u00a0\u2014\u00a0Aujourd\u2019hui, le Comit\u00e9 olympique canadien (COC) a \u00e9mis la d\u00e9claration suivante, soulignant le 40e\u00a0anniversaire des Jeux olympiques de 1976 \u00e0...","og_url":"https:\/\/develop.olympic.ca\/olympique\/presse\/declaration-le-coc-celebre-le-40e-anniversaire-des-jeux-olympiques-de-1976-a-montreal\/","og_site_name":"\u00c9quipe Canada | Site officiel de l&#039;\u00e9quipe olympique","article_modified_time":"2017-10-04T20:12:48+00:00","og_image":[{"width":1000,"height":667,"url":"https:\/\/develop.olympic.ca\/olympique\/wp-content\/uploads\/sites\/2\/2017\/09\/40th-anniversary-celebration-_1_.jpg?quality=100","type":"image\/jpeg"}],"twitter_card":"summary_large_image","twitter_misc":{"Est. reading time":"1 minute","Written by":"joshsu"},"schema":{"@context":"https:\/\/schema.org","@graph":[{"@type":"WebPage","@id":"https:\/\/develop.olympic.ca\/olympique\/presse\/declaration-le-coc-celebre-le-40e-anniversaire-des-jeux-olympiques-de-1976-a-montreal\/","url":"https:\/\/develop.olympic.ca\/olympique\/presse\/declaration-le-coc-celebre-le-40e-anniversaire-des-jeux-olympiques-de-1976-a-montreal\/","name":"D\u00e9claration : Le COC c\u00e9l\u00e8bre le 40e anniversaire des Jeux olympiques de 1976 \u00e0 Montr\u00e9al - \u00c9quipe Canada | Site officiel de l&#039;\u00e9quipe olympique","isPartOf":{"@id":"https:\/\/develop.olympic.ca\/olympique\/#website"},"primaryImageOfPage":{"@id":"https:\/\/develop.olympic.ca\/olympique\/presse\/declaration-le-coc-celebre-le-40e-anniversaire-des-jeux-olympiques-de-1976-a-montreal\/#primaryimage"},"image":{"@id":"https:\/\/develop.olympic.ca\/olympique\/presse\/declaration-le-coc-celebre-le-40e-anniversaire-des-jeux-olympiques-de-1976-a-montreal\/#primaryimage"},"thumbnailUrl":"https:\/\/develop.olympic.ca\/olympique\/wp-content\/uploads\/sites\/2\/2017\/09\/40th-anniversary-celebration-_1_.jpg?quality=100","datePublished":"2016-07-21T20:26:59+00:00","dateModified":"2017-10-04T20:12:48+00:00","inLanguage":"fr-FR","potentialAction":[{"@type":"ReadAction","target":["https:\/\/develop.olympic.ca\/olympique\/presse\/declaration-le-coc-celebre-le-40e-anniversaire-des-jeux-olympiques-de-1976-a-montreal\/"]}]},{"@type":"ImageObject","inLanguage":"fr-FR","@id":"https:\/\/develop.olympic.ca\/olympique\/presse\/declaration-le-coc-celebre-le-40e-anniversaire-des-jeux-olympiques-de-1976-a-montreal\/#primaryimage","url":"https:\/\/develop.olympic.ca\/olympique\/wp-content\/uploads\/sites\/2\/2017\/09\/40th-anniversary-celebration-_1_.jpg?quality=100","contentUrl":"https:\/\/develop.olympic.ca\/olympique\/wp-content\/uploads\/sites\/2\/2017\/09\/40th-anniversary-celebration-_1_.jpg?quality=100","width":1000,"height":667,"caption":"MONTREAL, QC - JULY 21: 40th anniversary of the Olympic Park at the Olympic Stadium on July 21, 2016 in Montreal, Quebec, Canada. (Photo by Minas Panagiotakis\/Photography 514-COC)"},{"@type":"WebSite","@id":"https:\/\/develop.olympic.ca\/olympique\/#website","url":"https:\/\/develop.olympic.ca\/olympique\/","name":"\u00c9quipe Canada | Site officiel de l&#039;\u00e9quipe olympique","description":"Votre source pour l\u2019\u00c9quipe olympique canadienne. Retrouvez les r\u00e9cits, vid\u00e9os et photos des athl\u00e8tes canadiens, sports olympiques, Jeux olympiques de 2020 et bien plus!","potentialAction":[{"@type":"SearchAction","target":{"@type":"EntryPoint","urlTemplate":"https:\/\/develop.olympic.ca\/olympique\/?s={search_term_string}"},"query-input":{"@type":"PropertyValueSpecification","valueRequired":true,"valueName":"search_term_string"}}],"inLanguage":"fr-FR"}]}},"jetpack_sharing_enabled":true,"_links":{"self":[{"href":"https:\/\/develop.olympic.ca\/olympique\/wp-json\/wp\/v2\/press\/130711","targetHints":{"allow":["GET"]}}],"collection":[{"href":"https:\/\/develop.olympic.ca\/olympique\/wp-json\/wp\/v2\/press"}],"about":[{"href":"https:\/\/develop.olympic.ca\/olympique\/wp-json\/wp\/v2\/types\/press"}],"version-history":[{"count":0,"href":"https:\/\/develop.olympic.ca\/olympique\/wp-json\/wp\/v2\/press\/130711\/revisions"}],"wp:featuredmedia":[{"embeddable":true,"href":"https:\/\/develop.olympic.ca\/olympique\/wp-json\/wp\/v2\/media\/130712"}],"wp:attachment":[{"href":"https:\/\/develop.olympic.ca\/olympique\/wp-json\/wp\/v2\/media?parent=130711"}],"wp:term":[{"taxonomy":"post_tag","embeddable":true,"href":"https:\/\/develop.olympic.ca\/olympique\/wp-json\/wp\/v2\/tags?post=130711"},{"taxonomy":"type-of-press","embeddable":true,"href":"https:\/\/develop.olympic.ca\/olympique\/wp-json\/wp\/v2\/type-of-press?post=130711"},{"taxonomy":"press-topic","embeddable":true,"href":"https:\/\/develop.olympic.ca\/olympique\/wp-json\/wp\/v2\/press-topic?post=130711"},{"taxonomy":"years","embeddable":true,"href":"https:\/\/develop.olympic.ca\/olympique\/wp-json\/wp\/v2\/years?post=130711"}],"curies":[{"name":"wp","href":"https:\/\/api.w.org\/{rel}","templated":true}]}}