{"id":130773,"date":"2016-06-13T22:29:37","date_gmt":"2016-06-14T02:29:37","guid":{"rendered":"http:\/\/develop.olympic.ca\/olympique\/?post_type=press&#038;p=130773"},"modified":"2017-10-04T16:20:06","modified_gmt":"2017-10-04T20:20:06","slug":"nomination-de-lequipe-de-plongeon-pour-rio-2016","status":"publish","type":"press","link":"https:\/\/develop.olympic.ca\/olympique\/presse\/nomination-de-lequipe-de-plongeon-pour-rio-2016\/","title":{"rendered":"Nomination de l\u2019\u00e9quipe de plongeon pour Rio 2016"},"content":{"rendered":"<p>TORONTO\u00a0\u2014\u00a0Lundi, le Comit\u00e9 olympique canadien\u00a0(COC) et Diving Plongeon Canada (DPC) ont nomm\u00e9 les six athl\u00e8tes qui repr\u00e9senteront \u00c9quipe Canada en plongeon aux Jeux olympiques de 2016 \u00e0 Rio, qui se d\u00e9rouleront du 5 au 21\u00a0ao\u00fbt.<\/p>\n<p>Parmi les six athl\u00e8tes s\u00e9lectionn\u00e9s on compte notamment les membres du FAB\u00a0IV compos\u00e9 de\u00a0<a href=\"http:\/\/develop.olympic.ca\/olympique\/team-canada\/jennifer-abel\/\">Jennifer Abel<\/a>\u00a0(bronze, Londres\u00a02012),\u00a0<a href=\"http:\/\/develop.olympic.ca\/olympique\/team-canada\/meaghan-benfeito\/\">Meaghan Benfeito<\/a>\u00a0(bronze, Londres\u00a02012),\u00a0<a href=\"http:\/\/develop.olympic.ca\/olympique\/team-canada\/roseline-filion\/\">Roseline Filion<\/a>\u00a0(bronze, Londres\u00a02012) et\u00a0<a href=\"http:\/\/develop.olympic.ca\/olympique\/team-canada\/pamela-ware\/\">Pamela Ware<\/a>(triple m\u00e9daill\u00e9e, Championnats du monde), et\u00a0deux jeunes talents prometteurs\u00a0:\u00a0<a href=\"http:\/\/develop.olympic.ca\/olympique\/team-canada\/vincent-riendeau\/\">Vincent Riendeau<\/a>\u00a0(bronze, Jeux du Commonwealth) et\u00a0<a href=\"http:\/\/develop.olympic.ca\/olympique\/team-canada\/philippe-gagne\/\">Philippe Gagn\u00e9<\/a>\u00a0(triple m\u00e9daill\u00e9, TORONTO\u00a02015). Aaron Dziver, C\u00e9sar Henderson, Yihua Li et Arturo Miranda sont, quant \u00e0 eux, les entra\u00eeneurs de l\u2019\u00e9quipe.<\/p>\n<p><a href=\"https:\/\/olympicca.webdamdb.com\/bp\/#\/folder\/1476470\"><strong>T\u00e9l\u00e9chargez les photos des membres de l\u2019\u00e9quipe<\/strong><\/a><\/p>\n<p>Tous les pays devraient avoir confirm\u00e9 leurs inscriptions d\u00e9finitives aupr\u00e8s de la FINA plus tard ce mois-ci. Il est possible, \u00e0 ce moment, que la limite de participants aux Jeux ne soit pas atteinte. DPC pourrait, le cas \u00e9ch\u00e9ant, avoir droit \u00e0 un deuxi\u00e8me repr\u00e9sentant aux \u00e9preuves de 3\u00a0m ou de 10\u00a0m hommes, ou aux deux \u00e9preuves. Ainsi, Maxim Bouchard (six titres de champion canadien) et Fran\u00e7ois Imbeau-Dulac (m\u00e9daill\u00e9, TORONTO\u00a02015) ont \u00e9t\u00e9 nomm\u00e9s \u00e0 titre de rempla\u00e7ants pour Rio\u00a02016.<\/p>\n<p>Ces athl\u00e8tes ont obtenu leur nomination olympique gr\u00e2ce \u00e0 leurs r\u00e9sultats \u00e0 diverses comp\u00e9titions, notamment aux Jeux panam\u00e9ricains de 2015 \u00e0 Toronto, aux Championnats du monde FINA\u00a02015, \u00e0 la Coupe du monde de plongeon FINA\u00a02016 \u00e0 Rio, \u00e0 la S\u00e9rie mondiale FINA\/NVC, au Grand Prix FINA de plongeon et aux essais olympiques de Diving Plongeon Canada, qui ont eu lieu samedi dernier \u00e0 Toronto.<\/p>\n<p>Cette ann\u00e9e seulement, ces six athl\u00e8tes ont remport\u00e9 un total de 37 m\u00e9dailles internationales lors de sept comp\u00e9titions\u00a0: six d\u2019or, 19 d\u2019argent et 12 de bronze. La saison de comp\u00e9tition termin\u00e9e, ils concentrent maintenant leurs efforts \u00e0 l\u2019entra\u00eenement en vue des Jeux olympiques. Ils participeront \u00e0 deux camps de pr\u00e9paration olympique \u00e0 Rome (Italie), au mois de juin, et \u00e0 Brasilia (Br\u00e9sil), en juillet. Entre les deux camps de pr\u00e9paration, l\u2019\u00e9quipe poursuivra l\u2019entra\u00eenement \u00e0 l\u2019Institut national du sport de Montr\u00e9al ainsi qu\u2019\u00e0 la piscine ext\u00e9rieure du complexe aquatique du parc Jean-Drapeau afin de se pr\u00e9parer dans un environnement qui rappelle celui de Rio.<\/p>\n<p>\u00c0 Rio\u00a02016, les huit \u00e9preuves de plongeon se d\u00e9rouleront au Centre aquatique Maria Lenk du 7 au 20\u00a0ao\u00fbt. On y tiendra les \u00e9preuves de plongeon synchronis\u00e9 3\u00a0m et 10\u00a0m (hommes et femmes), ainsi que les \u00e9preuves individuelles de 3\u00a0m et 10\u00a0m (hommes et femmes).<\/p>\n<p>Le Canada compte envoyer une \u00e9quipe de plus de 315\u00a0athl\u00e8tes \u00e0 Rio\u00a02016.<\/p>\n<p>Diving Plongeon Canada (DPC) a \u00e9t\u00e9 fond\u00e9 en 1967 comme un organisme \u00e0 but non lucratif pour promouvoir la croissance du plongeon et sensibiliser la population canadienne \u00e0 ce sport d\u2019un bout \u00e0 l\u2019autre du pays. \u00c0 titre de membre de la FINA, l\u2019organisme mondial directeur des sports aquatiques, DPC contribue au d\u00e9veloppement de normes d\u2019excellence pour le plongeon qui sont accept\u00e9es partout dans le monde, et il soutient les statuts (r\u00e8glements) de la comp\u00e9tition internationale. En tant que repr\u00e9sentant de neuf associations provinciales de plongeon, 67 clubs locaux et pr\u00e8s de 4\u00a0000 athl\u00e8tes de haute performance, nous partageons un engagement national \u00e0 faire progresser l\u2019art et le sport du plongeon et \u00e0 faire en sorte que le Canada se place au premier rang en plongeon \u00e0 l\u2019\u00e9chelle mondiale.<\/p>\n<p><strong>CITATIONS<\/strong><\/p>\n<p>\u00ab\u00a0Je suis f\u00e9brile et confiante \u00e0 l\u2019approche de mes troisi\u00e8mes Jeux olympiques. Nous avons travaill\u00e9 tr\u00e8s fort ce dernier cycle et j\u2019ai vraiment h\u00e2te de montrer \u00e0 tout le monde \u00e0 quel point je me suis am\u00e9lior\u00e9e pendant ces quatre ann\u00e9es. D\u2019ici l\u00e0, je vais me concentrer sur mes entra\u00eenements et sur les petits ajustements \u00e0 faire. C\u2019est le comble du bonheur pour moi de savoir que mes derniers pr\u00e9paratifs avant Rio se feront en compagnie de cette \u00e9quipe extraordinaire.\u00a0\u00bb<\/p>\n<p><strong>Jennifer Abel,\u00a0<\/strong>m\u00e9daill\u00e9e de bronze de Londres\u00a02012<\/p>\n<p>&nbsp;<\/p>\n<p>\u00ab\u00a0Nous sommes fiers de nommer, encore une fois, une solide \u00e9quipe de plongeon. Ces athl\u00e8tes ont montr\u00e9 qu\u2019ils ont le talent n\u00e9cessaire pour rivaliser avec l\u2019\u00e9lite mondiale. Je suis persuad\u00e9 qu\u2019\u00e0 Rio ils sauront garder leur sang-froid dans le feu de l\u2019action. Bravo \u00e0 Diving Plongeon Canada, qui continue de s\u00e9lectionner des \u00e9quipes de premier ordre.\u00a0\u00bb<\/p>\n<p><strong>Curt Harnett,\u00a0<\/strong>chef de mission \u00e0 Rio\u00a02016<\/p>\n<p>&nbsp;<\/p>\n<p>\u00ab\u00a0Je crois que notre \u00e9quipe qui ira aux Jeux olympiques est la plus d\u00e9termin\u00e9e et la plus engag\u00e9e que nous avons eue jusqu\u2019\u00e0 pr\u00e9sent. L\u2019environnement d\u2019entra\u00eenement \u00e0 Montr\u00e9al est excellent, tout comme la dynamique au sein de l\u2019\u00e9quipe et l\u2019esprit de camaraderie chez les entra\u00eeneurs. Nos athl\u00e8tes sont aussi tr\u00e8s solidaires. Chacun d\u2019eux a \u00e0 c\u0153ur le succ\u00e8s de ses co\u00e9quipiers comme jamais auparavant. Nos plongeurs sont bien outill\u00e9s pour affronter n\u2019importe quelle situation. La mise en place de tous ces \u00e9l\u00e9ments sera la cl\u00e9 de notre succ\u00e8s.\u00a0\u00bb<\/p>\n<p><strong>Mitch Geller,\u00a0<\/strong>directeur en chef des techniques et chef d\u2019\u00e9quipe,\u00a0Diving Plongeon Canada<\/p>\n<p>&nbsp;<\/p>\n<p>\u00ab\u00a0F\u00e9licitations \u00e0 tous les athl\u00e8tes de Diving Plongeon Canada qui se sont taill\u00e9 une place au sein de l\u2019\u00e9quipe olympique qui se rendra \u00e0 Rio cet \u00e9t\u00e9. Jusqu\u2019\u00e0 maintenant, l\u2019\u00e9quipe a connu une fantastique saison, ce qui devrait donner confiance \u00e0 ses membres alors qu\u2019ils se pr\u00e9parent \u00e0 tout donner pour monter sur le podium. Tout le Canada est derri\u00e8re vous.\u00a0\u00bb<\/p>\n<p><strong>L\u2019honorable Carla Qualtrough,\u00a0<\/strong>ministre des Sports et des Personnes handicap\u00e9es<\/p>\n<p>Membres de l\u2019\u00e9quipe de plongeon qui repr\u00e9senteront le Canada \u00e0 Rio\u00a02016\u00a0:<\/p>\n<p><strong>Athl\u00e8tes\u00a0:<\/strong><\/p>\n<table border=\"1\" cellspacing=\"1\" cellpadding=\"1\">\n<tbody>\n<tr>\n<td><strong>Pr\u00e9nom<\/strong><\/td>\n<td><strong>Nom<\/strong><\/td>\n<td><strong>\u00c2ge<\/strong><\/td>\n<td><strong>Ville d\u2019attache<\/strong><\/td>\n<td><strong>\u00c9preuve<\/strong><\/td>\n<\/tr>\n<tr>\n<td><a href=\"http:\/\/develop.olympic.ca\/olympique\/team-canada\/jennifer-abel\/\">Jennifer<\/a><\/td>\n<td>Abel<\/td>\n<td>24 ans<\/td>\n<td>Laval (Qc)<\/td>\n<td>3\u00a0m femmes;\u00a03\u00a0m synchro femmes<\/td>\n<\/tr>\n<tr>\n<td><a href=\"http:\/\/develop.olympic.ca\/olympique\/team-canada\/meaghan-benfeito\/\">Meaghan<\/a><\/td>\n<td>Benfeito<\/td>\n<td>27 ans<\/td>\n<td>Laval (Qc)<\/td>\n<td>10 m femmes; 10 m synchro femmes<\/td>\n<\/tr>\n<tr>\n<td><a href=\"http:\/\/develop.olympic.ca\/olympique\/team-canada\/roseline-filion\/\">Roseline<\/a><\/td>\n<td>Filion<\/td>\n<td>28 ans<\/td>\n<td>Laval (Qc)<\/td>\n<td>10 m femmes; 10 m synchro femmes<\/td>\n<\/tr>\n<tr>\n<td><a href=\"http:\/\/develop.olympic.ca\/olympique\/team-canada\/philippe-gagne\/\">Philippe<\/a><\/td>\n<td>Gagn\u00e9<\/td>\n<td>18 ans<\/td>\n<td>Ville de Mont-Royal (Qc)<\/td>\n<td>3 m hommes<\/td>\n<\/tr>\n<tr>\n<td><a href=\"http:\/\/develop.olympic.ca\/olympique\/team-canada\/vincent-riendeau\/\">Vincent<\/a><\/td>\n<td>Riendeau<\/td>\n<td>19 ans<\/td>\n<td>Pointe-Claire (Qc)<\/td>\n<td>10 m hommes<\/td>\n<\/tr>\n<tr>\n<td><a href=\"http:\/\/develop.olympic.ca\/olympique\/team-canada\/pamela-ware\/\">Pamela<\/a><\/td>\n<td>Ware<\/td>\n<td>23 ans<\/td>\n<td>Greenfield Park (Qc)<\/td>\n<td>3 m femmes; 3 m synchro femmes<\/td>\n<\/tr>\n<\/tbody>\n<\/table>\n<p><strong>Entra\u00eeneurs\u00a0:<\/strong><\/p>\n<table border=\"1\" cellspacing=\"1\" cellpadding=\"1\">\n<tbody>\n<tr>\n<td><strong>Poste<\/strong><\/td>\n<td><strong>Pr\u00e9nom<\/strong><\/td>\n<td><strong>Nom<\/strong><\/td>\n<td><strong>Ville d&rsquo;attache<\/strong><\/td>\n<\/tr>\n<tr>\n<td>Entra\u00eeneur de l\u2019\u00e9quipe nationale<\/td>\n<td>Aaron<\/td>\n<td>Dziver<\/td>\n<td>Terrebonne (Qc)<\/td>\n<\/tr>\n<tr>\n<td>Entra\u00eeneur de l\u2019\u00e9quipe nationale<\/td>\n<td>C\u00e9sar<\/td>\n<td>Henderson<\/td>\n<td>Brossard (Qc)<\/td>\n<\/tr>\n<tr>\n<td>Entra\u00eeneure de l\u2019\u00e9quipe nationale<\/td>\n<td>Yihua<\/td>\n<td>Li<\/td>\n<td>Pointe-Claire (Qc)<\/td>\n<\/tr>\n<tr>\n<td>Entra\u00eeneure de l\u2019\u00e9quipe nationale<\/td>\n<td>Arturo<\/td>\n<td>Miranda<\/td>\n<td>Montr\u00e9al (Qc)<\/td>\n<\/tr>\n<\/tbody>\n<\/table>\n<p>Avant d\u2019\u00eatre d\u00e9sign\u00e9s au sein de la formation d\u00e9finitive de l\u2019\u00c9quipe olympique canadienne pour Rio\u00a02016, les athl\u00e8tes nomm\u00e9s de fa\u00e7on provisoire doivent voir leur nomination approuver par le comit\u00e9 de s\u00e9lection de l\u2019\u00e9quipe du COC apr\u00e8s la r\u00e9ception de l\u2019ensemble des nominations de la part de toutes les f\u00e9d\u00e9rations nationales de sport.<\/p>\n","protected":false},"excerpt":{"rendered":"<p>TORONTO\u00a0\u2014\u00a0Lundi, le Comit\u00e9 olympique canadien\u00a0(COC) et Diving Plongeon Canada (DPC) ont nomm\u00e9 les six athl\u00e8tes qui repr\u00e9senteront \u00c9quipe Canada en&#8230;<\/p>\n","protected":false},"featured_media":130774,"template":"","format":"standard","tags":[],"type-of-press":[496138],"press-topic":[415985201],"years":[415985070],"class_list":["post-130773","press","type-press","status-publish","format-standard","has-post-thumbnail","hentry","type-of-press-communiques","press-topic-rio-2016","years-415985070"],"acf":[],"yoast_head":"<!-- This site is optimized with the Yoast SEO plugin v27.3 - https:\/\/yoast.com\/product\/yoast-seo-wordpress\/ -->\n<title>Nomination de l\u2019\u00e9quipe de plongeon pour Rio 2016 - \u00c9quipe Canada | Site officiel de l&#039;\u00e9quipe olympique<\/title>\n<meta name=\"robots\" content=\"index, follow, max-snippet:-1, max-image-preview:large, max-video-preview:-1\" \/>\n<link rel=\"canonical\" href=\"https:\/\/develop.olympic.ca\/olympique\/presse\/nomination-de-lequipe-de-plongeon-pour-rio-2016\/\" \/>\n<meta property=\"og:locale\" content=\"fr_FR\" \/>\n<meta property=\"og:type\" content=\"article\" \/>\n<meta property=\"og:title\" content=\"Nomination de l\u2019\u00e9quipe de plongeon pour Rio 2016 - \u00c9quipe Canada | Site officiel de l&#039;\u00e9quipe olympique\" \/>\n<meta property=\"og:description\" content=\"TORONTO\u00a0\u2014\u00a0Lundi, le Comit\u00e9 olympique canadien\u00a0(COC) et Diving Plongeon Canada (DPC) ont nomm\u00e9 les six athl\u00e8tes qui repr\u00e9senteront \u00c9quipe Canada en...\" \/>\n<meta property=\"og:url\" content=\"https:\/\/develop.olympic.ca\/olympique\/presse\/nomination-de-lequipe-de-plongeon-pour-rio-2016\/\" \/>\n<meta property=\"og:site_name\" content=\"\u00c9quipe Canada | Site officiel de l&#039;\u00e9quipe olympique\" \/>\n<meta property=\"article:modified_time\" content=\"2017-10-04T20:20:06+00:00\" \/>\n<meta property=\"og:image\" content=\"https:\/\/develop.olympic.ca\/olympique\/wp-content\/uploads\/sites\/2\/2017\/09\/d1_1286.jpg?quality=100\" \/>\n\t<meta property=\"og:image:width\" content=\"1024\" \/>\n\t<meta property=\"og:image:height\" content=\"683\" \/>\n\t<meta property=\"og:image:type\" content=\"image\/jpeg\" \/>\n<meta name=\"twitter:card\" content=\"summary_large_image\" \/>\n<meta name=\"twitter:label1\" content=\"Est. reading time\" \/>\n\t<meta name=\"twitter:data1\" content=\"6 minutes\" \/>\n\t<meta name=\"twitter:label2\" content=\"Written by\" \/>\n\t<meta name=\"twitter:data2\" content=\"joshsu\" \/>\n<script type=\"application\/ld+json\" class=\"yoast-schema-graph\">{\"@context\":\"https:\\\/\\\/schema.org\",\"@graph\":[{\"@type\":\"WebPage\",\"@id\":\"https:\\\/\\\/develop.olympic.ca\\\/olympique\\\/presse\\\/nomination-de-lequipe-de-plongeon-pour-rio-2016\\\/\",\"url\":\"https:\\\/\\\/develop.olympic.ca\\\/olympique\\\/presse\\\/nomination-de-lequipe-de-plongeon-pour-rio-2016\\\/\",\"name\":\"Nomination de l\u2019\u00e9quipe de plongeon pour Rio 2016 - \u00c9quipe Canada | Site officiel de l&#039;\u00e9quipe olympique\",\"isPartOf\":{\"@id\":\"https:\\\/\\\/develop.olympic.ca\\\/olympique\\\/#website\"},\"primaryImageOfPage\":{\"@id\":\"https:\\\/\\\/develop.olympic.ca\\\/olympique\\\/presse\\\/nomination-de-lequipe-de-plongeon-pour-rio-2016\\\/#primaryimage\"},\"image\":{\"@id\":\"https:\\\/\\\/develop.olympic.ca\\\/olympique\\\/presse\\\/nomination-de-lequipe-de-plongeon-pour-rio-2016\\\/#primaryimage\"},\"thumbnailUrl\":\"https:\\\/\\\/develop.olympic.ca\\\/olympique\\\/wp-content\\\/uploads\\\/sites\\\/2\\\/2017\\\/09\\\/d1_1286.jpg?quality=100\",\"datePublished\":\"2016-06-14T02:29:37+00:00\",\"dateModified\":\"2017-10-04T20:20:06+00:00\",\"inLanguage\":\"fr-FR\",\"potentialAction\":[{\"@type\":\"ReadAction\",\"target\":[\"https:\\\/\\\/develop.olympic.ca\\\/olympique\\\/presse\\\/nomination-de-lequipe-de-plongeon-pour-rio-2016\\\/\"]}]},{\"@type\":\"ImageObject\",\"inLanguage\":\"fr-FR\",\"@id\":\"https:\\\/\\\/develop.olympic.ca\\\/olympique\\\/presse\\\/nomination-de-lequipe-de-plongeon-pour-rio-2016\\\/#primaryimage\",\"url\":\"https:\\\/\\\/develop.olympic.ca\\\/olympique\\\/wp-content\\\/uploads\\\/sites\\\/2\\\/2017\\\/09\\\/d1_1286.jpg?quality=100\",\"contentUrl\":\"https:\\\/\\\/develop.olympic.ca\\\/olympique\\\/wp-content\\\/uploads\\\/sites\\\/2\\\/2017\\\/09\\\/d1_1286.jpg?quality=100\",\"width\":1024,\"height\":683},{\"@type\":\"WebSite\",\"@id\":\"https:\\\/\\\/develop.olympic.ca\\\/olympique\\\/#website\",\"url\":\"https:\\\/\\\/develop.olympic.ca\\\/olympique\\\/\",\"name\":\"\u00c9quipe Canada | Site officiel de l&#039;\u00e9quipe olympique\",\"description\":\"Votre source pour l\u2019\u00c9quipe olympique canadienne. Retrouvez les r\u00e9cits, vid\u00e9os et photos des athl\u00e8tes canadiens, sports olympiques, Jeux olympiques de 2020 et bien plus!\",\"potentialAction\":[{\"@type\":\"SearchAction\",\"target\":{\"@type\":\"EntryPoint\",\"urlTemplate\":\"https:\\\/\\\/develop.olympic.ca\\\/olympique\\\/?s={search_term_string}\"},\"query-input\":{\"@type\":\"PropertyValueSpecification\",\"valueRequired\":true,\"valueName\":\"search_term_string\"}}],\"inLanguage\":\"fr-FR\"}]}<\/script>\n<!-- \/ Yoast SEO plugin. -->","yoast_head_json":{"title":"Nomination de l\u2019\u00e9quipe de plongeon pour Rio 2016 - \u00c9quipe Canada | Site officiel de l&#039;\u00e9quipe olympique","robots":{"index":"index","follow":"follow","max-snippet":"max-snippet:-1","max-image-preview":"max-image-preview:large","max-video-preview":"max-video-preview:-1"},"canonical":"https:\/\/develop.olympic.ca\/olympique\/presse\/nomination-de-lequipe-de-plongeon-pour-rio-2016\/","og_locale":"fr_FR","og_type":"article","og_title":"Nomination de l\u2019\u00e9quipe de plongeon pour Rio 2016 - \u00c9quipe Canada | Site officiel de l&#039;\u00e9quipe olympique","og_description":"TORONTO\u00a0\u2014\u00a0Lundi, le Comit\u00e9 olympique canadien\u00a0(COC) et Diving Plongeon Canada (DPC) ont nomm\u00e9 les six athl\u00e8tes qui repr\u00e9senteront \u00c9quipe Canada en...","og_url":"https:\/\/develop.olympic.ca\/olympique\/presse\/nomination-de-lequipe-de-plongeon-pour-rio-2016\/","og_site_name":"\u00c9quipe Canada | Site officiel de l&#039;\u00e9quipe olympique","article_modified_time":"2017-10-04T20:20:06+00:00","og_image":[{"width":1024,"height":683,"url":"https:\/\/develop.olympic.ca\/olympique\/wp-content\/uploads\/sites\/2\/2017\/09\/d1_1286.jpg?quality=100","type":"image\/jpeg"}],"twitter_card":"summary_large_image","twitter_misc":{"Est. reading time":"6 minutes","Written by":"joshsu"},"schema":{"@context":"https:\/\/schema.org","@graph":[{"@type":"WebPage","@id":"https:\/\/develop.olympic.ca\/olympique\/presse\/nomination-de-lequipe-de-plongeon-pour-rio-2016\/","url":"https:\/\/develop.olympic.ca\/olympique\/presse\/nomination-de-lequipe-de-plongeon-pour-rio-2016\/","name":"Nomination de l\u2019\u00e9quipe de plongeon pour Rio 2016 - \u00c9quipe Canada | Site officiel de l&#039;\u00e9quipe olympique","isPartOf":{"@id":"https:\/\/develop.olympic.ca\/olympique\/#website"},"primaryImageOfPage":{"@id":"https:\/\/develop.olympic.ca\/olympique\/presse\/nomination-de-lequipe-de-plongeon-pour-rio-2016\/#primaryimage"},"image":{"@id":"https:\/\/develop.olympic.ca\/olympique\/presse\/nomination-de-lequipe-de-plongeon-pour-rio-2016\/#primaryimage"},"thumbnailUrl":"https:\/\/develop.olympic.ca\/olympique\/wp-content\/uploads\/sites\/2\/2017\/09\/d1_1286.jpg?quality=100","datePublished":"2016-06-14T02:29:37+00:00","dateModified":"2017-10-04T20:20:06+00:00","inLanguage":"fr-FR","potentialAction":[{"@type":"ReadAction","target":["https:\/\/develop.olympic.ca\/olympique\/presse\/nomination-de-lequipe-de-plongeon-pour-rio-2016\/"]}]},{"@type":"ImageObject","inLanguage":"fr-FR","@id":"https:\/\/develop.olympic.ca\/olympique\/presse\/nomination-de-lequipe-de-plongeon-pour-rio-2016\/#primaryimage","url":"https:\/\/develop.olympic.ca\/olympique\/wp-content\/uploads\/sites\/2\/2017\/09\/d1_1286.jpg?quality=100","contentUrl":"https:\/\/develop.olympic.ca\/olympique\/wp-content\/uploads\/sites\/2\/2017\/09\/d1_1286.jpg?quality=100","width":1024,"height":683},{"@type":"WebSite","@id":"https:\/\/develop.olympic.ca\/olympique\/#website","url":"https:\/\/develop.olympic.ca\/olympique\/","name":"\u00c9quipe Canada | Site officiel de l&#039;\u00e9quipe olympique","description":"Votre source pour l\u2019\u00c9quipe olympique canadienne. Retrouvez les r\u00e9cits, vid\u00e9os et photos des athl\u00e8tes canadiens, sports olympiques, Jeux olympiques de 2020 et bien plus!","potentialAction":[{"@type":"SearchAction","target":{"@type":"EntryPoint","urlTemplate":"https:\/\/develop.olympic.ca\/olympique\/?s={search_term_string}"},"query-input":{"@type":"PropertyValueSpecification","valueRequired":true,"valueName":"search_term_string"}}],"inLanguage":"fr-FR"}]}},"jetpack_sharing_enabled":true,"_links":{"self":[{"href":"https:\/\/develop.olympic.ca\/olympique\/wp-json\/wp\/v2\/press\/130773","targetHints":{"allow":["GET"]}}],"collection":[{"href":"https:\/\/develop.olympic.ca\/olympique\/wp-json\/wp\/v2\/press"}],"about":[{"href":"https:\/\/develop.olympic.ca\/olympique\/wp-json\/wp\/v2\/types\/press"}],"version-history":[{"count":0,"href":"https:\/\/develop.olympic.ca\/olympique\/wp-json\/wp\/v2\/press\/130773\/revisions"}],"wp:featuredmedia":[{"embeddable":true,"href":"https:\/\/develop.olympic.ca\/olympique\/wp-json\/wp\/v2\/media\/130774"}],"wp:attachment":[{"href":"https:\/\/develop.olympic.ca\/olympique\/wp-json\/wp\/v2\/media?parent=130773"}],"wp:term":[{"taxonomy":"post_tag","embeddable":true,"href":"https:\/\/develop.olympic.ca\/olympique\/wp-json\/wp\/v2\/tags?post=130773"},{"taxonomy":"type-of-press","embeddable":true,"href":"https:\/\/develop.olympic.ca\/olympique\/wp-json\/wp\/v2\/type-of-press?post=130773"},{"taxonomy":"press-topic","embeddable":true,"href":"https:\/\/develop.olympic.ca\/olympique\/wp-json\/wp\/v2\/press-topic?post=130773"},{"taxonomy":"years","embeddable":true,"href":"https:\/\/develop.olympic.ca\/olympique\/wp-json\/wp\/v2\/years?post=130773"}],"curies":[{"name":"wp","href":"https:\/\/api.w.org\/{rel}","templated":true}]}}