{"id":130779,"date":"2016-06-03T22:40:13","date_gmt":"2016-06-04T02:40:13","guid":{"rendered":"http:\/\/develop.olympic.ca\/olympique\/?post_type=press&#038;p=130779"},"modified":"2017-10-04T16:24:47","modified_gmt":"2017-10-04T20:24:47","slug":"tricia-smith-est-mise-en-candidature-pour-sieger-aupres-du-cio","status":"publish","type":"press","link":"https:\/\/develop.olympic.ca\/olympique\/presse\/tricia-smith-est-mise-en-candidature-pour-sieger-aupres-du-cio\/","title":{"rendered":"Tricia Smith est mise en candidature pour si\u00e9ger aupr\u00e8s du CIO"},"content":{"rendered":"<p><span class=\"rls-date\">\u00a0<\/span>TORONTO\u00a0\u2014\u00a0Vendredi, le Conseil ex\u00e9cutif du Comit\u00e9 international olympique (CIO) a annonc\u00e9 que Tricia Smith, pr\u00e9sidente du Comit\u00e9 olympique canadien (COC), a \u00e9t\u00e9 mise en candidature pour si\u00e9ger en qualit\u00e9 de membre du CIO. Si elle est \u00e9lue, M<sup>me<\/sup>\u00a0Smith servira aupr\u00e8s de deux autres Canadiens, soit Hayley Wickenheiser, quintuple m\u00e9daill\u00e9e olympique, et Richard Pound, membre de longue date du CIO. Le vote aura lieu en ao\u00fbt lors de la Session du COC qui se tiendra \u00e0 Rio de Janeiro. Tricia Smith compte parmi les huit candidats annonc\u00e9s aujourd\u2019hui \u00e0 Lausanne.<\/p>\n<p>Avocate et femme d\u2019affaires \u00e9tablie \u00e0 Vancouver, Tricia Smith a men\u00e9 une carri\u00e8re brillante et diversifi\u00e9e dans le domaine sportif. Quadruple olympienne, elle a remport\u00e9 une m\u00e9daille d\u2019argent des Jeux olympiques de 1984 \u00e0 Los\u00a0Angeles. Elle a \u00e9galement remport\u00e9 sept m\u00e9dailles de championnats du monde, ainsi qu\u2019une m\u00e9daille d\u2019or des Jeux du Commonwealth en 1986. En novembre 2015, M<sup>me<\/sup>\u00a0Smith a \u00e9t\u00e9 \u00e9lue pr\u00e9sidente du Comit\u00e9 olympique canadien. Elle est aussi vice-pr\u00e9sidente de la F\u00e9d\u00e9ration internationale des soci\u00e9t\u00e9s d\u2019aviron (FISA).<\/p>\n<p><strong>CITATION<\/strong><\/p>\n<p>\u00ab\u00a0C\u2019est un honneur inattendu d\u2019avoir \u00e9t\u00e9 mise en candidature pour si\u00e9ger aupr\u00e8s du Comit\u00e9 international olympique. Je crois fermement en tout ce que les Jeux et les id\u00e9aux olympiques repr\u00e9sentent de positif, mais je comprends aussi tr\u00e8s bien les d\u00e9fis que le Mouvement olympique a eu \u00e0 relever et ceux qui existent encore. Je suis privil\u00e9gi\u00e9e que ma candidature soit prise en consid\u00e9ration en vue de ce r\u00f4le important aux c\u00f4t\u00e9s de mes coll\u00e8gues Hayley et Richard.\u00a0\u00bb<\/p>\n<p><strong>Tricia Smith<\/strong>, pr\u00e9sidente, Comit\u00e9 olympique canadien<\/p>\n","protected":false},"excerpt":{"rendered":"<p>\u00a0TORONTO\u00a0\u2014\u00a0Vendredi, le Conseil ex\u00e9cutif du Comit\u00e9 international olympique (CIO) a annonc\u00e9 que Tricia Smith, pr\u00e9sidente du Comit\u00e9 olympique canadien (COC),&#8230;<\/p>\n","protected":false},"featured_media":130780,"template":"","format":"standard","tags":[],"type-of-press":[496138],"press-topic":[415985198],"years":[415985070],"class_list":["post-130779","press","type-press","status-publish","format-standard","has-post-thumbnail","hentry","type-of-press-communiques","press-topic-general","years-415985070"],"acf":[],"yoast_head":"<!-- This site is optimized with the Yoast SEO plugin v27.3 - https:\/\/yoast.com\/product\/yoast-seo-wordpress\/ -->\n<title>Tricia Smith est mise en candidature pour si\u00e9ger aupr\u00e8s du CIO - \u00c9quipe Canada | Site officiel de l&#039;\u00e9quipe olympique<\/title>\n<meta name=\"robots\" content=\"index, follow, max-snippet:-1, max-image-preview:large, max-video-preview:-1\" \/>\n<link rel=\"canonical\" href=\"https:\/\/develop.olympic.ca\/olympique\/presse\/tricia-smith-est-mise-en-candidature-pour-sieger-aupres-du-cio\/\" \/>\n<meta property=\"og:locale\" content=\"fr_FR\" \/>\n<meta property=\"og:type\" content=\"article\" \/>\n<meta property=\"og:title\" content=\"Tricia Smith est mise en candidature pour si\u00e9ger aupr\u00e8s du CIO - \u00c9quipe Canada | Site officiel de l&#039;\u00e9quipe olympique\" \/>\n<meta property=\"og:description\" content=\"\u00a0TORONTO\u00a0\u2014\u00a0Vendredi, le Conseil ex\u00e9cutif du Comit\u00e9 international olympique (CIO) a annonc\u00e9 que Tricia Smith, pr\u00e9sidente du Comit\u00e9 olympique canadien (COC),...\" \/>\n<meta property=\"og:url\" content=\"https:\/\/develop.olympic.ca\/olympique\/presse\/tricia-smith-est-mise-en-candidature-pour-sieger-aupres-du-cio\/\" \/>\n<meta property=\"og:site_name\" content=\"\u00c9quipe Canada | Site officiel de l&#039;\u00e9quipe olympique\" \/>\n<meta property=\"article:modified_time\" content=\"2017-10-04T20:24:47+00:00\" \/>\n<meta property=\"og:image\" content=\"https:\/\/develop.olympic.ca\/olympique\/wp-content\/uploads\/sites\/2\/2017\/09\/tricia-smith-header.jpg?quality=100\" \/>\n\t<meta property=\"og:image:width\" content=\"1000\" \/>\n\t<meta property=\"og:image:height\" content=\"604\" \/>\n\t<meta property=\"og:image:type\" content=\"image\/jpeg\" \/>\n<meta name=\"twitter:card\" content=\"summary_large_image\" \/>\n<meta name=\"twitter:label1\" content=\"Est. reading time\" \/>\n\t<meta name=\"twitter:data1\" content=\"1 minute\" \/>\n\t<meta name=\"twitter:label2\" content=\"Written by\" \/>\n\t<meta name=\"twitter:data2\" content=\"joshsu\" \/>\n<script type=\"application\/ld+json\" class=\"yoast-schema-graph\">{\"@context\":\"https:\\\/\\\/schema.org\",\"@graph\":[{\"@type\":\"WebPage\",\"@id\":\"https:\\\/\\\/develop.olympic.ca\\\/olympique\\\/presse\\\/tricia-smith-est-mise-en-candidature-pour-sieger-aupres-du-cio\\\/\",\"url\":\"https:\\\/\\\/develop.olympic.ca\\\/olympique\\\/presse\\\/tricia-smith-est-mise-en-candidature-pour-sieger-aupres-du-cio\\\/\",\"name\":\"Tricia Smith est mise en candidature pour si\u00e9ger aupr\u00e8s du CIO - \u00c9quipe Canada | Site officiel de l&#039;\u00e9quipe olympique\",\"isPartOf\":{\"@id\":\"https:\\\/\\\/develop.olympic.ca\\\/olympique\\\/#website\"},\"primaryImageOfPage\":{\"@id\":\"https:\\\/\\\/develop.olympic.ca\\\/olympique\\\/presse\\\/tricia-smith-est-mise-en-candidature-pour-sieger-aupres-du-cio\\\/#primaryimage\"},\"image\":{\"@id\":\"https:\\\/\\\/develop.olympic.ca\\\/olympique\\\/presse\\\/tricia-smith-est-mise-en-candidature-pour-sieger-aupres-du-cio\\\/#primaryimage\"},\"thumbnailUrl\":\"https:\\\/\\\/develop.olympic.ca\\\/olympique\\\/wp-content\\\/uploads\\\/sites\\\/2\\\/2017\\\/09\\\/tricia-smith-header.jpg?quality=100\",\"datePublished\":\"2016-06-04T02:40:13+00:00\",\"dateModified\":\"2017-10-04T20:24:47+00:00\",\"inLanguage\":\"fr-FR\",\"potentialAction\":[{\"@type\":\"ReadAction\",\"target\":[\"https:\\\/\\\/develop.olympic.ca\\\/olympique\\\/presse\\\/tricia-smith-est-mise-en-candidature-pour-sieger-aupres-du-cio\\\/\"]}]},{\"@type\":\"ImageObject\",\"inLanguage\":\"fr-FR\",\"@id\":\"https:\\\/\\\/develop.olympic.ca\\\/olympique\\\/presse\\\/tricia-smith-est-mise-en-candidature-pour-sieger-aupres-du-cio\\\/#primaryimage\",\"url\":\"https:\\\/\\\/develop.olympic.ca\\\/olympique\\\/wp-content\\\/uploads\\\/sites\\\/2\\\/2017\\\/09\\\/tricia-smith-header.jpg?quality=100\",\"contentUrl\":\"https:\\\/\\\/develop.olympic.ca\\\/olympique\\\/wp-content\\\/uploads\\\/sites\\\/2\\\/2017\\\/09\\\/tricia-smith-header.jpg?quality=100\",\"width\":1000,\"height\":604},{\"@type\":\"WebSite\",\"@id\":\"https:\\\/\\\/develop.olympic.ca\\\/olympique\\\/#website\",\"url\":\"https:\\\/\\\/develop.olympic.ca\\\/olympique\\\/\",\"name\":\"\u00c9quipe Canada | Site officiel de l&#039;\u00e9quipe olympique\",\"description\":\"Votre source pour l\u2019\u00c9quipe olympique canadienne. Retrouvez les r\u00e9cits, vid\u00e9os et photos des athl\u00e8tes canadiens, sports olympiques, Jeux olympiques de 2020 et bien plus!\",\"potentialAction\":[{\"@type\":\"SearchAction\",\"target\":{\"@type\":\"EntryPoint\",\"urlTemplate\":\"https:\\\/\\\/develop.olympic.ca\\\/olympique\\\/?s={search_term_string}\"},\"query-input\":{\"@type\":\"PropertyValueSpecification\",\"valueRequired\":true,\"valueName\":\"search_term_string\"}}],\"inLanguage\":\"fr-FR\"}]}<\/script>\n<!-- \/ Yoast SEO plugin. -->","yoast_head_json":{"title":"Tricia Smith est mise en candidature pour si\u00e9ger aupr\u00e8s du CIO - \u00c9quipe Canada | Site officiel de l&#039;\u00e9quipe olympique","robots":{"index":"index","follow":"follow","max-snippet":"max-snippet:-1","max-image-preview":"max-image-preview:large","max-video-preview":"max-video-preview:-1"},"canonical":"https:\/\/develop.olympic.ca\/olympique\/presse\/tricia-smith-est-mise-en-candidature-pour-sieger-aupres-du-cio\/","og_locale":"fr_FR","og_type":"article","og_title":"Tricia Smith est mise en candidature pour si\u00e9ger aupr\u00e8s du CIO - \u00c9quipe Canada | Site officiel de l&#039;\u00e9quipe olympique","og_description":"\u00a0TORONTO\u00a0\u2014\u00a0Vendredi, le Conseil ex\u00e9cutif du Comit\u00e9 international olympique (CIO) a annonc\u00e9 que Tricia Smith, pr\u00e9sidente du Comit\u00e9 olympique canadien (COC),...","og_url":"https:\/\/develop.olympic.ca\/olympique\/presse\/tricia-smith-est-mise-en-candidature-pour-sieger-aupres-du-cio\/","og_site_name":"\u00c9quipe Canada | Site officiel de l&#039;\u00e9quipe olympique","article_modified_time":"2017-10-04T20:24:47+00:00","og_image":[{"width":1000,"height":604,"url":"https:\/\/develop.olympic.ca\/olympique\/wp-content\/uploads\/sites\/2\/2017\/09\/tricia-smith-header.jpg?quality=100","type":"image\/jpeg"}],"twitter_card":"summary_large_image","twitter_misc":{"Est. reading time":"1 minute","Written by":"joshsu"},"schema":{"@context":"https:\/\/schema.org","@graph":[{"@type":"WebPage","@id":"https:\/\/develop.olympic.ca\/olympique\/presse\/tricia-smith-est-mise-en-candidature-pour-sieger-aupres-du-cio\/","url":"https:\/\/develop.olympic.ca\/olympique\/presse\/tricia-smith-est-mise-en-candidature-pour-sieger-aupres-du-cio\/","name":"Tricia Smith est mise en candidature pour si\u00e9ger aupr\u00e8s du CIO - \u00c9quipe Canada | Site officiel de l&#039;\u00e9quipe olympique","isPartOf":{"@id":"https:\/\/develop.olympic.ca\/olympique\/#website"},"primaryImageOfPage":{"@id":"https:\/\/develop.olympic.ca\/olympique\/presse\/tricia-smith-est-mise-en-candidature-pour-sieger-aupres-du-cio\/#primaryimage"},"image":{"@id":"https:\/\/develop.olympic.ca\/olympique\/presse\/tricia-smith-est-mise-en-candidature-pour-sieger-aupres-du-cio\/#primaryimage"},"thumbnailUrl":"https:\/\/develop.olympic.ca\/olympique\/wp-content\/uploads\/sites\/2\/2017\/09\/tricia-smith-header.jpg?quality=100","datePublished":"2016-06-04T02:40:13+00:00","dateModified":"2017-10-04T20:24:47+00:00","inLanguage":"fr-FR","potentialAction":[{"@type":"ReadAction","target":["https:\/\/develop.olympic.ca\/olympique\/presse\/tricia-smith-est-mise-en-candidature-pour-sieger-aupres-du-cio\/"]}]},{"@type":"ImageObject","inLanguage":"fr-FR","@id":"https:\/\/develop.olympic.ca\/olympique\/presse\/tricia-smith-est-mise-en-candidature-pour-sieger-aupres-du-cio\/#primaryimage","url":"https:\/\/develop.olympic.ca\/olympique\/wp-content\/uploads\/sites\/2\/2017\/09\/tricia-smith-header.jpg?quality=100","contentUrl":"https:\/\/develop.olympic.ca\/olympique\/wp-content\/uploads\/sites\/2\/2017\/09\/tricia-smith-header.jpg?quality=100","width":1000,"height":604},{"@type":"WebSite","@id":"https:\/\/develop.olympic.ca\/olympique\/#website","url":"https:\/\/develop.olympic.ca\/olympique\/","name":"\u00c9quipe Canada | Site officiel de l&#039;\u00e9quipe olympique","description":"Votre source pour l\u2019\u00c9quipe olympique canadienne. Retrouvez les r\u00e9cits, vid\u00e9os et photos des athl\u00e8tes canadiens, sports olympiques, Jeux olympiques de 2020 et bien plus!","potentialAction":[{"@type":"SearchAction","target":{"@type":"EntryPoint","urlTemplate":"https:\/\/develop.olympic.ca\/olympique\/?s={search_term_string}"},"query-input":{"@type":"PropertyValueSpecification","valueRequired":true,"valueName":"search_term_string"}}],"inLanguage":"fr-FR"}]}},"jetpack_sharing_enabled":true,"_links":{"self":[{"href":"https:\/\/develop.olympic.ca\/olympique\/wp-json\/wp\/v2\/press\/130779","targetHints":{"allow":["GET"]}}],"collection":[{"href":"https:\/\/develop.olympic.ca\/olympique\/wp-json\/wp\/v2\/press"}],"about":[{"href":"https:\/\/develop.olympic.ca\/olympique\/wp-json\/wp\/v2\/types\/press"}],"version-history":[{"count":0,"href":"https:\/\/develop.olympic.ca\/olympique\/wp-json\/wp\/v2\/press\/130779\/revisions"}],"wp:featuredmedia":[{"embeddable":true,"href":"https:\/\/develop.olympic.ca\/olympique\/wp-json\/wp\/v2\/media\/130780"}],"wp:attachment":[{"href":"https:\/\/develop.olympic.ca\/olympique\/wp-json\/wp\/v2\/media?parent=130779"}],"wp:term":[{"taxonomy":"post_tag","embeddable":true,"href":"https:\/\/develop.olympic.ca\/olympique\/wp-json\/wp\/v2\/tags?post=130779"},{"taxonomy":"type-of-press","embeddable":true,"href":"https:\/\/develop.olympic.ca\/olympique\/wp-json\/wp\/v2\/type-of-press?post=130779"},{"taxonomy":"press-topic","embeddable":true,"href":"https:\/\/develop.olympic.ca\/olympique\/wp-json\/wp\/v2\/press-topic?post=130779"},{"taxonomy":"years","embeddable":true,"href":"https:\/\/develop.olympic.ca\/olympique\/wp-json\/wp\/v2\/years?post=130779"}],"curies":[{"name":"wp","href":"https:\/\/api.w.org\/{rel}","templated":true}]}}