{"id":131185,"date":"2017-10-03T20:21:06","date_gmt":"2017-10-04T00:21:06","guid":{"rendered":"http:\/\/develop.olympic.ca\/olympique\/?post_type=press&#038;p=131185"},"modified":"2017-10-03T20:30:16","modified_gmt":"2017-10-04T00:30:16","slug":"champion-de-nature-fierte-sur-mesure-la-baie-dhudson-lance-la-collection-officielle-dequipe-canada-pour-pyeongchang-2018","status":"publish","type":"press","link":"https:\/\/develop.olympic.ca\/olympique\/presse\/champion-de-nature-fierte-sur-mesure-la-baie-dhudson-lance-la-collection-officielle-dequipe-canada-pour-pyeongchang-2018\/","title":{"rendered":"Champion de nature. Fiert\u00e9 sur mesure. La\u00a0Baie d\u2019Hudson lance la collection officielle d\u2019\u00c9quipe Canada pour PyeongChang\u00a02018"},"content":{"rendered":"<h3><em>Diffusion en direct \u00e0 l\u2019intention des partisans <\/em><\/h3>\n<p>Toronto, le 3\u00a0octobre\u00a02017 \u2013 La\u00a0Baie d\u2019Hudson, le grand magasin embl\u00e9matique du Canada, a pr\u00e9sent\u00e9 mardi la collection officielle de v\u00eatements que les athl\u00e8tes canadiens porteront pendant les Jeux olympiques et paralympiques d\u2019hiver de PyeongChang 2018. C\u2019est \u00e0 l\u2019occasion d\u2019un \u00e9v\u00e9nement public diffus\u00e9 en direct que les partisans ont vu d\u00e9filer 15\u00a0espoirs canadiens pr\u00e9sentant les pi\u00e8ces de la nouvelle collection, notamment les tenues pour les c\u00e9r\u00e9monies d\u2019ouverture et de cl\u00f4ture. Diffus\u00e9 simultan\u00e9ment sur Facebook, l\u2019\u00e9v\u00e9nement a atteint de nombreux partisans partout au Canada et dans le monde entier.<\/p>\n<p>Grand partenaire national du Comit\u00e9 olympique canadien et du Comit\u00e9 paralympique canadien, la Compagnie de la\u00a0Baie d\u2019Hudson a amass\u00e9 \u00e0 ce jour plus de 41\u00a0millions de dollars gr\u00e2ce \u00e0 la vente des c\u00e9l\u00e8bres mitaines rouges, des para-sandales et d\u2019autres programmes. L\u2019argent ainsi recueilli contribue \u00e0 assurer l\u2019acc\u00e8s \u00e0 des entra\u00eeneurs d\u2019\u00e9lite, \u00e0 du mat\u00e9riel, ainsi qu\u2019\u00e0 des ressources en m\u00e9decine sportive, en nutrition et en haute performance essentiels \u00e0 des environnements d\u2019entra\u00eenement quotidien de classe mondiale.<\/p>\n<p><strong>T\u00e9l\u00e9chargement<\/strong>\u00a0: <a href=\"https:\/\/images.olympic.ca\/bp\/#\/folder\/2905780\/\">photos en haute d\u00e9finition et s\u00e9quences vid\u00e9o de qualit\u00e9 professionnelle de l\u2019\u00e9v\u00e9nement<\/a><\/p>\n<p>\u00ab\u00a0\u00c0 titre d\u2019habilleur officiel des \u00e9quipes olympique et paralympique canadiennes, HBC est fi\u00e8re de soutenir nos athl\u00e8tes et de promouvoir l\u2019esprit des Jeux partout au Canada, a affirm\u00e9 Alison\u00a0Coville, pr\u00e9sidente de La\u00a0Baie d\u2019Hudson. C\u2019est avec un immense plaisir que nous d\u00e9voilons aujourd\u2019hui cette nouvelle collection et lan\u00e7ons la 9<sup>e<\/sup>\u00a0\u00e9dition de nos c\u00e9l\u00e8bres mitaines rouges, qui aident nos athl\u00e8tes \u00e0 r\u00e9aliser leurs r\u00eaves.\u00a0Porter les mitaines est un moyen facile et amusant pour les Canadiens de montrer leur appui \u00e0 \u00c9quipe Canada.\u00a0\u00bb<em>\u00a0<\/em><\/p>\n<p>\u00ab\u00a0La\u00a0Baie d\u2019Hudson offre \u00e0 nouveau une collection de v\u00eatements embl\u00e9matiques pour les Jeux d\u2019hiver de PyeongChang\u00a02018 que les athl\u00e8tes et les entra\u00eeneurs porteront avec la plus grande fiert\u00e9, a indiqu\u00e9 Chris\u00a0Overholt, chef de la direction et secr\u00e9taire g\u00e9n\u00e9ral du Comit\u00e9 olympique canadien. Gr\u00e2ce aux magnifiques pi\u00e8ces cr\u00e9\u00e9es par La\u00a0Baie d\u2019Hudson, nos athl\u00e8tes porteront des tenues qui feront l\u2019envie du monde.\u00a0\u00bb<\/p>\n<p>\u00ab\u00a0Le Comit\u00e9 paralympique canadien est reconnaissant envers HBC pour son partenariat de longue date \u00e0 titre d\u2019habilleur officiel d\u2019\u00c9quipe Canada et pour son appui \u00e0 la Fondation paralympique canadienne gr\u00e2ce \u00e0 la vente des para-sandales et \u00e0 d\u2019autres programmes, a d\u00e9clar\u00e9 Marc-Andr\u00e9 Fabien, pr\u00e9sident du Comit\u00e9 paralympique canadien. Nous sommes particuli\u00e8rement ravis que les pi\u00e8ces destin\u00e9es \u00e0 l\u2019\u00c9quipe paralympique canadienne ont \u00e9t\u00e9 con\u00e7ues dans un souci d\u2019accessibilit\u00e9 et adapt\u00e9es aux athl\u00e8tes en fauteuil roulant ou ayant d\u2019autres handicaps. Et comme toujours, les v\u00eatements sont tr\u00e8s confortables! \u00c0 156\u00a0jours du coup d\u2019envoi des Jeux paralympiques d\u2019hiver de PyeongChang\u00a02018, c\u2019est avec grand enthousiasme que nous attendons les excellentes performances du Canada en Cor\u00e9e du Sud.\u00a0\u00bb<\/p>\n<p><em>\u00a0<\/em>Le lancement a eu lieu au CF Toronto Eaton Centre, domicile officiel d\u2019\u00c9quipe Canada, anim\u00e9 par la personnalit\u00e9 radiophonique Patrick\u00a0Langlois et la double m\u00e9daill\u00e9e de bronze olympique Roseline\u00a0Filion.<\/p>\n<p>La Baie d\u2019Hudson offre \u00e0 chaque membre des \u00e9quipes olympique et paralympique une garde-robe compos\u00e9e de tenues pour les c\u00e9r\u00e9monies d\u2019ouverture, de cl\u00f4ture et de remise des m\u00e9dailles, ainsi que des v\u00eatements de loisir pour la d\u00e9tente au Village olympique. La garde-robe enti\u00e8re a \u00e9t\u00e9 con\u00e7ue en exclusivit\u00e9 par l\u2019\u00e9quipe de cr\u00e9ateurs de La\u00a0Baie d\u2019Hudson, qui s\u2019est inspir\u00e9e du style repr\u00e9sentatif de l\u2019hiver canadien. La collection est superbe, vibrante, moderne et canadienne. Parmi les \u00e9l\u00e9ments cl\u00e9s de la collection figurent des couleurs contrastantes dans les tons de rouge, de blanc et de noir, des effets de superposition, des ornements graphiques et l\u2019utilisation sans retenue de la feuille d\u2019\u00e9rable.<\/p>\n<p><strong>\u00a0<\/strong>Empreintes de l\u2019esprit canadien et d\u2019un sens profond d\u2019unit\u00e9, les r\u00e9pliques de la collection officielle d\u2019\u00c9quipe Canada seront en vente dans tous les magasins La\u00a0Baie d\u2019Hudson au Canada \u00e0 compter d\u2019octobre ainsi qu\u2019en ligne \u00e0 labaie.com. Les prix varient de 10\u00a0$ \u00e0 114,99\u00a0$ pour les accessoires, de 20\u00a0$ \u00e0 55\u00a0$ pour les articles pour enfant et b\u00e9b\u00e9, et de 35\u00a0$ \u00e0 225\u00a0$ pour les v\u00eatements pour homme et femme. La collection vise \u00e0 habiller les Canadiens d\u2019une mani\u00e8re qui les unisse pour vivre l\u2019exp\u00e9rience d\u2019une manifestation patriotique d\u2019importance et promouvoir l\u2019esprit des Jeux d\u2019un oc\u00e9an \u00e0 l\u2019autre.<\/p>\n<p style=\"text-align:center;\">-30-<\/p>\n<p><strong>\u00c0 PROPOS DE HBC<\/strong><\/p>\n<p>HBC est un d\u00e9taillant mondial \u00e0 exploitation diversifi\u00e9e qui met l\u2019accent sur une strat\u00e9gie visant \u00e0 rehausser le rendement de ses magasins de premier plan et de leur offre omnicanal, \u00e0 d\u00e9gager de la valeur de son portefeuille immobilier et \u00e0 r\u00e9aliser sa croissance par des acquisitions. Constitu\u00e9e en\u00a01670, HBC est la plus ancienne soci\u00e9t\u00e9 commerciale en Am\u00e9rique du\u00a0Nord. Le\u00a0portefeuille de\u00a0HBC comprend aujourd\u2019hui des cha\u00eenes comptant plus de 480\u00a0magasins et plus de 66\u00a0000\u00a0employ\u00e9s dans le monde. Chacune de ces cha\u00eenes offre un assortiment distinct de produits allant des articles de luxe aux articles de mode \u00e0 prix r\u00e9duit.<\/p>\n<p>En Am\u00e9rique du Nord et en Europe, les cha\u00eenes de HBC sont La\u00a0Baie d\u2019Hudson, Lord\u00a0&amp;\u00a0Taylor, Saks\u00a0Fifth\u00a0Avenue, Gilt, Saks\u00a0OFF\u00a05<sup>TH<\/sup>, Galeria Kaufhof, la premi\u00e8re cha\u00eene de grands magasins en Allemagne, et Galeria INNO, l\u2019unique cha\u00eene de grands magasins en Belgique.<\/p>\n<p>HBC a investi des sommes consid\u00e9rables dans la cr\u00e9ation de coentreprises immobili\u00e8res. Elle a conclu une entente avec la soci\u00e9t\u00e9 Simon\u00a0Property Group\u00a0Inc. pour former HBS\u00a0Global Properties, qui d\u00e9tient des actifs immobiliers aux \u00c9tats-Unis et en Allemagne. Au\u00a0Canada, elle s\u2019est jointe \u00e0 la soci\u00e9t\u00e9 de placement immobilier RioCan pour former RioCan-HBC.<\/p>\n<p><strong>\u00c0 PROPOS DE LA\u00a0BAIE D\u2019HUDSON<\/strong><\/p>\n<p>Constitu\u00e9e en 1670, la Compagnie de la\u00a0Baie d\u2019Hudson\u00a0(HBC) est la plus ancienne soci\u00e9t\u00e9 commerciale en Am\u00e9rique du Nord.\u00a0Avec ses 90\u00a0magasins \u00e0 assortiment complet et son magasin en ligne <a href=\"http:\/\/labaie.com\/\">labaie.com<\/a>, La\u00a0Baie\u00a0d\u2019Hudson est la plus importante cha\u00eene de grands magasins au Canada. Pour la toute premi\u00e8re fois depuis sa fondation, La\u00a0Baie d\u2019Hudson proposera son concept de vente au d\u00e9tail \u00e0 l\u2019ext\u00e9rieur du Canada, avec l\u2019ouverture en 2017 de 10\u00a0magasins aux Pays-Bas et d\u2019un magasin en ligne \u00e0 <a href=\"http:\/\/hudsonsbay.nl\/\">hudsonsbay.nl<\/a>. Cette expansion permettra d\u2019introduire sur le march\u00e9 n\u00e9erlandais une exp\u00e9rience de magasinage nouvelle et emballante.\u00a0La\u00a0Baie d\u2019Hudson s\u2019est b\u00e2ti une r\u00e9putation de qualit\u00e9, de bon service et de style gr\u00e2ce \u00e0 ses assortiments attrayants d\u2019articles griff\u00e9s et de marques exclusives et populaires dans les secteurs de la mode, des produits de beaut\u00e9, des articles pour la maison et des accessoires, et \u00e0 ses concepts de restauration uniques. La\u00a0Baie d\u2019Hudson fait partie du portefeuille de marques de la\u00a0Compagnie de la\u00a0Baie d\u2019Hudson.<\/p>\n<p><strong>\u00c0 PROPOS DU COMIT\u00c9 OLYMPIQUE CANADIEN<\/strong><\/p>\n<p>Le Comit\u00e9 olympique canadien (COC) voit au succ\u00e8s de l\u2019\u00c9quipe olympique canadienne et \u00e0 l\u2019avancement des valeurs olympiques au Canada. Organisme ind\u00e9pendant financ\u00e9 principalement par des fonds priv\u00e9s, le Comit\u00e9 olympique canadien fournit aux athl\u00e8tes d\u2019\u00e9lite canadiens les ressources dont ils ont besoin pour \u00eatre tous les jours au sommet de leur forme afin de <em>tout donner<\/em>. Fer de lance du Mouvement olympique au Canada, le Comit\u00e9 olympique canadien travaille avec les f\u00e9d\u00e9rations nationales de sport pour pr\u00e9parer l\u2019\u00e9quipe en vue des Jeux olympiques, des Jeux olympiques de la jeunesse et des Jeux panam\u00e9ricains. En racontant l\u2019histoire de nos athl\u00e8tes, nous inspirons les Canadiens par le pouvoir du sport, et ce, tous les jours, 24\u00a0heures sur 24.<\/p>\n<p><strong>\u00c0 PROPOS DU COMIT\u00c9 PARALYMPIQUE CANADIEN<\/strong><\/p>\n<p>Le Comit\u00e9 paralympique canadien est une organisation priv\u00e9e sans but lucratif avec 25\u00a0organisations sportives membres consacr\u00e9es \u00e0 consolider le mouvement paralympique. La vision du Comit\u00e9 paralympique canadien est d&rsquo;\u00eatre le meilleur pays paralympique au monde. Sa mission est de diriger le d\u00e9veloppement d&rsquo;un syst\u00e8me sportif paralympique durable au Canada pour permettre aux athl\u00e8tes de monter sur le podium aux Jeux paralympiques. En soutenant les athl\u00e8tes canadiens de haute performance ayant un handicap et en faisant la promotion de leurs succ\u00e8s, le Comit\u00e9 paralympique canadien inspire tous les Canadiens ayant un handicap pour qu&rsquo;ils s&rsquo;impliquent dans le sport gr\u00e2ce aux programmes offerts par ses organisations membres. Pour en savoir plus, visitez <a href=\"http:\/\/www.paralympique.ca\" rel=\"nofollow\">http:\/\/www.paralympique.ca<\/a>.<\/p>\n<p style=\"text-align:center;\">-30-<\/p>\n<p><strong>BUREAU DE PRESSE DE LA\u00a0BAIE\u00a0D\u2019HUDSON\u00a0:<\/strong><\/p>\n<p>Michelle\u00a0Veilleux, directrice principale, Relations publiques<strong><br \/>\n<\/strong>T\u00e9l.\u00a0: 416\u00a0256-5182<br \/>\nCourriel\u00a0: Michelle.Veilleux@hbc.com<\/p>\n<p><strong>BUREAU DE PRESSE DU COMIT\u00c9 OLYMPIQUE CANADIEN\u00a0:<\/strong><\/p>\n<p>Josh\u00a0Su, coordonnateur, Communications<br \/>\nT\u00e9l.\u00a0: 416\u00a0324-4303 \/ Cell.\u00a0: 647\u00a0464-4060<br \/>\nCourriel\u00a0: <a href=\"mailto:jsu@olympique.ca\">jsu@olympique.ca<\/a><\/p>\n<p>Photi\u00a0Sotiropoulos, directeur, Communications et relations avec les m\u00e9dias<br \/>\nT\u00e9l.\u00a0: 416\u00a0324-4298 \/ Cell.\u00a0: 416\u00a0476-9174<br \/>\nCourriel\u00a0: <a href=\"mailto:psotiropoulos@olympique.ca\">psotiropoulos@olympique.ca<\/a><\/p>\n<p><strong>BUREAU DE PRESSE DU COMIT\u00c9 PARALYMPIQUE CANADIEN\u00a0:<\/strong><\/p>\n<p>Alison\u00a0Korn, gestionnaire s\u00e9nior, communications d\u2019entreprise et relations de presse<br \/>\nT\u00e9l.\u00a0: 613\u00a0569-4333, poste\u00a0243 \/ Cell.\u00a0: 613\u00a0298-4927<br \/>\nCourriel\u00a0: <a href=\"mailto:akorn@paralympic.ca\">akorn@paralympic.ca<\/a><\/p>\n","protected":false},"excerpt":{"rendered":"<p>Diffusion en direct \u00e0 l\u2019intention des partisans Toronto, le 3\u00a0octobre\u00a02017 \u2013 La\u00a0Baie d\u2019Hudson, le grand magasin embl\u00e9matique du Canada, a&#8230;<\/p>\n","protected":false},"featured_media":131180,"template":"","format":"standard","tags":[],"type-of-press":[496138],"press-topic":[415985202],"years":[415985161],"class_list":["post-131185","press","type-press","status-publish","format-standard","has-post-thumbnail","hentry","type-of-press-communiques","press-topic-pyeongchang-2018","years-415985161"],"acf":[],"yoast_head":"<!-- This site is optimized with the Yoast SEO plugin v27.3 - https:\/\/yoast.com\/product\/yoast-seo-wordpress\/ -->\n<title>Champion de nature. Fiert\u00e9 sur mesure. La\u00a0Baie d\u2019Hudson lance la collection officielle d\u2019\u00c9quipe Canada pour PyeongChang\u00a02018 - \u00c9quipe Canada | Site officiel de l&#039;\u00e9quipe olympique<\/title>\n<meta name=\"robots\" content=\"index, follow, max-snippet:-1, max-image-preview:large, max-video-preview:-1\" \/>\n<link rel=\"canonical\" href=\"https:\/\/develop.olympic.ca\/olympique\/presse\/champion-de-nature-fierte-sur-mesure-la-baie-dhudson-lance-la-collection-officielle-dequipe-canada-pour-pyeongchang-2018\/\" \/>\n<meta property=\"og:locale\" content=\"fr_FR\" \/>\n<meta property=\"og:type\" content=\"article\" \/>\n<meta property=\"og:title\" content=\"Champion de nature. Fiert\u00e9 sur mesure. La\u00a0Baie d\u2019Hudson lance la collection officielle d\u2019\u00c9quipe Canada pour PyeongChang\u00a02018 - \u00c9quipe Canada | Site officiel de l&#039;\u00e9quipe olympique\" \/>\n<meta property=\"og:description\" content=\"Diffusion en direct \u00e0 l\u2019intention des partisans Toronto, le 3\u00a0octobre\u00a02017 \u2013 La\u00a0Baie d\u2019Hudson, le grand magasin embl\u00e9matique du Canada, a...\" \/>\n<meta property=\"og:url\" content=\"https:\/\/develop.olympic.ca\/olympique\/presse\/champion-de-nature-fierte-sur-mesure-la-baie-dhudson-lance-la-collection-officielle-dequipe-canada-pour-pyeongchang-2018\/\" \/>\n<meta property=\"og:site_name\" content=\"\u00c9quipe Canada | Site officiel de l&#039;\u00e9quipe olympique\" \/>\n<meta property=\"article:modified_time\" content=\"2017-10-04T00:30:16+00:00\" \/>\n<meta property=\"og:image\" content=\"https:\/\/develop.olympic.ca\/olympique\/wp-content\/uploads\/sites\/2\/2017\/10\/kit-launch-2018.jpg?quality=100\" \/>\n\t<meta property=\"og:image:width\" content=\"1340\" \/>\n\t<meta property=\"og:image:height\" content=\"754\" \/>\n\t<meta property=\"og:image:type\" content=\"image\/jpeg\" \/>\n<meta name=\"twitter:card\" content=\"summary_large_image\" \/>\n<meta name=\"twitter:label1\" content=\"Est. reading time\" \/>\n\t<meta name=\"twitter:data1\" content=\"8 minutes\" \/>\n\t<meta name=\"twitter:label2\" content=\"Written by\" \/>\n\t<meta name=\"twitter:data2\" content=\"joshsu\" \/>\n<script type=\"application\/ld+json\" class=\"yoast-schema-graph\">{\"@context\":\"https:\\\/\\\/schema.org\",\"@graph\":[{\"@type\":\"WebPage\",\"@id\":\"https:\\\/\\\/develop.olympic.ca\\\/olympique\\\/presse\\\/champion-de-nature-fierte-sur-mesure-la-baie-dhudson-lance-la-collection-officielle-dequipe-canada-pour-pyeongchang-2018\\\/\",\"url\":\"https:\\\/\\\/develop.olympic.ca\\\/olympique\\\/presse\\\/champion-de-nature-fierte-sur-mesure-la-baie-dhudson-lance-la-collection-officielle-dequipe-canada-pour-pyeongchang-2018\\\/\",\"name\":\"Champion de nature. Fiert\u00e9 sur mesure. La\u00a0Baie d\u2019Hudson lance la collection officielle d\u2019\u00c9quipe Canada pour PyeongChang\u00a02018 - \u00c9quipe Canada | Site officiel de l&#039;\u00e9quipe olympique\",\"isPartOf\":{\"@id\":\"https:\\\/\\\/develop.olympic.ca\\\/olympique\\\/#website\"},\"primaryImageOfPage\":{\"@id\":\"https:\\\/\\\/develop.olympic.ca\\\/olympique\\\/presse\\\/champion-de-nature-fierte-sur-mesure-la-baie-dhudson-lance-la-collection-officielle-dequipe-canada-pour-pyeongchang-2018\\\/#primaryimage\"},\"image\":{\"@id\":\"https:\\\/\\\/develop.olympic.ca\\\/olympique\\\/presse\\\/champion-de-nature-fierte-sur-mesure-la-baie-dhudson-lance-la-collection-officielle-dequipe-canada-pour-pyeongchang-2018\\\/#primaryimage\"},\"thumbnailUrl\":\"https:\\\/\\\/develop.olympic.ca\\\/olympique\\\/wp-content\\\/uploads\\\/sites\\\/2\\\/2017\\\/10\\\/kit-launch-2018.jpg?quality=100\",\"datePublished\":\"2017-10-04T00:21:06+00:00\",\"dateModified\":\"2017-10-04T00:30:16+00:00\",\"inLanguage\":\"fr-FR\",\"potentialAction\":[{\"@type\":\"ReadAction\",\"target\":[\"https:\\\/\\\/develop.olympic.ca\\\/olympique\\\/presse\\\/champion-de-nature-fierte-sur-mesure-la-baie-dhudson-lance-la-collection-officielle-dequipe-canada-pour-pyeongchang-2018\\\/\"]}]},{\"@type\":\"ImageObject\",\"inLanguage\":\"fr-FR\",\"@id\":\"https:\\\/\\\/develop.olympic.ca\\\/olympique\\\/presse\\\/champion-de-nature-fierte-sur-mesure-la-baie-dhudson-lance-la-collection-officielle-dequipe-canada-pour-pyeongchang-2018\\\/#primaryimage\",\"url\":\"https:\\\/\\\/develop.olympic.ca\\\/olympique\\\/wp-content\\\/uploads\\\/sites\\\/2\\\/2017\\\/10\\\/kit-launch-2018.jpg?quality=100\",\"contentUrl\":\"https:\\\/\\\/develop.olympic.ca\\\/olympique\\\/wp-content\\\/uploads\\\/sites\\\/2\\\/2017\\\/10\\\/kit-launch-2018.jpg?quality=100\",\"width\":1340,\"height\":754},{\"@type\":\"WebSite\",\"@id\":\"https:\\\/\\\/develop.olympic.ca\\\/olympique\\\/#website\",\"url\":\"https:\\\/\\\/develop.olympic.ca\\\/olympique\\\/\",\"name\":\"\u00c9quipe Canada | Site officiel de l&#039;\u00e9quipe olympique\",\"description\":\"Votre source pour l\u2019\u00c9quipe olympique canadienne. Retrouvez les r\u00e9cits, vid\u00e9os et photos des athl\u00e8tes canadiens, sports olympiques, Jeux olympiques de 2020 et bien plus!\",\"potentialAction\":[{\"@type\":\"SearchAction\",\"target\":{\"@type\":\"EntryPoint\",\"urlTemplate\":\"https:\\\/\\\/develop.olympic.ca\\\/olympique\\\/?s={search_term_string}\"},\"query-input\":{\"@type\":\"PropertyValueSpecification\",\"valueRequired\":true,\"valueName\":\"search_term_string\"}}],\"inLanguage\":\"fr-FR\"}]}<\/script>\n<!-- \/ Yoast SEO plugin. -->","yoast_head_json":{"title":"Champion de nature. Fiert\u00e9 sur mesure. La\u00a0Baie d\u2019Hudson lance la collection officielle d\u2019\u00c9quipe Canada pour PyeongChang\u00a02018 - \u00c9quipe Canada | Site officiel de l&#039;\u00e9quipe olympique","robots":{"index":"index","follow":"follow","max-snippet":"max-snippet:-1","max-image-preview":"max-image-preview:large","max-video-preview":"max-video-preview:-1"},"canonical":"https:\/\/develop.olympic.ca\/olympique\/presse\/champion-de-nature-fierte-sur-mesure-la-baie-dhudson-lance-la-collection-officielle-dequipe-canada-pour-pyeongchang-2018\/","og_locale":"fr_FR","og_type":"article","og_title":"Champion de nature. Fiert\u00e9 sur mesure. La\u00a0Baie d\u2019Hudson lance la collection officielle d\u2019\u00c9quipe Canada pour PyeongChang\u00a02018 - \u00c9quipe Canada | Site officiel de l&#039;\u00e9quipe olympique","og_description":"Diffusion en direct \u00e0 l\u2019intention des partisans Toronto, le 3\u00a0octobre\u00a02017 \u2013 La\u00a0Baie d\u2019Hudson, le grand magasin embl\u00e9matique du Canada, a...","og_url":"https:\/\/develop.olympic.ca\/olympique\/presse\/champion-de-nature-fierte-sur-mesure-la-baie-dhudson-lance-la-collection-officielle-dequipe-canada-pour-pyeongchang-2018\/","og_site_name":"\u00c9quipe Canada | Site officiel de l&#039;\u00e9quipe olympique","article_modified_time":"2017-10-04T00:30:16+00:00","og_image":[{"width":1340,"height":754,"url":"https:\/\/develop.olympic.ca\/olympique\/wp-content\/uploads\/sites\/2\/2017\/10\/kit-launch-2018.jpg?quality=100","type":"image\/jpeg"}],"twitter_card":"summary_large_image","twitter_misc":{"Est. reading time":"8 minutes","Written by":"joshsu"},"schema":{"@context":"https:\/\/schema.org","@graph":[{"@type":"WebPage","@id":"https:\/\/develop.olympic.ca\/olympique\/presse\/champion-de-nature-fierte-sur-mesure-la-baie-dhudson-lance-la-collection-officielle-dequipe-canada-pour-pyeongchang-2018\/","url":"https:\/\/develop.olympic.ca\/olympique\/presse\/champion-de-nature-fierte-sur-mesure-la-baie-dhudson-lance-la-collection-officielle-dequipe-canada-pour-pyeongchang-2018\/","name":"Champion de nature. Fiert\u00e9 sur mesure. La\u00a0Baie d\u2019Hudson lance la collection officielle d\u2019\u00c9quipe Canada pour PyeongChang\u00a02018 - \u00c9quipe Canada | Site officiel de l&#039;\u00e9quipe olympique","isPartOf":{"@id":"https:\/\/develop.olympic.ca\/olympique\/#website"},"primaryImageOfPage":{"@id":"https:\/\/develop.olympic.ca\/olympique\/presse\/champion-de-nature-fierte-sur-mesure-la-baie-dhudson-lance-la-collection-officielle-dequipe-canada-pour-pyeongchang-2018\/#primaryimage"},"image":{"@id":"https:\/\/develop.olympic.ca\/olympique\/presse\/champion-de-nature-fierte-sur-mesure-la-baie-dhudson-lance-la-collection-officielle-dequipe-canada-pour-pyeongchang-2018\/#primaryimage"},"thumbnailUrl":"https:\/\/develop.olympic.ca\/olympique\/wp-content\/uploads\/sites\/2\/2017\/10\/kit-launch-2018.jpg?quality=100","datePublished":"2017-10-04T00:21:06+00:00","dateModified":"2017-10-04T00:30:16+00:00","inLanguage":"fr-FR","potentialAction":[{"@type":"ReadAction","target":["https:\/\/develop.olympic.ca\/olympique\/presse\/champion-de-nature-fierte-sur-mesure-la-baie-dhudson-lance-la-collection-officielle-dequipe-canada-pour-pyeongchang-2018\/"]}]},{"@type":"ImageObject","inLanguage":"fr-FR","@id":"https:\/\/develop.olympic.ca\/olympique\/presse\/champion-de-nature-fierte-sur-mesure-la-baie-dhudson-lance-la-collection-officielle-dequipe-canada-pour-pyeongchang-2018\/#primaryimage","url":"https:\/\/develop.olympic.ca\/olympique\/wp-content\/uploads\/sites\/2\/2017\/10\/kit-launch-2018.jpg?quality=100","contentUrl":"https:\/\/develop.olympic.ca\/olympique\/wp-content\/uploads\/sites\/2\/2017\/10\/kit-launch-2018.jpg?quality=100","width":1340,"height":754},{"@type":"WebSite","@id":"https:\/\/develop.olympic.ca\/olympique\/#website","url":"https:\/\/develop.olympic.ca\/olympique\/","name":"\u00c9quipe Canada | Site officiel de l&#039;\u00e9quipe olympique","description":"Votre source pour l\u2019\u00c9quipe olympique canadienne. Retrouvez les r\u00e9cits, vid\u00e9os et photos des athl\u00e8tes canadiens, sports olympiques, Jeux olympiques de 2020 et bien plus!","potentialAction":[{"@type":"SearchAction","target":{"@type":"EntryPoint","urlTemplate":"https:\/\/develop.olympic.ca\/olympique\/?s={search_term_string}"},"query-input":{"@type":"PropertyValueSpecification","valueRequired":true,"valueName":"search_term_string"}}],"inLanguage":"fr-FR"}]}},"jetpack_sharing_enabled":true,"_links":{"self":[{"href":"https:\/\/develop.olympic.ca\/olympique\/wp-json\/wp\/v2\/press\/131185","targetHints":{"allow":["GET"]}}],"collection":[{"href":"https:\/\/develop.olympic.ca\/olympique\/wp-json\/wp\/v2\/press"}],"about":[{"href":"https:\/\/develop.olympic.ca\/olympique\/wp-json\/wp\/v2\/types\/press"}],"version-history":[{"count":0,"href":"https:\/\/develop.olympic.ca\/olympique\/wp-json\/wp\/v2\/press\/131185\/revisions"}],"wp:featuredmedia":[{"embeddable":true,"href":"https:\/\/develop.olympic.ca\/olympique\/wp-json\/wp\/v2\/media\/131180"}],"wp:attachment":[{"href":"https:\/\/develop.olympic.ca\/olympique\/wp-json\/wp\/v2\/media?parent=131185"}],"wp:term":[{"taxonomy":"post_tag","embeddable":true,"href":"https:\/\/develop.olympic.ca\/olympique\/wp-json\/wp\/v2\/tags?post=131185"},{"taxonomy":"type-of-press","embeddable":true,"href":"https:\/\/develop.olympic.ca\/olympique\/wp-json\/wp\/v2\/type-of-press?post=131185"},{"taxonomy":"press-topic","embeddable":true,"href":"https:\/\/develop.olympic.ca\/olympique\/wp-json\/wp\/v2\/press-topic?post=131185"},{"taxonomy":"years","embeddable":true,"href":"https:\/\/develop.olympic.ca\/olympique\/wp-json\/wp\/v2\/years?post=131185"}],"curies":[{"name":"wp","href":"https:\/\/api.w.org\/{rel}","templated":true}]}}