{"id":132358,"date":"2017-11-21T10:00:15","date_gmt":"2017-11-21T15:00:15","guid":{"rendered":"http:\/\/develop.olympic.ca\/olympique\/?post_type=press&#038;p=132358"},"modified":"2017-11-21T15:17:05","modified_gmt":"2017-11-21T20:17:05","slug":"date-a-retenir-molson-canadian-dit-au-revoir-a-lequipe","status":"publish","type":"press","link":"https:\/\/develop.olympic.ca\/olympique\/presse\/date-a-retenir-molson-canadian-dit-au-revoir-a-lequipe\/","title":{"rendered":"DATE \u00c0 RETENIR\u00a0: Molson Canadian dit \u00ab\u00a0Au revoir\u00a0\u00bb \u00e0 l\u2019\u00c9quipe"},"content":{"rendered":"<p><strong>TORONTO (21 novembre\u00a02017) <\/strong>\u2013 Le Big White Ski Resort est l\u2019endroit que Molson Canadian a choisi pour c\u00e9l\u00e9brer le d\u00e9part de l\u2019\u00c9quipe olympique canadienne\u00a02018. Ces festivit\u00e9s publiques permettront aux partisans de dire au revoir aux athl\u00e8tes canadiens et leur souhaiter bonne chance pour les Jeux olympiques d\u2019hiver de PyeongChang\u00a02018.<\/p>\n<p>Les m\u00e9dias sont pri\u00e9s de retenir cette date pour profiter des occasions qui leur seront offertes de filmer des s\u00e9quences vid\u00e9o et de r\u00e9aliser des entrevues. Plus d\u2019informations seront communiqu\u00e9es dans les semaines \u00e0 venir.<\/p>\n<p><strong>QUAND\u00a0<\/strong>:<\/p>\n<p>Samedi\u00a06\u00a0janvier\u00a02018<\/p>\n<p><strong>\u00a0<\/strong><strong>O\u00d9\u00a0<\/strong>:<\/p>\n<p>Big White Ski Resort<br \/>\n5315, chemin Big White<br \/>\nKelowna (C.-B.) V1P 1P3<\/p>\n<p style=\"text-align:center;\">&#8211; 30 &#8211;<\/p>\n<p><strong>\u00a0<\/strong><strong>CONTACTS POUR LES M\u00c9DIAS\u00a0:<\/strong><\/p>\n<p>Josh Su, coordonnateur, Communications<br \/>\nT\u00e9l.\u00a0: 416\u00a0324-4303 \/ Cell.\u00a0: 647\u00a0464-4060<br \/>\nCourriel\u00a0: <a href=\"mailto:jsu@olympic.ca\">jsu@olympique.ca<\/a><\/p>\n<p>Photi Sotiropoulos, directeur, Communications et relations m\u00e9diatiques<br \/>\nT\u00e9l.\u00a0: 416\u00a0324-4298 \/ Cell.\u00a0: 416\u00a0476-9174<br \/>\nCourriel\u00a0: <a href=\"mailto:psotiropoulos@olympique.ca\">psotiropoulos@olympique.ca<\/a><\/p>\n","protected":false},"excerpt":{"rendered":"<p>TORONTO (21 novembre\u00a02017) \u2013 Le Big White Ski Resort est l\u2019endroit que Molson Canadian a choisi pour c\u00e9l\u00e9brer le d\u00e9part&#8230;<\/p>\n","protected":false},"featured_media":132511,"template":"","format":"standard","tags":[],"type-of-press":[87640050],"press-topic":[415985202],"years":[415985161],"class_list":["post-132358","press","type-press","status-publish","format-standard","has-post-thumbnail","hentry","type-of-press-avis-aux-medias","press-topic-pyeongchang-2018","years-415985161"],"acf":[],"yoast_head":"<!-- This site is optimized with the Yoast SEO plugin v27.3 - https:\/\/yoast.com\/product\/yoast-seo-wordpress\/ -->\n<title>DATE \u00c0 RETENIR\u00a0: Molson Canadian dit \u00ab\u00a0Au revoir\u00a0\u00bb \u00e0 l\u2019\u00c9quipe - \u00c9quipe Canada | Site officiel de l&#039;\u00e9quipe olympique<\/title>\n<meta name=\"robots\" content=\"index, follow, max-snippet:-1, max-image-preview:large, max-video-preview:-1\" \/>\n<link rel=\"canonical\" href=\"https:\/\/develop.olympic.ca\/olympique\/presse\/date-a-retenir-molson-canadian-dit-au-revoir-a-lequipe\/\" \/>\n<meta property=\"og:locale\" content=\"fr_FR\" \/>\n<meta property=\"og:type\" content=\"article\" \/>\n<meta property=\"og:title\" content=\"DATE \u00c0 RETENIR\u00a0: Molson Canadian dit \u00ab\u00a0Au revoir\u00a0\u00bb \u00e0 l\u2019\u00c9quipe - \u00c9quipe Canada | Site officiel de l&#039;\u00e9quipe olympique\" \/>\n<meta property=\"og:description\" content=\"TORONTO (21 novembre\u00a02017) \u2013 Le Big White Ski Resort est l\u2019endroit que Molson Canadian a choisi pour c\u00e9l\u00e9brer le d\u00e9part...\" \/>\n<meta property=\"og:url\" content=\"https:\/\/develop.olympic.ca\/olympique\/presse\/date-a-retenir-molson-canadian-dit-au-revoir-a-lequipe\/\" \/>\n<meta property=\"og:site_name\" content=\"\u00c9quipe Canada | Site officiel de l&#039;\u00e9quipe olympique\" \/>\n<meta property=\"article:modified_time\" content=\"2017-11-21T20:17:05+00:00\" \/>\n<meta property=\"og:image\" content=\"https:\/\/develop.olympic.ca\/olympique\/wp-content\/uploads\/sites\/2\/2017\/11\/pye-send-off-2-hor-fr-no-contest-v2.jpg?quality=100\" \/>\n\t<meta property=\"og:image:width\" content=\"1340\" \/>\n\t<meta property=\"og:image:height\" content=\"754\" \/>\n\t<meta property=\"og:image:type\" content=\"image\/jpeg\" \/>\n<meta name=\"twitter:card\" content=\"summary_large_image\" \/>\n<meta name=\"twitter:label1\" content=\"Est. reading time\" \/>\n\t<meta name=\"twitter:data1\" content=\"1 minute\" \/>\n\t<meta name=\"twitter:label2\" content=\"Written by\" \/>\n\t<meta name=\"twitter:data2\" content=\"joshsu\" \/>\n<script type=\"application\/ld+json\" class=\"yoast-schema-graph\">{\"@context\":\"https:\\\/\\\/schema.org\",\"@graph\":[{\"@type\":\"WebPage\",\"@id\":\"https:\\\/\\\/develop.olympic.ca\\\/olympique\\\/presse\\\/date-a-retenir-molson-canadian-dit-au-revoir-a-lequipe\\\/\",\"url\":\"https:\\\/\\\/develop.olympic.ca\\\/olympique\\\/presse\\\/date-a-retenir-molson-canadian-dit-au-revoir-a-lequipe\\\/\",\"name\":\"DATE \u00c0 RETENIR\u00a0: Molson Canadian dit \u00ab\u00a0Au revoir\u00a0\u00bb \u00e0 l\u2019\u00c9quipe - \u00c9quipe Canada | Site officiel de l&#039;\u00e9quipe olympique\",\"isPartOf\":{\"@id\":\"https:\\\/\\\/develop.olympic.ca\\\/olympique\\\/#website\"},\"primaryImageOfPage\":{\"@id\":\"https:\\\/\\\/develop.olympic.ca\\\/olympique\\\/presse\\\/date-a-retenir-molson-canadian-dit-au-revoir-a-lequipe\\\/#primaryimage\"},\"image\":{\"@id\":\"https:\\\/\\\/develop.olympic.ca\\\/olympique\\\/presse\\\/date-a-retenir-molson-canadian-dit-au-revoir-a-lequipe\\\/#primaryimage\"},\"thumbnailUrl\":\"https:\\\/\\\/develop.olympic.ca\\\/olympique\\\/wp-content\\\/uploads\\\/sites\\\/2\\\/2017\\\/11\\\/pye-send-off-2-hor-fr-no-contest-v2.jpg?quality=100\",\"datePublished\":\"2017-11-21T15:00:15+00:00\",\"dateModified\":\"2017-11-21T20:17:05+00:00\",\"inLanguage\":\"fr-FR\",\"potentialAction\":[{\"@type\":\"ReadAction\",\"target\":[\"https:\\\/\\\/develop.olympic.ca\\\/olympique\\\/presse\\\/date-a-retenir-molson-canadian-dit-au-revoir-a-lequipe\\\/\"]}]},{\"@type\":\"ImageObject\",\"inLanguage\":\"fr-FR\",\"@id\":\"https:\\\/\\\/develop.olympic.ca\\\/olympique\\\/presse\\\/date-a-retenir-molson-canadian-dit-au-revoir-a-lequipe\\\/#primaryimage\",\"url\":\"https:\\\/\\\/develop.olympic.ca\\\/olympique\\\/wp-content\\\/uploads\\\/sites\\\/2\\\/2017\\\/11\\\/pye-send-off-2-hor-fr-no-contest-v2.jpg?quality=100\",\"contentUrl\":\"https:\\\/\\\/develop.olympic.ca\\\/olympique\\\/wp-content\\\/uploads\\\/sites\\\/2\\\/2017\\\/11\\\/pye-send-off-2-hor-fr-no-contest-v2.jpg?quality=100\",\"width\":1340,\"height\":754},{\"@type\":\"WebSite\",\"@id\":\"https:\\\/\\\/develop.olympic.ca\\\/olympique\\\/#website\",\"url\":\"https:\\\/\\\/develop.olympic.ca\\\/olympique\\\/\",\"name\":\"\u00c9quipe Canada | Site officiel de l&#039;\u00e9quipe olympique\",\"description\":\"Votre source pour l\u2019\u00c9quipe olympique canadienne. Retrouvez les r\u00e9cits, vid\u00e9os et photos des athl\u00e8tes canadiens, sports olympiques, Jeux olympiques de 2020 et bien plus!\",\"potentialAction\":[{\"@type\":\"SearchAction\",\"target\":{\"@type\":\"EntryPoint\",\"urlTemplate\":\"https:\\\/\\\/develop.olympic.ca\\\/olympique\\\/?s={search_term_string}\"},\"query-input\":{\"@type\":\"PropertyValueSpecification\",\"valueRequired\":true,\"valueName\":\"search_term_string\"}}],\"inLanguage\":\"fr-FR\"}]}<\/script>\n<!-- \/ Yoast SEO plugin. -->","yoast_head_json":{"title":"DATE \u00c0 RETENIR\u00a0: Molson Canadian dit \u00ab\u00a0Au revoir\u00a0\u00bb \u00e0 l\u2019\u00c9quipe - \u00c9quipe Canada | Site officiel de l&#039;\u00e9quipe olympique","robots":{"index":"index","follow":"follow","max-snippet":"max-snippet:-1","max-image-preview":"max-image-preview:large","max-video-preview":"max-video-preview:-1"},"canonical":"https:\/\/develop.olympic.ca\/olympique\/presse\/date-a-retenir-molson-canadian-dit-au-revoir-a-lequipe\/","og_locale":"fr_FR","og_type":"article","og_title":"DATE \u00c0 RETENIR\u00a0: Molson Canadian dit \u00ab\u00a0Au revoir\u00a0\u00bb \u00e0 l\u2019\u00c9quipe - \u00c9quipe Canada | Site officiel de l&#039;\u00e9quipe olympique","og_description":"TORONTO (21 novembre\u00a02017) \u2013 Le Big White Ski Resort est l\u2019endroit que Molson Canadian a choisi pour c\u00e9l\u00e9brer le d\u00e9part...","og_url":"https:\/\/develop.olympic.ca\/olympique\/presse\/date-a-retenir-molson-canadian-dit-au-revoir-a-lequipe\/","og_site_name":"\u00c9quipe Canada | Site officiel de l&#039;\u00e9quipe olympique","article_modified_time":"2017-11-21T20:17:05+00:00","og_image":[{"width":1340,"height":754,"url":"https:\/\/develop.olympic.ca\/olympique\/wp-content\/uploads\/sites\/2\/2017\/11\/pye-send-off-2-hor-fr-no-contest-v2.jpg?quality=100","type":"image\/jpeg"}],"twitter_card":"summary_large_image","twitter_misc":{"Est. reading time":"1 minute","Written by":"joshsu"},"schema":{"@context":"https:\/\/schema.org","@graph":[{"@type":"WebPage","@id":"https:\/\/develop.olympic.ca\/olympique\/presse\/date-a-retenir-molson-canadian-dit-au-revoir-a-lequipe\/","url":"https:\/\/develop.olympic.ca\/olympique\/presse\/date-a-retenir-molson-canadian-dit-au-revoir-a-lequipe\/","name":"DATE \u00c0 RETENIR\u00a0: Molson Canadian dit \u00ab\u00a0Au revoir\u00a0\u00bb \u00e0 l\u2019\u00c9quipe - \u00c9quipe Canada | Site officiel de l&#039;\u00e9quipe olympique","isPartOf":{"@id":"https:\/\/develop.olympic.ca\/olympique\/#website"},"primaryImageOfPage":{"@id":"https:\/\/develop.olympic.ca\/olympique\/presse\/date-a-retenir-molson-canadian-dit-au-revoir-a-lequipe\/#primaryimage"},"image":{"@id":"https:\/\/develop.olympic.ca\/olympique\/presse\/date-a-retenir-molson-canadian-dit-au-revoir-a-lequipe\/#primaryimage"},"thumbnailUrl":"https:\/\/develop.olympic.ca\/olympique\/wp-content\/uploads\/sites\/2\/2017\/11\/pye-send-off-2-hor-fr-no-contest-v2.jpg?quality=100","datePublished":"2017-11-21T15:00:15+00:00","dateModified":"2017-11-21T20:17:05+00:00","inLanguage":"fr-FR","potentialAction":[{"@type":"ReadAction","target":["https:\/\/develop.olympic.ca\/olympique\/presse\/date-a-retenir-molson-canadian-dit-au-revoir-a-lequipe\/"]}]},{"@type":"ImageObject","inLanguage":"fr-FR","@id":"https:\/\/develop.olympic.ca\/olympique\/presse\/date-a-retenir-molson-canadian-dit-au-revoir-a-lequipe\/#primaryimage","url":"https:\/\/develop.olympic.ca\/olympique\/wp-content\/uploads\/sites\/2\/2017\/11\/pye-send-off-2-hor-fr-no-contest-v2.jpg?quality=100","contentUrl":"https:\/\/develop.olympic.ca\/olympique\/wp-content\/uploads\/sites\/2\/2017\/11\/pye-send-off-2-hor-fr-no-contest-v2.jpg?quality=100","width":1340,"height":754},{"@type":"WebSite","@id":"https:\/\/develop.olympic.ca\/olympique\/#website","url":"https:\/\/develop.olympic.ca\/olympique\/","name":"\u00c9quipe Canada | Site officiel de l&#039;\u00e9quipe olympique","description":"Votre source pour l\u2019\u00c9quipe olympique canadienne. Retrouvez les r\u00e9cits, vid\u00e9os et photos des athl\u00e8tes canadiens, sports olympiques, Jeux olympiques de 2020 et bien plus!","potentialAction":[{"@type":"SearchAction","target":{"@type":"EntryPoint","urlTemplate":"https:\/\/develop.olympic.ca\/olympique\/?s={search_term_string}"},"query-input":{"@type":"PropertyValueSpecification","valueRequired":true,"valueName":"search_term_string"}}],"inLanguage":"fr-FR"}]}},"jetpack_sharing_enabled":true,"_links":{"self":[{"href":"https:\/\/develop.olympic.ca\/olympique\/wp-json\/wp\/v2\/press\/132358","targetHints":{"allow":["GET"]}}],"collection":[{"href":"https:\/\/develop.olympic.ca\/olympique\/wp-json\/wp\/v2\/press"}],"about":[{"href":"https:\/\/develop.olympic.ca\/olympique\/wp-json\/wp\/v2\/types\/press"}],"version-history":[{"count":0,"href":"https:\/\/develop.olympic.ca\/olympique\/wp-json\/wp\/v2\/press\/132358\/revisions"}],"wp:featuredmedia":[{"embeddable":true,"href":"https:\/\/develop.olympic.ca\/olympique\/wp-json\/wp\/v2\/media\/132511"}],"wp:attachment":[{"href":"https:\/\/develop.olympic.ca\/olympique\/wp-json\/wp\/v2\/media?parent=132358"}],"wp:term":[{"taxonomy":"post_tag","embeddable":true,"href":"https:\/\/develop.olympic.ca\/olympique\/wp-json\/wp\/v2\/tags?post=132358"},{"taxonomy":"type-of-press","embeddable":true,"href":"https:\/\/develop.olympic.ca\/olympique\/wp-json\/wp\/v2\/type-of-press?post=132358"},{"taxonomy":"press-topic","embeddable":true,"href":"https:\/\/develop.olympic.ca\/olympique\/wp-json\/wp\/v2\/press-topic?post=132358"},{"taxonomy":"years","embeddable":true,"href":"https:\/\/develop.olympic.ca\/olympique\/wp-json\/wp\/v2\/years?post=132358"}],"curies":[{"name":"wp","href":"https:\/\/api.w.org\/{rel}","templated":true}]}}