{"id":132929,"date":"2017-12-07T08:00:46","date_gmt":"2017-12-07T13:00:46","guid":{"rendered":"http:\/\/develop.olympic.ca\/olympique\/?post_type=press&#038;p=132929"},"modified":"2017-12-07T11:31:34","modified_gmt":"2017-12-07T16:31:34","slug":"la-commission-des-athletes-du-coc-felicite-le-cio","status":"publish","type":"press","link":"https:\/\/develop.olympic.ca\/olympique\/presse\/la-commission-des-athletes-du-coc-felicite-le-cio\/","title":{"rendered":"La Commission des athl\u00e8tes du COC f\u00e9licite le CIO"},"content":{"rendered":"<p><strong>TORONTO (7 d\u00e9cembre 2017)<\/strong> \u2013\u00a0La Commission des athl\u00e8tes du Comit\u00e9 olympique canadien (COC) f\u00e9licite le Comit\u00e9 international olympique (CIO) pour sa d\u00e9cision de suspendre le Comit\u00e9 olympique russe d\u2019une participation aux Jeux olympiques d\u2019hiver de 2018.\u00a0Nous applaudissons particuli\u00e8rement le travail appliqu\u00e9 de Denis Oswald et de Samuel Schmid, qui leur a permis de corroborer la preuve \u00e9tablie pr\u00e9c\u00e9demment par des commissions ind\u00e9pendantes lanc\u00e9es par l\u2019Agence mondiale antidopage (AMA). Cons\u00e9quemment, les mesures et sanctions prises contre les officiels Russes impliqu\u00e9s dans le dopage syst\u00e9matique et commandit\u00e9 par l\u2019\u00e9tat \u00e9tablissent un pr\u00e9c\u00e9dent important et n\u00e9cessaire. Nous f\u00e9licitons aussi le conseil ex\u00e9cutif du CIO de pr\u00e9server le sport propre et \u00e9thique malgr\u00e9 toutes les pressions auxquelles il fait face.<\/p>\n<p>Nous d\u00e9sirons aussi reconna\u00eetre et applaudir le travail d\u2019autres personnes qui ont lutt\u00e9 farouchement pour \u00e9claircir cette situation : Beckie Scott et ses efforts de sensibilisation au nom du Comit\u00e9 des athl\u00e8tes de l\u2019AMA; et Richard McLaren pour son enqu\u00eate en profondeur sur cette question. Leur travail a rendu le CIO capable d\u2019imposer ces sanctions s\u00e9v\u00e8res et de pr\u00e9server l\u2019int\u00e9grit\u00e9 du sport.<\/p>\n<p>Bien que nous soyons encourag\u00e9s que cette d\u00e9cision apportera un changement positif pour le sport, il y a encore plusieurs athl\u00e8tes propres qui ont \u00e9t\u00e9 injustement trait\u00e9s lors d\u2019\u00e9ditions pass\u00e9es des Jeux olympiques d\u2019hiver et d\u2019\u00e9t\u00e9. La t\u00e2che du CIO est de pr\u00e9server les valeurs olympiques et nous l\u2019implorons donc \u00e0 poursuivre dans cette voie afin de prot\u00e9ger l\u2019int\u00e9grit\u00e9 du sport, et d\u2019assurer le franc-jeu. Nous encourageons le Groupe de travail d\u2019antidopage avant les Jeux de poursuivre ses proc\u00e9dures de tests cibl\u00e9s avec la plus grande rigueur afin de garantir la protection et les droits des athl\u00e8tes propres.<\/p>\n<p style=\"text-align:center;\">-30-<\/p>\n","protected":false},"excerpt":{"rendered":"<p>TORONTO (7 d\u00e9cembre 2017) \u2013\u00a0La Commission des athl\u00e8tes du Comit\u00e9 olympique canadien (COC) f\u00e9licite le Comit\u00e9 international olympique (CIO) pour&#8230;<\/p>\n","protected":false},"featured_media":132930,"template":"","format":"standard","tags":[],"type-of-press":[184353519],"press-topic":[415985198,415985202],"years":[415985161],"class_list":["post-132929","press","type-press","status-publish","format-standard","has-post-thumbnail","hentry","type-of-press-declarations","press-topic-general","press-topic-pyeongchang-2018","years-415985161"],"acf":[],"yoast_head":"<!-- This site is optimized with the Yoast SEO plugin v27.3 - https:\/\/yoast.com\/product\/yoast-seo-wordpress\/ -->\n<title>La Commission des athl\u00e8tes du COC f\u00e9licite le CIO - \u00c9quipe Canada | Site officiel de l&#039;\u00e9quipe olympique<\/title>\n<meta name=\"robots\" content=\"index, follow, max-snippet:-1, max-image-preview:large, max-video-preview:-1\" \/>\n<link rel=\"canonical\" href=\"https:\/\/develop.olympic.ca\/olympique\/presse\/la-commission-des-athletes-du-coc-felicite-le-cio\/\" \/>\n<meta property=\"og:locale\" content=\"fr_FR\" \/>\n<meta property=\"og:type\" content=\"article\" \/>\n<meta property=\"og:title\" content=\"La Commission des athl\u00e8tes du COC f\u00e9licite le CIO - \u00c9quipe Canada | Site officiel de l&#039;\u00e9quipe olympique\" \/>\n<meta property=\"og:description\" content=\"TORONTO (7 d\u00e9cembre 2017) \u2013\u00a0La Commission des athl\u00e8tes du Comit\u00e9 olympique canadien (COC) f\u00e9licite le Comit\u00e9 international olympique (CIO) pour...\" \/>\n<meta property=\"og:url\" content=\"https:\/\/develop.olympic.ca\/olympique\/presse\/la-commission-des-athletes-du-coc-felicite-le-cio\/\" \/>\n<meta property=\"og:site_name\" content=\"\u00c9quipe Canada | Site officiel de l&#039;\u00e9quipe olympique\" \/>\n<meta property=\"article:modified_time\" content=\"2017-12-07T16:31:34+00:00\" \/>\n<meta property=\"og:image\" content=\"https:\/\/develop.olympic.ca\/olympique\/wp-content\/uploads\/sites\/2\/2017\/12\/athletes-commission.jpg?quality=100\" \/>\n\t<meta property=\"og:image:width\" content=\"1010\" \/>\n\t<meta property=\"og:image:height\" content=\"568\" \/>\n\t<meta property=\"og:image:type\" content=\"image\/jpeg\" \/>\n<meta name=\"twitter:card\" content=\"summary_large_image\" \/>\n<meta name=\"twitter:label1\" content=\"Est. reading time\" \/>\n\t<meta name=\"twitter:data1\" content=\"2 minutes\" \/>\n\t<meta name=\"twitter:label2\" content=\"Written by\" \/>\n\t<meta name=\"twitter:data2\" content=\"joshsu\" \/>\n<script type=\"application\/ld+json\" class=\"yoast-schema-graph\">{\"@context\":\"https:\\\/\\\/schema.org\",\"@graph\":[{\"@type\":\"WebPage\",\"@id\":\"https:\\\/\\\/develop.olympic.ca\\\/olympique\\\/presse\\\/la-commission-des-athletes-du-coc-felicite-le-cio\\\/\",\"url\":\"https:\\\/\\\/develop.olympic.ca\\\/olympique\\\/presse\\\/la-commission-des-athletes-du-coc-felicite-le-cio\\\/\",\"name\":\"La Commission des athl\u00e8tes du COC f\u00e9licite le CIO - \u00c9quipe Canada | Site officiel de l&#039;\u00e9quipe olympique\",\"isPartOf\":{\"@id\":\"https:\\\/\\\/develop.olympic.ca\\\/olympique\\\/#website\"},\"primaryImageOfPage\":{\"@id\":\"https:\\\/\\\/develop.olympic.ca\\\/olympique\\\/presse\\\/la-commission-des-athletes-du-coc-felicite-le-cio\\\/#primaryimage\"},\"image\":{\"@id\":\"https:\\\/\\\/develop.olympic.ca\\\/olympique\\\/presse\\\/la-commission-des-athletes-du-coc-felicite-le-cio\\\/#primaryimage\"},\"thumbnailUrl\":\"https:\\\/\\\/develop.olympic.ca\\\/olympique\\\/wp-content\\\/uploads\\\/sites\\\/2\\\/2017\\\/12\\\/athletes-commission.jpg?quality=100\",\"datePublished\":\"2017-12-07T13:00:46+00:00\",\"dateModified\":\"2017-12-07T16:31:34+00:00\",\"inLanguage\":\"fr-FR\",\"potentialAction\":[{\"@type\":\"ReadAction\",\"target\":[\"https:\\\/\\\/develop.olympic.ca\\\/olympique\\\/presse\\\/la-commission-des-athletes-du-coc-felicite-le-cio\\\/\"]}]},{\"@type\":\"ImageObject\",\"inLanguage\":\"fr-FR\",\"@id\":\"https:\\\/\\\/develop.olympic.ca\\\/olympique\\\/presse\\\/la-commission-des-athletes-du-coc-felicite-le-cio\\\/#primaryimage\",\"url\":\"https:\\\/\\\/develop.olympic.ca\\\/olympique\\\/wp-content\\\/uploads\\\/sites\\\/2\\\/2017\\\/12\\\/athletes-commission.jpg?quality=100\",\"contentUrl\":\"https:\\\/\\\/develop.olympic.ca\\\/olympique\\\/wp-content\\\/uploads\\\/sites\\\/2\\\/2017\\\/12\\\/athletes-commission.jpg?quality=100\",\"width\":1010,\"height\":568},{\"@type\":\"WebSite\",\"@id\":\"https:\\\/\\\/develop.olympic.ca\\\/olympique\\\/#website\",\"url\":\"https:\\\/\\\/develop.olympic.ca\\\/olympique\\\/\",\"name\":\"\u00c9quipe Canada | Site officiel de l&#039;\u00e9quipe olympique\",\"description\":\"Votre source pour l\u2019\u00c9quipe olympique canadienne. Retrouvez les r\u00e9cits, vid\u00e9os et photos des athl\u00e8tes canadiens, sports olympiques, Jeux olympiques de 2020 et bien plus!\",\"potentialAction\":[{\"@type\":\"SearchAction\",\"target\":{\"@type\":\"EntryPoint\",\"urlTemplate\":\"https:\\\/\\\/develop.olympic.ca\\\/olympique\\\/?s={search_term_string}\"},\"query-input\":{\"@type\":\"PropertyValueSpecification\",\"valueRequired\":true,\"valueName\":\"search_term_string\"}}],\"inLanguage\":\"fr-FR\"}]}<\/script>\n<!-- \/ Yoast SEO plugin. -->","yoast_head_json":{"title":"La Commission des athl\u00e8tes du COC f\u00e9licite le CIO - \u00c9quipe Canada | Site officiel de l&#039;\u00e9quipe olympique","robots":{"index":"index","follow":"follow","max-snippet":"max-snippet:-1","max-image-preview":"max-image-preview:large","max-video-preview":"max-video-preview:-1"},"canonical":"https:\/\/develop.olympic.ca\/olympique\/presse\/la-commission-des-athletes-du-coc-felicite-le-cio\/","og_locale":"fr_FR","og_type":"article","og_title":"La Commission des athl\u00e8tes du COC f\u00e9licite le CIO - \u00c9quipe Canada | Site officiel de l&#039;\u00e9quipe olympique","og_description":"TORONTO (7 d\u00e9cembre 2017) \u2013\u00a0La Commission des athl\u00e8tes du Comit\u00e9 olympique canadien (COC) f\u00e9licite le Comit\u00e9 international olympique (CIO) pour...","og_url":"https:\/\/develop.olympic.ca\/olympique\/presse\/la-commission-des-athletes-du-coc-felicite-le-cio\/","og_site_name":"\u00c9quipe Canada | Site officiel de l&#039;\u00e9quipe olympique","article_modified_time":"2017-12-07T16:31:34+00:00","og_image":[{"width":1010,"height":568,"url":"https:\/\/develop.olympic.ca\/olympique\/wp-content\/uploads\/sites\/2\/2017\/12\/athletes-commission.jpg?quality=100","type":"image\/jpeg"}],"twitter_card":"summary_large_image","twitter_misc":{"Est. reading time":"2 minutes","Written by":"joshsu"},"schema":{"@context":"https:\/\/schema.org","@graph":[{"@type":"WebPage","@id":"https:\/\/develop.olympic.ca\/olympique\/presse\/la-commission-des-athletes-du-coc-felicite-le-cio\/","url":"https:\/\/develop.olympic.ca\/olympique\/presse\/la-commission-des-athletes-du-coc-felicite-le-cio\/","name":"La Commission des athl\u00e8tes du COC f\u00e9licite le CIO - \u00c9quipe Canada | Site officiel de l&#039;\u00e9quipe olympique","isPartOf":{"@id":"https:\/\/develop.olympic.ca\/olympique\/#website"},"primaryImageOfPage":{"@id":"https:\/\/develop.olympic.ca\/olympique\/presse\/la-commission-des-athletes-du-coc-felicite-le-cio\/#primaryimage"},"image":{"@id":"https:\/\/develop.olympic.ca\/olympique\/presse\/la-commission-des-athletes-du-coc-felicite-le-cio\/#primaryimage"},"thumbnailUrl":"https:\/\/develop.olympic.ca\/olympique\/wp-content\/uploads\/sites\/2\/2017\/12\/athletes-commission.jpg?quality=100","datePublished":"2017-12-07T13:00:46+00:00","dateModified":"2017-12-07T16:31:34+00:00","inLanguage":"fr-FR","potentialAction":[{"@type":"ReadAction","target":["https:\/\/develop.olympic.ca\/olympique\/presse\/la-commission-des-athletes-du-coc-felicite-le-cio\/"]}]},{"@type":"ImageObject","inLanguage":"fr-FR","@id":"https:\/\/develop.olympic.ca\/olympique\/presse\/la-commission-des-athletes-du-coc-felicite-le-cio\/#primaryimage","url":"https:\/\/develop.olympic.ca\/olympique\/wp-content\/uploads\/sites\/2\/2017\/12\/athletes-commission.jpg?quality=100","contentUrl":"https:\/\/develop.olympic.ca\/olympique\/wp-content\/uploads\/sites\/2\/2017\/12\/athletes-commission.jpg?quality=100","width":1010,"height":568},{"@type":"WebSite","@id":"https:\/\/develop.olympic.ca\/olympique\/#website","url":"https:\/\/develop.olympic.ca\/olympique\/","name":"\u00c9quipe Canada | Site officiel de l&#039;\u00e9quipe olympique","description":"Votre source pour l\u2019\u00c9quipe olympique canadienne. Retrouvez les r\u00e9cits, vid\u00e9os et photos des athl\u00e8tes canadiens, sports olympiques, Jeux olympiques de 2020 et bien plus!","potentialAction":[{"@type":"SearchAction","target":{"@type":"EntryPoint","urlTemplate":"https:\/\/develop.olympic.ca\/olympique\/?s={search_term_string}"},"query-input":{"@type":"PropertyValueSpecification","valueRequired":true,"valueName":"search_term_string"}}],"inLanguage":"fr-FR"}]}},"jetpack_sharing_enabled":true,"_links":{"self":[{"href":"https:\/\/develop.olympic.ca\/olympique\/wp-json\/wp\/v2\/press\/132929","targetHints":{"allow":["GET"]}}],"collection":[{"href":"https:\/\/develop.olympic.ca\/olympique\/wp-json\/wp\/v2\/press"}],"about":[{"href":"https:\/\/develop.olympic.ca\/olympique\/wp-json\/wp\/v2\/types\/press"}],"version-history":[{"count":0,"href":"https:\/\/develop.olympic.ca\/olympique\/wp-json\/wp\/v2\/press\/132929\/revisions"}],"wp:featuredmedia":[{"embeddable":true,"href":"https:\/\/develop.olympic.ca\/olympique\/wp-json\/wp\/v2\/media\/132930"}],"wp:attachment":[{"href":"https:\/\/develop.olympic.ca\/olympique\/wp-json\/wp\/v2\/media?parent=132929"}],"wp:term":[{"taxonomy":"post_tag","embeddable":true,"href":"https:\/\/develop.olympic.ca\/olympique\/wp-json\/wp\/v2\/tags?post=132929"},{"taxonomy":"type-of-press","embeddable":true,"href":"https:\/\/develop.olympic.ca\/olympique\/wp-json\/wp\/v2\/type-of-press?post=132929"},{"taxonomy":"press-topic","embeddable":true,"href":"https:\/\/develop.olympic.ca\/olympique\/wp-json\/wp\/v2\/press-topic?post=132929"},{"taxonomy":"years","embeddable":true,"href":"https:\/\/develop.olympic.ca\/olympique\/wp-json\/wp\/v2\/years?post=132929"}],"curies":[{"name":"wp","href":"https:\/\/api.w.org\/{rel}","templated":true}]}}