{"id":133344,"date":"2017-12-20T11:00:13","date_gmt":"2017-12-20T16:00:13","guid":{"rendered":"http:\/\/develop.olympic.ca\/olympique\/?post_type=press&#038;p=133344"},"modified":"2017-12-20T11:33:11","modified_gmt":"2017-12-20T16:33:11","slug":"annonce-de-lequipe-canadienne-de-luge-pour-pyeongchang-2018","status":"publish","type":"press","link":"https:\/\/develop.olympic.ca\/olympique\/presse\/annonce-de-lequipe-canadienne-de-luge-pour-pyeongchang-2018\/","title":{"rendered":"Annonce de l\u2019\u00e9quipe canadienne de luge pour PyeongChang\u00a02018"},"content":{"rendered":"<h2>Six v\u00e9t\u00e9rans olympiques et deux recrues partageant un seul objectif\u00a0: r\u00e9ussir la conqu\u00eate olympique du Canada en luge<\/h2>\n<p>CALGARY (20 d\u00e9cembre 2017) <strong>\u2014 <\/strong>Un groupe de huit athl\u00e8tes se rendra \u00e0 PyeongChang en f\u00e9vrier dans l\u2019espoir de r\u00e9aliser l\u2019objectif de se tailler une place dans l\u2019histoire en remportant la premi\u00e8re <a href=\"https:\/\/develop.olympic.ca\/olympique\/sports\/luge\/\">m\u00e9daille olympique <\/a>du Canada en luge.<\/p>\n<p><strong>\u00c0 T\u00c9L\u00c9CHARGER\u00a0:<\/strong> <a href=\"https:\/\/images.olympic.ca\/bp\/#\/folder\/3330092\/\">Photos de l\u2019\u00e9quipe en haute r\u00e9solution<\/a><\/p>\n<p>Le Comit\u00e9 olympique canadien et l\u2019Association canadienne de luge ont annonc\u00e9 les noms des cinq lugeurs et des trois lugeuses qui s\u2019\u00e9lanceront sur la piste \u00e0 PyeongChang lors des Jeux olympiques d\u2019hiver en 2018.<\/p>\n<p>\u00ab\u00a0Nous avons mis sur pied un groupe qui, au cours des quatre derni\u00e8res ann\u00e9es, a d\u00e9montr\u00e9 qu\u2019il pouvait concourir sous la pression la plus intense et \u00eatre comp\u00e9titif sur les plus grandes sc\u00e8nes\u00a0\u00bb, a d\u00e9clar\u00e9 Tim Farstad, pr\u00e9sident-directeur g\u00e9n\u00e9ral, Association canadienne de luge. \u00ab\u00a0Le leadership des v\u00e9t\u00e9rans, alli\u00e9 \u00e0 l\u2019\u00e9nergie et \u00e0 la volont\u00e9 de la jeunesse, est ce qui guidera cette \u00e9quipe \u00e0 la d\u00e9termination farouche, qui r\u00eave de contribuer \u00e0 la r\u00e9colte de m\u00e9dailles d\u2019\u00c9quipe Canada.\u00a0\u00bb<\/p>\n<p>Les triples olympiens Alex Gough (Calgary) et Sam Edney (Calgary), les athl\u00e8tes les plus d\u00e9cor\u00e9s de l\u2019histoire du programme, m\u00e8neront le groupe de huit qui tentera de gagner des milli\u00e8mes de seconde sur leurs concurrents afin de m\u00e9riter les plus grands honneurs.<\/p>\n<p>Alex Gough, qui compte 25 victoires en Coupe du monde et deux m\u00e9dailles des Championnats du monde en simple, avait termin\u00e9 quatri\u00e8me \u00e0 l\u2019\u00e9preuve f\u00e9minine en simple ainsi qu\u2019au relais \u00e0 Sotchi\u00a02014. Elle sera accompagn\u00e9e de sa co\u00e9quipi\u00e8re des Jeux de 2014, Kim McRae (Calgary), qui avait pris la cinqui\u00e8me place \u00e0 Sotchi. Kim a gagn\u00e9 trois m\u00e9dailles de Coupe du monde en simple et une m\u00e9daille de bronze aux Championnats du monde de 2017. Brooke Apshkrum (Calgary) en sera \u00e0 sa premi\u00e8re participation aux Jeux. L\u2019athl\u00e8te de 18\u00a0ans avait gagn\u00e9 la m\u00e9daille d\u2019or aux Jeux olympiques de la jeunesse d\u2019hiver de Lillehammer 2016.<\/p>\n<p>Sam Edney sera en t\u00eate du groupe de Canadiens qui prendront part \u00e0 l\u2019\u00e9preuve masculine en simple. Depuis la quatri\u00e8me place cr\u00e8ve-c\u0153ur obtenue \u00e0 Sotchi \u00e0 l\u2019\u00e9preuve de relais par \u00e9quipes, Sam Edney est devenu le premier lugeur canadien \u00e0 gagner une \u00e9preuve en Coupe du monde en 2014. De plus, il a d\u00e9croch\u00e9 la m\u00e9daille de bronze \u00e0 l\u2019\u00e9preuve test de la Coupe du monde \u00e0 PyeongChang la saison derni\u00e8re. Il y a tout juste deux semaines, il ajoutait \u00e0 sa r\u00e9colte une m\u00e9daille d\u2019argent remport\u00e9e \u00e0 la Coupe du monde \u00e0 Calgary.<\/p>\n<p>Se joindra \u00e0 lui Mitch Malyk (Calgary), qui a aid\u00e9 le Canada \u00e0 gagner plusieurs m\u00e9dailles en Coupe du monde au relais par \u00e9quipes et qui a r\u00e9cemment obtenu la quatri\u00e8me place \u00e0 une \u00e9preuve de la Coupe du monde \u00e0 Calgary. Reid Watts (Whistler), un jeune athl\u00e8te de la rel\u00e8ve de 18\u00a0ans, pur produit de l\u2019h\u00e9ritage des Jeux olympiques d\u2019hiver de Vancouver\u00a02010, fera ses d\u00e9buts sur la sc\u00e8ne olympique. Menant la prochaine g\u00e9n\u00e9ration d\u2019athl\u00e8tes olympiques en luge, Watts a d\u00e9croch\u00e9 la m\u00e9daille de bronze aux Jeux olympiques de la jeunesse d\u2019hiver en 2016.<\/p>\n<p>\u00ab\u00a0Chaque fois qu\u2019une personne va aux Jeux, c\u2019est la r\u00e9alisation d\u2019un r\u00eave\u00a0\u00bb, a affirm\u00e9 Sam Edney. \u00ab\u00a0Avoir la possibilit\u00e9 de poursuivre ce r\u00eave et la chance de concourir pour une m\u00e9daille, c\u2019est quelque chose que peu de gens ont l\u2019occasion de vivre une fois, voire quatre fois, aussi, je me sens incroyablement privil\u00e9gi\u00e9 de pouvoir \u00e0 nouveau poursuivre ce r\u00eave pour le Canada, appuy\u00e9 d\u2019aussi nombreux partisans.<\/p>\n<p>\u00ab\u00a0Nous sommes un groupe d\u2019athl\u00e8tes assoiff\u00e9s qui avons obtenu du succ\u00e8s \u00e0 de nombreux niveaux de notre sport. Gr\u00e2ce au travail r\u00e9alis\u00e9 au cours des derni\u00e8res ann\u00e9es, nous nous sentons forts et confiants, et nous savons maintenant que nous pouvons rivaliser avec les plus puissantes nations du monde de la luge. Personnellement, je compte tirer le maximum de cette occasion\u2009\u00bb, a-t-il ajout\u00e9.<\/p>\n<p>Tristan Walker (Cochrane, Alb.) et Justin Snith (Calgary), qui ont gliss\u00e9 vers leur troisi\u00e8me m\u00e9daille en carri\u00e8re \u00e0 la Coupe du monde, la semaine derni\u00e8re \u00e0 Lake Placid (NY), composent le seul duo canadien en luge double. L\u2019\u00e9quipe canadienne la plus d\u00e9cor\u00e9e en double de l\u2019histoire du pays jouera \u00e9galement un r\u00f4le de premier plan dans la qu\u00eate de podium du Canada au relais par \u00e9quipes.<\/p>\n<p>\u00ab\u00a0Repr\u00e9senter le Canada \u00e0 une autre \u00e9dition des Jeux olympiques, c\u2019est la chose la plus importante pour moi\u00a0\u00bb, a indiqu\u00e9 Justin Walker. \u00ab\u00a0Nos objectifs sont de r\u00e9aliser nos d\u00e9parts les plus rapides et nos meilleurs parcours. La fin de semaine derni\u00e8re a prouv\u00e9 que lorsque nous parvenons \u00e0 concr\u00e9tiser cette combinaison, nous pouvons repr\u00e9senter une menace, mais nous parlerons de r\u00e9sultats lorsque nous aurons termin\u00e9 le travail.\u00a0\u00bb<\/p>\n<p>Chacun des six olympiens a d\u00e9j\u00e0 aid\u00e9 le Canada \u00e0 gagner des m\u00e9dailles au relais par \u00e9quipes lors des Championnats du monde et en Coupe du monde au cours des quatre derni\u00e8res ann\u00e9es. Le Canada avait conclu la comp\u00e9tition au quatri\u00e8me rang \u00e0 Sotchi, alors que cette \u00e9preuve, populaire aupr\u00e8s des spectateurs, faisait ses d\u00e9buts olympiques.<\/p>\n<p>\u00ab\u00a0Nos lugeurs sont en grande forme \u00e0 l\u2019approche des Jeux, et ce sera palpitant de les voir rivaliser pour le podium\u00a0\u00bb, a d\u00e9clar\u00e9 Isabelle Charest, chef de mission d\u2019\u00c9quipe Canada \u00e0 PyeongChang 2018. \u00ab\u00a0Je vous souhaite tout ce qu\u2019il y a de mieux pendant votre pr\u00e9paration. Le Canada tout entier sera avec vous.\u00a0\u00bb<\/p>\n<p>\u00ab\u00a0Le Canada nourrit de grands espoirs envers son programme de luge aux Jeux olympiques d\u2019hiver de Pyeongchang\u00a02018\u00a0\u00bb, a d\u00e9clar\u00e9 l\u2019honorable Kent\u00a0Hehr, ministre des Sports et des Personnes handicap\u00e9es. \u00ab\u00a0Ces remarquables athl\u00e8tes sont d\u00e9cid\u00e9s \u00e0 remporter la premi\u00e8re m\u00e9daille de notre pays dans cette discipline. Compte tenu des innombrables heures d\u2019entra\u00eenement qu\u2019ont investies les athl\u00e8tes, combin\u00e9es \u00e0 leur passion et \u00e0 leur d\u00e9termination, je sais que cette ann\u00e9e sera la bonne. Faisons-nous un devoir d\u2019encourager l\u2019\u00e9quipe olympique canadienne de luge \u00e0 d\u00e9crocher l\u2019or!\u00a0\u00bb<\/p>\n<p>Les lugeurs canadiens ont obtenu leur place en vue de concourir \u00e0 PyeongChang \u00e0 la suite d\u2019un processus de qualification de deux ans sur le circuit de la Coupe du monde de la FIL.<\/p>\n<p>Les quatre \u00e9preuves de luge de PyeongChang\u00a02018 se d\u00e9rouleront au Centre olympique de glisse, du 10 au 15 f\u00e9vrier (jours 1 \u00e0 6).<\/p>\n<p>Les athl\u00e8tes et les entra\u00eeneurs nomm\u00e9s sont les suivants\u00a0:<\/p>\n<table width=\"468\">\n<tbody>\n<tr>\n<td width=\"110\"><strong>Nom<\/strong><\/td>\n<td width=\"113\"><strong>\u00c9preuve<\/strong><\/td>\n<td width=\"113\"><strong>Ville d\u2019attache<\/strong><\/td>\n<td width=\"132\"><strong>Ville natale<\/strong><\/td>\n<\/tr>\n<tr>\n<td width=\"110\"><a href=\"https:\/\/wp.me\/p3DwGH-yF2\">Brooke Apshkrum<\/a><\/td>\n<td width=\"113\">Simple, femmes<\/td>\n<td width=\"113\">Calgary (Alb.)<\/td>\n<td width=\"132\">Calgary (Alb.)<\/td>\n<\/tr>\n<tr>\n<td width=\"110\"><a href=\"https:\/\/develop.olympic.ca\/olympique\/team-canada\/samuel-edney\/\">Sam Edney<\/a><\/td>\n<td width=\"113\">Simple, hommes<\/td>\n<td width=\"113\">Calgary (Alb.)<\/td>\n<td width=\"132\">Calgary (Alb.)<\/td>\n<\/tr>\n<tr>\n<td width=\"110\"><a href=\"https:\/\/develop.olympic.ca\/olympique\/team-canada\/alex-gough\/\">Alex Gough<\/a><\/td>\n<td width=\"113\">Simple, femmes<\/td>\n<td width=\"113\">Calgary (Alb.)<\/td>\n<td width=\"132\">Calgary (Alb.)<\/td>\n<\/tr>\n<tr>\n<td width=\"110\"><a href=\"https:\/\/develop.olympic.ca\/olympique\/team-canada\/mitchel-malyk\/\">Mitch Malyk<\/a><\/td>\n<td width=\"113\">Simple, hommes<\/td>\n<td width=\"113\">Calgary (Alb.)<\/td>\n<td width=\"132\">Calgary (Alb.)<\/td>\n<\/tr>\n<tr>\n<td width=\"110\"><a href=\"https:\/\/develop.olympic.ca\/olympique\/team-canada\/kimberley-mcrae\/\">Kim McRae<\/a><\/td>\n<td width=\"113\">Simple, femmes<\/td>\n<td width=\"113\">Calgary (Alb.)<\/td>\n<td width=\"132\">Victoria (C.-B.)<\/td>\n<\/tr>\n<tr>\n<td width=\"110\"><a href=\"https:\/\/develop.olympic.ca\/olympique\/team-canada\/justin-snith\/\">Justin Snith<\/a><\/td>\n<td width=\"113\">Double<\/td>\n<td width=\"113\">Calgary (Alb.)<\/td>\n<td width=\"132\">Calgary (Alb.)<\/td>\n<\/tr>\n<tr>\n<td width=\"110\"><a href=\"https:\/\/develop.olympic.ca\/olympique\/team-canada\/tristan-walker\/\">Tristan Walker<\/a><\/td>\n<td width=\"113\">Double<\/td>\n<td width=\"113\">Cochrane (Alb.)<\/td>\n<td width=\"132\">Calgary (Alb.)<\/td>\n<\/tr>\n<tr>\n<td width=\"110\"><a href=\"https:\/\/wp.me\/p3DwGH-yF3\">Reid Watts<\/a><\/td>\n<td width=\"113\">Simple, hommes<\/td>\n<td width=\"113\">Whistler (C.-B.)<\/td>\n<td width=\"132\">Vancouver (C.-B.)<\/td>\n<\/tr>\n<\/tbody>\n<\/table>\n<p>&nbsp;<\/p>\n<table>\n<tbody>\n<tr>\n<td width=\"142\"><strong>Nom<\/strong><\/td>\n<td width=\"155\"><strong>Ville d\u2019attache<\/strong><\/td>\n<td width=\"171\"><strong>Poste<\/strong><\/td>\n<\/tr>\n<tr>\n<td width=\"142\">Jeremiah Barnert<\/td>\n<td width=\"155\">Okotoks (Alb.)<\/td>\n<td width=\"171\">Entra\u00eeneur \u2013 force et conditionnement physique<\/td>\n<\/tr>\n<tr>\n<td width=\"142\">Bernhard Glass<\/td>\n<td width=\"155\">Oberhof (Allemagne)<\/td>\n<td width=\"171\">Entra\u00eeneur adjoint<\/td>\n<\/tr>\n<tr>\n<td width=\"142\">Frank Soccal<\/td>\n<td width=\"155\">Winterberg (Allemagne)<\/td>\n<td width=\"171\">Entra\u00eeneur<\/td>\n<\/tr>\n<tr>\n<td width=\"142\">Wolfgang Staudinger<\/td>\n<td width=\"155\">Calgary (Alb.)<\/td>\n<td width=\"171\">Entra\u00eeneur-chef<\/td>\n<\/tr>\n<\/tbody>\n<\/table>\n<p>Avant d\u2019\u00eatre d\u00e9sign\u00e9s au sein de la formation d\u00e9finitive de l\u2019\u00c9quipe olympique canadienne, les athl\u00e8tes nomm\u00e9s de fa\u00e7on provisoire doivent voir leur nomination approuver par le comit\u00e9 de s\u00e9lection de l\u2019\u00e9quipe du COC apr\u00e8s la r\u00e9ception de l\u2019ensemble des nominations de la part de toutes les f\u00e9d\u00e9rations nationales de sport \u00e0 la fin janvier 2018.<\/p>\n<p style=\"text-align:center;\">-30-<\/p>\n<p><strong>\u00a0<\/strong><strong>CONTACTS POUR LES M\u00c9DIAS\u00a0:<\/strong><\/p>\n<p>Chris Dornan, Relations m\u00e9diatiques et publiques<br \/>\nLuge Canada<br \/>\nT\u00e9l.\u00a0: 403\u00a0620-8731<br \/>\nCourriel\u00a0: <a href=\"mailto:hpprchris@shaw.ca\">hpprchris@shaw.ca<\/a><\/p>\n<p>Josh Su, coordonnateur, Communications<br \/>\nComit\u00e9 olympique canadien<br \/>\nT\u00e9l.\u00a0: 416\u00a0324-4303 \/ Cell.\u00a0: 647\u00a0464-4060<br \/>\nCourriel\u00a0: <a href=\"mailto:jsu@olympic.ca\">jsu@olympique.ca<\/a><\/p>\n<p>Photi Sotiropoulos, directeur, Communications et relations m\u00e9diatiques<br \/>\nComit\u00e9 olympique canadien<br \/>\nT\u00e9l.\u00a0: 416\u00a0324-4298 \/ Cell.\u00a0: 416\u00a0476-9174<br \/>\nCourriel\u00a0: <a href=\"mailto:psotiropoulos@olympic.ca\">psotiropoulos@olympique.ca<\/a><\/p>\n","protected":false},"excerpt":{"rendered":"<p>Six v\u00e9t\u00e9rans olympiques et deux recrues partageant un seul objectif\u00a0: r\u00e9ussir la conqu\u00eate olympique du Canada en luge CALGARY (20&#8230;<\/p>\n","protected":false},"featured_media":133345,"template":"","format":"standard","tags":[],"type-of-press":[496138],"press-topic":[415985202],"years":[415985161],"class_list":["post-133344","press","type-press","status-publish","format-standard","has-post-thumbnail","hentry","type-of-press-communiques","press-topic-pyeongchang-2018","years-415985161"],"acf":[],"yoast_head":"<!-- This site is optimized with the Yoast SEO plugin v27.3 - https:\/\/yoast.com\/product\/yoast-seo-wordpress\/ -->\n<title>Annonce de l\u2019\u00e9quipe canadienne de luge pour PyeongChang\u00a02018 - \u00c9quipe Canada | Site officiel de l&#039;\u00e9quipe olympique<\/title>\n<meta name=\"robots\" content=\"index, follow, max-snippet:-1, max-image-preview:large, max-video-preview:-1\" \/>\n<link rel=\"canonical\" href=\"https:\/\/develop.olympic.ca\/olympique\/presse\/annonce-de-lequipe-canadienne-de-luge-pour-pyeongchang-2018\/\" \/>\n<meta property=\"og:locale\" content=\"fr_FR\" \/>\n<meta property=\"og:type\" content=\"article\" \/>\n<meta property=\"og:title\" content=\"Annonce de l\u2019\u00e9quipe canadienne de luge pour PyeongChang\u00a02018 - \u00c9quipe Canada | Site officiel de l&#039;\u00e9quipe olympique\" \/>\n<meta property=\"og:description\" content=\"Six v\u00e9t\u00e9rans olympiques et deux recrues partageant un seul objectif\u00a0: r\u00e9ussir la conqu\u00eate olympique du Canada en luge CALGARY (20...\" \/>\n<meta property=\"og:url\" content=\"https:\/\/develop.olympic.ca\/olympique\/presse\/annonce-de-lequipe-canadienne-de-luge-pour-pyeongchang-2018\/\" \/>\n<meta property=\"og:site_name\" content=\"\u00c9quipe Canada | Site officiel de l&#039;\u00e9quipe olympique\" \/>\n<meta property=\"article:modified_time\" content=\"2017-12-20T16:33:11+00:00\" \/>\n<meta name=\"twitter:card\" content=\"summary_large_image\" \/>\n<meta name=\"twitter:image\" content=\"https:\/\/develop.olympic.ca\/olympique\/wp-content\/uploads\/sites\/2\/2017\/12\/luge_header.jpg?quality=100\" \/>\n<meta name=\"twitter:label1\" content=\"Est. reading time\" \/>\n\t<meta name=\"twitter:data1\" content=\"7 minutes\" \/>\n\t<meta name=\"twitter:label2\" content=\"Written by\" \/>\n\t<meta name=\"twitter:data2\" content=\"joshsu\" \/>\n<script type=\"application\/ld+json\" class=\"yoast-schema-graph\">{\"@context\":\"https:\\\/\\\/schema.org\",\"@graph\":[{\"@type\":\"WebPage\",\"@id\":\"https:\\\/\\\/develop.olympic.ca\\\/olympique\\\/presse\\\/annonce-de-lequipe-canadienne-de-luge-pour-pyeongchang-2018\\\/\",\"url\":\"https:\\\/\\\/develop.olympic.ca\\\/olympique\\\/presse\\\/annonce-de-lequipe-canadienne-de-luge-pour-pyeongchang-2018\\\/\",\"name\":\"Annonce de l\u2019\u00e9quipe canadienne de luge pour PyeongChang\u00a02018 - \u00c9quipe Canada | Site officiel de l&#039;\u00e9quipe olympique\",\"isPartOf\":{\"@id\":\"https:\\\/\\\/develop.olympic.ca\\\/olympique\\\/#website\"},\"primaryImageOfPage\":{\"@id\":\"https:\\\/\\\/develop.olympic.ca\\\/olympique\\\/presse\\\/annonce-de-lequipe-canadienne-de-luge-pour-pyeongchang-2018\\\/#primaryimage\"},\"image\":{\"@id\":\"https:\\\/\\\/develop.olympic.ca\\\/olympique\\\/presse\\\/annonce-de-lequipe-canadienne-de-luge-pour-pyeongchang-2018\\\/#primaryimage\"},\"thumbnailUrl\":\"https:\\\/\\\/develop.olympic.ca\\\/olympique\\\/wp-content\\\/uploads\\\/sites\\\/2\\\/2017\\\/12\\\/luge_header.jpg?quality=100\",\"datePublished\":\"2017-12-20T16:00:13+00:00\",\"dateModified\":\"2017-12-20T16:33:11+00:00\",\"inLanguage\":\"fr-FR\",\"potentialAction\":[{\"@type\":\"ReadAction\",\"target\":[\"https:\\\/\\\/develop.olympic.ca\\\/olympique\\\/presse\\\/annonce-de-lequipe-canadienne-de-luge-pour-pyeongchang-2018\\\/\"]}]},{\"@type\":\"ImageObject\",\"inLanguage\":\"fr-FR\",\"@id\":\"https:\\\/\\\/develop.olympic.ca\\\/olympique\\\/presse\\\/annonce-de-lequipe-canadienne-de-luge-pour-pyeongchang-2018\\\/#primaryimage\",\"url\":\"https:\\\/\\\/develop.olympic.ca\\\/olympique\\\/wp-content\\\/uploads\\\/sites\\\/2\\\/2017\\\/12\\\/luge_header.jpg?quality=100\",\"contentUrl\":\"https:\\\/\\\/develop.olympic.ca\\\/olympique\\\/wp-content\\\/uploads\\\/sites\\\/2\\\/2017\\\/12\\\/luge_header.jpg?quality=100\",\"width\":5584,\"height\":3142},{\"@type\":\"WebSite\",\"@id\":\"https:\\\/\\\/develop.olympic.ca\\\/olympique\\\/#website\",\"url\":\"https:\\\/\\\/develop.olympic.ca\\\/olympique\\\/\",\"name\":\"\u00c9quipe Canada | Site officiel de l&#039;\u00e9quipe olympique\",\"description\":\"Votre source pour l\u2019\u00c9quipe olympique canadienne. Retrouvez les r\u00e9cits, vid\u00e9os et photos des athl\u00e8tes canadiens, sports olympiques, Jeux olympiques de 2020 et bien plus!\",\"potentialAction\":[{\"@type\":\"SearchAction\",\"target\":{\"@type\":\"EntryPoint\",\"urlTemplate\":\"https:\\\/\\\/develop.olympic.ca\\\/olympique\\\/?s={search_term_string}\"},\"query-input\":{\"@type\":\"PropertyValueSpecification\",\"valueRequired\":true,\"valueName\":\"search_term_string\"}}],\"inLanguage\":\"fr-FR\"}]}<\/script>\n<!-- \/ Yoast SEO plugin. -->","yoast_head_json":{"title":"Annonce de l\u2019\u00e9quipe canadienne de luge pour PyeongChang\u00a02018 - \u00c9quipe Canada | Site officiel de l&#039;\u00e9quipe olympique","robots":{"index":"index","follow":"follow","max-snippet":"max-snippet:-1","max-image-preview":"max-image-preview:large","max-video-preview":"max-video-preview:-1"},"canonical":"https:\/\/develop.olympic.ca\/olympique\/presse\/annonce-de-lequipe-canadienne-de-luge-pour-pyeongchang-2018\/","og_locale":"fr_FR","og_type":"article","og_title":"Annonce de l\u2019\u00e9quipe canadienne de luge pour PyeongChang\u00a02018 - \u00c9quipe Canada | Site officiel de l&#039;\u00e9quipe olympique","og_description":"Six v\u00e9t\u00e9rans olympiques et deux recrues partageant un seul objectif\u00a0: r\u00e9ussir la conqu\u00eate olympique du Canada en luge CALGARY (20...","og_url":"https:\/\/develop.olympic.ca\/olympique\/presse\/annonce-de-lequipe-canadienne-de-luge-pour-pyeongchang-2018\/","og_site_name":"\u00c9quipe Canada | Site officiel de l&#039;\u00e9quipe olympique","article_modified_time":"2017-12-20T16:33:11+00:00","twitter_card":"summary_large_image","twitter_image":"https:\/\/develop.olympic.ca\/olympique\/wp-content\/uploads\/sites\/2\/2017\/12\/luge_header.jpg?quality=100","twitter_misc":{"Est. reading time":"7 minutes","Written by":"joshsu"},"schema":{"@context":"https:\/\/schema.org","@graph":[{"@type":"WebPage","@id":"https:\/\/develop.olympic.ca\/olympique\/presse\/annonce-de-lequipe-canadienne-de-luge-pour-pyeongchang-2018\/","url":"https:\/\/develop.olympic.ca\/olympique\/presse\/annonce-de-lequipe-canadienne-de-luge-pour-pyeongchang-2018\/","name":"Annonce de l\u2019\u00e9quipe canadienne de luge pour PyeongChang\u00a02018 - \u00c9quipe Canada | Site officiel de l&#039;\u00e9quipe olympique","isPartOf":{"@id":"https:\/\/develop.olympic.ca\/olympique\/#website"},"primaryImageOfPage":{"@id":"https:\/\/develop.olympic.ca\/olympique\/presse\/annonce-de-lequipe-canadienne-de-luge-pour-pyeongchang-2018\/#primaryimage"},"image":{"@id":"https:\/\/develop.olympic.ca\/olympique\/presse\/annonce-de-lequipe-canadienne-de-luge-pour-pyeongchang-2018\/#primaryimage"},"thumbnailUrl":"https:\/\/develop.olympic.ca\/olympique\/wp-content\/uploads\/sites\/2\/2017\/12\/luge_header.jpg?quality=100","datePublished":"2017-12-20T16:00:13+00:00","dateModified":"2017-12-20T16:33:11+00:00","inLanguage":"fr-FR","potentialAction":[{"@type":"ReadAction","target":["https:\/\/develop.olympic.ca\/olympique\/presse\/annonce-de-lequipe-canadienne-de-luge-pour-pyeongchang-2018\/"]}]},{"@type":"ImageObject","inLanguage":"fr-FR","@id":"https:\/\/develop.olympic.ca\/olympique\/presse\/annonce-de-lequipe-canadienne-de-luge-pour-pyeongchang-2018\/#primaryimage","url":"https:\/\/develop.olympic.ca\/olympique\/wp-content\/uploads\/sites\/2\/2017\/12\/luge_header.jpg?quality=100","contentUrl":"https:\/\/develop.olympic.ca\/olympique\/wp-content\/uploads\/sites\/2\/2017\/12\/luge_header.jpg?quality=100","width":5584,"height":3142},{"@type":"WebSite","@id":"https:\/\/develop.olympic.ca\/olympique\/#website","url":"https:\/\/develop.olympic.ca\/olympique\/","name":"\u00c9quipe Canada | Site officiel de l&#039;\u00e9quipe olympique","description":"Votre source pour l\u2019\u00c9quipe olympique canadienne. Retrouvez les r\u00e9cits, vid\u00e9os et photos des athl\u00e8tes canadiens, sports olympiques, Jeux olympiques de 2020 et bien plus!","potentialAction":[{"@type":"SearchAction","target":{"@type":"EntryPoint","urlTemplate":"https:\/\/develop.olympic.ca\/olympique\/?s={search_term_string}"},"query-input":{"@type":"PropertyValueSpecification","valueRequired":true,"valueName":"search_term_string"}}],"inLanguage":"fr-FR"}]}},"jetpack_sharing_enabled":true,"_links":{"self":[{"href":"https:\/\/develop.olympic.ca\/olympique\/wp-json\/wp\/v2\/press\/133344","targetHints":{"allow":["GET"]}}],"collection":[{"href":"https:\/\/develop.olympic.ca\/olympique\/wp-json\/wp\/v2\/press"}],"about":[{"href":"https:\/\/develop.olympic.ca\/olympique\/wp-json\/wp\/v2\/types\/press"}],"version-history":[{"count":1,"href":"https:\/\/develop.olympic.ca\/olympique\/wp-json\/wp\/v2\/press\/133344\/revisions"}],"predecessor-version":[{"id":133360,"href":"https:\/\/develop.olympic.ca\/olympique\/wp-json\/wp\/v2\/press\/133344\/revisions\/133360"}],"wp:featuredmedia":[{"embeddable":true,"href":"https:\/\/develop.olympic.ca\/olympique\/wp-json\/wp\/v2\/media\/133345"}],"wp:attachment":[{"href":"https:\/\/develop.olympic.ca\/olympique\/wp-json\/wp\/v2\/media?parent=133344"}],"wp:term":[{"taxonomy":"post_tag","embeddable":true,"href":"https:\/\/develop.olympic.ca\/olympique\/wp-json\/wp\/v2\/tags?post=133344"},{"taxonomy":"type-of-press","embeddable":true,"href":"https:\/\/develop.olympic.ca\/olympique\/wp-json\/wp\/v2\/type-of-press?post=133344"},{"taxonomy":"press-topic","embeddable":true,"href":"https:\/\/develop.olympic.ca\/olympique\/wp-json\/wp\/v2\/press-topic?post=133344"},{"taxonomy":"years","embeddable":true,"href":"https:\/\/develop.olympic.ca\/olympique\/wp-json\/wp\/v2\/years?post=133344"}],"curies":[{"name":"wp","href":"https:\/\/api.w.org\/{rel}","templated":true}]}}