{"id":133395,"date":"2017-12-21T08:52:35","date_gmt":"2017-12-21T13:52:35","guid":{"rendered":"http:\/\/develop.olympic.ca\/olympique\/?post_type=press&#038;p=133395"},"modified":"2017-12-21T11:22:03","modified_gmt":"2017-12-21T16:22:03","slug":"le-coc-celebrera-le-compte-a-rebours-de-pyeongchang-2018-a-loccasion-de-la-fete-de-depart-molson-canadian-de-lequipe-olympique","status":"publish","type":"press","link":"https:\/\/develop.olympic.ca\/olympique\/presse\/le-coc-celebrera-le-compte-a-rebours-de-pyeongchang-2018-a-loccasion-de-la-fete-de-depart-molson-canadian-de-lequipe-olympique\/","title":{"rendered":"Le COC c\u00e9l\u00e9brera le compte \u00e0 rebours de PyeongChang\u00a02018 \u00e0 l\u2019occasion de la f\u00eate de d\u00e9part Molson\u00a0Canadian de l\u2019\u00c9quipe olympique"},"content":{"rendered":"<p><strong>TORONTO (21 d\u00e9cembre 2017) <\/strong>\u2013 Tandis qu\u2019il ne reste officiellement que 50 jours avant la c\u00e9r\u00e9monie d\u2019ouverture des Jeux olympiques d\u2019hiver de PyeongChang\u00a02018, le Comit\u00e9 olympique canadien (COC) invite le Canada \u00e0 la f\u00eate de d\u00e9part Molson Canadian de l\u2019\u00c9quipe olympique, le 6 janvier 2018, afin de dire au revoir et de souhaiter bonne chance aux athl\u00e8tes d\u2019\u00c9quipe Canada qui s\u2019appr\u00eatent \u00e0 partir pour la Cor\u00e9e du Sud.<\/p>\n<p>Organis\u00e9 au Big White Ski Resort \u00e0 Kelowna, en Colombie-Britannique, l\u2019\u00e9v\u00e9nement sera anim\u00e9 par l\u2019olympienne Kelly VanderBeek et l\u2019ancien membre de l\u2019\u00e9quipe nationale de snowboard Craig McMorris qui seront aussi les animateurs de nuit \u00e0 la cha\u00eene CBC durant les Jeux.<\/p>\n<p>Des membres des \u00e9quipes canadiennes masculine et f\u00e9minine de curling nomm\u00e9s pour PyeongChang\u00a02018 ainsi que des membres de l\u2019\u00e9quipe nationale de snowboard cross seront pr\u00e9sents \u00e0 l\u2019\u00e9v\u00e9nement. La f\u00eate proposera aussi des prestations musicales offertes par l\u2019auteur-compositeur-interpr\u00e8te de Vancouver Dustin Bentall et le groupe torontois July Talk en t\u00eate d\u2019affiche.<\/p>\n<p>\u00ab\u00a0La f\u00eate de d\u00e9part Molson Canadian vise \u00e0 rendre hommage \u00e0 nos athl\u00e8tes et\u00a0<span class=\"s1\">\u00e0 souligner\u00a0<\/span>leur travail acharn\u00e9 et le d\u00e9vouement dont ils font preuve tous les jours pour nous repr\u00e9senter sur la plus grande sc\u00e8ne sportive au monde\u00a0\u00bb, a d\u00e9clar\u00e9 Derek Kent, chef du marketing, Comit\u00e9 olympique canadien. \u00ab\u00a0Nous invitons tous les partisans d\u2019\u00c9quipe Canada \u00e0 se joindre \u00e0 nous pour saluer nos athl\u00e8tes. Nous tenons aussi \u00e0 remercier nos merveilleux partenaires qui rendent possible la tenue de cet \u00e9v\u00e9nement.\u00a0\u00bb<\/p>\n<p>En plus des prestations musicales et de la participation d\u2019olympiens et d\u2019espoirs olympiques canadiens, la c\u00e9l\u00e9bration comprendra des s\u00e9ances d\u2019autographes, des cadeaux et des activations de la part des partenaires de l\u2019\u00c9quipe olympique canadienne, comme le Molson Canadian Beer Garden.<\/p>\n<p>On demande aux m\u00e9dias qui souhaitent assister \u00e0 l\u2019\u00e9v\u00e9nement d\u2019envoyer un courriel \u00e0 Josh\u00a0Su (<a href=\"mailto:jsu@olympic.ca)\">jsu@olympique.ca<\/a>). Plus de d\u00e9tails suivront en ce qui a trait aux occasions de filmer des s\u00e9quences vid\u00e9o et de r\u00e9aliser des entrevues.<\/p>\n<p style=\"text-align:center;\">-30-<\/p>\n<p><strong>\u00a0<\/strong><strong>CONTACTS POUR LES M\u00c9DIAS\u00a0:<\/strong><\/p>\n<p>Josh Su, coordonnateur, Communications<br \/>\nComit\u00e9 olympique canadien<br \/>\nT\u00e9l.\u00a0: 416\u00a0324-4303 \/ Cell.\u00a0: 647\u00a0464-4060<br \/>\nCourriel\u00a0: <a href=\"mailto:jsu@olympic.ca\">jsu@olympique.ca<\/a><\/p>\n<p>Photi Sotiropoulos, directeur, Communications et relations m\u00e9diatiques<br \/>\nComit\u00e9 olympique canadien<br \/>\nT\u00e9l.\u00a0: 416\u00a0324-4298 \/ Cell.\u00a0: 416\u00a0476-9174<br \/>\nCourriel\u00a0: <a href=\"mailto:psotiropoulos@olympic.ca\">psotiropoulos@olympique.ca<\/a><\/p>\n","protected":false},"excerpt":{"rendered":"<p>TORONTO (21 d\u00e9cembre 2017) \u2013 Tandis qu\u2019il ne reste officiellement que 50 jours avant la c\u00e9r\u00e9monie d\u2019ouverture des Jeux olympiques&#8230;<\/p>\n","protected":false},"featured_media":133450,"template":"","format":"standard","tags":[],"type-of-press":[496138],"press-topic":[415985202],"years":[415985161],"class_list":["post-133395","press","type-press","status-publish","format-standard","has-post-thumbnail","hentry","type-of-press-communiques","press-topic-pyeongchang-2018","years-415985161"],"acf":[],"yoast_head":"<!-- This site is optimized with the Yoast SEO plugin v27.3 - https:\/\/yoast.com\/product\/yoast-seo-wordpress\/ -->\n<title>Le COC c\u00e9l\u00e9brera le compte \u00e0 rebours de PyeongChang\u00a02018 \u00e0 l\u2019occasion de la f\u00eate de d\u00e9part Molson\u00a0Canadian de l\u2019\u00c9quipe olympique - \u00c9quipe Canada | Site officiel de l&#039;\u00e9quipe olympique<\/title>\n<meta name=\"robots\" content=\"index, follow, max-snippet:-1, max-image-preview:large, max-video-preview:-1\" \/>\n<link rel=\"canonical\" href=\"https:\/\/develop.olympic.ca\/olympique\/presse\/le-coc-celebrera-le-compte-a-rebours-de-pyeongchang-2018-a-loccasion-de-la-fete-de-depart-molson-canadian-de-lequipe-olympique\/\" \/>\n<meta property=\"og:locale\" content=\"fr_FR\" \/>\n<meta property=\"og:type\" content=\"article\" \/>\n<meta property=\"og:title\" content=\"Le COC c\u00e9l\u00e9brera le compte \u00e0 rebours de PyeongChang\u00a02018 \u00e0 l\u2019occasion de la f\u00eate de d\u00e9part Molson\u00a0Canadian de l\u2019\u00c9quipe olympique - \u00c9quipe Canada | Site officiel de l&#039;\u00e9quipe olympique\" \/>\n<meta property=\"og:description\" content=\"TORONTO (21 d\u00e9cembre 2017) \u2013 Tandis qu\u2019il ne reste officiellement que 50 jours avant la c\u00e9r\u00e9monie d\u2019ouverture des Jeux olympiques...\" \/>\n<meta property=\"og:url\" content=\"https:\/\/develop.olympic.ca\/olympique\/presse\/le-coc-celebrera-le-compte-a-rebours-de-pyeongchang-2018-a-loccasion-de-la-fete-de-depart-molson-canadian-de-lequipe-olympique\/\" \/>\n<meta property=\"og:site_name\" content=\"\u00c9quipe Canada | Site officiel de l&#039;\u00e9quipe olympique\" \/>\n<meta property=\"article:modified_time\" content=\"2017-12-21T16:22:03+00:00\" \/>\n<meta property=\"og:image\" content=\"https:\/\/develop.olympic.ca\/olympique\/wp-content\/uploads\/sites\/2\/2017\/12\/send-off_fr_header.jpg?quality=100\" \/>\n\t<meta property=\"og:image:width\" content=\"5584\" \/>\n\t<meta property=\"og:image:height\" content=\"3142\" \/>\n\t<meta property=\"og:image:type\" content=\"image\/jpeg\" \/>\n<meta name=\"twitter:card\" content=\"summary_large_image\" \/>\n<meta name=\"twitter:label1\" content=\"Est. reading time\" \/>\n\t<meta name=\"twitter:data1\" content=\"2 minutes\" \/>\n\t<meta name=\"twitter:label2\" content=\"Written by\" \/>\n\t<meta name=\"twitter:data2\" content=\"joshsu\" \/>\n<script type=\"application\/ld+json\" class=\"yoast-schema-graph\">{\"@context\":\"https:\\\/\\\/schema.org\",\"@graph\":[{\"@type\":\"WebPage\",\"@id\":\"https:\\\/\\\/develop.olympic.ca\\\/olympique\\\/presse\\\/le-coc-celebrera-le-compte-a-rebours-de-pyeongchang-2018-a-loccasion-de-la-fete-de-depart-molson-canadian-de-lequipe-olympique\\\/\",\"url\":\"https:\\\/\\\/develop.olympic.ca\\\/olympique\\\/presse\\\/le-coc-celebrera-le-compte-a-rebours-de-pyeongchang-2018-a-loccasion-de-la-fete-de-depart-molson-canadian-de-lequipe-olympique\\\/\",\"name\":\"Le COC c\u00e9l\u00e9brera le compte \u00e0 rebours de PyeongChang\u00a02018 \u00e0 l\u2019occasion de la f\u00eate de d\u00e9part Molson\u00a0Canadian de l\u2019\u00c9quipe olympique - \u00c9quipe Canada | Site officiel de l&#039;\u00e9quipe olympique\",\"isPartOf\":{\"@id\":\"https:\\\/\\\/develop.olympic.ca\\\/olympique\\\/#website\"},\"primaryImageOfPage\":{\"@id\":\"https:\\\/\\\/develop.olympic.ca\\\/olympique\\\/presse\\\/le-coc-celebrera-le-compte-a-rebours-de-pyeongchang-2018-a-loccasion-de-la-fete-de-depart-molson-canadian-de-lequipe-olympique\\\/#primaryimage\"},\"image\":{\"@id\":\"https:\\\/\\\/develop.olympic.ca\\\/olympique\\\/presse\\\/le-coc-celebrera-le-compte-a-rebours-de-pyeongchang-2018-a-loccasion-de-la-fete-de-depart-molson-canadian-de-lequipe-olympique\\\/#primaryimage\"},\"thumbnailUrl\":\"https:\\\/\\\/develop.olympic.ca\\\/olympique\\\/wp-content\\\/uploads\\\/sites\\\/2\\\/2017\\\/12\\\/send-off_fr_header.jpg?quality=100\",\"datePublished\":\"2017-12-21T13:52:35+00:00\",\"dateModified\":\"2017-12-21T16:22:03+00:00\",\"inLanguage\":\"fr-FR\",\"potentialAction\":[{\"@type\":\"ReadAction\",\"target\":[\"https:\\\/\\\/develop.olympic.ca\\\/olympique\\\/presse\\\/le-coc-celebrera-le-compte-a-rebours-de-pyeongchang-2018-a-loccasion-de-la-fete-de-depart-molson-canadian-de-lequipe-olympique\\\/\"]}]},{\"@type\":\"ImageObject\",\"inLanguage\":\"fr-FR\",\"@id\":\"https:\\\/\\\/develop.olympic.ca\\\/olympique\\\/presse\\\/le-coc-celebrera-le-compte-a-rebours-de-pyeongchang-2018-a-loccasion-de-la-fete-de-depart-molson-canadian-de-lequipe-olympique\\\/#primaryimage\",\"url\":\"https:\\\/\\\/develop.olympic.ca\\\/olympique\\\/wp-content\\\/uploads\\\/sites\\\/2\\\/2017\\\/12\\\/send-off_fr_header.jpg?quality=100\",\"contentUrl\":\"https:\\\/\\\/develop.olympic.ca\\\/olympique\\\/wp-content\\\/uploads\\\/sites\\\/2\\\/2017\\\/12\\\/send-off_fr_header.jpg?quality=100\",\"width\":5584,\"height\":3142},{\"@type\":\"WebSite\",\"@id\":\"https:\\\/\\\/develop.olympic.ca\\\/olympique\\\/#website\",\"url\":\"https:\\\/\\\/develop.olympic.ca\\\/olympique\\\/\",\"name\":\"\u00c9quipe Canada | Site officiel de l&#039;\u00e9quipe olympique\",\"description\":\"Votre source pour l\u2019\u00c9quipe olympique canadienne. Retrouvez les r\u00e9cits, vid\u00e9os et photos des athl\u00e8tes canadiens, sports olympiques, Jeux olympiques de 2020 et bien plus!\",\"potentialAction\":[{\"@type\":\"SearchAction\",\"target\":{\"@type\":\"EntryPoint\",\"urlTemplate\":\"https:\\\/\\\/develop.olympic.ca\\\/olympique\\\/?s={search_term_string}\"},\"query-input\":{\"@type\":\"PropertyValueSpecification\",\"valueRequired\":true,\"valueName\":\"search_term_string\"}}],\"inLanguage\":\"fr-FR\"}]}<\/script>\n<!-- \/ Yoast SEO plugin. -->","yoast_head_json":{"title":"Le COC c\u00e9l\u00e9brera le compte \u00e0 rebours de PyeongChang\u00a02018 \u00e0 l\u2019occasion de la f\u00eate de d\u00e9part Molson\u00a0Canadian de l\u2019\u00c9quipe olympique - \u00c9quipe Canada | Site officiel de l&#039;\u00e9quipe olympique","robots":{"index":"index","follow":"follow","max-snippet":"max-snippet:-1","max-image-preview":"max-image-preview:large","max-video-preview":"max-video-preview:-1"},"canonical":"https:\/\/develop.olympic.ca\/olympique\/presse\/le-coc-celebrera-le-compte-a-rebours-de-pyeongchang-2018-a-loccasion-de-la-fete-de-depart-molson-canadian-de-lequipe-olympique\/","og_locale":"fr_FR","og_type":"article","og_title":"Le COC c\u00e9l\u00e9brera le compte \u00e0 rebours de PyeongChang\u00a02018 \u00e0 l\u2019occasion de la f\u00eate de d\u00e9part Molson\u00a0Canadian de l\u2019\u00c9quipe olympique - \u00c9quipe Canada | Site officiel de l&#039;\u00e9quipe olympique","og_description":"TORONTO (21 d\u00e9cembre 2017) \u2013 Tandis qu\u2019il ne reste officiellement que 50 jours avant la c\u00e9r\u00e9monie d\u2019ouverture des Jeux olympiques...","og_url":"https:\/\/develop.olympic.ca\/olympique\/presse\/le-coc-celebrera-le-compte-a-rebours-de-pyeongchang-2018-a-loccasion-de-la-fete-de-depart-molson-canadian-de-lequipe-olympique\/","og_site_name":"\u00c9quipe Canada | Site officiel de l&#039;\u00e9quipe olympique","article_modified_time":"2017-12-21T16:22:03+00:00","og_image":[{"width":5584,"height":3142,"url":"https:\/\/develop.olympic.ca\/olympique\/wp-content\/uploads\/sites\/2\/2017\/12\/send-off_fr_header.jpg?quality=100","type":"image\/jpeg"}],"twitter_card":"summary_large_image","twitter_misc":{"Est. reading time":"2 minutes","Written by":"joshsu"},"schema":{"@context":"https:\/\/schema.org","@graph":[{"@type":"WebPage","@id":"https:\/\/develop.olympic.ca\/olympique\/presse\/le-coc-celebrera-le-compte-a-rebours-de-pyeongchang-2018-a-loccasion-de-la-fete-de-depart-molson-canadian-de-lequipe-olympique\/","url":"https:\/\/develop.olympic.ca\/olympique\/presse\/le-coc-celebrera-le-compte-a-rebours-de-pyeongchang-2018-a-loccasion-de-la-fete-de-depart-molson-canadian-de-lequipe-olympique\/","name":"Le COC c\u00e9l\u00e9brera le compte \u00e0 rebours de PyeongChang\u00a02018 \u00e0 l\u2019occasion de la f\u00eate de d\u00e9part Molson\u00a0Canadian de l\u2019\u00c9quipe olympique - \u00c9quipe Canada | Site officiel de l&#039;\u00e9quipe olympique","isPartOf":{"@id":"https:\/\/develop.olympic.ca\/olympique\/#website"},"primaryImageOfPage":{"@id":"https:\/\/develop.olympic.ca\/olympique\/presse\/le-coc-celebrera-le-compte-a-rebours-de-pyeongchang-2018-a-loccasion-de-la-fete-de-depart-molson-canadian-de-lequipe-olympique\/#primaryimage"},"image":{"@id":"https:\/\/develop.olympic.ca\/olympique\/presse\/le-coc-celebrera-le-compte-a-rebours-de-pyeongchang-2018-a-loccasion-de-la-fete-de-depart-molson-canadian-de-lequipe-olympique\/#primaryimage"},"thumbnailUrl":"https:\/\/develop.olympic.ca\/olympique\/wp-content\/uploads\/sites\/2\/2017\/12\/send-off_fr_header.jpg?quality=100","datePublished":"2017-12-21T13:52:35+00:00","dateModified":"2017-12-21T16:22:03+00:00","inLanguage":"fr-FR","potentialAction":[{"@type":"ReadAction","target":["https:\/\/develop.olympic.ca\/olympique\/presse\/le-coc-celebrera-le-compte-a-rebours-de-pyeongchang-2018-a-loccasion-de-la-fete-de-depart-molson-canadian-de-lequipe-olympique\/"]}]},{"@type":"ImageObject","inLanguage":"fr-FR","@id":"https:\/\/develop.olympic.ca\/olympique\/presse\/le-coc-celebrera-le-compte-a-rebours-de-pyeongchang-2018-a-loccasion-de-la-fete-de-depart-molson-canadian-de-lequipe-olympique\/#primaryimage","url":"https:\/\/develop.olympic.ca\/olympique\/wp-content\/uploads\/sites\/2\/2017\/12\/send-off_fr_header.jpg?quality=100","contentUrl":"https:\/\/develop.olympic.ca\/olympique\/wp-content\/uploads\/sites\/2\/2017\/12\/send-off_fr_header.jpg?quality=100","width":5584,"height":3142},{"@type":"WebSite","@id":"https:\/\/develop.olympic.ca\/olympique\/#website","url":"https:\/\/develop.olympic.ca\/olympique\/","name":"\u00c9quipe Canada | Site officiel de l&#039;\u00e9quipe olympique","description":"Votre source pour l\u2019\u00c9quipe olympique canadienne. Retrouvez les r\u00e9cits, vid\u00e9os et photos des athl\u00e8tes canadiens, sports olympiques, Jeux olympiques de 2020 et bien plus!","potentialAction":[{"@type":"SearchAction","target":{"@type":"EntryPoint","urlTemplate":"https:\/\/develop.olympic.ca\/olympique\/?s={search_term_string}"},"query-input":{"@type":"PropertyValueSpecification","valueRequired":true,"valueName":"search_term_string"}}],"inLanguage":"fr-FR"}]}},"jetpack_sharing_enabled":true,"_links":{"self":[{"href":"https:\/\/develop.olympic.ca\/olympique\/wp-json\/wp\/v2\/press\/133395","targetHints":{"allow":["GET"]}}],"collection":[{"href":"https:\/\/develop.olympic.ca\/olympique\/wp-json\/wp\/v2\/press"}],"about":[{"href":"https:\/\/develop.olympic.ca\/olympique\/wp-json\/wp\/v2\/types\/press"}],"version-history":[{"count":1,"href":"https:\/\/develop.olympic.ca\/olympique\/wp-json\/wp\/v2\/press\/133395\/revisions"}],"predecessor-version":[{"id":133405,"href":"https:\/\/develop.olympic.ca\/olympique\/wp-json\/wp\/v2\/press\/133395\/revisions\/133405"}],"wp:featuredmedia":[{"embeddable":true,"href":"https:\/\/develop.olympic.ca\/olympique\/wp-json\/wp\/v2\/media\/133450"}],"wp:attachment":[{"href":"https:\/\/develop.olympic.ca\/olympique\/wp-json\/wp\/v2\/media?parent=133395"}],"wp:term":[{"taxonomy":"post_tag","embeddable":true,"href":"https:\/\/develop.olympic.ca\/olympique\/wp-json\/wp\/v2\/tags?post=133395"},{"taxonomy":"type-of-press","embeddable":true,"href":"https:\/\/develop.olympic.ca\/olympique\/wp-json\/wp\/v2\/type-of-press?post=133395"},{"taxonomy":"press-topic","embeddable":true,"href":"https:\/\/develop.olympic.ca\/olympique\/wp-json\/wp\/v2\/press-topic?post=133395"},{"taxonomy":"years","embeddable":true,"href":"https:\/\/develop.olympic.ca\/olympique\/wp-json\/wp\/v2\/years?post=133395"}],"curies":[{"name":"wp","href":"https:\/\/api.w.org\/{rel}","templated":true}]}}