{"id":133877,"date":"2018-01-10T13:03:46","date_gmt":"2018-01-10T18:03:46","guid":{"rendered":"http:\/\/develop.olympic.ca\/olympique\/?post_type=press&#038;p=133877"},"modified":"2018-01-14T17:36:28","modified_gmt":"2018-01-14T22:36:28","slug":"nomination-de-lequipe-canadienne-de-patinage-de-vitesse-sur-longue-piste-pour-pyeongchang-2018-2","status":"publish","type":"press","link":"https:\/\/develop.olympic.ca\/olympique\/presse\/nomination-de-lequipe-canadienne-de-patinage-de-vitesse-sur-longue-piste-pour-pyeongchang-2018-2\/","title":{"rendered":"Nomination de l\u2019\u00e9quipe canadienne de patinage de vitesse sur longue piste pour PyeongChang 2018"},"content":{"rendered":"<p>CALGARY (10 janvier 2018) \u2014\u00a0Le Comit\u00e9 olympique canadien (COC) et Patinage de vitesse Canada ont officiellement annonc\u00e9 les noms des 19 athl\u00e8tes et des quatre entra\u00eeneurs d\u00e9sign\u00e9s pour repr\u00e9senter \u00c9quipe Canada aux \u00e9preuves de <a href=\"https:\/\/develop.olympic.ca\/olympique\/sports\/patinage-de-vitesse-piste-longue\/\">patinage de vitesse sur longue piste<\/a> aux Jeux olympiques d\u2019hiver de PyeongChang\u00a02018.<\/p>\n<p><strong>T\u00c9L\u00c9CHARGER\u00a0: <\/strong><a href=\"https:\/\/images.olympic.ca\/bp\/#\/folder\/3351282\/\">Photos \u00e0 haute r\u00e9solution de l\u2019\u00e9quipe aux fins \u00e9ditoriales<\/a><\/p>\n<p>Les patineurs et patineuses se sont qualifi\u00e9s pour faire partie de l\u2019\u00e9quipe en fonction des politiques et processus de s\u00e9lection olympique de 2018 de Patinage de vitesse Canada, de leurs performances au cours de la derni\u00e8re saison, ainsi que de leurs r\u00e9sultats aux S\u00e9lections de l\u2019\u00e9quipe sur longue piste 2018 qui ont eu lieu du 4 au 9\u00a0janvier \u00e0 Calgary.<\/p>\n<p>Les patineuses nomm\u00e9es \u00e0 l\u2019\u00e9quipe f\u00e9minine sont\u00a0:<\/p>\n<table>\n<tbody>\n<tr>\n<td width=\"134\"><strong>Nom<\/strong><\/td>\n<td width=\"198\"><strong>\u00c9preuve(s)<\/strong><\/td>\n<td width=\"135\"><strong>Ville d\u2019attache<\/strong><\/td>\n<\/tr>\n<tr>\n<td width=\"134\"><a href=\"https:\/\/wp.me\/p3DwGH-nC1\">Ivanie Blondin<\/a><\/td>\n<td width=\"198\">3000\u00a0m, 5000\u00a0m, d\u00e9part group\u00e9 et poursuite par \u00e9quipes<\/td>\n<td width=\"135\">Ottawa (Ont.)<\/td>\n<\/tr>\n<tr>\n<td width=\"134\"><a href=\"https:\/\/wp.me\/p3DwGH-nCe\">Kali Christ<\/a><\/td>\n<td width=\"198\">1500\u00a0m et poursuite par \u00e9quipes<\/td>\n<td width=\"135\">Regina (Sask.)<\/td>\n<\/tr>\n<tr>\n<td width=\"134\"><a href=\"https:\/\/wp.me\/p3DwGH-nCl\">Marsha Hudey<\/a><\/td>\n<td width=\"198\">500\u00a0m<\/td>\n<td width=\"135\">White City (Sask.)<\/td>\n<\/tr>\n<tr>\n<td width=\"134\"><a href=\"https:\/\/wp.me\/p3DwGH-nCn\">Kaylin Irvine<\/a><\/td>\n<td width=\"198\">1000\u00a0m<\/td>\n<td width=\"135\">Calgary (Alb.)<\/td>\n<\/tr>\n<tr>\n<td width=\"134\"><a href=\"https:\/\/wp.me\/p3DwGH-yx6\">Heather McLean<\/a><\/td>\n<td width=\"198\">500\u00a0m et 1000\u00a0m<\/td>\n<td width=\"135\">Winnipeg (Man.)<\/td>\n<\/tr>\n<tr>\n<td width=\"134\"><a href=\"https:\/\/wp.me\/p3DwGH-yOE\">Josie Morrison<\/a><\/td>\n<td width=\"198\">1500\u00a0m et poursuite par \u00e9quipes<\/td>\n<td width=\"135\">Kamloops (C.-B.)<\/td>\n<\/tr>\n<tr>\n<td width=\"134\"><a href=\"https:\/\/wp.me\/p3DwGH-yNl\">Keri Morrison<\/a><\/td>\n<td width=\"198\">D\u00e9part group\u00e9 et poursuite par \u00e9quipes<\/td>\n<td width=\"135\">Burlington (Ont.)<\/td>\n<\/tr>\n<tr>\n<td width=\"134\"><a href=\"https:\/\/wp.me\/p3DwGH-nCv\">Brianne Tutt<\/a><\/td>\n<td width=\"198\">1500\u00a0m et 3000\u00a0m<\/td>\n<td width=\"135\">Airdrie (Alb.)<\/td>\n<\/tr>\n<tr>\n<td width=\"134\"><a href=\"https:\/\/wp.me\/p3DwGH-yx9\">Isabelle Weidemann<\/a><\/td>\n<td width=\"198\">3000\u00a0m, 5000\u00a0m et poursuite par \u00e9quipes<\/td>\n<td width=\"135\">Ottawa (Ont.)<\/td>\n<\/tr>\n<\/tbody>\n<\/table>\n<p>Les patineurs nomm\u00e9s \u00e0 l\u2019\u00e9quipe masculine sont\u00a0:<\/p>\n<table>\n<tbody>\n<tr>\n<td width=\"156\"><strong>Nom<\/strong><\/td>\n<td width=\"177\"><strong>\u00c9preuve(s)<\/strong><\/td>\n<td width=\"135\"><strong>Ville d\u2019attache<\/strong><\/td>\n<\/tr>\n<tr>\n<td width=\"156\"><a href=\"https:\/\/wp.me\/p3DwGH-qP5\">Jordan Belchos<\/a><\/td>\n<td width=\"177\">10\u00a0000\u00a0m et poursuite par \u00e9quipes<\/td>\n<td width=\"135\">Toronto (Ont.)<\/td>\n<\/tr>\n<tr>\n<td width=\"156\"><a href=\"https:\/\/wp.me\/p3DwGH-ywY\">Ted-Jan Bloemen<\/a><\/td>\n<td width=\"177\">5000\u00a0m, 10\u00a0000\u00a0m et poursuite par \u00e9quipes<\/td>\n<td width=\"135\">Calgary (Alb.)<\/td>\n<\/tr>\n<tr>\n<td width=\"156\"><a href=\"https:\/\/wp.me\/p3DwGH-yL6\">Alex Boisvert-Lacroix<\/a><\/td>\n<td width=\"177\">500\u00a0m<\/td>\n<td width=\"135\">Sherbrooke (Qc)<\/td>\n<\/tr>\n<tr>\n<td width=\"156\"><a href=\"https:\/\/wp.me\/p3DwGH-nCf\">Vincent De Ha\u00eetre<\/a><\/td>\n<td width=\"177\">1000\u00a0m, 1500\u00a0m et poursuite par \u00e9quipes<\/td>\n<td width=\"135\">Cumberland (Ont.)<\/td>\n<\/tr>\n<tr>\n<td width=\"156\"><a href=\"https:\/\/wp.me\/p3DwGH-yx3\">Ben Donnelly<\/a><\/td>\n<td width=\"177\">1500\u00a0m et poursuite par \u00e9quipes<\/td>\n<td width=\"135\">Oshawa (Ont.)<\/td>\n<\/tr>\n<tr>\n<td width=\"156\"><a href=\"https:\/\/wp.me\/p3DwGH-yL7\">Laurent Dubreuil<\/a><\/td>\n<td width=\"177\">500\u00a0m et 1000\u00a0m<\/td>\n<td width=\"135\">L\u00e9vis (Qc)<\/td>\n<\/tr>\n<tr>\n<td width=\"156\"><a href=\"https:\/\/wp.me\/p3DwGH-3EG\">Olivier Jean<\/a><\/td>\n<td width=\"177\">D\u00e9part group\u00e9<\/td>\n<td width=\"135\">Lachenaie (Qc)<\/td>\n<\/tr>\n<tr>\n<td width=\"156\"><a href=\"https:\/\/wp.me\/p3DwGH-nCp\">Gilmore Junio<\/a><\/td>\n<td width=\"177\">500\u00a0m<\/td>\n<td width=\"135\">Calgary (Alb.)<\/td>\n<\/tr>\n<tr>\n<td width=\"156\"><a href=\"https:\/\/wp.me\/p3DwGH-4uA\">Denny Morrison<\/a><\/td>\n<td width=\"177\">1500\u00a0m et poursuite par \u00e9quipes<\/td>\n<td width=\"135\">Fort St. John (C.-B.)<\/td>\n<\/tr>\n<tr>\n<td width=\"156\"><a href=\"https:\/\/wp.me\/p3DwGH-yNp\">Alexandre St-Jean<\/a><\/td>\n<td width=\"177\">1000\u00a0m<\/td>\n<td width=\"135\">Qu\u00e9bec (Qc)<\/td>\n<\/tr>\n<\/tbody>\n<\/table>\n<p>Les entra\u00eeneurs nomm\u00e9s sont les suivants\u00a0:<\/p>\n<table>\n<tbody>\n<tr>\n<td width=\"108\"><strong>Nom<\/strong><\/td>\n<td width=\"168\"><strong>Ville d\u2019attache<\/strong><\/td>\n<\/tr>\n<tr>\n<td width=\"108\">Kevin Crockett<\/td>\n<td width=\"168\">Kitchener (Ont.)<\/td>\n<\/tr>\n<tr>\n<td width=\"108\">Gregor Jelonek<\/td>\n<td width=\"168\">Saint-Antoine-de-Tilly (Qc)<\/td>\n<\/tr>\n<tr>\n<td width=\"108\">Marcel Lacroix<\/td>\n<td width=\"168\">Montr\u00e9al (Qc)<\/td>\n<\/tr>\n<tr>\n<td width=\"108\">Bart Schouten<\/td>\n<td width=\"168\">Calgary (Alb.)<\/td>\n<\/tr>\n<\/tbody>\n<\/table>\n<p>Certains athl\u00e8tes concourront \u00e0 une autre \u00e9preuve de la Coupe du monde de l\u2019ISU, du 19\u00a0au 21\u00a0janvier \u00e0 Erfurt, en Allemagne, avant de se rendre \u00e0 PyeongChang. Au nombre des faits saillants de la pr\u00e9sente saison, on compte d\u00e9j\u00e0 les suivants\u00a0: Ted-Jan Bloemen a fait tomber le record du monde au 5000\u00a0m; Ivanie Blondin a gagn\u00e9 des m\u00e9dailles de Coupe du monde aux \u00e9preuves du 3000\u00a0m, du 5000\u00a0m et du d\u00e9part group\u00e9; Alex Boisvert-Lacroix a remport\u00e9 deux m\u00e9dailles d\u2019or cons\u00e9cutives au 500\u00a0m; et les \u00e9quipes f\u00e9minine et masculine sont toutes les deux mont\u00e9es sur le podium aux \u00e9preuves de poursuite par \u00e9quipes.<\/p>\n<p>Le patinage de vitesse sur longue piste est le sport dans lequel le Canada a remport\u00e9 le plus de succ\u00e8s aux Jeux olympiques d\u2019hiver. Depuis 1924, les patineurs canadiens ont d\u00e9croch\u00e9 35\u00a0m\u00e9dailles, dont huit d\u2019or.<\/p>\n<p>Les \u00e9preuves de patinage de vitesse sur longue piste auront lieu du 10 au 24\u00a0f\u00e9vrier (aux jours 1 \u00e0 15) \u00e0 l\u2019Anneau olympique de Gangneung.<\/p>\n<p><strong>CITATIONS\u00a0:<\/strong><\/p>\n<p>\u00ab\u00a0Il s\u2019agit d\u2019une \u00e9quipe remarquable qui saura miser sur la longue fiche de r\u00e9ussites du Canada en patinage de vitesse sur longue piste. Les membres de l\u2019\u00e9quipe se sont entra\u00een\u00e9s et ont concouru sans rel\u00e2che pour m\u00e9riter la chance de repr\u00e9senter le Canada \u00e0 PyeongChang, et j\u2019ai bien h\u00e2te de les encourager tandis qu\u2019ils terminent leur p\u00e9riple.\u00a0\u00bb<\/p>\n<p>&#8211; Isabelle Charest, chef de mission d\u2019\u00c9quipe Canada \u00e0 PyeongChang 2018<\/p>\n<p>\u00ab\u00a0Depuis que je suis devenu membre de l\u2019\u00e9quipe nationale canadienne de patinage de vitesse sur longue piste en 2014, je ressens un soutien inconditionnel de la part de mon \u00e9quipe. Je suis tr\u00e8s reconnaissant de faire partie de cette \u00e9quipe et de la chance qu\u2019elle me donne de continuer \u00e0 \u00e9voluer. Avoir patin\u00e9 aussi vite que je l\u2019ai fait au cours de cette saison est d\u00e9j\u00e0 pour moi un r\u00eave concr\u00e9tis\u00e9. Ce sera un v\u00e9ritable honneur de repr\u00e9senter le Canada \u00e0 mes premiers Jeux olympiques. Mon objectif est de patiner du mieux que je le peux et de faire en sorte que le Canada soit fier.\u00a0\u00bb<\/p>\n<p>&#8211; Ted-Jan Bloemen, athl\u00e8te nomm\u00e9 pour PyeongChang 2018<\/p>\n<p>\u00ab\u00a0\u00c0 mes premiers Jeux olympiques, j\u2019avais l\u2019impression d\u2019\u00eatre une d\u00e9butante et j\u2019ai \u00e9t\u00e9 \u00e9merveill\u00e9e par l\u2019aspect grandiose de l\u2019\u00e9v\u00e9nement. J\u2019ai beaucoup appris de mon exp\u00e9rience \u00e0 Sotchi, et je concentre maintenant davantage mon attention sur le processus que sur les r\u00e9sultats. Je cherche \u00e0 reproduire la performance que j\u2019ai d\u00e9montr\u00e9 pouvoir r\u00e9aliser au cours des derni\u00e8res ann\u00e9es. Je me concentre sur le podium pour mes deuxi\u00e8mes Jeux olympiques.\u00a0\u00bb<\/p>\n<p>&#8211; Ivanie Blondin, athl\u00e8te nomm\u00e9e pour PyeongChang 2018<\/p>\n<p>\u00ab\u00a0Je suis fier de m\u2019\u00eatre qualifi\u00e9 pour mes premiers Jeux olympiques. C\u2019est toute une joie de parvenir \u00e0 ce stade apr\u00e8s tous les d\u00e9fis auxquels j\u2019ai fait face. Ce serait facile de me contenter de r\u00e9server mon billet pour PyeongChang, mais je sais que je suis capable de faire plus. Je m\u2019am\u00e9liore constamment depuis les trois derni\u00e8res ann\u00e9es et surtout depuis les quelques derniers mois. Je n\u2019ai jamais \u00e9t\u00e9 en aussi bonne forme. Je r\u00e9alise de nouveaux records personnels, et j\u2019ai gagn\u00e9 deux m\u00e9dailles d\u2019or cet automne en Coupe du monde. Je cherche \u00e0 faire encore mieux \u00e0 PyeongChang.\u00a0\u00bb<\/p>\n<p>&#8211; Alex Boisvert-Lacroix, athl\u00e8te nomm\u00e9 pour PyeongChang 2018<\/p>\n<p>\u00ab\u00a0Depuis 2014, j\u2019ai fait face \u00e0 beaucoup de d\u00e9fis et je suis reconnaissant d\u2019\u00eatre en mesure de c\u00e9l\u00e9brer chacun des petits succ\u00e8s que je vis depuis. L\u2019exp\u00e9rience m\u2019a apport\u00e9 une grande le\u00e7on d\u2019humilit\u00e9, apr\u00e8s avoir r\u00e9colt\u00e9 des m\u00e9dailles \u00e0 chacune de mes trois premi\u00e8res participations aux Jeux olympiques, et j\u2019ai pos\u00e9 les gestes pour parvenir o\u00f9 je suis \u00e0 pr\u00e9sent\u00a0: j\u2019ai rechauss\u00e9 mes patins, je me suis qualifi\u00e9 pour les \u00e9preuves de la Coupe du monde, j\u2019ai r\u00e9alis\u00e9 les chronos minimums pour les s\u00e9lections olympiques, et maintenant, je me suis qualifi\u00e9 pour mes quatri\u00e8mes Jeux olympiques. C\u2019est fantastique, mais avec chaque petit pas, mes objectifs prennent de l\u2019ampleur. \u00a0J\u2019ai h\u00e2te aux prochaines grandes \u00e9tapes et je veux progresser encore davantage.\u00a0\u00bb<\/p>\n<p>&#8211; Denny Morrison, athl\u00e8te nomm\u00e9 pour PyeongChang 2018<\/p>\n<p>\u00ab\u00a0Apr\u00e8s avoir vu ces athl\u00e8tes patiner, cette saison, et performer tout au long de la derni\u00e8re semaine, je ne peux qu\u2019exprimer ma fiert\u00e9 \u00e0 l\u2019\u00e9gard de l\u2019\u00e9quipe de patinage de vitesse sur longue piste qui se dirige maintenant vers PyeongChang. Chacun de nos patineurs a travaill\u00e9 avec \u00e9norm\u00e9ment d\u2019acharnement pour se qualifier en vue de ces Jeux olympiques, et je suis persuad\u00e9e qu\u2019ils sont tous en mesure de poursuivre la tradition d\u2019excellence du Canada en patinage de vitesse et que notre pays sera fier d\u2019eux alors qu\u2019ils viseront le podium olympique. F\u00e9licitations \u00e9galement \u00e0 leurs entra\u00eeneurs et \u00e0 toute l\u2019\u00e9quipe qui soutient nos patineurs.\u00a0\u00bb<\/p>\n<p>&#8211; Susan Auch, chef de la direction, Patinage de vitesse Canada<\/p>\n<p>\u00ab\u00a0Notre premi\u00e8re annonce d\u2019\u00c9quipe Canada remonte en ao\u00fbt lorsque nous avons pr\u00e9sent\u00e9 l\u2019\u00e9quipe olympique de patinage de vitesse sur courte piste. Aujourd\u2019hui, nous d\u00e9voilons les membres de l\u2019\u00e9quipe de patinage sur longue piste. Jusqu\u2019\u00e0 maintenant, le Canada a d\u00e9croch\u00e9 35\u00a0m\u00e9dailles olympiques en patinage sur longue piste. Dans quelques semaines, une fois \u00e0 PyeongChang, ces athl\u00e8tes tenteront d\u2019en remporter d\u2019autres. Je leur souhaite la meilleure des chances. Je suis convaincu que leurs efforts soutenus et leur entra\u00eenement porteront leurs fruits et feront en sorte qu\u2019ils monteront sur le podium.\u00a0\u00bb<\/p>\n<p>\u2013 L\u2019honorable Kent Hehr, ministre des Sports et des Personnes handicap\u00e9es<\/p>\n<p>Avant d\u2019\u00eatre d\u00e9sign\u00e9s au sein de la formation d\u00e9finitive de l\u2019\u00c9quipe olympique canadienne, les athl\u00e8tes nomm\u00e9s de fa\u00e7on provisoire doivent voir leur nomination approuver par le comit\u00e9 de s\u00e9lection de l\u2019\u00e9quipe du COC apr\u00e8s la r\u00e9ception de l\u2019ensemble des nominations de la part de toutes les f\u00e9d\u00e9rations nationales de sport \u00e0 la fin janvier 2018.<\/p>\n<p style=\"text-align:center;\">-30-<\/p>\n<p><strong>CONTACTS POUR LES M\u00c9DIAS\u00a0:<\/strong><\/p>\n<p>Kerry Dankers, coordonnatrice du programme sur longue piste et des communications<br \/>\nPatinage de vitesse Canada<br \/>\nT\u00e9l.\u00a0: 403\u00a0589-8960<br \/>\nCourriel\u00a0: <a href=\"mailto:kdankers@speedskating.ca\">kdankers@speedskating.ca<\/a><\/p>\n<p>Patrick Godbout, gestionnaire des communications et des relations avec les m\u00e9dias<br \/>\nPatinage de vitesse Canada<br \/>\nT\u00e9l.\u00a0: 514\u00a0213-9897<br \/>\nCourriel\u00a0: <a href=\"mailto:pgodbout@speedskating.ca\">pgodbout@speedskating.ca<\/a><\/p>\n<p>Josh Su, coordonnateur, Communications<br \/>\nComit\u00e9 olympique canadien<br \/>\nT\u00e9l.\u00a0: 416\u00a0324-4303 \/ Cell.\u00a0: 647\u00a0464-4060<br \/>\nCourriel\u00a0: <a href=\"mailto:jsu@olympic.ca\">jsu@olympique.ca<\/a><\/p>\n<p>Photi Sotiropoulos, directeur, Communications et relations m\u00e9diatiques<br \/>\nComit\u00e9 olympique canadien<br \/>\nT\u00e9l.\u00a0: 416\u00a0324-4298 \/ Cell.\u00a0: 416\u00a0476-9174<br \/>\nCourriel\u00a0: <a href=\"mailto:psotiropoulos@olympic.ca\">psotiropoulos@olympique.ca<\/a><\/p>\n","protected":false},"excerpt":{"rendered":"<p>CALGARY (10 janvier 2018) \u2014\u00a0Le Comit\u00e9 olympique canadien (COC) et Patinage de vitesse Canada ont officiellement annonc\u00e9 les noms des&#8230;<\/p>\n","protected":false},"featured_media":133887,"template":"","format":"standard","tags":[],"type-of-press":[496138],"press-topic":[415985202],"years":[415985510],"class_list":["post-133877","press","type-press","status-publish","format-standard","has-post-thumbnail","hentry","type-of-press-communiques","press-topic-pyeongchang-2018","years-415985510"],"acf":[],"yoast_head":"<!-- This site is optimized with the Yoast SEO plugin v27.3 - https:\/\/yoast.com\/product\/yoast-seo-wordpress\/ -->\n<title>Nomination de l\u2019\u00e9quipe canadienne de patinage de vitesse sur longue piste pour PyeongChang 2018 - \u00c9quipe Canada | Site officiel de l&#039;\u00e9quipe olympique<\/title>\n<meta name=\"robots\" content=\"index, follow, max-snippet:-1, max-image-preview:large, max-video-preview:-1\" \/>\n<link rel=\"canonical\" href=\"https:\/\/develop.olympic.ca\/olympique\/presse\/nomination-de-lequipe-canadienne-de-patinage-de-vitesse-sur-longue-piste-pour-pyeongchang-2018-2\/\" \/>\n<meta property=\"og:locale\" content=\"fr_FR\" \/>\n<meta property=\"og:type\" content=\"article\" \/>\n<meta property=\"og:title\" content=\"Nomination de l\u2019\u00e9quipe canadienne de patinage de vitesse sur longue piste pour PyeongChang 2018 - \u00c9quipe Canada | Site officiel de l&#039;\u00e9quipe olympique\" \/>\n<meta property=\"og:description\" content=\"CALGARY (10 janvier 2018) \u2014\u00a0Le Comit\u00e9 olympique canadien (COC) et Patinage de vitesse Canada ont officiellement annonc\u00e9 les noms des...\" \/>\n<meta property=\"og:url\" content=\"https:\/\/develop.olympic.ca\/olympique\/presse\/nomination-de-lequipe-canadienne-de-patinage-de-vitesse-sur-longue-piste-pour-pyeongchang-2018-2\/\" \/>\n<meta property=\"og:site_name\" content=\"\u00c9quipe Canada | Site officiel de l&#039;\u00e9quipe olympique\" \/>\n<meta property=\"article:modified_time\" content=\"2018-01-14T22:36:28+00:00\" \/>\n<meta property=\"og:image\" content=\"https:\/\/develop.olympic.ca\/olympique\/wp-content\/uploads\/sites\/2\/2018\/01\/long-track_header-2.jpg?quality=100\" \/>\n\t<meta property=\"og:image:width\" content=\"1340\" \/>\n\t<meta property=\"og:image:height\" content=\"754\" \/>\n\t<meta property=\"og:image:type\" content=\"image\/jpeg\" \/>\n<meta name=\"twitter:card\" content=\"summary_large_image\" \/>\n<meta name=\"twitter:label1\" content=\"Est. reading time\" \/>\n\t<meta name=\"twitter:data1\" content=\"7 minutes\" \/>\n\t<meta name=\"twitter:label2\" content=\"Written by\" \/>\n\t<meta name=\"twitter:data2\" content=\"joshsu\" \/>\n<script type=\"application\/ld+json\" class=\"yoast-schema-graph\">{\"@context\":\"https:\\\/\\\/schema.org\",\"@graph\":[{\"@type\":\"WebPage\",\"@id\":\"https:\\\/\\\/develop.olympic.ca\\\/olympique\\\/presse\\\/nomination-de-lequipe-canadienne-de-patinage-de-vitesse-sur-longue-piste-pour-pyeongchang-2018-2\\\/\",\"url\":\"https:\\\/\\\/develop.olympic.ca\\\/olympique\\\/presse\\\/nomination-de-lequipe-canadienne-de-patinage-de-vitesse-sur-longue-piste-pour-pyeongchang-2018-2\\\/\",\"name\":\"Nomination de l\u2019\u00e9quipe canadienne de patinage de vitesse sur longue piste pour PyeongChang 2018 - \u00c9quipe Canada | Site officiel de l&#039;\u00e9quipe olympique\",\"isPartOf\":{\"@id\":\"https:\\\/\\\/develop.olympic.ca\\\/olympique\\\/#website\"},\"primaryImageOfPage\":{\"@id\":\"https:\\\/\\\/develop.olympic.ca\\\/olympique\\\/presse\\\/nomination-de-lequipe-canadienne-de-patinage-de-vitesse-sur-longue-piste-pour-pyeongchang-2018-2\\\/#primaryimage\"},\"image\":{\"@id\":\"https:\\\/\\\/develop.olympic.ca\\\/olympique\\\/presse\\\/nomination-de-lequipe-canadienne-de-patinage-de-vitesse-sur-longue-piste-pour-pyeongchang-2018-2\\\/#primaryimage\"},\"thumbnailUrl\":\"https:\\\/\\\/develop.olympic.ca\\\/olympique\\\/wp-content\\\/uploads\\\/sites\\\/2\\\/2018\\\/01\\\/long-track_header-2.jpg?quality=100\",\"datePublished\":\"2018-01-10T18:03:46+00:00\",\"dateModified\":\"2018-01-14T22:36:28+00:00\",\"inLanguage\":\"fr-FR\",\"potentialAction\":[{\"@type\":\"ReadAction\",\"target\":[\"https:\\\/\\\/develop.olympic.ca\\\/olympique\\\/presse\\\/nomination-de-lequipe-canadienne-de-patinage-de-vitesse-sur-longue-piste-pour-pyeongchang-2018-2\\\/\"]}]},{\"@type\":\"ImageObject\",\"inLanguage\":\"fr-FR\",\"@id\":\"https:\\\/\\\/develop.olympic.ca\\\/olympique\\\/presse\\\/nomination-de-lequipe-canadienne-de-patinage-de-vitesse-sur-longue-piste-pour-pyeongchang-2018-2\\\/#primaryimage\",\"url\":\"https:\\\/\\\/develop.olympic.ca\\\/olympique\\\/wp-content\\\/uploads\\\/sites\\\/2\\\/2018\\\/01\\\/long-track_header-2.jpg?quality=100\",\"contentUrl\":\"https:\\\/\\\/develop.olympic.ca\\\/olympique\\\/wp-content\\\/uploads\\\/sites\\\/2\\\/2018\\\/01\\\/long-track_header-2.jpg?quality=100\",\"width\":1340,\"height\":754},{\"@type\":\"WebSite\",\"@id\":\"https:\\\/\\\/develop.olympic.ca\\\/olympique\\\/#website\",\"url\":\"https:\\\/\\\/develop.olympic.ca\\\/olympique\\\/\",\"name\":\"\u00c9quipe Canada | Site officiel de l&#039;\u00e9quipe olympique\",\"description\":\"Votre source pour l\u2019\u00c9quipe olympique canadienne. Retrouvez les r\u00e9cits, vid\u00e9os et photos des athl\u00e8tes canadiens, sports olympiques, Jeux olympiques de 2020 et bien plus!\",\"potentialAction\":[{\"@type\":\"SearchAction\",\"target\":{\"@type\":\"EntryPoint\",\"urlTemplate\":\"https:\\\/\\\/develop.olympic.ca\\\/olympique\\\/?s={search_term_string}\"},\"query-input\":{\"@type\":\"PropertyValueSpecification\",\"valueRequired\":true,\"valueName\":\"search_term_string\"}}],\"inLanguage\":\"fr-FR\"}]}<\/script>\n<!-- \/ Yoast SEO plugin. -->","yoast_head_json":{"title":"Nomination de l\u2019\u00e9quipe canadienne de patinage de vitesse sur longue piste pour PyeongChang 2018 - \u00c9quipe Canada | Site officiel de l&#039;\u00e9quipe olympique","robots":{"index":"index","follow":"follow","max-snippet":"max-snippet:-1","max-image-preview":"max-image-preview:large","max-video-preview":"max-video-preview:-1"},"canonical":"https:\/\/develop.olympic.ca\/olympique\/presse\/nomination-de-lequipe-canadienne-de-patinage-de-vitesse-sur-longue-piste-pour-pyeongchang-2018-2\/","og_locale":"fr_FR","og_type":"article","og_title":"Nomination de l\u2019\u00e9quipe canadienne de patinage de vitesse sur longue piste pour PyeongChang 2018 - \u00c9quipe Canada | Site officiel de l&#039;\u00e9quipe olympique","og_description":"CALGARY (10 janvier 2018) \u2014\u00a0Le Comit\u00e9 olympique canadien (COC) et Patinage de vitesse Canada ont officiellement annonc\u00e9 les noms des...","og_url":"https:\/\/develop.olympic.ca\/olympique\/presse\/nomination-de-lequipe-canadienne-de-patinage-de-vitesse-sur-longue-piste-pour-pyeongchang-2018-2\/","og_site_name":"\u00c9quipe Canada | Site officiel de l&#039;\u00e9quipe olympique","article_modified_time":"2018-01-14T22:36:28+00:00","og_image":[{"width":1340,"height":754,"url":"https:\/\/develop.olympic.ca\/olympique\/wp-content\/uploads\/sites\/2\/2018\/01\/long-track_header-2.jpg?quality=100","type":"image\/jpeg"}],"twitter_card":"summary_large_image","twitter_misc":{"Est. reading time":"7 minutes","Written by":"joshsu"},"schema":{"@context":"https:\/\/schema.org","@graph":[{"@type":"WebPage","@id":"https:\/\/develop.olympic.ca\/olympique\/presse\/nomination-de-lequipe-canadienne-de-patinage-de-vitesse-sur-longue-piste-pour-pyeongchang-2018-2\/","url":"https:\/\/develop.olympic.ca\/olympique\/presse\/nomination-de-lequipe-canadienne-de-patinage-de-vitesse-sur-longue-piste-pour-pyeongchang-2018-2\/","name":"Nomination de l\u2019\u00e9quipe canadienne de patinage de vitesse sur longue piste pour PyeongChang 2018 - \u00c9quipe Canada | Site officiel de l&#039;\u00e9quipe olympique","isPartOf":{"@id":"https:\/\/develop.olympic.ca\/olympique\/#website"},"primaryImageOfPage":{"@id":"https:\/\/develop.olympic.ca\/olympique\/presse\/nomination-de-lequipe-canadienne-de-patinage-de-vitesse-sur-longue-piste-pour-pyeongchang-2018-2\/#primaryimage"},"image":{"@id":"https:\/\/develop.olympic.ca\/olympique\/presse\/nomination-de-lequipe-canadienne-de-patinage-de-vitesse-sur-longue-piste-pour-pyeongchang-2018-2\/#primaryimage"},"thumbnailUrl":"https:\/\/develop.olympic.ca\/olympique\/wp-content\/uploads\/sites\/2\/2018\/01\/long-track_header-2.jpg?quality=100","datePublished":"2018-01-10T18:03:46+00:00","dateModified":"2018-01-14T22:36:28+00:00","inLanguage":"fr-FR","potentialAction":[{"@type":"ReadAction","target":["https:\/\/develop.olympic.ca\/olympique\/presse\/nomination-de-lequipe-canadienne-de-patinage-de-vitesse-sur-longue-piste-pour-pyeongchang-2018-2\/"]}]},{"@type":"ImageObject","inLanguage":"fr-FR","@id":"https:\/\/develop.olympic.ca\/olympique\/presse\/nomination-de-lequipe-canadienne-de-patinage-de-vitesse-sur-longue-piste-pour-pyeongchang-2018-2\/#primaryimage","url":"https:\/\/develop.olympic.ca\/olympique\/wp-content\/uploads\/sites\/2\/2018\/01\/long-track_header-2.jpg?quality=100","contentUrl":"https:\/\/develop.olympic.ca\/olympique\/wp-content\/uploads\/sites\/2\/2018\/01\/long-track_header-2.jpg?quality=100","width":1340,"height":754},{"@type":"WebSite","@id":"https:\/\/develop.olympic.ca\/olympique\/#website","url":"https:\/\/develop.olympic.ca\/olympique\/","name":"\u00c9quipe Canada | Site officiel de l&#039;\u00e9quipe olympique","description":"Votre source pour l\u2019\u00c9quipe olympique canadienne. Retrouvez les r\u00e9cits, vid\u00e9os et photos des athl\u00e8tes canadiens, sports olympiques, Jeux olympiques de 2020 et bien plus!","potentialAction":[{"@type":"SearchAction","target":{"@type":"EntryPoint","urlTemplate":"https:\/\/develop.olympic.ca\/olympique\/?s={search_term_string}"},"query-input":{"@type":"PropertyValueSpecification","valueRequired":true,"valueName":"search_term_string"}}],"inLanguage":"fr-FR"}]}},"jetpack_sharing_enabled":true,"_links":{"self":[{"href":"https:\/\/develop.olympic.ca\/olympique\/wp-json\/wp\/v2\/press\/133877","targetHints":{"allow":["GET"]}}],"collection":[{"href":"https:\/\/develop.olympic.ca\/olympique\/wp-json\/wp\/v2\/press"}],"about":[{"href":"https:\/\/develop.olympic.ca\/olympique\/wp-json\/wp\/v2\/types\/press"}],"version-history":[{"count":1,"href":"https:\/\/develop.olympic.ca\/olympique\/wp-json\/wp\/v2\/press\/133877\/revisions"}],"predecessor-version":[{"id":133880,"href":"https:\/\/develop.olympic.ca\/olympique\/wp-json\/wp\/v2\/press\/133877\/revisions\/133880"}],"wp:featuredmedia":[{"embeddable":true,"href":"https:\/\/develop.olympic.ca\/olympique\/wp-json\/wp\/v2\/media\/133887"}],"wp:attachment":[{"href":"https:\/\/develop.olympic.ca\/olympique\/wp-json\/wp\/v2\/media?parent=133877"}],"wp:term":[{"taxonomy":"post_tag","embeddable":true,"href":"https:\/\/develop.olympic.ca\/olympique\/wp-json\/wp\/v2\/tags?post=133877"},{"taxonomy":"type-of-press","embeddable":true,"href":"https:\/\/develop.olympic.ca\/olympique\/wp-json\/wp\/v2\/type-of-press?post=133877"},{"taxonomy":"press-topic","embeddable":true,"href":"https:\/\/develop.olympic.ca\/olympique\/wp-json\/wp\/v2\/press-topic?post=133877"},{"taxonomy":"years","embeddable":true,"href":"https:\/\/develop.olympic.ca\/olympique\/wp-json\/wp\/v2\/years?post=133877"}],"curies":[{"name":"wp","href":"https:\/\/api.w.org\/{rel}","templated":true}]}}