{"id":134044,"date":"2018-01-14T11:00:52","date_gmt":"2018-01-14T16:00:52","guid":{"rendered":"http:\/\/develop.olympic.ca\/olympique\/?post_type=press&#038;p=134044"},"modified":"2018-01-14T17:28:41","modified_gmt":"2018-01-14T22:28:41","slug":"nomination-de-lequipe-canadienne-de-patinage-artistique-pour-pyeongchang-2018-2","status":"publish","type":"press","link":"https:\/\/develop.olympic.ca\/olympique\/presse\/nomination-de-lequipe-canadienne-de-patinage-artistique-pour-pyeongchang-2018-2\/","title":{"rendered":"Nomination de l\u2019\u00e9quipe canadienne de patinage artistique pour PyeongChang 2018"},"content":{"rendered":"<p>VANCOUVER (14 janvier 2018) \u2014 Le Comit\u00e9 olympique canadien (COC) et Patinage Canada ont officiellement annonc\u00e9 les noms des 17 athl\u00e8tes et des 12 entra\u00eeneurs d\u00e9sign\u00e9s pour repr\u00e9senter \u00c9quipe Canada en patinage artistique aux Jeux olympiques d\u2019hiver de PyeongChang\u00a02018.<\/p>\n<p><strong>\u00c0 T\u00c9L\u00c9CHARGER\u00a0:<\/strong> <a href=\"https:\/\/images.olympic.ca\/bp\/#\/folder\/3358684\/\">Photos de l\u2019\u00e9quipe en haute r\u00e9solution aux fins \u00e9ditoriales<\/a><\/p>\n<p>Les athl\u00e8tes se sont qualifi\u00e9s selon leurs performances au cours des saisons 2016\u20112017 et 2017\u20112018, ainsi que selon les r\u00e9sultats des Championnats nationaux de patinage Canadian\u00a0Tire 2018.<\/p>\n<p>Les athl\u00e8tes nomm\u00e9s en patinage artistique sont\u00a0:<\/p>\n<table width=\"404\">\n<tbody>\n<tr>\n<td width=\"133\"><strong>Nom<\/strong><\/td>\n<td width=\"113\"><strong>\u00c9preuve<\/strong><\/td>\n<td width=\"157\"><strong>Ville d\u2019attache<\/strong><\/td>\n<\/tr>\n<tr>\n<td width=\"133\"><a href=\"https:\/\/develop.olympic.ca\/olympique\/team-canada\/patrick-chan\/\">Patrick Chan<\/a><\/td>\n<td width=\"113\">Simple, hommes<\/td>\n<td width=\"157\">Toronto (Ont.)<\/td>\n<\/tr>\n<tr>\n<td width=\"133\"><a href=\"https:\/\/wp.me\/p3DwGH-yRV\">Keegan Messing<\/a><\/td>\n<td width=\"113\">Simple, hommes<\/td>\n<td width=\"157\">Sherwood Park (Alb.) \/<\/p>\n<p>Brampton (Ont.)<\/td>\n<\/tr>\n<tr>\n<td width=\"133\"><a href=\"https:\/\/develop.olympic.ca\/olympique\/team-canada\/gabrielle-daleman\/\">Gabrielle Daleman<\/a><\/td>\n<td width=\"113\">Simple, femmes<\/td>\n<td width=\"157\">Newmarket (Ont.)<\/td>\n<\/tr>\n<tr>\n<td width=\"133\"><a href=\"https:\/\/develop.olympic.ca\/olympique\/team-canada\/kaetlyn-osmond\/\">Kaetlyn Osmond<\/a><\/td>\n<td width=\"113\">Simple, femmes<\/td>\n<td width=\"157\">Sherwood Park (Alb.) \/<br \/>\nMarystown (T.-N.)<\/td>\n<\/tr>\n<tr>\n<td width=\"133\"><a href=\"https:\/\/wp.me\/p3DwGH-ySl\">Larkyn Austman<\/a><\/td>\n<td width=\"113\">Simple, femmes<\/td>\n<td width=\"157\">Coquitlam (C.-B.)<\/td>\n<\/tr>\n<tr>\n<td width=\"133\"><a href=\"https:\/\/develop.olympic.ca\/olympique\/team-canada\/meagan-duhamel\/\">Meagan Duhamel<\/a><\/td>\n<td width=\"113\">Couples<\/td>\n<td width=\"157\">Lively (Ont.)<\/td>\n<\/tr>\n<tr>\n<td width=\"133\"><a href=\"https:\/\/develop.olympic.ca\/olympique\/team-canada\/eric-radford\/\">Eric Radford<\/a><\/td>\n<td width=\"113\">Couples<\/td>\n<td width=\"157\">Balmertown (Ont.)<\/td>\n<\/tr>\n<tr>\n<td width=\"133\"><a href=\"https:\/\/wp.me\/p3DwGH-ySi\">Julianne S\u00e9guin<\/a><\/td>\n<td width=\"113\">Couples<\/td>\n<td width=\"157\">Longueuil (Qc)<\/td>\n<\/tr>\n<tr>\n<td width=\"133\"><a href=\"https:\/\/wp.me\/p3DwGH-ySc\">Charlie Bilodeau<\/a><\/td>\n<td width=\"113\">Couples<\/td>\n<td width=\"157\">Trois-Pistoles (Qc)<\/td>\n<\/tr>\n<tr>\n<td width=\"133\"><a href=\"https:\/\/wp.me\/p3DwGH-npo\">Kirsten Moore-Towers<\/a><\/td>\n<td width=\"113\">Couples<\/td>\n<td width=\"157\">St. Catharines (Ont.)<\/td>\n<\/tr>\n<tr>\n<td width=\"133\"><a href=\"https:\/\/wp.me\/p3DwGH-yS5\">Michael Marinaro<\/a><\/td>\n<td width=\"113\">Couples<\/td>\n<td width=\"157\">Sarnia (Ont.)<\/td>\n<\/tr>\n<tr>\n<td width=\"133\"><a href=\"https:\/\/develop.olympic.ca\/olympique\/team-canada\/tessa-virtue\/\">Tessa Virtue<\/a><\/td>\n<td width=\"113\">Danse sur glace<\/td>\n<td width=\"157\">London (Ont.)<\/td>\n<\/tr>\n<tr>\n<td width=\"133\"><a href=\"https:\/\/develop.olympic.ca\/olympique\/team-canada\/scott-moir\/\">Scott Moir<\/a><\/td>\n<td width=\"113\">Danse sur glace<\/td>\n<td width=\"157\">Ilderton (Ont.)<\/td>\n<\/tr>\n<tr>\n<td width=\"133\"><a href=\"https:\/\/wp.me\/p3DwGH-ywG\">Piper Gilles<\/a><\/td>\n<td width=\"113\">Danse sur glace<\/td>\n<td width=\"157\">Toronto (Ont.)<\/td>\n<\/tr>\n<tr>\n<td width=\"133\"><a href=\"https:\/\/develop.olympic.ca\/olympique\/team-canada\/paul-poirier\/\">Paul Poirier<\/a><\/td>\n<td width=\"113\">Danse sur glace<\/td>\n<td width=\"157\">Unionville (Ont.)<\/td>\n<\/tr>\n<tr>\n<td width=\"133\"><a href=\"https:\/\/develop.olympic.ca\/team-canada\/kaitlyn-weaver\/\">Kaitlyn Weaver<\/a><\/td>\n<td width=\"113\">Danse sur glace<\/td>\n<td width=\"157\">Toronto (Ont.)<\/td>\n<\/tr>\n<tr>\n<td width=\"133\"><a href=\"https:\/\/develop.olympic.ca\/olympique\/team-canada\/andrew-poje\/\">Andrew Poje<\/a><\/td>\n<td width=\"113\">Danse sur glace<\/td>\n<td width=\"157\">Waterloo (Ont.)<\/td>\n<\/tr>\n<\/tbody>\n<\/table>\n<p>Les entra\u00eeneurs nomm\u00e9s sont\u00a0:<\/p>\n<table>\n<tbody>\n<tr>\n<td width=\"148\"><strong>Nom<\/strong><\/td>\n<td width=\"105\"><strong>Poste<\/strong><\/td>\n<td width=\"184\"><strong>Ville d\u2019attache<\/strong><\/td>\n<\/tr>\n<tr>\n<td width=\"148\">Lee Barkell<\/td>\n<td width=\"105\">Entra\u00eeneur<\/td>\n<td width=\"184\">Kirkland Lake (Ont.)<\/td>\n<\/tr>\n<tr>\n<td width=\"148\">Ralph Burghart<\/td>\n<td width=\"105\">Entra\u00eeneur<\/td>\n<td width=\"184\">Vienne, Autriche<\/td>\n<\/tr>\n<tr>\n<td width=\"148\">Marie-France Dubreuil<\/td>\n<td width=\"105\">Entra\u00eeneure<\/td>\n<td width=\"184\">Sainte-Catherine (Qc)<\/td>\n<\/tr>\n<tr>\n<td width=\"148\">Oleg Epstein<\/td>\n<td width=\"105\">Entra\u00eeneur<\/td>\n<td width=\"184\">Chicago (Illinois), \u00c9.-U.<\/td>\n<\/tr>\n<tr>\n<td width=\"148\">Richard Gauthier<\/td>\n<td width=\"105\">Entra\u00eeneur<\/td>\n<td width=\"184\">Mont-Tremblant (Qc)<\/td>\n<\/tr>\n<tr>\n<td width=\"148\">Patrice Lauzon<\/td>\n<td width=\"105\">Entra\u00eeneur<\/td>\n<td width=\"184\">Boisbriand (Qc)<\/td>\n<\/tr>\n<tr>\n<td width=\"148\">Bruno Marcotte<\/td>\n<td width=\"105\">Entra\u00eeneur<\/td>\n<td width=\"184\">Beloeil (Qc)<\/td>\n<\/tr>\n<tr>\n<td width=\"148\">Nikolai Morozov<\/td>\n<td width=\"105\">Entra\u00eeneur<\/td>\n<td width=\"184\">Edgewater (New Jersey), \u00c9.-U.<\/td>\n<\/tr>\n<tr>\n<td width=\"148\">Zdenek Pazdirek<\/td>\n<td width=\"105\">Entra\u00eeneur<\/td>\n<td width=\"184\">Coquitlam (C.-B.)<\/td>\n<\/tr>\n<tr>\n<td width=\"148\">Jos\u00e9e Picard<\/td>\n<td width=\"105\">Entra\u00eeneure<\/td>\n<td width=\"184\">Hull (Qc)<\/td>\n<\/tr>\n<tr>\n<td width=\"148\">Juris Razgulajevs<\/td>\n<td width=\"105\">Entra\u00eeneur<\/td>\n<td width=\"184\">Riga, Lettonie<\/td>\n<\/tr>\n<tr>\n<td width=\"148\">Ravi Walia<\/td>\n<td width=\"105\">Entra\u00eeneur<\/td>\n<td width=\"184\">Vancouver (C.-B.)<\/td>\n<\/tr>\n<\/tbody>\n<\/table>\n<p>Le patinage artistique est un des sports dans lesquels le Canada a remport\u00e9 le plus de succ\u00e8s aux Jeux olympiques d\u2019hiver. Depuis 1924, les patineurs canadiens ont d\u00e9croch\u00e9 25 m\u00e9dailles, dont quatre d\u2019or.<\/p>\n<p>L\u2019\u00e9quipe qui se rendra \u00e0 PyeongChang a connu un \u00e9norme succ\u00e8s au cours des derni\u00e8res ann\u00e9es. Tessa Virtue et Scott Moir, m\u00e9daill\u00e9s d\u2019or de Vancouver\u00a02010, sont revenus l\u2019an dernier d\u2019une pause de deux ans pour remporter leur troisi\u00e8me titre mondial. Pendant leur absence, Kaitlyn Weaver et Andrew Poje ont obtenu deux m\u00e9dailles aux Championnats du monde. Kaetlyn Osmond et Gabrielle Daleman sont devenues, en 2017, les premi\u00e8res femmes canadiennes \u00e0 partager un podium aux Championnats du monde quand elles ont remport\u00e9 l\u2019argent et le bronze. Quant \u00e0 eux, Meagan Duhamel et Eric Radford ont remport\u00e9 deux titres mondiaux cons\u00e9cutifs en 2015 et 2016. Enfin, Patrick Chan, triple champion du monde, prend le chemin des Jeux fort d\u2019un 10<sup>e<\/sup>\u00a0titre national record.<\/p>\n<p>Comptant 17 athl\u00e8tes, l\u2019\u00e9quipe de patinage artistique du Canada est la plus importante, tous pays confondus, \u00e0 s\u2019\u00eatre qualifi\u00e9e pour PyeongChang\u00a02018. Les \u00e9preuves de patinage artistique auront lieu du 9 au 23 f\u00e9vrier (jours 0 \u00e0 14) au Palais des glaces de Gangneung.<\/p>\n<p><strong>CITATIONS\u00a0:<\/strong><\/p>\n<p>\u00ab\u00a0Je suis impressionn\u00e9e par le talent de cette \u00e9quipe, qui regroupe un grand nombre de solides pr\u00e9tendants au podium. Nous avons de grands espoirs pour eux \u00e0 l\u2019approche des Jeux. F\u00e9licitations \u00e0 tous les athl\u00e8tes nomm\u00e9s. Nous leur souhaitons la meilleure des chances tandis qu\u2019ils entreprennent les derni\u00e8res \u00e9tapes de leur pr\u00e9paration.\u00a0\u00bb<\/p>\n<p>&#8211; Isabelle Charest, chef de mission d\u2019\u00c9quipe Canada \u00e0 PyeongChang 2018<\/p>\n<p>\u00ab\u00a0Tessa et moi sommes honor\u00e9s de repr\u00e9senter le Canada \u00e0 nos troisi\u00e8mes Jeux olympiques. Particuli\u00e8rement, c\u2019est un privil\u00e8ge d\u2019\u00eatre nomm\u00e9s au sein de ce groupe de patineurs. Nous avons grandi ensemble et nous vivrons aussi de grands moments lorsque nous mettrons les pieds sur la glace et rivaliserons pour l\u2019or. Nous sommes impatients d\u2019entrer \u00e0 nouveau dans l\u2019esprit olympique et d\u2019encourager nos co\u00e9quipiers \u00e0 PyeongChang.\u00a0\u00bb<\/p>\n<p>&#8211; Scott Moir, athl\u00e8te nomm\u00e9 pour PyeongChang\u00a02018<\/p>\n<p>\u00ab\u00a0Je suis vraiment heureuse d\u2019avoir \u00e9t\u00e9 nomm\u00e9e \u00e0 l\u2019\u00c9quipe olympique pour une deuxi\u00e8me fois. Porter les couleurs du Canada est toujours une source de fiert\u00e9, et ce sera un immense honneur de le faire sur la plus grande sc\u00e8ne sportive internationale. Notre \u00e9quipe enti\u00e8re a travaill\u00e9 avec acharnement pour \u00eatre la meilleure, et je sais que les Canadiens d\u2019un bout \u00e0 l\u2019autre du pays nous encouragerons de tout c\u0153ur alors que nous rivaliserons contre le reste du monde.\u00a0\u00bb<\/p>\n<p>&#8211; Gabrielle Daleman, athl\u00e8te nomm\u00e9e pour PyeongChang 2018<\/p>\n<p>\u00ab\u00a0Le patinage artistique est l\u2019une des disciplines olympiques les plus suivies, et ce n\u2019est pas surprenant. Les nouveaux membres de l\u2019\u00e9quipe ont bien l\u2019intention de briller \u00e0 PyeongChang aux c\u00f4t\u00e9s des anciens champions. Alors que les patineurs danseront, tournoieront et sauteront, les admirateurs canadiens rest\u00e9s au pays les encourageront dans leur qu\u00eate d\u2019un podium. Allez Canada!\u00a0\u00bb<\/p>\n<p>&#8211; L\u2019honorable Kent\u00a0Hehr, ministre des Sports et des Personnes handicap\u00e9es<\/p>\n<p>Avant d\u2019\u00eatre d\u00e9sign\u00e9s au sein de la formation d\u00e9finitive de l\u2019\u00c9quipe olympique canadienne, les athl\u00e8tes nomm\u00e9s de fa\u00e7on provisoire doivent voir leur nomination approuver par le comit\u00e9 de s\u00e9lection de l\u2019\u00e9quipe du COC apr\u00e8s la r\u00e9ception de l\u2019ensemble des nominations de la part de toutes les f\u00e9d\u00e9rations nationales de sport \u00e0 la fin janvier 2018.<\/p>\n<p style=\"text-align:center;\">-30-<strong>\u00a0<\/strong><\/p>\n<p><strong>CONTACTS POUR LES M\u00c9DIAS\u00a0:<\/strong><\/p>\n<p>Emma Bowie, gestionnaire des communications<br \/>\nPatinage Canada<br \/>\nT\u00e9l.\u00a0: 613\u00a0747-1007, poste 2547 \/ Cell.\u00a0: 613\u00a0914-2607<br \/>\nCourriel\u00a0: <a href=\"mailto:ebowie@skatecanada.ca\">ebowie@skatecanada.ca<\/a><\/p>\n<p>Josh Su, coordonnateur, Communications<br \/>\nComit\u00e9 olympique canadien<br \/>\nT\u00e9l.\u00a0: 416\u00a0324-4303 \/ Cell.\u00a0: 647\u00a0464-4060<br \/>\nCourriel\u00a0: <a href=\"mailto:jsu@olympic.ca\">jsu@olympique.ca<\/a><\/p>\n<p>Photi Sotiropoulos, directeur, Communications et relations m\u00e9diatiques<br \/>\nComit\u00e9 olympique canadien<br \/>\nT\u00e9l.\u00a0: 416\u00a0324-4298 \/ Cell.\u00a0: 416\u00a0476-9174<br \/>\nCourriel\u00a0: <a href=\"mailto:psotiropoulos@olympic.ca\">psotiropoulos@olympique.ca<\/a><\/p>\n","protected":false},"excerpt":{"rendered":"<p>VANCOUVER (14 janvier 2018) \u2014 Le Comit\u00e9 olympique canadien (COC) et Patinage Canada ont officiellement annonc\u00e9 les noms des 17&#8230;<\/p>\n","protected":false},"featured_media":134070,"template":"","format":"standard","tags":[],"type-of-press":[496138],"press-topic":[415985202],"years":[415985510],"class_list":["post-134044","press","type-press","status-publish","format-standard","has-post-thumbnail","hentry","type-of-press-communiques","press-topic-pyeongchang-2018","years-415985510"],"acf":[],"yoast_head":"<!-- This site is optimized with the Yoast SEO plugin v27.3 - https:\/\/yoast.com\/product\/yoast-seo-wordpress\/ -->\n<title>Nomination de l\u2019\u00e9quipe canadienne de patinage artistique pour PyeongChang 2018 - \u00c9quipe Canada | Site officiel de l&#039;\u00e9quipe olympique<\/title>\n<meta name=\"robots\" content=\"index, follow, max-snippet:-1, max-image-preview:large, max-video-preview:-1\" \/>\n<link rel=\"canonical\" href=\"https:\/\/develop.olympic.ca\/olympique\/presse\/nomination-de-lequipe-canadienne-de-patinage-artistique-pour-pyeongchang-2018-2\/\" \/>\n<meta property=\"og:locale\" content=\"fr_FR\" \/>\n<meta property=\"og:type\" content=\"article\" \/>\n<meta property=\"og:title\" content=\"Nomination de l\u2019\u00e9quipe canadienne de patinage artistique pour PyeongChang 2018 - \u00c9quipe Canada | Site officiel de l&#039;\u00e9quipe olympique\" \/>\n<meta property=\"og:description\" content=\"VANCOUVER (14 janvier 2018) \u2014 Le Comit\u00e9 olympique canadien (COC) et Patinage Canada ont officiellement annonc\u00e9 les noms des 17...\" \/>\n<meta property=\"og:url\" content=\"https:\/\/develop.olympic.ca\/olympique\/presse\/nomination-de-lequipe-canadienne-de-patinage-artistique-pour-pyeongchang-2018-2\/\" \/>\n<meta property=\"og:site_name\" content=\"\u00c9quipe Canada | Site officiel de l&#039;\u00e9quipe olympique\" \/>\n<meta property=\"article:modified_time\" content=\"2018-01-14T22:28:41+00:00\" \/>\n<meta property=\"og:image\" content=\"https:\/\/develop.olympic.ca\/olympique\/wp-content\/uploads\/sites\/2\/2018\/01\/pye_figure-skating_header1.jpg?quality=100\" \/>\n\t<meta property=\"og:image:width\" content=\"1340\" \/>\n\t<meta property=\"og:image:height\" content=\"754\" \/>\n\t<meta property=\"og:image:type\" content=\"image\/jpeg\" \/>\n<meta name=\"twitter:card\" content=\"summary_large_image\" \/>\n<meta name=\"twitter:label1\" content=\"Est. reading time\" \/>\n\t<meta name=\"twitter:data1\" content=\"5 minutes\" \/>\n\t<meta name=\"twitter:label2\" content=\"Written by\" \/>\n\t<meta name=\"twitter:data2\" content=\"joshsu\" \/>\n<script type=\"application\/ld+json\" class=\"yoast-schema-graph\">{\"@context\":\"https:\\\/\\\/schema.org\",\"@graph\":[{\"@type\":\"WebPage\",\"@id\":\"https:\\\/\\\/develop.olympic.ca\\\/olympique\\\/presse\\\/nomination-de-lequipe-canadienne-de-patinage-artistique-pour-pyeongchang-2018-2\\\/\",\"url\":\"https:\\\/\\\/develop.olympic.ca\\\/olympique\\\/presse\\\/nomination-de-lequipe-canadienne-de-patinage-artistique-pour-pyeongchang-2018-2\\\/\",\"name\":\"Nomination de l\u2019\u00e9quipe canadienne de patinage artistique pour PyeongChang 2018 - \u00c9quipe Canada | Site officiel de l&#039;\u00e9quipe olympique\",\"isPartOf\":{\"@id\":\"https:\\\/\\\/develop.olympic.ca\\\/olympique\\\/#website\"},\"primaryImageOfPage\":{\"@id\":\"https:\\\/\\\/develop.olympic.ca\\\/olympique\\\/presse\\\/nomination-de-lequipe-canadienne-de-patinage-artistique-pour-pyeongchang-2018-2\\\/#primaryimage\"},\"image\":{\"@id\":\"https:\\\/\\\/develop.olympic.ca\\\/olympique\\\/presse\\\/nomination-de-lequipe-canadienne-de-patinage-artistique-pour-pyeongchang-2018-2\\\/#primaryimage\"},\"thumbnailUrl\":\"https:\\\/\\\/develop.olympic.ca\\\/olympique\\\/wp-content\\\/uploads\\\/sites\\\/2\\\/2018\\\/01\\\/pye_figure-skating_header1.jpg?quality=100\",\"datePublished\":\"2018-01-14T16:00:52+00:00\",\"dateModified\":\"2018-01-14T22:28:41+00:00\",\"inLanguage\":\"fr-FR\",\"potentialAction\":[{\"@type\":\"ReadAction\",\"target\":[\"https:\\\/\\\/develop.olympic.ca\\\/olympique\\\/presse\\\/nomination-de-lequipe-canadienne-de-patinage-artistique-pour-pyeongchang-2018-2\\\/\"]}]},{\"@type\":\"ImageObject\",\"inLanguage\":\"fr-FR\",\"@id\":\"https:\\\/\\\/develop.olympic.ca\\\/olympique\\\/presse\\\/nomination-de-lequipe-canadienne-de-patinage-artistique-pour-pyeongchang-2018-2\\\/#primaryimage\",\"url\":\"https:\\\/\\\/develop.olympic.ca\\\/olympique\\\/wp-content\\\/uploads\\\/sites\\\/2\\\/2018\\\/01\\\/pye_figure-skating_header1.jpg?quality=100\",\"contentUrl\":\"https:\\\/\\\/develop.olympic.ca\\\/olympique\\\/wp-content\\\/uploads\\\/sites\\\/2\\\/2018\\\/01\\\/pye_figure-skating_header1.jpg?quality=100\",\"width\":1340,\"height\":754},{\"@type\":\"WebSite\",\"@id\":\"https:\\\/\\\/develop.olympic.ca\\\/olympique\\\/#website\",\"url\":\"https:\\\/\\\/develop.olympic.ca\\\/olympique\\\/\",\"name\":\"\u00c9quipe Canada | Site officiel de l&#039;\u00e9quipe olympique\",\"description\":\"Votre source pour l\u2019\u00c9quipe olympique canadienne. Retrouvez les r\u00e9cits, vid\u00e9os et photos des athl\u00e8tes canadiens, sports olympiques, Jeux olympiques de 2020 et bien plus!\",\"potentialAction\":[{\"@type\":\"SearchAction\",\"target\":{\"@type\":\"EntryPoint\",\"urlTemplate\":\"https:\\\/\\\/develop.olympic.ca\\\/olympique\\\/?s={search_term_string}\"},\"query-input\":{\"@type\":\"PropertyValueSpecification\",\"valueRequired\":true,\"valueName\":\"search_term_string\"}}],\"inLanguage\":\"fr-FR\"}]}<\/script>\n<!-- \/ Yoast SEO plugin. -->","yoast_head_json":{"title":"Nomination de l\u2019\u00e9quipe canadienne de patinage artistique pour PyeongChang 2018 - \u00c9quipe Canada | Site officiel de l&#039;\u00e9quipe olympique","robots":{"index":"index","follow":"follow","max-snippet":"max-snippet:-1","max-image-preview":"max-image-preview:large","max-video-preview":"max-video-preview:-1"},"canonical":"https:\/\/develop.olympic.ca\/olympique\/presse\/nomination-de-lequipe-canadienne-de-patinage-artistique-pour-pyeongchang-2018-2\/","og_locale":"fr_FR","og_type":"article","og_title":"Nomination de l\u2019\u00e9quipe canadienne de patinage artistique pour PyeongChang 2018 - \u00c9quipe Canada | Site officiel de l&#039;\u00e9quipe olympique","og_description":"VANCOUVER (14 janvier 2018) \u2014 Le Comit\u00e9 olympique canadien (COC) et Patinage Canada ont officiellement annonc\u00e9 les noms des 17...","og_url":"https:\/\/develop.olympic.ca\/olympique\/presse\/nomination-de-lequipe-canadienne-de-patinage-artistique-pour-pyeongchang-2018-2\/","og_site_name":"\u00c9quipe Canada | Site officiel de l&#039;\u00e9quipe olympique","article_modified_time":"2018-01-14T22:28:41+00:00","og_image":[{"width":1340,"height":754,"url":"https:\/\/develop.olympic.ca\/olympique\/wp-content\/uploads\/sites\/2\/2018\/01\/pye_figure-skating_header1.jpg?quality=100","type":"image\/jpeg"}],"twitter_card":"summary_large_image","twitter_misc":{"Est. reading time":"5 minutes","Written by":"joshsu"},"schema":{"@context":"https:\/\/schema.org","@graph":[{"@type":"WebPage","@id":"https:\/\/develop.olympic.ca\/olympique\/presse\/nomination-de-lequipe-canadienne-de-patinage-artistique-pour-pyeongchang-2018-2\/","url":"https:\/\/develop.olympic.ca\/olympique\/presse\/nomination-de-lequipe-canadienne-de-patinage-artistique-pour-pyeongchang-2018-2\/","name":"Nomination de l\u2019\u00e9quipe canadienne de patinage artistique pour PyeongChang 2018 - \u00c9quipe Canada | Site officiel de l&#039;\u00e9quipe olympique","isPartOf":{"@id":"https:\/\/develop.olympic.ca\/olympique\/#website"},"primaryImageOfPage":{"@id":"https:\/\/develop.olympic.ca\/olympique\/presse\/nomination-de-lequipe-canadienne-de-patinage-artistique-pour-pyeongchang-2018-2\/#primaryimage"},"image":{"@id":"https:\/\/develop.olympic.ca\/olympique\/presse\/nomination-de-lequipe-canadienne-de-patinage-artistique-pour-pyeongchang-2018-2\/#primaryimage"},"thumbnailUrl":"https:\/\/develop.olympic.ca\/olympique\/wp-content\/uploads\/sites\/2\/2018\/01\/pye_figure-skating_header1.jpg?quality=100","datePublished":"2018-01-14T16:00:52+00:00","dateModified":"2018-01-14T22:28:41+00:00","inLanguage":"fr-FR","potentialAction":[{"@type":"ReadAction","target":["https:\/\/develop.olympic.ca\/olympique\/presse\/nomination-de-lequipe-canadienne-de-patinage-artistique-pour-pyeongchang-2018-2\/"]}]},{"@type":"ImageObject","inLanguage":"fr-FR","@id":"https:\/\/develop.olympic.ca\/olympique\/presse\/nomination-de-lequipe-canadienne-de-patinage-artistique-pour-pyeongchang-2018-2\/#primaryimage","url":"https:\/\/develop.olympic.ca\/olympique\/wp-content\/uploads\/sites\/2\/2018\/01\/pye_figure-skating_header1.jpg?quality=100","contentUrl":"https:\/\/develop.olympic.ca\/olympique\/wp-content\/uploads\/sites\/2\/2018\/01\/pye_figure-skating_header1.jpg?quality=100","width":1340,"height":754},{"@type":"WebSite","@id":"https:\/\/develop.olympic.ca\/olympique\/#website","url":"https:\/\/develop.olympic.ca\/olympique\/","name":"\u00c9quipe Canada | Site officiel de l&#039;\u00e9quipe olympique","description":"Votre source pour l\u2019\u00c9quipe olympique canadienne. Retrouvez les r\u00e9cits, vid\u00e9os et photos des athl\u00e8tes canadiens, sports olympiques, Jeux olympiques de 2020 et bien plus!","potentialAction":[{"@type":"SearchAction","target":{"@type":"EntryPoint","urlTemplate":"https:\/\/develop.olympic.ca\/olympique\/?s={search_term_string}"},"query-input":{"@type":"PropertyValueSpecification","valueRequired":true,"valueName":"search_term_string"}}],"inLanguage":"fr-FR"}]}},"jetpack_sharing_enabled":true,"_links":{"self":[{"href":"https:\/\/develop.olympic.ca\/olympique\/wp-json\/wp\/v2\/press\/134044","targetHints":{"allow":["GET"]}}],"collection":[{"href":"https:\/\/develop.olympic.ca\/olympique\/wp-json\/wp\/v2\/press"}],"about":[{"href":"https:\/\/develop.olympic.ca\/olympique\/wp-json\/wp\/v2\/types\/press"}],"version-history":[{"count":1,"href":"https:\/\/develop.olympic.ca\/olympique\/wp-json\/wp\/v2\/press\/134044\/revisions"}],"predecessor-version":[{"id":134068,"href":"https:\/\/develop.olympic.ca\/olympique\/wp-json\/wp\/v2\/press\/134044\/revisions\/134068"}],"wp:featuredmedia":[{"embeddable":true,"href":"https:\/\/develop.olympic.ca\/olympique\/wp-json\/wp\/v2\/media\/134070"}],"wp:attachment":[{"href":"https:\/\/develop.olympic.ca\/olympique\/wp-json\/wp\/v2\/media?parent=134044"}],"wp:term":[{"taxonomy":"post_tag","embeddable":true,"href":"https:\/\/develop.olympic.ca\/olympique\/wp-json\/wp\/v2\/tags?post=134044"},{"taxonomy":"type-of-press","embeddable":true,"href":"https:\/\/develop.olympic.ca\/olympique\/wp-json\/wp\/v2\/type-of-press?post=134044"},{"taxonomy":"press-topic","embeddable":true,"href":"https:\/\/develop.olympic.ca\/olympique\/wp-json\/wp\/v2\/press-topic?post=134044"},{"taxonomy":"years","embeddable":true,"href":"https:\/\/develop.olympic.ca\/olympique\/wp-json\/wp\/v2\/years?post=134044"}],"curies":[{"name":"wp","href":"https:\/\/api.w.org\/{rel}","templated":true}]}}