{"id":134196,"date":"2018-01-16T12:00:27","date_gmt":"2018-01-16T17:00:27","guid":{"rendered":"http:\/\/develop.olympic.ca\/olympique\/?post_type=press&#038;p=134196"},"modified":"2018-01-16T14:48:13","modified_gmt":"2018-01-16T19:48:13","slug":"nomination-de-lequipe-canadienne-de-biathlon-pour-pyeongchang-2018","status":"publish","type":"press","link":"https:\/\/develop.olympic.ca\/olympique\/presse\/nomination-de-lequipe-canadienne-de-biathlon-pour-pyeongchang-2018\/","title":{"rendered":"Nomination de l\u2019\u00e9quipe canadienne de biathlon pour PyeongChang 2018"},"content":{"rendered":"<p>CALGARY (16 janvier 2018) \u2014\u00a0Le Comit\u00e9 olympique canadien (COC) et Biathlon Canada ont annonc\u00e9 officiellement, aujourd\u2019hui, les noms des dix athl\u00e8tes et des deux entra\u00eeneurs d\u00e9sign\u00e9s pour repr\u00e9senter \u00c9quipe Canada en <a href=\"https:\/\/develop.olympic.ca\/olympique\/sports\/biathlon\/\">biathlon<\/a> aux Jeux olympiques d\u2019hiver de PyeongChang 2018.<\/p>\n<p><strong>T\u00c9L\u00c9CHARGER\u00a0: <\/strong><a href=\"https:\/\/images.olympic.ca\/bp\/#\/folder\/3359864\/\">Photos de l\u2019\u00e9quipe en haute r\u00e9solution aux fins \u00e9ditoriales<\/a><\/p>\n<p>Les performances enregistr\u00e9es par les athl\u00e8tes canadiens au cours de la saison 2016\u20112017 de la Coupe du monde de l\u2019IBU ont procur\u00e9 au Canada dix places en biathlon pour PyeongChang 2018. Les biathloniens ont \u00e9t\u00e9 s\u00e9lectionn\u00e9s pour faire partie de l\u2019\u00e9quipe en fonction de leurs r\u00e9sultats au cours des saisons 2016\u20112017 et 2017\u20112018 de la Coupe du monde de l\u2019IBU.<\/p>\n<p>Les biathloniens nomm\u00e9s pour les Jeux sont\u00a0:<\/p>\n<table>\n<tbody>\n<tr>\n<td width=\"134\"><strong>Nom<\/strong><\/td>\n<td width=\"179\"><strong>Ville d\u2019attache<\/strong><\/td>\n<\/tr>\n<tr>\n<td width=\"134\"><a href=\"https:\/\/wp.me\/p3DwGH-yV1\">Sarah Beaudry<\/a><\/td>\n<td width=\"179\">Prince George (C.-B.)<\/td>\n<\/tr>\n<tr>\n<td width=\"134\"><a href=\"https:\/\/develop.olympic.ca\/olympique\/team-canada\/rosanna-crawford\/\">Rosanna Crawford<\/a><\/td>\n<td width=\"179\">Canmore (Alb.)<\/td>\n<\/tr>\n<tr>\n<td width=\"134\"><a href=\"https:\/\/wp.me\/p3DwGH-ywn\">Macx Davies<\/a><\/td>\n<td width=\"179\">Canmore (Alb.)<\/td>\n<\/tr>\n<tr>\n<td width=\"134\"><a href=\"https:\/\/wp.me\/p3DwGH-ywo\">Christian Gow<\/a><\/td>\n<td width=\"179\">Calgary (Alb.)<\/td>\n<\/tr>\n<tr>\n<td width=\"134\"><a href=\"https:\/\/wp.me\/p3DwGH-ywp\">Scott Gow<\/a><\/td>\n<td width=\"179\">Calgary (Alb.)<\/td>\n<\/tr>\n<tr>\n<td width=\"134\"><a href=\"https:\/\/wp.me\/p3DwGH-3m2\">Brendan Green<\/a><\/td>\n<td width=\"179\">Hay River (T.N.-O.)<\/td>\n<\/tr>\n<tr>\n<td width=\"134\"><a href=\"https:\/\/wp.me\/p3DwGH-ywq\">Emma Lunder<\/a><\/td>\n<td width=\"179\">Vernon (C.-B.)<\/td>\n<\/tr>\n<tr>\n<td width=\"134\"><a href=\"https:\/\/wp.me\/p3DwGH-yV6\">Julia Ransom<\/a><\/td>\n<td width=\"179\">Kelowna (C.-B.)<\/td>\n<\/tr>\n<tr>\n<td width=\"134\"><a href=\"https:\/\/wp.me\/p3DwGH-neH\">Nathan Smith<\/a><\/td>\n<td width=\"179\">Calgary (Alb.)<\/td>\n<\/tr>\n<tr>\n<td width=\"134\"><a href=\"https:\/\/wp.me\/p3DwGH-3mq\">Megan Tandy<\/a><\/td>\n<td width=\"179\">Prince George (C.-B.)<\/td>\n<\/tr>\n<\/tbody>\n<\/table>\n<p>Les entra\u00eeneurs nomm\u00e9s sont\u00a0:<\/p>\n<table>\n<tbody>\n<tr>\n<td width=\"132\"><strong>Nom<\/strong><\/td>\n<td width=\"156\"><strong>Poste<\/strong><\/td>\n<td width=\"180\"><strong>Ville d\u2019attache<\/strong><\/td>\n<\/tr>\n<tr>\n<td width=\"132\">Matthias Ahrens<\/td>\n<td width=\"156\">Entra\u00eeneur-chef de l\u2019\u00e9quipe nationale<\/td>\n<td width=\"180\">Canmore (Alb.)<\/td>\n<\/tr>\n<tr>\n<td width=\"132\">Roddy Ward<\/td>\n<td width=\"156\">Entra\u00eeneur de l\u2019\u00e9quipe nationale f\u00e9minine<\/td>\n<td width=\"180\">Canmore (Alb.)<\/td>\n<\/tr>\n<\/tbody>\n<\/table>\n<p>Rosanna Crawford, double olympienne, est l\u2019athl\u00e8te qui compte le plus d\u2019exp\u00e9rience au sein de l\u2019\u00e9quipe f\u00e9minine. Elle semble en superbe forme derni\u00e8rement, apr\u00e8s une 3<sup>e<\/sup> et une 4<sup>e<\/sup> places \u00e0 la cinqui\u00e8me \u00e9tape de la Coupe du monde qui a eu lieu la fin de semaine derni\u00e8re \u00e0 Ruhpolding, en Allemagne. Elle a uni ses forces \u00e0 Julia Ransom, Megan Tandy et Emma Lunder pour obtenir une 8<sup>e<\/sup>\u00a0place au relais \u00e0 l\u2019\u00e9preuve test des Jeux olympiques. Sarah Beaudry, Crawford, Lunder et Ransom ont toutes r\u00e9alis\u00e9 des records personnels sur le circuit de la Coupe du monde cette saison-ci.<\/p>\n<p>Au nombre de l\u2019\u00e9quipe des hommes, on trouve des athl\u00e8tes qui en seront \u00e0 leurs premiers Jeux olympiques et des olympiens d\u2019exp\u00e9rience. En 2016, Brendan Green, double olympien, et Nathan Smith, olympien de Sotchi 2014, se sont joints aux fr\u00e8res Gow pour \u00e9crire une page d\u2019histoire quand ils ont remport\u00e9 le bronze au relais; il s\u2019agissait de la toute premi\u00e8re m\u00e9daille de relais du Canada aux Championnats du monde de l\u2019IBU. L\u2019ann\u00e9e pr\u00e9c\u00e9dente, Smith \u00e9tait devenu le premier biathlonien canadien \u00e0 gagner une m\u00e9daille aux Championnats du monde, l\u2019argent au sprint de 10\u00a0km. Il est aussi le deuxi\u00e8me Canadien \u00e0 grimper sur un podium de la Coupe du monde apr\u00e8s avoir remport\u00e9 l\u2019or \u00e0 la poursuite de 12,5\u00a0km.<\/p>\n<p>Au cours des deux derni\u00e8res saisons, les fr\u00e8res Gow ont gravi les \u00e9chelons du classement de l\u2019IBU tout en inscrivant des records personnels. Smith a manqu\u00e9 la majeure partie de la saison 2016-2017 en raison de la maladie, mais il est revenu avec suffisamment de force pour concourir \u00e0 l\u2019\u00e9preuve test olympique.<\/p>\n<p>Jusqu\u2019au 2 f\u00e9vrier, l\u2019\u00e9quipe participera \u00e0 une p\u00e9riode d\u2019entra\u00eenement \u00e0 Canmore (Alb.) avant de s\u2019envoler pour PyeongChang.<\/p>\n<p>Au total, le Canada a remport\u00e9 trois m\u00e9dailles en biathlon aux Jeux olympiques d\u2019hiver, la plus r\u00e9cente \u00e9tant \u00e0 Lillehammer 1994. \u00c0 Sotchi 2014, les biathloniens d\u2019\u00c9quipe Canada ont r\u00e9alis\u00e9 les meilleurs r\u00e9sultats olympiques \u00e0 ce jour pour le Canada \u00e0 l\u2019occasion de sept \u00e9preuves sur onze.<\/p>\n<p>Les \u00e9preuves de biathlon auront lieu du 10 au 23 f\u00e9vrier (aux jours 1 \u00e0 14) au Centre de biathlon d\u2019Alpensia.<\/p>\n<p><strong>CITATIONS\u00a0:<\/strong><\/p>\n<p>\u00ab\u00a0F\u00e9licitations aux biathloniens nomm\u00e9s aujourd\u2019hui pour repr\u00e9senter le Canada. Je suis tr\u00e8s emball\u00e9e par le niveau de talent dont fait preuve cette \u00e9quipe. J\u2019ai tr\u00e8s h\u00e2te de la voir affronter les pistes et montrer au reste du monde ce dont elle est capable.\u00a0\u00bb<\/p>\n<p>&#8211; Isabelle Charest, chef de mission d\u2019\u00c9quipe Canada \u00e0 PyeongChang 2018<\/p>\n<p>\u00ab\u00a0Je suis extr\u00eamement fi\u00e8re d\u2019\u00eatre en mesure de repr\u00e9senter le Canada \u00e0 mes troisi\u00e8mes Jeux olympiques! L\u2019\u00e9quipe a eu une tr\u00e8s belle saison jusqu\u2019\u00e0 pr\u00e9sent et j\u2019ai h\u00e2te de poursuivre sur cette lanc\u00e9e \u00e0 l\u2019occasion des Jeux!\u00a0\u00bb<\/p>\n<p>\u2013 Rosanna Crawford, athl\u00e8te nomm\u00e9e pour PyeongChang 2018<\/p>\n<p>\u00ab\u00a0C\u2019est un sentiment incroyable que d\u2019\u00eatre nomm\u00e9 \u00e0 l\u2019\u00c9quipe olympique canadienne. Je r\u00eave de ce jour depuis mes d\u00e9buts dans ce sport, en 2002, et maintenant que j\u2019y suis, le sentiment est indescriptible. J\u2019ai tellement donn\u00e9 de ma vie \u00e0 ce sport pour r\u00e9aliser cet objectif que je ne pourrais \u00eatre plus heureux de repr\u00e9senter le Canada \u00e0 ces Jeux olympiques.\u00a0\u00bb<\/p>\n<p>\u2013 Christian Gow, athl\u00e8te nomm\u00e9 pour PyeongChang 2018<\/p>\n<p>\u00ab\u00a0PyeongChang offre \u00e0 nos biathloniens une chance formidable de nous rendre fiers de notre pays. Ces athl\u00e8tes ne manqueront pas de saisir cette occasion. Rencontrez les membres de l\u2019\u00e9quipe et encouragez-les!\u00a0\u00bb<\/p>\n<p>\u2013 L\u2019honorable Kent Hehr, ministre des Sports et des Personnes handicap\u00e9es<\/p>\n<p>Avant d\u2019\u00eatre d\u00e9sign\u00e9s au sein de la formation d\u00e9finitive de l\u2019\u00c9quipe olympique canadienne, les athl\u00e8tes nomm\u00e9s de fa\u00e7on provisoire doivent voir leur nomination approuver par le comit\u00e9 de s\u00e9lection de l\u2019\u00e9quipe du COC apr\u00e8s la r\u00e9ception de l\u2019ensemble des nominations de la part de toutes les f\u00e9d\u00e9rations nationales de sport \u00e0 la fin janvier 2018.<\/p>\n<p style=\"text-align:center;\">-30-<strong>\u00a0<\/strong><\/p>\n<p><strong>CONTACTS POUR LES M\u00c9DIAS\u00a0:<\/strong><\/p>\n<p>Caroline Sharp, attach\u00e9e de presse \u00e0 PyeongChang 2018<br \/>\nBiathlon Canada<br \/>\nT\u00e9l.\u00a0: 613\u00a0323-5605<br \/>\nCourriel\u00a0: <a href=\"mailto:ed@fencingcanada.ca\">ed@fencingcanada.ca<\/a><\/p>\n<p>Josh Su, coordonnateur, Communications<br \/>\nComit\u00e9 olympique canadien<br \/>\nT\u00e9l.\u00a0: 416\u00a0324-4303 \/ Cell.\u00a0: 647\u00a0464-4060<br \/>\nCourriel\u00a0: <a href=\"mailto:jsu@olympic.ca\">jsu@olympique.ca<\/a><\/p>\n<p>Photi Sotiropoulos, directeur, Communications et relations avec les m\u00e9dias<br \/>\nComit\u00e9 olympique canadien<br \/>\nT\u00e9l.\u00a0: 416\u00a0324-4298 \/ Cell.\u00a0: 416\u00a0476-9174<br \/>\nCourriel\u00a0: <a href=\"mailto:psotiropoulos@olympic.ca\">psotiropoulos@olympique.ca<\/a><\/p>\n","protected":false},"excerpt":{"rendered":"<p>CALGARY (16 janvier 2018) \u2014\u00a0Le Comit\u00e9 olympique canadien (COC) et Biathlon Canada ont annonc\u00e9 officiellement, aujourd\u2019hui, les noms des dix&#8230;<\/p>\n","protected":false},"featured_media":134303,"template":"","format":"standard","tags":[],"type-of-press":[496138],"press-topic":[415985202],"years":[415985510],"class_list":["post-134196","press","type-press","status-publish","format-standard","has-post-thumbnail","hentry","type-of-press-communiques","press-topic-pyeongchang-2018","years-415985510"],"acf":[],"yoast_head":"<!-- This site is optimized with the Yoast SEO plugin v27.3 - https:\/\/yoast.com\/product\/yoast-seo-wordpress\/ -->\n<title>Nomination de l\u2019\u00e9quipe canadienne de biathlon pour PyeongChang 2018 - \u00c9quipe Canada | Site officiel de l&#039;\u00e9quipe olympique<\/title>\n<meta name=\"robots\" content=\"index, follow, max-snippet:-1, max-image-preview:large, max-video-preview:-1\" \/>\n<link rel=\"canonical\" href=\"https:\/\/develop.olympic.ca\/olympique\/presse\/nomination-de-lequipe-canadienne-de-biathlon-pour-pyeongchang-2018\/\" \/>\n<meta property=\"og:locale\" content=\"fr_FR\" \/>\n<meta property=\"og:type\" content=\"article\" \/>\n<meta property=\"og:title\" content=\"Nomination de l\u2019\u00e9quipe canadienne de biathlon pour PyeongChang 2018 - \u00c9quipe Canada | Site officiel de l&#039;\u00e9quipe olympique\" \/>\n<meta property=\"og:description\" content=\"CALGARY (16 janvier 2018) \u2014\u00a0Le Comit\u00e9 olympique canadien (COC) et Biathlon Canada ont annonc\u00e9 officiellement, aujourd\u2019hui, les noms des dix...\" \/>\n<meta property=\"og:url\" content=\"https:\/\/develop.olympic.ca\/olympique\/presse\/nomination-de-lequipe-canadienne-de-biathlon-pour-pyeongchang-2018\/\" \/>\n<meta property=\"og:site_name\" content=\"\u00c9quipe Canada | Site officiel de l&#039;\u00e9quipe olympique\" \/>\n<meta property=\"article:modified_time\" content=\"2018-01-16T19:48:13+00:00\" \/>\n<meta property=\"og:image\" content=\"https:\/\/develop.olympic.ca\/olympique\/wp-content\/uploads\/sites\/2\/2018\/01\/biathlon_header-2.jpg?quality=100\" \/>\n\t<meta property=\"og:image:width\" content=\"1340\" \/>\n\t<meta property=\"og:image:height\" content=\"754\" \/>\n\t<meta property=\"og:image:type\" content=\"image\/jpeg\" \/>\n<meta name=\"twitter:card\" content=\"summary_large_image\" \/>\n<meta name=\"twitter:label1\" content=\"Est. reading time\" \/>\n\t<meta name=\"twitter:data1\" content=\"5 minutes\" \/>\n\t<meta name=\"twitter:label2\" content=\"Written by\" \/>\n\t<meta name=\"twitter:data2\" content=\"joshsu\" \/>\n<script type=\"application\/ld+json\" class=\"yoast-schema-graph\">{\"@context\":\"https:\\\/\\\/schema.org\",\"@graph\":[{\"@type\":\"WebPage\",\"@id\":\"https:\\\/\\\/develop.olympic.ca\\\/olympique\\\/presse\\\/nomination-de-lequipe-canadienne-de-biathlon-pour-pyeongchang-2018\\\/\",\"url\":\"https:\\\/\\\/develop.olympic.ca\\\/olympique\\\/presse\\\/nomination-de-lequipe-canadienne-de-biathlon-pour-pyeongchang-2018\\\/\",\"name\":\"Nomination de l\u2019\u00e9quipe canadienne de biathlon pour PyeongChang 2018 - \u00c9quipe Canada | Site officiel de l&#039;\u00e9quipe olympique\",\"isPartOf\":{\"@id\":\"https:\\\/\\\/develop.olympic.ca\\\/olympique\\\/#website\"},\"primaryImageOfPage\":{\"@id\":\"https:\\\/\\\/develop.olympic.ca\\\/olympique\\\/presse\\\/nomination-de-lequipe-canadienne-de-biathlon-pour-pyeongchang-2018\\\/#primaryimage\"},\"image\":{\"@id\":\"https:\\\/\\\/develop.olympic.ca\\\/olympique\\\/presse\\\/nomination-de-lequipe-canadienne-de-biathlon-pour-pyeongchang-2018\\\/#primaryimage\"},\"thumbnailUrl\":\"https:\\\/\\\/develop.olympic.ca\\\/olympique\\\/wp-content\\\/uploads\\\/sites\\\/2\\\/2018\\\/01\\\/biathlon_header-2.jpg?quality=100\",\"datePublished\":\"2018-01-16T17:00:27+00:00\",\"dateModified\":\"2018-01-16T19:48:13+00:00\",\"inLanguage\":\"fr-FR\",\"potentialAction\":[{\"@type\":\"ReadAction\",\"target\":[\"https:\\\/\\\/develop.olympic.ca\\\/olympique\\\/presse\\\/nomination-de-lequipe-canadienne-de-biathlon-pour-pyeongchang-2018\\\/\"]}]},{\"@type\":\"ImageObject\",\"inLanguage\":\"fr-FR\",\"@id\":\"https:\\\/\\\/develop.olympic.ca\\\/olympique\\\/presse\\\/nomination-de-lequipe-canadienne-de-biathlon-pour-pyeongchang-2018\\\/#primaryimage\",\"url\":\"https:\\\/\\\/develop.olympic.ca\\\/olympique\\\/wp-content\\\/uploads\\\/sites\\\/2\\\/2018\\\/01\\\/biathlon_header-2.jpg?quality=100\",\"contentUrl\":\"https:\\\/\\\/develop.olympic.ca\\\/olympique\\\/wp-content\\\/uploads\\\/sites\\\/2\\\/2018\\\/01\\\/biathlon_header-2.jpg?quality=100\",\"width\":1340,\"height\":754},{\"@type\":\"WebSite\",\"@id\":\"https:\\\/\\\/develop.olympic.ca\\\/olympique\\\/#website\",\"url\":\"https:\\\/\\\/develop.olympic.ca\\\/olympique\\\/\",\"name\":\"\u00c9quipe Canada | Site officiel de l&#039;\u00e9quipe olympique\",\"description\":\"Votre source pour l\u2019\u00c9quipe olympique canadienne. Retrouvez les r\u00e9cits, vid\u00e9os et photos des athl\u00e8tes canadiens, sports olympiques, Jeux olympiques de 2020 et bien plus!\",\"potentialAction\":[{\"@type\":\"SearchAction\",\"target\":{\"@type\":\"EntryPoint\",\"urlTemplate\":\"https:\\\/\\\/develop.olympic.ca\\\/olympique\\\/?s={search_term_string}\"},\"query-input\":{\"@type\":\"PropertyValueSpecification\",\"valueRequired\":true,\"valueName\":\"search_term_string\"}}],\"inLanguage\":\"fr-FR\"}]}<\/script>\n<!-- \/ Yoast SEO plugin. -->","yoast_head_json":{"title":"Nomination de l\u2019\u00e9quipe canadienne de biathlon pour PyeongChang 2018 - \u00c9quipe Canada | Site officiel de l&#039;\u00e9quipe olympique","robots":{"index":"index","follow":"follow","max-snippet":"max-snippet:-1","max-image-preview":"max-image-preview:large","max-video-preview":"max-video-preview:-1"},"canonical":"https:\/\/develop.olympic.ca\/olympique\/presse\/nomination-de-lequipe-canadienne-de-biathlon-pour-pyeongchang-2018\/","og_locale":"fr_FR","og_type":"article","og_title":"Nomination de l\u2019\u00e9quipe canadienne de biathlon pour PyeongChang 2018 - \u00c9quipe Canada | Site officiel de l&#039;\u00e9quipe olympique","og_description":"CALGARY (16 janvier 2018) \u2014\u00a0Le Comit\u00e9 olympique canadien (COC) et Biathlon Canada ont annonc\u00e9 officiellement, aujourd\u2019hui, les noms des dix...","og_url":"https:\/\/develop.olympic.ca\/olympique\/presse\/nomination-de-lequipe-canadienne-de-biathlon-pour-pyeongchang-2018\/","og_site_name":"\u00c9quipe Canada | Site officiel de l&#039;\u00e9quipe olympique","article_modified_time":"2018-01-16T19:48:13+00:00","og_image":[{"width":1340,"height":754,"url":"https:\/\/develop.olympic.ca\/olympique\/wp-content\/uploads\/sites\/2\/2018\/01\/biathlon_header-2.jpg?quality=100","type":"image\/jpeg"}],"twitter_card":"summary_large_image","twitter_misc":{"Est. reading time":"5 minutes","Written by":"joshsu"},"schema":{"@context":"https:\/\/schema.org","@graph":[{"@type":"WebPage","@id":"https:\/\/develop.olympic.ca\/olympique\/presse\/nomination-de-lequipe-canadienne-de-biathlon-pour-pyeongchang-2018\/","url":"https:\/\/develop.olympic.ca\/olympique\/presse\/nomination-de-lequipe-canadienne-de-biathlon-pour-pyeongchang-2018\/","name":"Nomination de l\u2019\u00e9quipe canadienne de biathlon pour PyeongChang 2018 - \u00c9quipe Canada | Site officiel de l&#039;\u00e9quipe olympique","isPartOf":{"@id":"https:\/\/develop.olympic.ca\/olympique\/#website"},"primaryImageOfPage":{"@id":"https:\/\/develop.olympic.ca\/olympique\/presse\/nomination-de-lequipe-canadienne-de-biathlon-pour-pyeongchang-2018\/#primaryimage"},"image":{"@id":"https:\/\/develop.olympic.ca\/olympique\/presse\/nomination-de-lequipe-canadienne-de-biathlon-pour-pyeongchang-2018\/#primaryimage"},"thumbnailUrl":"https:\/\/develop.olympic.ca\/olympique\/wp-content\/uploads\/sites\/2\/2018\/01\/biathlon_header-2.jpg?quality=100","datePublished":"2018-01-16T17:00:27+00:00","dateModified":"2018-01-16T19:48:13+00:00","inLanguage":"fr-FR","potentialAction":[{"@type":"ReadAction","target":["https:\/\/develop.olympic.ca\/olympique\/presse\/nomination-de-lequipe-canadienne-de-biathlon-pour-pyeongchang-2018\/"]}]},{"@type":"ImageObject","inLanguage":"fr-FR","@id":"https:\/\/develop.olympic.ca\/olympique\/presse\/nomination-de-lequipe-canadienne-de-biathlon-pour-pyeongchang-2018\/#primaryimage","url":"https:\/\/develop.olympic.ca\/olympique\/wp-content\/uploads\/sites\/2\/2018\/01\/biathlon_header-2.jpg?quality=100","contentUrl":"https:\/\/develop.olympic.ca\/olympique\/wp-content\/uploads\/sites\/2\/2018\/01\/biathlon_header-2.jpg?quality=100","width":1340,"height":754},{"@type":"WebSite","@id":"https:\/\/develop.olympic.ca\/olympique\/#website","url":"https:\/\/develop.olympic.ca\/olympique\/","name":"\u00c9quipe Canada | Site officiel de l&#039;\u00e9quipe olympique","description":"Votre source pour l\u2019\u00c9quipe olympique canadienne. Retrouvez les r\u00e9cits, vid\u00e9os et photos des athl\u00e8tes canadiens, sports olympiques, Jeux olympiques de 2020 et bien plus!","potentialAction":[{"@type":"SearchAction","target":{"@type":"EntryPoint","urlTemplate":"https:\/\/develop.olympic.ca\/olympique\/?s={search_term_string}"},"query-input":{"@type":"PropertyValueSpecification","valueRequired":true,"valueName":"search_term_string"}}],"inLanguage":"fr-FR"}]}},"jetpack_sharing_enabled":true,"_links":{"self":[{"href":"https:\/\/develop.olympic.ca\/olympique\/wp-json\/wp\/v2\/press\/134196","targetHints":{"allow":["GET"]}}],"collection":[{"href":"https:\/\/develop.olympic.ca\/olympique\/wp-json\/wp\/v2\/press"}],"about":[{"href":"https:\/\/develop.olympic.ca\/olympique\/wp-json\/wp\/v2\/types\/press"}],"version-history":[{"count":1,"href":"https:\/\/develop.olympic.ca\/olympique\/wp-json\/wp\/v2\/press\/134196\/revisions"}],"predecessor-version":[{"id":134198,"href":"https:\/\/develop.olympic.ca\/olympique\/wp-json\/wp\/v2\/press\/134196\/revisions\/134198"}],"wp:featuredmedia":[{"embeddable":true,"href":"https:\/\/develop.olympic.ca\/olympique\/wp-json\/wp\/v2\/media\/134303"}],"wp:attachment":[{"href":"https:\/\/develop.olympic.ca\/olympique\/wp-json\/wp\/v2\/media?parent=134196"}],"wp:term":[{"taxonomy":"post_tag","embeddable":true,"href":"https:\/\/develop.olympic.ca\/olympique\/wp-json\/wp\/v2\/tags?post=134196"},{"taxonomy":"type-of-press","embeddable":true,"href":"https:\/\/develop.olympic.ca\/olympique\/wp-json\/wp\/v2\/type-of-press?post=134196"},{"taxonomy":"press-topic","embeddable":true,"href":"https:\/\/develop.olympic.ca\/olympique\/wp-json\/wp\/v2\/press-topic?post=134196"},{"taxonomy":"years","embeddable":true,"href":"https:\/\/develop.olympic.ca\/olympique\/wp-json\/wp\/v2\/years?post=134196"}],"curies":[{"name":"wp","href":"https:\/\/api.w.org\/{rel}","templated":true}]}}