{"id":134200,"date":"2018-01-16T02:07:37","date_gmt":"2018-01-16T07:07:37","guid":{"rendered":"http:\/\/develop.olympic.ca\/olympique\/?post_type=press&#038;p=134200"},"modified":"2018-01-16T14:23:56","modified_gmt":"2018-01-16T19:23:56","slug":"tessa-virtue-et-scott-moir-sont-nommes-porte-drapeaux-dequipe-canada-a-pyeongchang-2018","status":"publish","type":"press","link":"https:\/\/develop.olympic.ca\/olympique\/presse\/tessa-virtue-et-scott-moir-sont-nommes-porte-drapeaux-dequipe-canada-a-pyeongchang-2018\/","title":{"rendered":"Tessa Virtue et Scott Moir sont nomm\u00e9s porte-drapeaux d\u2019\u00c9quipe\u00a0Canada \u00e0 PyeongChang 2018"},"content":{"rendered":"<p>Photo : Chris Gordaneer par Westside Studios \/ Comit\u00e9 olympique canadien<\/p>\n<h2><em>Les triples m\u00e9daill\u00e9s olympiques marcheront devant \u00c9quipe Canada lors de la c\u00e9r\u00e9monie d\u2019ouverture<\/em><\/h2>\n<p>OTTAWA (6 janvier 2018) \u2013 Mardi, le Comit\u00e9 olympique canadien\u00a0(COC) a annonc\u00e9 que les champions olympiques Tessa Virtue et Scott Moir marcheront devant \u00c9quipe Canada lors de la c\u00e9r\u00e9monie d\u2019ouverture des Jeux olympiques d\u2019hiver de PyeongChang\u00a02018. L\u2019annonce a \u00e9t\u00e9 faite sur la Colline parlementaire \u00e0 Ottawa en compagnie du premier ministre Justin Trudeau.<\/p>\n<p><strong>\u00c0 T\u00c9L\u00c9CHARGER\u00a0:<\/strong>\u00a0<a href=\"https:\/\/images.olympic.ca\/bp\/#\/folder\/3360607\/\">Photos de Tessa et Scott en haute r\u00e9solution aux fins \u00e9ditoriales<\/a><\/p>\n<p>\u00c0 titre de porte-drapeaux, Tessa et Scott ouvriront la marche d\u2019une \u00e9quipe canadienne compos\u00e9e d\u2019environ 230\u00a0athl\u00e8tes lorsqu\u2019elle d\u00e9filera, le 9 f\u00e9vrier\u00a02018, \u00e0 la c\u00e9r\u00e9monie d\u2019ouverture des Jeux. Ils suivent les traces de Hayley Wickenheiser, porte-drapeau \u00e0 Sotchi\u00a02014.<\/p>\n<p>Tessa Virtue et Scott Moir ont connu du succ\u00e8s sur la sc\u00e8ne internationale t\u00f4t en carri\u00e8re. Ils sont d\u2019abord devenus champions mondiaux juniors en 2006, puis aux Championnats du monde seniors, vice-champions \u00e0 leur toute premi\u00e8re participation en 2008 et m\u00e9daill\u00e9s de bronze en 2009. Ils ont connu le moment fort de leur carri\u00e8re \u00e0 Vancouver\u00a02010 en devenant non seulement les premiers Nord-Am\u00e9ricains, mais aussi les plus jeunes patineurs \u00e0 d\u00e9crocher l\u2019or olympique en danse sur glace. Ils n\u2019\u00e9taient alors \u00e2g\u00e9s que de 20 et 22\u00a0ans, respectivement.<\/p>\n<p>Leur saison 2016-2017 fut l\u2019une de leurs meilleures\u00a0: ils n\u2019ont enregistr\u00e9 aucune d\u00e9faite et ont remport\u00e9 leur premier titre de la Finale du Grand Prix de l\u2019ISU, portant \u00e0 trois le nombre de titres internationaux, \u00e0 la suite de leurs victoires en 2019 et 2012. Cet exploit est survenu apr\u00e8s un r\u00e9pit de deux ans suivant leurs deux m\u00e9dailles d\u2019argent \u00e0 l\u2019\u00e9preuve par \u00e9quipes et \u00e0 l\u2019\u00e9preuve de danse sur glace \u00e0 Sotchi\u00a02014.<\/p>\n<p>Tessa Virtue et Scott Moir deviennent le tout premier couple de l\u2019histoire olympique canadienne \u00e0 porter le drapeau devant \u00c9quipe Canada lors de la c\u00e9r\u00e9monie d\u2019ouverture des Jeux.<\/p>\n<p class=\"p1\"><span class=\"s1\">Le comit\u00e9 de s\u00e9lection du porte-drapeau se compose d\u2019un repr\u00e9sentant de la commission des athl\u00e8tes du COC, choisi par le pr\u00e9sident de la commission des athl\u00e8tes du COC, Jeff Christie; de la chef de mission d\u2019\u00c9quipe Canada \u00e0 PyeongChang\u00a02018, Isabelle Charest; de la pr\u00e9sidente du COC, Tricia Smith; du<\/span> <span class=\"s1\">chef de la direction du COC, Chris Overholt; du directeur ex\u00e9cutif, Sport du COC (membre non-votant), Eric Myles; et de la triple olympienne Brittany Schussler, repr\u00e9sentante du comit\u00e9 de s\u00e9lection de l\u2019\u00e9quipe.<\/span><\/p>\n<p><strong>CITATIONS\u00a0:<\/strong><\/p>\n<p>\u00ab Le privil\u00e8ge de porter le drapeau vient avec une grande responsabilit\u00e9 que nous ne prenons pas \u00e0 la l\u00e9g\u00e8re. Nous nous engageons \u00e0 incarner les valeurs et les standards qui font du Canada un endroit si unique et \u00e0 adopter l&rsquo;esprit olympique dans sa forme la plus pure. \u00bb<\/p>\n<p><strong>&#8211; Tessa Virtue<\/strong>, championne olympique et porte-drapeau \u00e0 PyeongChang 2018<\/p>\n<p>\u00ab \u00catre nomm\u00e9s les porte-drapeaux du Canada est le plus grand honneur de notre carri\u00e8re et nous sommes tr\u00e8s reconnaissants envers le COC pour sa confiance en nous. Nous participerons \u00e0 la c\u00e9r\u00e9monie d&rsquo;ouverture avec une \u00e9quipe d&rsquo;athl\u00e8tes canadiens forts, confiants et inspir\u00e9s &#8211; un groupe qui repr\u00e9sentera avec brio notre grande nation sur la plus grande sc\u00e8ne du monde.\u00a0\u00bb<\/p>\n<p>&#8211; <strong>Scott Moir<\/strong>, champion olympique et porte-drapeau \u00e0 PyeongChang 2018<\/p>\n<p><strong>\u00a0<\/strong>\u00ab\u00a0Tessa et Scott sont des champions et ils ont toujours repr\u00e9sent\u00e9 le Canada si solidement et avec tant gr\u00e2ce. Ils sont devenus deux des plus grands ambassadeurs du Mouvement olympique au Canada. Leurs co\u00e9quipiers les admirent, leurs adversaires les respectent, et leurs partisans les adorent. F\u00e9licitations, Tessa et Scott, nous sommes extr\u00eamement fiers de vous.\u00a0\u00bb<\/p>\n<p>&#8211; <strong>Tricia Smith<\/strong>, pr\u00e9sidente, Comit\u00e9 olympique canadien<\/p>\n<p>\u00ab\u00a0F\u00e9licitations \u00e0 Tessa Virtue et Scott Moir, qui ont \u00e9t\u00e9 choisis aujourd\u2019hui pour porter le drapeau du Canada \u00e0 la c\u00e9r\u00e9monie d\u2019ouverture des Jeux olympiques d\u2019hiver de PyeongChang. En tant que porteurs de drapeau, ce que les athl\u00e8tes consid\u00e8rent comme un tr\u00e8s grand honneur, Tessa et Scott guideront \u00c9quipe Canada dans le stade olympique de PyeongChang, le 9 f\u00e9vrier. Les Canadiens suivront le parcours des deux patineurs alors qu\u2019ils brandiront fi\u00e8rement l\u2019unifoli\u00e9, marquant ainsi le d\u00e9but d\u2019une aventure inoubliable pour nos athl\u00e8tes.\u00a0\u00bb<\/p>\n<p><strong>&#8211; L\u2019honorable Kent Hehr, <\/strong>ministre des Sports et des Personnes handicap\u00e9es<\/p>\n<p style=\"text-align:center;\">-30-<\/p>\n<p>CONTACTS M\u00c9DIAS<\/p>\n<p>Josh Su, coordonnateur, Communications<br \/>\nComit\u00e9 olympique canadien<br \/>\nT\u00e9l.\u00a0: 416 324-4303 \/ Cell.\u00a0: 647 464-4060<br \/>\nCourriel\u00a0: <a href=\"mailto:jsu@olympique.ca\">jsu@olympique.ca<\/a><\/p>\n<p>Photi Sotiropoulos, directeur, Communications et relations m\u00e9diatiques<br \/>\nComit\u00e9 olympique canadien<br \/>\nT\u00e9l.\u00a0: 416\u00a0324-4298 \/ Cell.\u00a0: 416\u00a0476-9174<br \/>\nCourriel\u00a0: <a href=\"mailto:psotiropoulos@olympique.ca\">psotiropoulos@olympique.ca<\/a><\/p>\n","protected":false},"excerpt":{"rendered":"<p>Photo : Chris Gordaneer par Westside Studios \/ Comit\u00e9 olympique canadien Les triples m\u00e9daill\u00e9s olympiques marcheront devant \u00c9quipe Canada lors&#8230;<\/p>\n","protected":false},"featured_media":134255,"template":"","format":"standard","tags":[],"type-of-press":[496138],"press-topic":[415985202],"years":[415985510],"class_list":["post-134200","press","type-press","status-publish","format-standard","has-post-thumbnail","hentry","type-of-press-communiques","press-topic-pyeongchang-2018","years-415985510"],"acf":[],"yoast_head":"<!-- This site is optimized with the Yoast SEO plugin v27.3 - https:\/\/yoast.com\/product\/yoast-seo-wordpress\/ -->\n<title>Tessa Virtue et Scott Moir sont nomm\u00e9s porte-drapeaux d\u2019\u00c9quipe\u00a0Canada \u00e0 PyeongChang 2018 - \u00c9quipe Canada | Site officiel de l&#039;\u00e9quipe olympique<\/title>\n<meta name=\"robots\" content=\"index, follow, max-snippet:-1, max-image-preview:large, max-video-preview:-1\" \/>\n<link rel=\"canonical\" href=\"https:\/\/develop.olympic.ca\/olympique\/presse\/tessa-virtue-et-scott-moir-sont-nommes-porte-drapeaux-dequipe-canada-a-pyeongchang-2018\/\" \/>\n<meta property=\"og:locale\" content=\"fr_FR\" \/>\n<meta property=\"og:type\" content=\"article\" \/>\n<meta property=\"og:title\" content=\"Tessa Virtue et Scott Moir sont nomm\u00e9s porte-drapeaux d\u2019\u00c9quipe\u00a0Canada \u00e0 PyeongChang 2018 - \u00c9quipe Canada | Site officiel de l&#039;\u00e9quipe olympique\" \/>\n<meta property=\"og:description\" content=\"Photo : Chris Gordaneer par Westside Studios \/ Comit\u00e9 olympique canadien Les triples m\u00e9daill\u00e9s olympiques marcheront devant \u00c9quipe Canada lors...\" \/>\n<meta property=\"og:url\" content=\"https:\/\/develop.olympic.ca\/olympique\/presse\/tessa-virtue-et-scott-moir-sont-nommes-porte-drapeaux-dequipe-canada-a-pyeongchang-2018\/\" \/>\n<meta property=\"og:site_name\" content=\"\u00c9quipe Canada | Site officiel de l&#039;\u00e9quipe olympique\" \/>\n<meta property=\"article:modified_time\" content=\"2018-01-16T19:23:56+00:00\" \/>\n<meta property=\"og:image\" content=\"https:\/\/develop.olympic.ca\/olympique\/wp-content\/uploads\/sites\/2\/2018\/01\/fb_header.jpg?quality=100\" \/>\n\t<meta property=\"og:image:width\" content=\"1340\" \/>\n\t<meta property=\"og:image:height\" content=\"754\" \/>\n\t<meta property=\"og:image:type\" content=\"image\/jpeg\" \/>\n<meta name=\"twitter:card\" content=\"summary_large_image\" \/>\n<meta name=\"twitter:label1\" content=\"Est. reading time\" \/>\n\t<meta name=\"twitter:data1\" content=\"4 minutes\" \/>\n\t<meta name=\"twitter:label2\" content=\"Written by\" \/>\n\t<meta name=\"twitter:data2\" content=\"joshsu\" \/>\n<script type=\"application\/ld+json\" class=\"yoast-schema-graph\">{\"@context\":\"https:\\\/\\\/schema.org\",\"@graph\":[{\"@type\":\"WebPage\",\"@id\":\"https:\\\/\\\/develop.olympic.ca\\\/olympique\\\/presse\\\/tessa-virtue-et-scott-moir-sont-nommes-porte-drapeaux-dequipe-canada-a-pyeongchang-2018\\\/\",\"url\":\"https:\\\/\\\/develop.olympic.ca\\\/olympique\\\/presse\\\/tessa-virtue-et-scott-moir-sont-nommes-porte-drapeaux-dequipe-canada-a-pyeongchang-2018\\\/\",\"name\":\"Tessa Virtue et Scott Moir sont nomm\u00e9s porte-drapeaux d\u2019\u00c9quipe\u00a0Canada \u00e0 PyeongChang 2018 - \u00c9quipe Canada | Site officiel de l&#039;\u00e9quipe olympique\",\"isPartOf\":{\"@id\":\"https:\\\/\\\/develop.olympic.ca\\\/olympique\\\/#website\"},\"primaryImageOfPage\":{\"@id\":\"https:\\\/\\\/develop.olympic.ca\\\/olympique\\\/presse\\\/tessa-virtue-et-scott-moir-sont-nommes-porte-drapeaux-dequipe-canada-a-pyeongchang-2018\\\/#primaryimage\"},\"image\":{\"@id\":\"https:\\\/\\\/develop.olympic.ca\\\/olympique\\\/presse\\\/tessa-virtue-et-scott-moir-sont-nommes-porte-drapeaux-dequipe-canada-a-pyeongchang-2018\\\/#primaryimage\"},\"thumbnailUrl\":\"https:\\\/\\\/develop.olympic.ca\\\/olympique\\\/wp-content\\\/uploads\\\/sites\\\/2\\\/2018\\\/01\\\/fb_header.jpg?quality=100\",\"datePublished\":\"2018-01-16T07:07:37+00:00\",\"dateModified\":\"2018-01-16T19:23:56+00:00\",\"inLanguage\":\"fr-FR\",\"potentialAction\":[{\"@type\":\"ReadAction\",\"target\":[\"https:\\\/\\\/develop.olympic.ca\\\/olympique\\\/presse\\\/tessa-virtue-et-scott-moir-sont-nommes-porte-drapeaux-dequipe-canada-a-pyeongchang-2018\\\/\"]}]},{\"@type\":\"ImageObject\",\"inLanguage\":\"fr-FR\",\"@id\":\"https:\\\/\\\/develop.olympic.ca\\\/olympique\\\/presse\\\/tessa-virtue-et-scott-moir-sont-nommes-porte-drapeaux-dequipe-canada-a-pyeongchang-2018\\\/#primaryimage\",\"url\":\"https:\\\/\\\/develop.olympic.ca\\\/olympique\\\/wp-content\\\/uploads\\\/sites\\\/2\\\/2018\\\/01\\\/fb_header.jpg?quality=100\",\"contentUrl\":\"https:\\\/\\\/develop.olympic.ca\\\/olympique\\\/wp-content\\\/uploads\\\/sites\\\/2\\\/2018\\\/01\\\/fb_header.jpg?quality=100\",\"width\":1340,\"height\":754},{\"@type\":\"WebSite\",\"@id\":\"https:\\\/\\\/develop.olympic.ca\\\/olympique\\\/#website\",\"url\":\"https:\\\/\\\/develop.olympic.ca\\\/olympique\\\/\",\"name\":\"\u00c9quipe Canada | Site officiel de l&#039;\u00e9quipe olympique\",\"description\":\"Votre source pour l\u2019\u00c9quipe olympique canadienne. Retrouvez les r\u00e9cits, vid\u00e9os et photos des athl\u00e8tes canadiens, sports olympiques, Jeux olympiques de 2020 et bien plus!\",\"potentialAction\":[{\"@type\":\"SearchAction\",\"target\":{\"@type\":\"EntryPoint\",\"urlTemplate\":\"https:\\\/\\\/develop.olympic.ca\\\/olympique\\\/?s={search_term_string}\"},\"query-input\":{\"@type\":\"PropertyValueSpecification\",\"valueRequired\":true,\"valueName\":\"search_term_string\"}}],\"inLanguage\":\"fr-FR\"}]}<\/script>\n<!-- \/ Yoast SEO plugin. -->","yoast_head_json":{"title":"Tessa Virtue et Scott Moir sont nomm\u00e9s porte-drapeaux d\u2019\u00c9quipe\u00a0Canada \u00e0 PyeongChang 2018 - \u00c9quipe Canada | Site officiel de l&#039;\u00e9quipe olympique","robots":{"index":"index","follow":"follow","max-snippet":"max-snippet:-1","max-image-preview":"max-image-preview:large","max-video-preview":"max-video-preview:-1"},"canonical":"https:\/\/develop.olympic.ca\/olympique\/presse\/tessa-virtue-et-scott-moir-sont-nommes-porte-drapeaux-dequipe-canada-a-pyeongchang-2018\/","og_locale":"fr_FR","og_type":"article","og_title":"Tessa Virtue et Scott Moir sont nomm\u00e9s porte-drapeaux d\u2019\u00c9quipe\u00a0Canada \u00e0 PyeongChang 2018 - \u00c9quipe Canada | Site officiel de l&#039;\u00e9quipe olympique","og_description":"Photo : Chris Gordaneer par Westside Studios \/ Comit\u00e9 olympique canadien Les triples m\u00e9daill\u00e9s olympiques marcheront devant \u00c9quipe Canada lors...","og_url":"https:\/\/develop.olympic.ca\/olympique\/presse\/tessa-virtue-et-scott-moir-sont-nommes-porte-drapeaux-dequipe-canada-a-pyeongchang-2018\/","og_site_name":"\u00c9quipe Canada | Site officiel de l&#039;\u00e9quipe olympique","article_modified_time":"2018-01-16T19:23:56+00:00","og_image":[{"width":1340,"height":754,"url":"https:\/\/develop.olympic.ca\/olympique\/wp-content\/uploads\/sites\/2\/2018\/01\/fb_header.jpg?quality=100","type":"image\/jpeg"}],"twitter_card":"summary_large_image","twitter_misc":{"Est. reading time":"4 minutes","Written by":"joshsu"},"schema":{"@context":"https:\/\/schema.org","@graph":[{"@type":"WebPage","@id":"https:\/\/develop.olympic.ca\/olympique\/presse\/tessa-virtue-et-scott-moir-sont-nommes-porte-drapeaux-dequipe-canada-a-pyeongchang-2018\/","url":"https:\/\/develop.olympic.ca\/olympique\/presse\/tessa-virtue-et-scott-moir-sont-nommes-porte-drapeaux-dequipe-canada-a-pyeongchang-2018\/","name":"Tessa Virtue et Scott Moir sont nomm\u00e9s porte-drapeaux d\u2019\u00c9quipe\u00a0Canada \u00e0 PyeongChang 2018 - \u00c9quipe Canada | Site officiel de l&#039;\u00e9quipe olympique","isPartOf":{"@id":"https:\/\/develop.olympic.ca\/olympique\/#website"},"primaryImageOfPage":{"@id":"https:\/\/develop.olympic.ca\/olympique\/presse\/tessa-virtue-et-scott-moir-sont-nommes-porte-drapeaux-dequipe-canada-a-pyeongchang-2018\/#primaryimage"},"image":{"@id":"https:\/\/develop.olympic.ca\/olympique\/presse\/tessa-virtue-et-scott-moir-sont-nommes-porte-drapeaux-dequipe-canada-a-pyeongchang-2018\/#primaryimage"},"thumbnailUrl":"https:\/\/develop.olympic.ca\/olympique\/wp-content\/uploads\/sites\/2\/2018\/01\/fb_header.jpg?quality=100","datePublished":"2018-01-16T07:07:37+00:00","dateModified":"2018-01-16T19:23:56+00:00","inLanguage":"fr-FR","potentialAction":[{"@type":"ReadAction","target":["https:\/\/develop.olympic.ca\/olympique\/presse\/tessa-virtue-et-scott-moir-sont-nommes-porte-drapeaux-dequipe-canada-a-pyeongchang-2018\/"]}]},{"@type":"ImageObject","inLanguage":"fr-FR","@id":"https:\/\/develop.olympic.ca\/olympique\/presse\/tessa-virtue-et-scott-moir-sont-nommes-porte-drapeaux-dequipe-canada-a-pyeongchang-2018\/#primaryimage","url":"https:\/\/develop.olympic.ca\/olympique\/wp-content\/uploads\/sites\/2\/2018\/01\/fb_header.jpg?quality=100","contentUrl":"https:\/\/develop.olympic.ca\/olympique\/wp-content\/uploads\/sites\/2\/2018\/01\/fb_header.jpg?quality=100","width":1340,"height":754},{"@type":"WebSite","@id":"https:\/\/develop.olympic.ca\/olympique\/#website","url":"https:\/\/develop.olympic.ca\/olympique\/","name":"\u00c9quipe Canada | Site officiel de l&#039;\u00e9quipe olympique","description":"Votre source pour l\u2019\u00c9quipe olympique canadienne. Retrouvez les r\u00e9cits, vid\u00e9os et photos des athl\u00e8tes canadiens, sports olympiques, Jeux olympiques de 2020 et bien plus!","potentialAction":[{"@type":"SearchAction","target":{"@type":"EntryPoint","urlTemplate":"https:\/\/develop.olympic.ca\/olympique\/?s={search_term_string}"},"query-input":{"@type":"PropertyValueSpecification","valueRequired":true,"valueName":"search_term_string"}}],"inLanguage":"fr-FR"}]}},"jetpack_sharing_enabled":true,"_links":{"self":[{"href":"https:\/\/develop.olympic.ca\/olympique\/wp-json\/wp\/v2\/press\/134200","targetHints":{"allow":["GET"]}}],"collection":[{"href":"https:\/\/develop.olympic.ca\/olympique\/wp-json\/wp\/v2\/press"}],"about":[{"href":"https:\/\/develop.olympic.ca\/olympique\/wp-json\/wp\/v2\/types\/press"}],"version-history":[{"count":1,"href":"https:\/\/develop.olympic.ca\/olympique\/wp-json\/wp\/v2\/press\/134200\/revisions"}],"predecessor-version":[{"id":134207,"href":"https:\/\/develop.olympic.ca\/olympique\/wp-json\/wp\/v2\/press\/134200\/revisions\/134207"}],"wp:featuredmedia":[{"embeddable":true,"href":"https:\/\/develop.olympic.ca\/olympique\/wp-json\/wp\/v2\/media\/134255"}],"wp:attachment":[{"href":"https:\/\/develop.olympic.ca\/olympique\/wp-json\/wp\/v2\/media?parent=134200"}],"wp:term":[{"taxonomy":"post_tag","embeddable":true,"href":"https:\/\/develop.olympic.ca\/olympique\/wp-json\/wp\/v2\/tags?post=134200"},{"taxonomy":"type-of-press","embeddable":true,"href":"https:\/\/develop.olympic.ca\/olympique\/wp-json\/wp\/v2\/type-of-press?post=134200"},{"taxonomy":"press-topic","embeddable":true,"href":"https:\/\/develop.olympic.ca\/olympique\/wp-json\/wp\/v2\/press-topic?post=134200"},{"taxonomy":"years","embeddable":true,"href":"https:\/\/develop.olympic.ca\/olympique\/wp-json\/wp\/v2\/years?post=134200"}],"curies":[{"name":"wp","href":"https:\/\/api.w.org\/{rel}","templated":true}]}}