{"id":134756,"date":"2018-01-23T21:45:14","date_gmt":"2018-01-24T02:45:14","guid":{"rendered":"http:\/\/develop.olympic.ca\/olympique\/?post_type=press&#038;p=134756"},"modified":"2018-01-24T11:38:10","modified_gmt":"2018-01-24T16:38:10","slug":"nomination-de-lequipe-canadienne-de-saut-a-ski-pour-pyeongchang-2018-2","status":"publish","type":"press","link":"https:\/\/develop.olympic.ca\/olympique\/presse\/nomination-de-lequipe-canadienne-de-saut-a-ski-pour-pyeongchang-2018-2\/","title":{"rendered":"Nomination de l\u2019\u00e9quipe canadienne de saut \u00e0 ski pour\u00a0PyeongChang\u00a02018"},"content":{"rendered":"<p>CALGARY (24 janvier 2018) \u2014\u00a0Le Comit\u00e9 olympique canadien (COC) et Saut \u00e0 ski Canada ont annonc\u00e9 officiellement les noms des deux athl\u00e8tes et de l\u2019entra\u00eeneur qui repr\u00e9senteront \u00c9quipe Canada en <a href=\"https:\/\/develop.olympic.ca\/olympique\/sports\/ski-saut-a-ski\/\">saut \u00e0 ski<\/a> aux Jeux olympiques d\u2019hiver de PyeongChang\u00a02018.<\/p>\n<p><strong>\u00c0 T\u00c9L\u00c9CHARGER\u00a0:<\/strong> <a href=\"https:\/\/images.olympic.ca\/bp\/#\/folder\/3374536\/\">Photos de l\u2019\u00e9quipe en haute r\u00e9solution aux fins \u00e9ditoriales<\/a><\/p>\n<p>Les athl\u00e8tes ont \u00e9t\u00e9 choisis en raison de leurs performances aux comp\u00e9titions de la Coupe du monde FIS et du Grand Prix d\u2019\u00e9t\u00e9 disput\u00e9es entre le 1<sup>er<\/sup>\u00a0juillet\u00a02016 et le 21\u00a0janvier\u00a02018.<\/p>\n<p>Les athl\u00e8tes de saut \u00e0 ski nomm\u00e9s \u00e0 l\u2019\u00e9quipe sont\u00a0:<\/p>\n<table>\n<tbody>\n<tr>\n<td width=\"157\"><strong>Nom<\/strong><\/td>\n<td width=\"144\"><strong>\u00c9preuves<\/strong><\/td>\n<td width=\"167\"><strong>Ville d\u2019attache<\/strong><\/td>\n<\/tr>\n<tr>\n<td width=\"157\"><a href=\"https:\/\/develop.olympic.ca\/olympique\/team-canada\/mackenzie-boyd-clowes\/\">Mackenzie Boyd-Clowes<\/a><\/td>\n<td width=\"144\">Tremplin normal individuel, hommes<\/p>\n<p>Grand tremplin individuel, hommes<\/td>\n<td width=\"167\">Calgary (Alb.)<\/td>\n<\/tr>\n<tr>\n<td width=\"157\"><a href=\"https:\/\/develop.olympic.ca\/olympique\/team-canada\/taylor-henrich\/\">Taylor Henrich<\/a><\/td>\n<td width=\"144\">Tremplin normal individuel, femmes<\/td>\n<td width=\"167\">Calgary (Alb.)<\/td>\n<\/tr>\n<\/tbody>\n<\/table>\n<p>L\u2019entra\u00eeneur nomm\u00e9 \u00e0 l\u2019\u00e9quipe est\u00a0:<\/p>\n<table>\n<tbody>\n<tr>\n<td width=\"157\"><strong>Nom<\/strong><\/td>\n<td width=\"144\"><strong>Poste<\/strong><\/td>\n<td width=\"167\"><strong>Ville d\u2019attache<\/strong><\/td>\n<\/tr>\n<tr>\n<td width=\"157\">Gregor Linsig<\/td>\n<td width=\"144\">Entra\u00eeneur-chef<\/td>\n<td width=\"167\">Banff (Alb.)<\/td>\n<\/tr>\n<\/tbody>\n<\/table>\n<p>Il s\u2019agit des deuxi\u00e8mes Jeux olympiques de Taylor Henrich. Elle \u00e9tait de l\u2019\u00e9preuve inaugurale de saut \u00e0 ski chez les femmes \u00e0 Sotchi\u00a02014, o\u00f9 elle s\u2019est class\u00e9e au 13<sup>e<\/sup>\u00a0rang de l\u2019\u00e9preuve du tremplin normal individuel. En 2015, elle est devenue la premi\u00e8re Canadienne \u00e0 remporter une m\u00e9daille de la Coupe du monde de saut \u00e0 ski lorsqu\u2019elle a termin\u00e9 au 3<sup>e<\/sup>\u00a0rang de l\u2019arr\u00eat d\u2019Oberstdorf, en Allemagne.<\/p>\n<p>Les Jeux olympiques d\u2019hiver de PyeongChang\u00a02018 sont les troisi\u00e8mes auxquels participera Mackenzie Boyd-Clowes. Il avait fait ses d\u00e9buts \u00e0 Vancouver\u00a02010. Premier Canadien \u00e0 avoir franchi la barre des 200\u00a0m, il a r\u00e9alis\u00e9 son record personnel, un saut de 224\u00a0m, en 2016.<\/p>\n<p>Mackenzie prendra part aux \u00e9preuves de la Coupe du monde de Zakopane, en Pologne, du 26 au 28\u00a0janvier puis de Willingen, en Allemagne, du\u00a02 au 4\u00a0f\u00e9vrier avant son d\u00e9part pour PyeongChang. Taylor sera en comp\u00e9tition \u00e0 Ljubno, en Slov\u00e9nie, du 26\u00a0au 28\u00a0janvier puis \u00e0 Hinzenbach, en Autriche, du\u00a02 au 4\u00a0f\u00e9vrier avant de se rendre aux Jeux.<\/p>\n<p>Les comp\u00e9titions de saut \u00e0 ski se d\u00e9rouleront du 8 au 19\u00a0f\u00e9vrier (jours\u00a0-1 \u00e0 10) au Centre de saut \u00e0 ski d\u2019Alpensia.<\/p>\n<p><strong>CITATIONS\u00a0:<\/strong><\/p>\n<p>\u00ab\u00a0F\u00e9licitations aux talentueux athl\u00e8tes de saut \u00e0 ski nomm\u00e9s \u00e0 l\u2019\u00c9quipe olympique canadienne. La concurrence \u00e9tait f\u00e9roce, mais ils ont prouv\u00e9 qu\u2019ils ont ce qu\u2019il faut pour s\u2019\u00e9lever au\u2011dessus de leurs adversaires.\u00a0\u00bb<\/p>\n<p>&#8211; Isabelle Charest, chef de mission d\u2019\u00c9quipe Canada \u00e0 PyeongChang\u00a02018<\/p>\n<p>\u00ab\u00a0Se qualifier pour repr\u00e9senter le Canada aux Jeux olympiques est un grand honneur et savoir qu\u2019on a l\u2019appui de tous les Canadiens est un sentiment extraordinaire.\u00a0\u00bb<\/p>\n<p>&#8211; Mackenzie Boyd-Clowes, athl\u00e8te nomm\u00e9 pour PyeongChang\u00a02018<\/p>\n<p>\u00ab\u00a0Je suis tr\u00e8s fi\u00e8re d\u2019avoir la chance de repr\u00e9senter le Canada aux Jeux olympiques encore une fois. C\u2019est l\u2019apog\u00e9e de mois d\u2019efforts acharn\u00e9s \u00e0 l\u2019entra\u00eenement, mais pour avoir la chance de porter les couleurs du Canada en Cor\u00e9e du Sud, chaque saut en vaut la peine.\u00a0\u00bb<\/p>\n<p>&#8211; Taylor Henrich, athl\u00e8te nomm\u00e9e pour PyeongChang\u00a02018<\/p>\n<p>\u00ab\u00a0Saut \u00e0 ski\u00a0Canada est fin pr\u00eat pour les Jeux olympiques d\u2019hiver de PyeongChang\u00a02018. Ces comp\u00e9titions repr\u00e9sentent une occasion pour les membres d\u2019\u00c9quipe\u00a0Canada de faire honneur au pays sur la sc\u00e8ne internationale. Nos athl\u00e8tes seront forts des 36\u00a0millions de citoyens qui les \u00e9pauleront alors qu\u2019ils s\u2019\u00e9lanceront vers de nouveaux sommets en f\u00e9vrier. Allez, Canada!\u2009\u00bb<\/p>\n<p>&#8211; L\u2019honorable Kent\u00a0Hehr, ministre des Sports et des Personnes handicap\u00e9es<\/p>\n<p>Avant d\u2019\u00eatre d\u00e9sign\u00e9s au sein de la formation d\u00e9finitive de l\u2019\u00c9quipe olympique canadienne, les athl\u00e8tes nomm\u00e9s de fa\u00e7on provisoire doivent voir leur nomination approuver par le comit\u00e9 de s\u00e9lection de l\u2019\u00e9quipe du COC apr\u00e8s la r\u00e9ception de l\u2019ensemble des nominations de la part de toutes les f\u00e9d\u00e9rations nationales de sport \u00e0 la fin janvier 2018.<\/p>\n<p style=\"text-align:center;\">-30-<\/p>\n<p><strong>CONTACTS POUR LES M\u00c9DIAS\u00a0:<\/strong><\/p>\n<p>Tom Reid, chef d\u2019\u00e9quipe<br \/>\nSaut \u00e0 ski Canada<br \/>\nT\u00e9l.\u00a0: 403 669-0630<br \/>\nCourriel\u00a0: <a href=\"mailto:tomreid@skijumpingcanada.com\">tomreid@skijumpingcanada.com<\/a><\/p>\n<p>Josh Su, coordonnateur, Communications<br \/>\nComit\u00e9 olympique canadien<br \/>\nT\u00e9l.\u00a0: 416\u00a0324-4303 \/ Cell.\u00a0: 647\u00a0464-4060<br \/>\nCourriel\u00a0: <a href=\"mailto:jsu@olympic.ca\">jsu@olympique.ca<\/a><\/p>\n<p>Photi Sotiropoulos, directeur, Communications et relations avec les m\u00e9dias<br \/>\nComit\u00e9 olympique canadien<br \/>\nT\u00e9l.\u00a0: 416\u00a0324-4298 \/ Cell.\u00a0: 416\u00a0476-9174<br \/>\nCourriel\u00a0: <a href=\"mailto:psotiropoulos@olympic.ca\">psotiropoulos@olympique.ca<\/a><\/p>\n","protected":false},"excerpt":{"rendered":"<p>CALGARY (24 janvier 2018) \u2014\u00a0Le Comit\u00e9 olympique canadien (COC) et Saut \u00e0 ski Canada ont annonc\u00e9 officiellement les noms des&#8230;<\/p>\n","protected":false},"featured_media":134757,"template":"","format":"standard","tags":[],"type-of-press":[496138],"press-topic":[415985202],"years":[415985510],"class_list":["post-134756","press","type-press","status-publish","format-standard","has-post-thumbnail","hentry","type-of-press-communiques","press-topic-pyeongchang-2018","years-415985510"],"acf":[],"yoast_head":"<!-- This site is optimized with the Yoast SEO plugin v27.3 - https:\/\/yoast.com\/product\/yoast-seo-wordpress\/ -->\n<title>Nomination de l\u2019\u00e9quipe canadienne de saut \u00e0 ski pour\u00a0PyeongChang\u00a02018 - \u00c9quipe Canada | Site officiel de l&#039;\u00e9quipe olympique<\/title>\n<meta name=\"robots\" content=\"index, follow, max-snippet:-1, max-image-preview:large, max-video-preview:-1\" \/>\n<link rel=\"canonical\" href=\"https:\/\/develop.olympic.ca\/olympique\/presse\/nomination-de-lequipe-canadienne-de-saut-a-ski-pour-pyeongchang-2018-2\/\" \/>\n<meta property=\"og:locale\" content=\"fr_FR\" \/>\n<meta property=\"og:type\" content=\"article\" \/>\n<meta property=\"og:title\" content=\"Nomination de l\u2019\u00e9quipe canadienne de saut \u00e0 ski pour\u00a0PyeongChang\u00a02018 - \u00c9quipe Canada | Site officiel de l&#039;\u00e9quipe olympique\" \/>\n<meta property=\"og:description\" content=\"CALGARY (24 janvier 2018) \u2014\u00a0Le Comit\u00e9 olympique canadien (COC) et Saut \u00e0 ski Canada ont annonc\u00e9 officiellement les noms des...\" \/>\n<meta property=\"og:url\" content=\"https:\/\/develop.olympic.ca\/olympique\/presse\/nomination-de-lequipe-canadienne-de-saut-a-ski-pour-pyeongchang-2018-2\/\" \/>\n<meta property=\"og:site_name\" content=\"\u00c9quipe Canada | Site officiel de l&#039;\u00e9quipe olympique\" \/>\n<meta property=\"article:modified_time\" content=\"2018-01-24T16:38:10+00:00\" \/>\n<meta property=\"og:image\" content=\"https:\/\/develop.olympic.ca\/olympique\/wp-content\/uploads\/sites\/2\/2018\/01\/ski-jumping_header1.jpg?quality=100\" \/>\n\t<meta property=\"og:image:width\" content=\"1340\" \/>\n\t<meta property=\"og:image:height\" content=\"754\" \/>\n\t<meta property=\"og:image:type\" content=\"image\/jpeg\" \/>\n<meta name=\"twitter:card\" content=\"summary_large_image\" \/>\n<meta name=\"twitter:label1\" content=\"Est. reading time\" \/>\n\t<meta name=\"twitter:data1\" content=\"3 minutes\" \/>\n\t<meta name=\"twitter:label2\" content=\"Written by\" \/>\n\t<meta name=\"twitter:data2\" content=\"joshsu\" \/>\n<script type=\"application\/ld+json\" class=\"yoast-schema-graph\">{\"@context\":\"https:\\\/\\\/schema.org\",\"@graph\":[{\"@type\":\"WebPage\",\"@id\":\"https:\\\/\\\/develop.olympic.ca\\\/olympique\\\/presse\\\/nomination-de-lequipe-canadienne-de-saut-a-ski-pour-pyeongchang-2018-2\\\/\",\"url\":\"https:\\\/\\\/develop.olympic.ca\\\/olympique\\\/presse\\\/nomination-de-lequipe-canadienne-de-saut-a-ski-pour-pyeongchang-2018-2\\\/\",\"name\":\"Nomination de l\u2019\u00e9quipe canadienne de saut \u00e0 ski pour\u00a0PyeongChang\u00a02018 - \u00c9quipe Canada | Site officiel de l&#039;\u00e9quipe olympique\",\"isPartOf\":{\"@id\":\"https:\\\/\\\/develop.olympic.ca\\\/olympique\\\/#website\"},\"primaryImageOfPage\":{\"@id\":\"https:\\\/\\\/develop.olympic.ca\\\/olympique\\\/presse\\\/nomination-de-lequipe-canadienne-de-saut-a-ski-pour-pyeongchang-2018-2\\\/#primaryimage\"},\"image\":{\"@id\":\"https:\\\/\\\/develop.olympic.ca\\\/olympique\\\/presse\\\/nomination-de-lequipe-canadienne-de-saut-a-ski-pour-pyeongchang-2018-2\\\/#primaryimage\"},\"thumbnailUrl\":\"https:\\\/\\\/develop.olympic.ca\\\/olympique\\\/wp-content\\\/uploads\\\/sites\\\/2\\\/2018\\\/01\\\/ski-jumping_header1.jpg?quality=100\",\"datePublished\":\"2018-01-24T02:45:14+00:00\",\"dateModified\":\"2018-01-24T16:38:10+00:00\",\"inLanguage\":\"fr-FR\",\"potentialAction\":[{\"@type\":\"ReadAction\",\"target\":[\"https:\\\/\\\/develop.olympic.ca\\\/olympique\\\/presse\\\/nomination-de-lequipe-canadienne-de-saut-a-ski-pour-pyeongchang-2018-2\\\/\"]}]},{\"@type\":\"ImageObject\",\"inLanguage\":\"fr-FR\",\"@id\":\"https:\\\/\\\/develop.olympic.ca\\\/olympique\\\/presse\\\/nomination-de-lequipe-canadienne-de-saut-a-ski-pour-pyeongchang-2018-2\\\/#primaryimage\",\"url\":\"https:\\\/\\\/develop.olympic.ca\\\/olympique\\\/wp-content\\\/uploads\\\/sites\\\/2\\\/2018\\\/01\\\/ski-jumping_header1.jpg?quality=100\",\"contentUrl\":\"https:\\\/\\\/develop.olympic.ca\\\/olympique\\\/wp-content\\\/uploads\\\/sites\\\/2\\\/2018\\\/01\\\/ski-jumping_header1.jpg?quality=100\",\"width\":1340,\"height\":754},{\"@type\":\"WebSite\",\"@id\":\"https:\\\/\\\/develop.olympic.ca\\\/olympique\\\/#website\",\"url\":\"https:\\\/\\\/develop.olympic.ca\\\/olympique\\\/\",\"name\":\"\u00c9quipe Canada | Site officiel de l&#039;\u00e9quipe olympique\",\"description\":\"Votre source pour l\u2019\u00c9quipe olympique canadienne. Retrouvez les r\u00e9cits, vid\u00e9os et photos des athl\u00e8tes canadiens, sports olympiques, Jeux olympiques de 2020 et bien plus!\",\"potentialAction\":[{\"@type\":\"SearchAction\",\"target\":{\"@type\":\"EntryPoint\",\"urlTemplate\":\"https:\\\/\\\/develop.olympic.ca\\\/olympique\\\/?s={search_term_string}\"},\"query-input\":{\"@type\":\"PropertyValueSpecification\",\"valueRequired\":true,\"valueName\":\"search_term_string\"}}],\"inLanguage\":\"fr-FR\"}]}<\/script>\n<!-- \/ Yoast SEO plugin. -->","yoast_head_json":{"title":"Nomination de l\u2019\u00e9quipe canadienne de saut \u00e0 ski pour\u00a0PyeongChang\u00a02018 - \u00c9quipe Canada | Site officiel de l&#039;\u00e9quipe olympique","robots":{"index":"index","follow":"follow","max-snippet":"max-snippet:-1","max-image-preview":"max-image-preview:large","max-video-preview":"max-video-preview:-1"},"canonical":"https:\/\/develop.olympic.ca\/olympique\/presse\/nomination-de-lequipe-canadienne-de-saut-a-ski-pour-pyeongchang-2018-2\/","og_locale":"fr_FR","og_type":"article","og_title":"Nomination de l\u2019\u00e9quipe canadienne de saut \u00e0 ski pour\u00a0PyeongChang\u00a02018 - \u00c9quipe Canada | Site officiel de l&#039;\u00e9quipe olympique","og_description":"CALGARY (24 janvier 2018) \u2014\u00a0Le Comit\u00e9 olympique canadien (COC) et Saut \u00e0 ski Canada ont annonc\u00e9 officiellement les noms des...","og_url":"https:\/\/develop.olympic.ca\/olympique\/presse\/nomination-de-lequipe-canadienne-de-saut-a-ski-pour-pyeongchang-2018-2\/","og_site_name":"\u00c9quipe Canada | Site officiel de l&#039;\u00e9quipe olympique","article_modified_time":"2018-01-24T16:38:10+00:00","og_image":[{"width":1340,"height":754,"url":"https:\/\/develop.olympic.ca\/olympique\/wp-content\/uploads\/sites\/2\/2018\/01\/ski-jumping_header1.jpg?quality=100","type":"image\/jpeg"}],"twitter_card":"summary_large_image","twitter_misc":{"Est. reading time":"3 minutes","Written by":"joshsu"},"schema":{"@context":"https:\/\/schema.org","@graph":[{"@type":"WebPage","@id":"https:\/\/develop.olympic.ca\/olympique\/presse\/nomination-de-lequipe-canadienne-de-saut-a-ski-pour-pyeongchang-2018-2\/","url":"https:\/\/develop.olympic.ca\/olympique\/presse\/nomination-de-lequipe-canadienne-de-saut-a-ski-pour-pyeongchang-2018-2\/","name":"Nomination de l\u2019\u00e9quipe canadienne de saut \u00e0 ski pour\u00a0PyeongChang\u00a02018 - \u00c9quipe Canada | Site officiel de l&#039;\u00e9quipe olympique","isPartOf":{"@id":"https:\/\/develop.olympic.ca\/olympique\/#website"},"primaryImageOfPage":{"@id":"https:\/\/develop.olympic.ca\/olympique\/presse\/nomination-de-lequipe-canadienne-de-saut-a-ski-pour-pyeongchang-2018-2\/#primaryimage"},"image":{"@id":"https:\/\/develop.olympic.ca\/olympique\/presse\/nomination-de-lequipe-canadienne-de-saut-a-ski-pour-pyeongchang-2018-2\/#primaryimage"},"thumbnailUrl":"https:\/\/develop.olympic.ca\/olympique\/wp-content\/uploads\/sites\/2\/2018\/01\/ski-jumping_header1.jpg?quality=100","datePublished":"2018-01-24T02:45:14+00:00","dateModified":"2018-01-24T16:38:10+00:00","inLanguage":"fr-FR","potentialAction":[{"@type":"ReadAction","target":["https:\/\/develop.olympic.ca\/olympique\/presse\/nomination-de-lequipe-canadienne-de-saut-a-ski-pour-pyeongchang-2018-2\/"]}]},{"@type":"ImageObject","inLanguage":"fr-FR","@id":"https:\/\/develop.olympic.ca\/olympique\/presse\/nomination-de-lequipe-canadienne-de-saut-a-ski-pour-pyeongchang-2018-2\/#primaryimage","url":"https:\/\/develop.olympic.ca\/olympique\/wp-content\/uploads\/sites\/2\/2018\/01\/ski-jumping_header1.jpg?quality=100","contentUrl":"https:\/\/develop.olympic.ca\/olympique\/wp-content\/uploads\/sites\/2\/2018\/01\/ski-jumping_header1.jpg?quality=100","width":1340,"height":754},{"@type":"WebSite","@id":"https:\/\/develop.olympic.ca\/olympique\/#website","url":"https:\/\/develop.olympic.ca\/olympique\/","name":"\u00c9quipe Canada | Site officiel de l&#039;\u00e9quipe olympique","description":"Votre source pour l\u2019\u00c9quipe olympique canadienne. Retrouvez les r\u00e9cits, vid\u00e9os et photos des athl\u00e8tes canadiens, sports olympiques, Jeux olympiques de 2020 et bien plus!","potentialAction":[{"@type":"SearchAction","target":{"@type":"EntryPoint","urlTemplate":"https:\/\/develop.olympic.ca\/olympique\/?s={search_term_string}"},"query-input":{"@type":"PropertyValueSpecification","valueRequired":true,"valueName":"search_term_string"}}],"inLanguage":"fr-FR"}]}},"jetpack_sharing_enabled":true,"_links":{"self":[{"href":"https:\/\/develop.olympic.ca\/olympique\/wp-json\/wp\/v2\/press\/134756","targetHints":{"allow":["GET"]}}],"collection":[{"href":"https:\/\/develop.olympic.ca\/olympique\/wp-json\/wp\/v2\/press"}],"about":[{"href":"https:\/\/develop.olympic.ca\/olympique\/wp-json\/wp\/v2\/types\/press"}],"version-history":[{"count":0,"href":"https:\/\/develop.olympic.ca\/olympique\/wp-json\/wp\/v2\/press\/134756\/revisions"}],"wp:featuredmedia":[{"embeddable":true,"href":"https:\/\/develop.olympic.ca\/olympique\/wp-json\/wp\/v2\/media\/134757"}],"wp:attachment":[{"href":"https:\/\/develop.olympic.ca\/olympique\/wp-json\/wp\/v2\/media?parent=134756"}],"wp:term":[{"taxonomy":"post_tag","embeddable":true,"href":"https:\/\/develop.olympic.ca\/olympique\/wp-json\/wp\/v2\/tags?post=134756"},{"taxonomy":"type-of-press","embeddable":true,"href":"https:\/\/develop.olympic.ca\/olympique\/wp-json\/wp\/v2\/type-of-press?post=134756"},{"taxonomy":"press-topic","embeddable":true,"href":"https:\/\/develop.olympic.ca\/olympique\/wp-json\/wp\/v2\/press-topic?post=134756"},{"taxonomy":"years","embeddable":true,"href":"https:\/\/develop.olympic.ca\/olympique\/wp-json\/wp\/v2\/years?post=134756"}],"curies":[{"name":"wp","href":"https:\/\/api.w.org\/{rel}","templated":true}]}}