{"id":135144,"date":"2018-01-29T09:30:39","date_gmt":"2018-01-29T14:30:39","guid":{"rendered":"http:\/\/develop.olympic.ca\/olympique\/?post_type=press&#038;p=135144"},"modified":"2018-01-29T09:41:36","modified_gmt":"2018-01-29T14:41:36","slug":"annonce-de-lequipe-olympique-canadienne-de-ski-de-fond-pour-pyeongchang-2018","status":"publish","type":"press","link":"https:\/\/develop.olympic.ca\/olympique\/presse\/annonce-de-lequipe-olympique-canadienne-de-ski-de-fond-pour-pyeongchang-2018\/","title":{"rendered":"Annonce de l\u2019\u00e9quipe olympique canadienne de ski de fond pour PyeongChang\u00a02018"},"content":{"rendered":"<p><strong>CANMORE (29 janvier 2018) \u2014 <\/strong>Le Canada pr\u00e9sentera une \u00e9quipe de <a href=\"https:\/\/develop.olympic.ca\/olympique\/sports\/ski-ski-de-fond\/\">ski de fond<\/a> alliant une vaste exp\u00e9rience internationale \u00e0 l\u2019\u00e9nergie et la d\u00e9termination de la jeunesse pour les Jeux olympiques d\u2019hiver de PyeongChang 2018.<\/p>\n<p><strong>\u00c0 T\u00c9L\u00c9CHARGER\u00a0:<\/strong>\u00a0<a href=\"https:\/\/images.olympic.ca\/bp\/#\/folder\/3396082\/\">Photos des \u00e9quipes en haute r\u00e9solution aux fins \u00e9ditoriales<\/a><\/p>\n<p>L\u2019organisme national r\u00e9gissant le ski de fond a nomm\u00e9 une formation compos\u00e9e de quatre fondeuses et de sept fondeurs au Comit\u00e9 olympique canadien pour d\u00e9fendre les couleurs de Canada \u00e0 PyeongChang.<\/p>\n<p>Chacun de ces 11 athl\u00e8tes a satisfait \u00e0 la norme d\u2019admissibilit\u00e9 \u00e0 la nomination au Comit\u00e9 olympique canadien en vertu de la proc\u00e9dure interne de nomination de Ski de fond Canada pour les Jeux olympiques d\u2019hiver de 2018. Ce processus a permis de r\u00e9unir une \u00e9quipe talentueuse qui pr\u00e9sente un leadership consid\u00e9rable gr\u00e2ce \u00e0 ses v\u00e9t\u00e9rans, de m\u00eame qu\u2019un potentiel de podium ind\u00e9niable.<\/p>\n<p>\u00ab\u00a0C\u2019est une \u00e9quipe qui a \u00e9volu\u00e9; le groupe d\u2019athl\u00e8tes talentueux, tout heureux de se retrouver sur la ligne de d\u00e9part, a fait place \u00e0 un groupe de fondeurs de haute performance d\u00e9termin\u00e9s et focalis\u00e9s, confiants en leurs capacit\u00e9s d\u2019atteindre le podium sur la sc\u00e8ne internationale\u00a0\u00bb, a comment\u00e9 Tom Holland, directeur de la haute performance de Ski de fond Canada. \u00ab\u00a0Men\u00e9s, au cours des huit derni\u00e8res ann\u00e9es, par notre \u00e9quipe masculine r\u00e9unissant Devon, Alex et Lenny, nous visons le podium, et nous poursuivrons notre qu\u00eate afin de remettre le Canada sur le podium olympique au site nordique.\u00a0\u00bb<\/p>\n<p>Le Canada a obtenu la qualification d\u2019un groupe de six v\u00e9t\u00e9rans olympiques, dont trois ont d\u00e9j\u00e0 remport\u00e9 des m\u00e9dailles aux Championnats du monde ou \u00e0 la Coupe du monde. Chacun de ces athl\u00e8tes s\u2019est qualifi\u00e9 sur la base de ses r\u00e9sultats en Coupe du monde au cours des deux derni\u00e8res ann\u00e9es. Il s\u2019agit d\u2019Alex Harvey (Saint-Ferr\u00e9ol-les-Neiges, Qc), de Devon Kershaw (Sudbury, Ont.), de Lenny Valjas (Toronto, Ont.), de Jesse Cockney (Canmore, Alb.) et de Graeme Killick (Fort McMurray, Alb.) chez les hommes. Emily Nishikawa (Whitehorse, Yn) est la seule fondeuse de l\u2019\u00e9quipe f\u00e9minine \u00e0 avoir d\u00e9j\u00e0 particip\u00e9 aux Jeux olympiques.<\/p>\n<p>\u00ab\u00a0Nous avons beaucoup appris de nos deux derniers Jeux olympiques. Nous avons connu de grands Jeux \u00e0 domicile \u00e0 Vancouver, o\u00f9 nous avons r\u00e9alis\u00e9 une performance exceptionnelle, et nos attentes \u00e9taient \u00e9lev\u00e9es pour Sotchi, o\u00f9 nous avons appris qu\u2019il ne faut rien tenir pour acquis lorsqu\u2019on se mesure aux meilleurs\u00a0\u00bb, a comment\u00e9 Alex Harvey. \u00ab\u00a0Nous nous pr\u00e9senterons \u00e0 ces Jeux avec beaucoup de confiance, forts de notre \u00e9lan. Nous avons un bon m\u00e9lange de v\u00e9t\u00e9rans et de recrues olympiques au sein de l\u2019\u00e9quipe. Nous esp\u00e9rons que tous les membres de l\u2019\u00e9quipe vivront l\u2019exp\u00e9rience \u00e0 fond et que les plus nouveaux apprendront de nous. C\u2019est un moment passionnant pour toute notre \u00e9quipe. C\u2019est toujours un grand honneur de repr\u00e9senter notre pays, et nous sommes impatients d\u2019\u00eatre aux Jeux et de porter les couleurs d\u2019\u00c9quipe Canada.\u00a0\u00bb<\/p>\n<p>Trois athl\u00e8tes de Whitehorse seront sur la ligne de d\u00e9part \u00e0 PyeongChang. En effet, Knute Johnsgaard, Dahria Beatty et Emily Nishikawa, tous les trois du Nord canadien, repr\u00e9senteront le Canada \u00e0 PyeongChang. Ils se sont chacun taill\u00e9 une place au sein de l\u2019\u00e9quipe gr\u00e2ce \u00e0 des r\u00e9sultats solides sur le circuit de la Coupe du monde au cours des deux derni\u00e8res ann\u00e9es, dont l\u2019historique m\u00e9daille de bronze remport\u00e9e par Knute Johnsgaard au sein de l\u2019\u00e9quipe canadienne masculine de relais l\u2019ann\u00e9e derni\u00e8re. Se joindront \u00e0 eux trois autres recrues olympiques\u00a0: Cendrine Browne (Saint-J\u00e9r\u00f4me, QC), Anne-Marie Comeau (Saint-Ferr\u00e9ol-les-Neiges, QC) et Russell Kennedy (Canmore, Alb.).<\/p>\n<p>\u00ab\u00a0C\u2019est un r\u00eave devenu r\u00e9alit\u00e9 que d\u2019\u00eatre s\u00e9lectionn\u00e9e pour mes premiers Jeux olympiques\u00a0\u00bb, a indiqu\u00e9 Dahria Beatty. \u00ab\u00a0C\u2019est mon objectif depuis que j\u2019ai commenc\u00e9 \u00e0 concourir dans mon enfance. Aujourd\u2019hui, c\u2019est enfin une r\u00e9alit\u00e9. J\u2019esp\u00e8re tirer le meilleur de l\u2019atmosph\u00e8re olympique et tout donner en concourant pour le Canada.\u00a0\u00bb<\/p>\n<p>Cendrine Browne, Anne-Marie Comeau et Russell Kennedy ont enlev\u00e9 les trois derni\u00e8res places de l\u2019\u00e9quipe canadienne de ski de fond lors des Essais olympiques de Ski de fond Canada, qui ont eu lieu au mont Sainte-Anne, au Qu\u00e9bec.<\/p>\n<p>\u00ab\u00a0L\u2019incroyable talent d\u00e9montr\u00e9 par notre \u00e9quipe de ski de fond me remplit d\u2019enthousiasme\u00a0\u00bb, a comment\u00e9 la chef de mission d\u2019\u00c9quipe Canada, Isabelle Charest. \u00ab\u00a0Ces athl\u00e8tes ont travaill\u00e9 sans rel\u00e2che afin de faire leur place au sein de l\u2019\u00e9quipe et je suis impatiente de les encourager, alors qu\u2019ils vivront l\u2019exp\u00e9rience olympique.\u00a0\u00bb<\/p>\n<p>Le Canada a trois m\u00e9dailles olympiques \u00e0 son actif en ski de fond, la toute premi\u00e8re ayant \u00e9t\u00e9 remport\u00e9e par Beckie Scott \u00e0 Salt Lake City\u00a02002, o\u00f9 elle avait enlev\u00e9 l\u2019or. Beckie Scott a \u00e9galement d\u00e9croch\u00e9 une m\u00e9daille d\u2019argent en sprint par \u00e9quipe avec Sara Renner \u00e0 Turin\u00a02006, soit la m\u00eame ann\u00e9e o\u00f9 Chandra Crawford a gagn\u00e9 l\u2019or en sprint.<\/p>\n<p><strong>\u00a0<\/strong>Les athl\u00e8tes nomm\u00e9s sont\u00a0:<\/p>\n<table>\n<tbody>\n<tr>\n<td width=\"142\"><strong>Nom<\/strong><\/td>\n<td width=\"184\"><strong>Ville d\u2019attache<\/strong><\/td>\n<\/tr>\n<tr>\n<td width=\"142\">Dahria Beatty<\/td>\n<td width=\"184\">Whitehorse (Yn)<\/td>\n<\/tr>\n<tr>\n<td width=\"142\">Cendrine Browne<\/td>\n<td width=\"184\">Saint-J\u00e9r\u00f4me (Qc)<\/td>\n<\/tr>\n<tr>\n<td width=\"142\"><a href=\"https:\/\/develop.olympic.ca\/olympique\/team-canada\/jesse-cockney\/\">Jesse Cockney<\/a><\/td>\n<td width=\"184\">Yellowknife (T.N.-O.)<\/td>\n<\/tr>\n<tr>\n<td width=\"142\">Anne-Marie Comeau<\/td>\n<td width=\"184\">Saint-Ferr\u00e9ol-les-Neiges (Qc)<\/td>\n<\/tr>\n<tr>\n<td width=\"142\"><a href=\"https:\/\/develop.olympic.ca\/olympique\/team-canada\/alex-harvey\/\">Alex Harvey<\/a><\/td>\n<td width=\"184\">Saint-Ferr\u00e9ol-les-Neiges (Qc)<\/td>\n<\/tr>\n<tr>\n<td width=\"142\">Knute Johnsgaard<\/td>\n<td width=\"184\">Whitehorse (Yn)<\/td>\n<\/tr>\n<tr>\n<td width=\"142\">Russell Kennedy<\/td>\n<td width=\"184\">Canmore (Alb.)<\/td>\n<\/tr>\n<tr>\n<td width=\"142\"><a href=\"https:\/\/develop.olympic.ca\/olympique\/team-canada\/devon-kershaw\/\">Devon Kershaw<\/a><\/td>\n<td width=\"184\">Sudbury (Ont.)<\/td>\n<\/tr>\n<tr>\n<td width=\"142\"><a href=\"https:\/\/develop.olympic.ca\/olympique\/team-canada\/graeme-killick\/\">Graeme Killick<\/a><\/td>\n<td width=\"184\">Fort McMurray (Alb.)<\/td>\n<\/tr>\n<tr>\n<td width=\"142\"><a href=\"https:\/\/develop.olympic.ca\/olympique\/team-canada\/emily-nishikawa\/\">Emily Nishikawa<\/a><\/td>\n<td width=\"184\">Whitehorse (Yn)<\/td>\n<\/tr>\n<tr>\n<td width=\"142\"><a href=\"https:\/\/develop.olympic.ca\/olympique\/team-canada\/lenny-valjas\/\">Lenny Valjas<\/a><\/td>\n<td width=\"184\">Toronto (Ont.)<\/td>\n<\/tr>\n<\/tbody>\n<\/table>\n<p><strong>\u00a0<\/strong>Les entra\u00eeneurs nomm\u00e9s sont\u00a0:<\/p>\n<table>\n<tbody>\n<tr>\n<td width=\"142\"><strong>Nom<\/strong><\/td>\n<td width=\"184\"><strong>Ville d\u2019attache<\/strong><\/td>\n<\/tr>\n<tr>\n<td width=\"142\">Ivan Babikov<\/td>\n<td width=\"184\">Canmore (Alb.)<\/td>\n<\/tr>\n<tr>\n<td width=\"142\">Louis Bouchard<\/td>\n<td width=\"184\">Qu\u00e9bec (Qc)<\/td>\n<\/tr>\n<\/tbody>\n<\/table>\n<p style=\"text-align:center;\"><strong>\u00a0<\/strong>-30-<\/p>\n<p><strong>CONTACTS POUR LES M\u00c9DIAS\u00a0:<\/strong><\/p>\n<p>Chris Dornan, Relations publiques et m\u00e9diatiques<br \/>\nSki de fond Canada<br \/>\nT\u00e9l.\u00a0: 403\u00a0620-8731<br \/>\nCourriel\u00a0: <a href=\"mailto:hpprchris@shaw.ca\">hpprchris@shaw.ca<\/a><\/p>\n<p>Josh Su, coordonnateur, Communications<br \/>\nComit\u00e9 olympique canadien<br \/>\nT\u00e9l.\u00a0: 416\u00a0324-4303 \/ Cell.\u00a0: 647\u00a0464-4060<br \/>\nCourriel\u00a0: <a href=\"mailto:jsu@olympic.ca\">jsu@olympique.ca<\/a><\/p>\n<p>Photi Sotiropoulos, directeur, Communications et relations m\u00e9diatiques<br \/>\nComit\u00e9 olympique canadien<br \/>\nT\u00e9l.\u00a0: 416\u00a0324-4298 \/ Cell.\u00a0: 416\u00a0476-9174<br \/>\nCourriel\u00a0: <a href=\"mailto:psotiropoulos@olympic.ca\">psotiropoulos@olympique.ca<\/a><\/p>\n","protected":false},"excerpt":{"rendered":"<p>CANMORE (29 janvier 2018) \u2014 Le Canada pr\u00e9sentera une \u00e9quipe de ski de fond alliant une vaste exp\u00e9rience internationale \u00e0&#8230;<\/p>\n","protected":false},"featured_media":135145,"template":"","format":"standard","tags":[],"type-of-press":[496138],"press-topic":[415985202],"years":[415985510],"class_list":["post-135144","press","type-press","status-publish","format-standard","has-post-thumbnail","hentry","type-of-press-communiques","press-topic-pyeongchang-2018","years-415985510"],"acf":[],"yoast_head":"<!-- This site is optimized with the Yoast SEO plugin v27.3 - https:\/\/yoast.com\/product\/yoast-seo-wordpress\/ -->\n<title>Annonce de l\u2019\u00e9quipe olympique canadienne de ski de fond pour PyeongChang\u00a02018 - \u00c9quipe Canada | Site officiel de l&#039;\u00e9quipe olympique<\/title>\n<meta name=\"robots\" content=\"index, follow, max-snippet:-1, max-image-preview:large, max-video-preview:-1\" \/>\n<link rel=\"canonical\" href=\"https:\/\/develop.olympic.ca\/olympique\/presse\/annonce-de-lequipe-olympique-canadienne-de-ski-de-fond-pour-pyeongchang-2018\/\" \/>\n<meta property=\"og:locale\" content=\"fr_FR\" \/>\n<meta property=\"og:type\" content=\"article\" \/>\n<meta property=\"og:title\" content=\"Annonce de l\u2019\u00e9quipe olympique canadienne de ski de fond pour PyeongChang\u00a02018 - \u00c9quipe Canada | Site officiel de l&#039;\u00e9quipe olympique\" \/>\n<meta property=\"og:description\" content=\"CANMORE (29 janvier 2018) \u2014 Le Canada pr\u00e9sentera une \u00e9quipe de ski de fond alliant une vaste exp\u00e9rience internationale \u00e0...\" \/>\n<meta property=\"og:url\" content=\"https:\/\/develop.olympic.ca\/olympique\/presse\/annonce-de-lequipe-olympique-canadienne-de-ski-de-fond-pour-pyeongchang-2018\/\" \/>\n<meta property=\"og:site_name\" content=\"\u00c9quipe Canada | Site officiel de l&#039;\u00e9quipe olympique\" \/>\n<meta property=\"article:modified_time\" content=\"2018-01-29T14:41:36+00:00\" \/>\n<meta property=\"og:image\" content=\"https:\/\/develop.olympic.ca\/olympique\/wp-content\/uploads\/sites\/2\/2018\/01\/ccs_header.jpg?quality=100\" \/>\n\t<meta property=\"og:image:width\" content=\"1340\" \/>\n\t<meta property=\"og:image:height\" content=\"754\" \/>\n\t<meta property=\"og:image:type\" content=\"image\/jpeg\" \/>\n<meta name=\"twitter:card\" content=\"summary_large_image\" \/>\n<meta name=\"twitter:label1\" content=\"Est. reading time\" \/>\n\t<meta name=\"twitter:data1\" content=\"5 minutes\" \/>\n\t<meta name=\"twitter:label2\" content=\"Written by\" \/>\n\t<meta name=\"twitter:data2\" content=\"joshsu\" \/>\n<script type=\"application\/ld+json\" class=\"yoast-schema-graph\">{\"@context\":\"https:\\\/\\\/schema.org\",\"@graph\":[{\"@type\":\"WebPage\",\"@id\":\"https:\\\/\\\/develop.olympic.ca\\\/olympique\\\/presse\\\/annonce-de-lequipe-olympique-canadienne-de-ski-de-fond-pour-pyeongchang-2018\\\/\",\"url\":\"https:\\\/\\\/develop.olympic.ca\\\/olympique\\\/presse\\\/annonce-de-lequipe-olympique-canadienne-de-ski-de-fond-pour-pyeongchang-2018\\\/\",\"name\":\"Annonce de l\u2019\u00e9quipe olympique canadienne de ski de fond pour PyeongChang\u00a02018 - \u00c9quipe Canada | Site officiel de l&#039;\u00e9quipe olympique\",\"isPartOf\":{\"@id\":\"https:\\\/\\\/develop.olympic.ca\\\/olympique\\\/#website\"},\"primaryImageOfPage\":{\"@id\":\"https:\\\/\\\/develop.olympic.ca\\\/olympique\\\/presse\\\/annonce-de-lequipe-olympique-canadienne-de-ski-de-fond-pour-pyeongchang-2018\\\/#primaryimage\"},\"image\":{\"@id\":\"https:\\\/\\\/develop.olympic.ca\\\/olympique\\\/presse\\\/annonce-de-lequipe-olympique-canadienne-de-ski-de-fond-pour-pyeongchang-2018\\\/#primaryimage\"},\"thumbnailUrl\":\"https:\\\/\\\/develop.olympic.ca\\\/olympique\\\/wp-content\\\/uploads\\\/sites\\\/2\\\/2018\\\/01\\\/ccs_header.jpg?quality=100\",\"datePublished\":\"2018-01-29T14:30:39+00:00\",\"dateModified\":\"2018-01-29T14:41:36+00:00\",\"inLanguage\":\"fr-FR\",\"potentialAction\":[{\"@type\":\"ReadAction\",\"target\":[\"https:\\\/\\\/develop.olympic.ca\\\/olympique\\\/presse\\\/annonce-de-lequipe-olympique-canadienne-de-ski-de-fond-pour-pyeongchang-2018\\\/\"]}]},{\"@type\":\"ImageObject\",\"inLanguage\":\"fr-FR\",\"@id\":\"https:\\\/\\\/develop.olympic.ca\\\/olympique\\\/presse\\\/annonce-de-lequipe-olympique-canadienne-de-ski-de-fond-pour-pyeongchang-2018\\\/#primaryimage\",\"url\":\"https:\\\/\\\/develop.olympic.ca\\\/olympique\\\/wp-content\\\/uploads\\\/sites\\\/2\\\/2018\\\/01\\\/ccs_header.jpg?quality=100\",\"contentUrl\":\"https:\\\/\\\/develop.olympic.ca\\\/olympique\\\/wp-content\\\/uploads\\\/sites\\\/2\\\/2018\\\/01\\\/ccs_header.jpg?quality=100\",\"width\":1340,\"height\":754},{\"@type\":\"WebSite\",\"@id\":\"https:\\\/\\\/develop.olympic.ca\\\/olympique\\\/#website\",\"url\":\"https:\\\/\\\/develop.olympic.ca\\\/olympique\\\/\",\"name\":\"\u00c9quipe Canada | Site officiel de l&#039;\u00e9quipe olympique\",\"description\":\"Votre source pour l\u2019\u00c9quipe olympique canadienne. Retrouvez les r\u00e9cits, vid\u00e9os et photos des athl\u00e8tes canadiens, sports olympiques, Jeux olympiques de 2020 et bien plus!\",\"potentialAction\":[{\"@type\":\"SearchAction\",\"target\":{\"@type\":\"EntryPoint\",\"urlTemplate\":\"https:\\\/\\\/develop.olympic.ca\\\/olympique\\\/?s={search_term_string}\"},\"query-input\":{\"@type\":\"PropertyValueSpecification\",\"valueRequired\":true,\"valueName\":\"search_term_string\"}}],\"inLanguage\":\"fr-FR\"}]}<\/script>\n<!-- \/ Yoast SEO plugin. -->","yoast_head_json":{"title":"Annonce de l\u2019\u00e9quipe olympique canadienne de ski de fond pour PyeongChang\u00a02018 - \u00c9quipe Canada | Site officiel de l&#039;\u00e9quipe olympique","robots":{"index":"index","follow":"follow","max-snippet":"max-snippet:-1","max-image-preview":"max-image-preview:large","max-video-preview":"max-video-preview:-1"},"canonical":"https:\/\/develop.olympic.ca\/olympique\/presse\/annonce-de-lequipe-olympique-canadienne-de-ski-de-fond-pour-pyeongchang-2018\/","og_locale":"fr_FR","og_type":"article","og_title":"Annonce de l\u2019\u00e9quipe olympique canadienne de ski de fond pour PyeongChang\u00a02018 - \u00c9quipe Canada | Site officiel de l&#039;\u00e9quipe olympique","og_description":"CANMORE (29 janvier 2018) \u2014 Le Canada pr\u00e9sentera une \u00e9quipe de ski de fond alliant une vaste exp\u00e9rience internationale \u00e0...","og_url":"https:\/\/develop.olympic.ca\/olympique\/presse\/annonce-de-lequipe-olympique-canadienne-de-ski-de-fond-pour-pyeongchang-2018\/","og_site_name":"\u00c9quipe Canada | Site officiel de l&#039;\u00e9quipe olympique","article_modified_time":"2018-01-29T14:41:36+00:00","og_image":[{"width":1340,"height":754,"url":"https:\/\/develop.olympic.ca\/olympique\/wp-content\/uploads\/sites\/2\/2018\/01\/ccs_header.jpg?quality=100","type":"image\/jpeg"}],"twitter_card":"summary_large_image","twitter_misc":{"Est. reading time":"5 minutes","Written by":"joshsu"},"schema":{"@context":"https:\/\/schema.org","@graph":[{"@type":"WebPage","@id":"https:\/\/develop.olympic.ca\/olympique\/presse\/annonce-de-lequipe-olympique-canadienne-de-ski-de-fond-pour-pyeongchang-2018\/","url":"https:\/\/develop.olympic.ca\/olympique\/presse\/annonce-de-lequipe-olympique-canadienne-de-ski-de-fond-pour-pyeongchang-2018\/","name":"Annonce de l\u2019\u00e9quipe olympique canadienne de ski de fond pour PyeongChang\u00a02018 - \u00c9quipe Canada | Site officiel de l&#039;\u00e9quipe olympique","isPartOf":{"@id":"https:\/\/develop.olympic.ca\/olympique\/#website"},"primaryImageOfPage":{"@id":"https:\/\/develop.olympic.ca\/olympique\/presse\/annonce-de-lequipe-olympique-canadienne-de-ski-de-fond-pour-pyeongchang-2018\/#primaryimage"},"image":{"@id":"https:\/\/develop.olympic.ca\/olympique\/presse\/annonce-de-lequipe-olympique-canadienne-de-ski-de-fond-pour-pyeongchang-2018\/#primaryimage"},"thumbnailUrl":"https:\/\/develop.olympic.ca\/olympique\/wp-content\/uploads\/sites\/2\/2018\/01\/ccs_header.jpg?quality=100","datePublished":"2018-01-29T14:30:39+00:00","dateModified":"2018-01-29T14:41:36+00:00","inLanguage":"fr-FR","potentialAction":[{"@type":"ReadAction","target":["https:\/\/develop.olympic.ca\/olympique\/presse\/annonce-de-lequipe-olympique-canadienne-de-ski-de-fond-pour-pyeongchang-2018\/"]}]},{"@type":"ImageObject","inLanguage":"fr-FR","@id":"https:\/\/develop.olympic.ca\/olympique\/presse\/annonce-de-lequipe-olympique-canadienne-de-ski-de-fond-pour-pyeongchang-2018\/#primaryimage","url":"https:\/\/develop.olympic.ca\/olympique\/wp-content\/uploads\/sites\/2\/2018\/01\/ccs_header.jpg?quality=100","contentUrl":"https:\/\/develop.olympic.ca\/olympique\/wp-content\/uploads\/sites\/2\/2018\/01\/ccs_header.jpg?quality=100","width":1340,"height":754},{"@type":"WebSite","@id":"https:\/\/develop.olympic.ca\/olympique\/#website","url":"https:\/\/develop.olympic.ca\/olympique\/","name":"\u00c9quipe Canada | Site officiel de l&#039;\u00e9quipe olympique","description":"Votre source pour l\u2019\u00c9quipe olympique canadienne. Retrouvez les r\u00e9cits, vid\u00e9os et photos des athl\u00e8tes canadiens, sports olympiques, Jeux olympiques de 2020 et bien plus!","potentialAction":[{"@type":"SearchAction","target":{"@type":"EntryPoint","urlTemplate":"https:\/\/develop.olympic.ca\/olympique\/?s={search_term_string}"},"query-input":{"@type":"PropertyValueSpecification","valueRequired":true,"valueName":"search_term_string"}}],"inLanguage":"fr-FR"}]}},"jetpack_sharing_enabled":true,"_links":{"self":[{"href":"https:\/\/develop.olympic.ca\/olympique\/wp-json\/wp\/v2\/press\/135144","targetHints":{"allow":["GET"]}}],"collection":[{"href":"https:\/\/develop.olympic.ca\/olympique\/wp-json\/wp\/v2\/press"}],"about":[{"href":"https:\/\/develop.olympic.ca\/olympique\/wp-json\/wp\/v2\/types\/press"}],"version-history":[{"count":1,"href":"https:\/\/develop.olympic.ca\/olympique\/wp-json\/wp\/v2\/press\/135144\/revisions"}],"predecessor-version":[{"id":135150,"href":"https:\/\/develop.olympic.ca\/olympique\/wp-json\/wp\/v2\/press\/135144\/revisions\/135150"}],"wp:featuredmedia":[{"embeddable":true,"href":"https:\/\/develop.olympic.ca\/olympique\/wp-json\/wp\/v2\/media\/135145"}],"wp:attachment":[{"href":"https:\/\/develop.olympic.ca\/olympique\/wp-json\/wp\/v2\/media?parent=135144"}],"wp:term":[{"taxonomy":"post_tag","embeddable":true,"href":"https:\/\/develop.olympic.ca\/olympique\/wp-json\/wp\/v2\/tags?post=135144"},{"taxonomy":"type-of-press","embeddable":true,"href":"https:\/\/develop.olympic.ca\/olympique\/wp-json\/wp\/v2\/type-of-press?post=135144"},{"taxonomy":"press-topic","embeddable":true,"href":"https:\/\/develop.olympic.ca\/olympique\/wp-json\/wp\/v2\/press-topic?post=135144"},{"taxonomy":"years","embeddable":true,"href":"https:\/\/develop.olympic.ca\/olympique\/wp-json\/wp\/v2\/years?post=135144"}],"curies":[{"name":"wp","href":"https:\/\/api.w.org\/{rel}","templated":true}]}}