{"id":136157,"date":"2018-02-09T06:13:58","date_gmt":"2018-02-09T11:13:58","guid":{"rendered":"http:\/\/develop.olympic.ca\/olympique\/?post_type=press&#038;p=136157"},"modified":"2018-02-09T07:08:08","modified_gmt":"2018-02-09T12:08:08","slug":"pyeongchang-2018-equipe-canada-a-la-fin-du-jour-0","status":"publish","type":"press","link":"https:\/\/develop.olympic.ca\/olympique\/presse\/pyeongchang-2018-equipe-canada-a-la-fin-du-jour-0\/","title":{"rendered":"PyeongChang 2018\u00a0: \u00c9quipe Canada \u00e0 la fin du jour\u00a00"},"content":{"rendered":"<p><strong>PYEONGCHANG (9 f\u00e9vrier 2018) <\/strong>\u2013 Voici o\u00f9 se situe \u00c9quipe Canada \u00e0 la fin du jour\u00a00 des Jeux olympiques d\u2019hiver de PyeongChang\u00a02018\u00a0:<\/p>\n<p><strong>R\u00c9SULTATS\u00a0:<\/strong> <a href=\"https:\/\/develop.olympic.ca\/wp-content\/uploads\/sites\/2\/2018\/02\/pyeongchang-2018-day-0.xlsx\">R\u00e9sultats des comp\u00e9titions auxquelles participe \u00c9quipe Canada<\/a><\/p>\n<p><strong>HORAIRE\u00a0:<\/strong> <a href=\"https:\/\/develop.olympic.ca\/olympique\/horaire-dequipe-canada-a-pyeongchang-2018\/\">Horaire d&rsquo;\u00c9quipe Canada \u00e0 PyeongChang 2018<\/a><\/p>\n<p class=\"p1\"><span class=\"s1\"><strong>\u00c0 T\u00c9L\u00c9CHARGER :<\/strong> <a href=\"https:\/\/images.olympic.ca\/bp\/#\/folder\/3515728\/\">Photos en haute r\u00e9solution de la c\u00e9r\u00e9monie d\u2019ouverture aux fins \u00e9ditoriales<\/a><\/span><\/p>\n<p>&#8212;<\/p>\n<p><strong>CITATIONS\u00a0:<\/strong><\/p>\n<p><strong>Patrick CHAN<\/strong><\/p>\n<p><em>\u00c0 propos du d\u00e9but de ses troisi\u00e8mes Jeux olympiques d\u2019hiver\u00a0:<\/em><\/p>\n<p>\u00ab\u00a0J\u2019avais vraiment l\u2019impression d\u2019avoir le contr\u00f4le de mes pens\u00e9es et de ce que mon corps ressentait. Quatre ann\u00e9es se sont \u00e9coul\u00e9es. Je suis le genre de patineur \u00e0 prendre du temps, \u00e9tant donn\u00e9 que j\u2019ai vieilli, \u00e0 m\u2019\u00e9chauffer, \u00e0 faire les quadruples sauts et \u00e0 me sentir \u00e0 l\u2019aise en comp\u00e9tition. Nous avons deux longues semaines devant nous et je ne regarderai pas beaucoup en arri\u00e8re. C\u2019est une bonne occasion de faire dispara\u00eetre le trac du d\u00e9but.\u00a0\u00bb<\/p>\n<p><em>\u00c0 propos de ce que repr\u00e9senterait l\u2019or \u00e0 l\u2019\u00e9preuve par \u00e9quipes\u00a0:<\/em><\/p>\n<p>\u00ab\u00a0Je pense que cela repr\u00e9senterait beaucoup \u00e0 mes yeux que de voir mes co\u00e9quipiers autour de moi, au sommet de leur vie, et de les voir ressentir ce que c\u2019est que d\u2019\u00eatre champions olympiques. Ce sera la plus grande satisfaction. C\u2019est pour cela qu\u2019il s\u2019agit d\u2019une \u00e9preuve par \u00e9quipes. Certains d\u2019entre nous feront des erreurs. Voil\u00e0, nous avons commenc\u00e9 et j\u2019ai bien h\u00e2te \u00e0 la suite des choses.\u00a0\u00bb<\/p>\n<p><em>\u00c0 propos de son programme court\u00a0:<\/em><\/p>\n<p>\u00ab\u00a0Je ne suis \u00e9videmment pas tr\u00e8s content de ma performance. Je vais \u00eatre ici pendant un certain temps et il y a beaucoup d\u2019autres programmes \u00e0 venir. Ce n\u2019est pas le meilleur d\u00e9part que j\u2019esp\u00e9rais, mais mes co\u00e9quipiers m\u2019appuient. Ils me font beaucoup de bien, m\u00eame si ce n\u2019\u00e9tait pas le meilleur programme; ils m\u2019appuient et me donnent l\u2019impression que je suis \u00e0 ma place ici. C\u2019est ce qui me pla\u00eet le plus au sujet de l\u2019\u00e9preuve par \u00e9quipes.\u00a0\u00bb<\/p>\n<p><strong>Mika\u00ebl KINGSBURY\u00a0<\/strong><\/p>\n<p><em>\u00c0 propos de son compatriote Alexandre BILODEAU, qui a gagn\u00e9 l\u2019or \u00e0 cette \u00e9preuve \u00e0 Vancouver\u00a02010\u00a0:<\/em><\/p>\n<p>\u00ab\u00a0J\u2019\u00e9tais \u00e0 la barre dans la foule, je l\u2019encourageais. Ce fut tellement inspirant de voir un gars que je connaissais depuis l\u2019\u00e2ge de huit\u00a0ans remporter une m\u00e9daille d\u2019or. \u00c7a m\u2019a donn\u00e9 encore plus envie de me rendre jusqu\u2019aux Jeux olympiques. Je voulais \u00eatre dans cette position, et c\u2019est l\u00e0 que je me suis retrouv\u00e9 \u00e0 Sotchi. Vous savez, vos premiers Jeux sont toujours stressants. J\u2019en suis \u00e0 mes deuxi\u00e8mes et c\u2019est bien diff\u00e9rent. C\u2019est bien d\u2019avoir un peu d\u2019exp\u00e9rience.\u00a0\u00bb<\/p>\n<p><em>Au sujet des conseils de BILODEAU\u00a0:<\/em><\/p>\n<p class=\"p1\"><span class=\"s1\">\u00ab\u00a0Nous parlons un peu. Il m\u2019a envoy\u00e9 un texto au jour de l\u2019An, mais il est <\/span><span class=\"s2\">une<\/span><span class=\"s1\"> grande inspiration <\/span><span class=\"s2\">pour moi <\/span><span class=\"s1\">depuis que je suis jeune, <\/span><span class=\"s2\">et c\u2019est <\/span><span class=\"s1\">en partie \u00e0 cause de lui que je suis ici aujourd\u2019hui. Je m\u2019entra\u00eene beaucoup avec lui au gym et je skie contre lui. Nous essayons sans cesse de nous pousser l\u2019un l\u2019autre.\u00a0\u00bb<\/span><\/p>\n<p><em>\u00c0 propos de l\u2019esprit d\u2019\u00c9quipe Canada\u00a0:<\/em><\/p>\n<p>\u00ab\u00a0Je gagne beaucoup et chacune des victoires de cette ann\u00e9e a \u00e9t\u00e9 sp\u00e9ciale. Les gars sont de tr\u00e8s forts skieurs et je me dois d\u2019\u00eatre au sommet de ma forme pour les battre, et ce, \u00e0 tout moment. C\u2019est toujours amusant de gagner et de c\u00e9l\u00e9brer avec mes co\u00e9quipiers J\u2019ai les meilleurs co\u00e9quipiers au monde. Ils me poussent tous les jours et je loge avec eux. Ils sont toujours l\u00e0. Que je fasse bien ou pas, et s\u2019ils font bien, nous serons toujours l\u00e0 ensemble pour c\u00e9l\u00e9brer et faire la f\u00eate. Dans les moments difficiles, nous sommes tr\u00e8s proches et nous essayons de nous aider les uns les autres.\u00a0\u00bb<\/p>\n<p><em>\u00c0 propos de <\/em><a href=\"https:\/\/myinfo.pyeongchang2018.com\/OIS\/OW18D\/categories\/index.html#\/BIOS011.html?language=ENG&amp;id=3032214\"><em>Philippe MARQUIS<\/em><\/a> <em>(CAN) qui s\u2019est r\u00e9tabli d\u2019une blessure grave au genou\u00a0:<\/em><\/p>\n<p>\u00ab\u00a0Oh, mon Dieu, je pense que j\u2019\u00e9tais plus nerveux \u00e0 le regarder que je l\u2019ai \u00e9t\u00e9 pour ma propre descente. Phil est un des hommes les plus coriaces que je connaisse et cette semaine, son attitude a \u00e9t\u00e9 remarquable. Impossible de savoir qu\u2019il lui manque un ligament crois\u00e9 ant\u00e9rieur. C\u2019\u00e9tait sa premi\u00e8re descente, de haut en bas. Et \u00e9videmment, ce n\u2019est pas facile pour le corps, donc je suis fier qu\u2019il se soit rendu en bas. Ce n\u2019est pas facile de descendre ce parcours sans ce ligament.\u00a0\u00bb<\/p>\n<p>&#8212;<\/p>\n<p><strong>RENCONTRES M\u00c9DIATIQUES DU LENDEMAIN\u00a0:<\/strong><\/p>\n<p>Le 10 f\u00e9vrier 2018<\/p>\n<p><strong>Quoi\u00a0: <\/strong>Hockey \u2013 Conf\u00e9rence de presse de l\u2019\u00e9quipe olympique masculine du Canada<br \/>\n<strong>Attach\u00e9\u00a0:<\/strong> Mark Halliday (<a href=\"mailto:mhalliday@hockeycanada.ca)\">mhalliday@hockeycanada.ca)<br \/>\n<\/a><strong>O\u00f9\u00a0: <\/strong>Village olympique de Gangneung \u2013 Salle de conf\u00e9rences de presse<br \/>\n<strong>Quand\u00a0: <\/strong>11\u00a0h\u00a030 (KST)<br \/>\n<strong>Qui\u00a0:<\/strong> Sean Burke (directeur g\u00e9n\u00e9ral), Willie Desjardins (entra\u00eeneur-chef), Chris Kelly (capitaine), Derek Roy (assistant capitaine)<\/p>\n<p>Pour plus d\u2019information, veuillez consulter le <a href=\"https:\/\/docs.google.com\/spreadsheets\/d\/1qhftpw_1Q5UziNknc0g2UmO5UrdHDGO85anB-FWDPyM\/edit?usp=sharing\">calendrier<\/a> des rencontres m\u00e9diatiques pr\u00e9vues apr\u00e8s les s\u00e9ances d\u2019entra\u00eenement et\/ou les comp\u00e9titions.<\/p>\n<p>* Le calendrier des rencontres m\u00e9diatiques peut changer.<\/p>\n<p style=\"text-align:center;\">-30-<\/p>\n<p><strong>CONTACTS POUR LES M\u00c9DIAS\u00a0:<\/strong><\/p>\n<p>Josh Su, agent du CPP et des relations m\u00e9diatiques<br \/>\nComit\u00e9 olympique canadien<br \/>\nCell.\u00a0: +82-10-7240-8075<br \/>\nCourriel\u00a0: <a href=\"mailto:jsu@olympic.ca\">jsu@olympic.ca<\/a><\/p>\n<p>Photi Sotiropoulos, chef des communications<br \/>\nComit\u00e9 olympique canadien<br \/>\nCell.\u00a0: +82-10-7343-8075<br \/>\nCourriel\u00a0: <a href=\"mailto:psotiropoulos@olympic.ca\">psotiropoulos@olympic.ca<\/a><\/p>\n","protected":false},"excerpt":{"rendered":"<p>PYEONGCHANG (9 f\u00e9vrier 2018) \u2013 Voici o\u00f9 se situe \u00c9quipe Canada \u00e0 la fin du jour\u00a00 des Jeux olympiques d\u2019hiver&#8230;<\/p>\n","protected":false},"featured_media":136158,"template":"","format":"standard","tags":[],"type-of-press":[496138],"press-topic":[415985202],"years":[415985510],"class_list":["post-136157","press","type-press","status-publish","format-standard","has-post-thumbnail","hentry","type-of-press-communiques","press-topic-pyeongchang-2018","years-415985510"],"acf":[],"yoast_head":"<!-- This site is optimized with the Yoast SEO plugin v27.3 - https:\/\/yoast.com\/product\/yoast-seo-wordpress\/ -->\n<title>PyeongChang 2018\u00a0: \u00c9quipe Canada \u00e0 la fin du jour\u00a00 - \u00c9quipe Canada | Site officiel de l&#039;\u00e9quipe olympique<\/title>\n<meta name=\"robots\" content=\"index, follow, max-snippet:-1, max-image-preview:large, max-video-preview:-1\" \/>\n<link rel=\"canonical\" href=\"https:\/\/develop.olympic.ca\/olympique\/presse\/pyeongchang-2018-equipe-canada-a-la-fin-du-jour-0\/\" \/>\n<meta property=\"og:locale\" content=\"fr_FR\" \/>\n<meta property=\"og:type\" content=\"article\" \/>\n<meta property=\"og:title\" content=\"PyeongChang 2018\u00a0: \u00c9quipe Canada \u00e0 la fin du jour\u00a00 - \u00c9quipe Canada | Site officiel de l&#039;\u00e9quipe olympique\" \/>\n<meta property=\"og:description\" content=\"PYEONGCHANG (9 f\u00e9vrier 2018) \u2013 Voici o\u00f9 se situe \u00c9quipe Canada \u00e0 la fin du jour\u00a00 des Jeux olympiques d\u2019hiver...\" \/>\n<meta property=\"og:url\" content=\"https:\/\/develop.olympic.ca\/olympique\/presse\/pyeongchang-2018-equipe-canada-a-la-fin-du-jour-0\/\" \/>\n<meta property=\"og:site_name\" content=\"\u00c9quipe Canada | Site officiel de l&#039;\u00e9quipe olympique\" \/>\n<meta property=\"article:modified_time\" content=\"2018-02-09T12:08:08+00:00\" \/>\n<meta property=\"og:image\" content=\"https:\/\/develop.olympic.ca\/olympique\/wp-content\/uploads\/sites\/2\/2018\/02\/day0_header.jpg?quality=100\" \/>\n\t<meta property=\"og:image:width\" content=\"1340\" \/>\n\t<meta property=\"og:image:height\" content=\"754\" \/>\n\t<meta property=\"og:image:type\" content=\"image\/jpeg\" \/>\n<meta name=\"twitter:card\" content=\"summary_large_image\" \/>\n<meta name=\"twitter:label1\" content=\"Est. reading time\" \/>\n\t<meta name=\"twitter:data1\" content=\"5 minutes\" \/>\n\t<meta name=\"twitter:label2\" content=\"Written by\" \/>\n\t<meta name=\"twitter:data2\" content=\"joshsu\" \/>\n<script type=\"application\/ld+json\" class=\"yoast-schema-graph\">{\"@context\":\"https:\\\/\\\/schema.org\",\"@graph\":[{\"@type\":\"WebPage\",\"@id\":\"https:\\\/\\\/develop.olympic.ca\\\/olympique\\\/presse\\\/pyeongchang-2018-equipe-canada-a-la-fin-du-jour-0\\\/\",\"url\":\"https:\\\/\\\/develop.olympic.ca\\\/olympique\\\/presse\\\/pyeongchang-2018-equipe-canada-a-la-fin-du-jour-0\\\/\",\"name\":\"PyeongChang 2018\u00a0: \u00c9quipe Canada \u00e0 la fin du jour\u00a00 - \u00c9quipe Canada | Site officiel de l&#039;\u00e9quipe olympique\",\"isPartOf\":{\"@id\":\"https:\\\/\\\/develop.olympic.ca\\\/olympique\\\/#website\"},\"primaryImageOfPage\":{\"@id\":\"https:\\\/\\\/develop.olympic.ca\\\/olympique\\\/presse\\\/pyeongchang-2018-equipe-canada-a-la-fin-du-jour-0\\\/#primaryimage\"},\"image\":{\"@id\":\"https:\\\/\\\/develop.olympic.ca\\\/olympique\\\/presse\\\/pyeongchang-2018-equipe-canada-a-la-fin-du-jour-0\\\/#primaryimage\"},\"thumbnailUrl\":\"https:\\\/\\\/develop.olympic.ca\\\/olympique\\\/wp-content\\\/uploads\\\/sites\\\/2\\\/2018\\\/02\\\/day0_header.jpg?quality=100\",\"datePublished\":\"2018-02-09T11:13:58+00:00\",\"dateModified\":\"2018-02-09T12:08:08+00:00\",\"inLanguage\":\"fr-FR\",\"potentialAction\":[{\"@type\":\"ReadAction\",\"target\":[\"https:\\\/\\\/develop.olympic.ca\\\/olympique\\\/presse\\\/pyeongchang-2018-equipe-canada-a-la-fin-du-jour-0\\\/\"]}]},{\"@type\":\"ImageObject\",\"inLanguage\":\"fr-FR\",\"@id\":\"https:\\\/\\\/develop.olympic.ca\\\/olympique\\\/presse\\\/pyeongchang-2018-equipe-canada-a-la-fin-du-jour-0\\\/#primaryimage\",\"url\":\"https:\\\/\\\/develop.olympic.ca\\\/olympique\\\/wp-content\\\/uploads\\\/sites\\\/2\\\/2018\\\/02\\\/day0_header.jpg?quality=100\",\"contentUrl\":\"https:\\\/\\\/develop.olympic.ca\\\/olympique\\\/wp-content\\\/uploads\\\/sites\\\/2\\\/2018\\\/02\\\/day0_header.jpg?quality=100\",\"width\":1340,\"height\":754},{\"@type\":\"WebSite\",\"@id\":\"https:\\\/\\\/develop.olympic.ca\\\/olympique\\\/#website\",\"url\":\"https:\\\/\\\/develop.olympic.ca\\\/olympique\\\/\",\"name\":\"\u00c9quipe Canada | Site officiel de l&#039;\u00e9quipe olympique\",\"description\":\"Votre source pour l\u2019\u00c9quipe olympique canadienne. Retrouvez les r\u00e9cits, vid\u00e9os et photos des athl\u00e8tes canadiens, sports olympiques, Jeux olympiques de 2020 et bien plus!\",\"potentialAction\":[{\"@type\":\"SearchAction\",\"target\":{\"@type\":\"EntryPoint\",\"urlTemplate\":\"https:\\\/\\\/develop.olympic.ca\\\/olympique\\\/?s={search_term_string}\"},\"query-input\":{\"@type\":\"PropertyValueSpecification\",\"valueRequired\":true,\"valueName\":\"search_term_string\"}}],\"inLanguage\":\"fr-FR\"}]}<\/script>\n<!-- \/ Yoast SEO plugin. -->","yoast_head_json":{"title":"PyeongChang 2018\u00a0: \u00c9quipe Canada \u00e0 la fin du jour\u00a00 - \u00c9quipe Canada | Site officiel de l&#039;\u00e9quipe olympique","robots":{"index":"index","follow":"follow","max-snippet":"max-snippet:-1","max-image-preview":"max-image-preview:large","max-video-preview":"max-video-preview:-1"},"canonical":"https:\/\/develop.olympic.ca\/olympique\/presse\/pyeongchang-2018-equipe-canada-a-la-fin-du-jour-0\/","og_locale":"fr_FR","og_type":"article","og_title":"PyeongChang 2018\u00a0: \u00c9quipe Canada \u00e0 la fin du jour\u00a00 - \u00c9quipe Canada | Site officiel de l&#039;\u00e9quipe olympique","og_description":"PYEONGCHANG (9 f\u00e9vrier 2018) \u2013 Voici o\u00f9 se situe \u00c9quipe Canada \u00e0 la fin du jour\u00a00 des Jeux olympiques d\u2019hiver...","og_url":"https:\/\/develop.olympic.ca\/olympique\/presse\/pyeongchang-2018-equipe-canada-a-la-fin-du-jour-0\/","og_site_name":"\u00c9quipe Canada | Site officiel de l&#039;\u00e9quipe olympique","article_modified_time":"2018-02-09T12:08:08+00:00","og_image":[{"width":1340,"height":754,"url":"https:\/\/develop.olympic.ca\/olympique\/wp-content\/uploads\/sites\/2\/2018\/02\/day0_header.jpg?quality=100","type":"image\/jpeg"}],"twitter_card":"summary_large_image","twitter_misc":{"Est. reading time":"5 minutes","Written by":"joshsu"},"schema":{"@context":"https:\/\/schema.org","@graph":[{"@type":"WebPage","@id":"https:\/\/develop.olympic.ca\/olympique\/presse\/pyeongchang-2018-equipe-canada-a-la-fin-du-jour-0\/","url":"https:\/\/develop.olympic.ca\/olympique\/presse\/pyeongchang-2018-equipe-canada-a-la-fin-du-jour-0\/","name":"PyeongChang 2018\u00a0: \u00c9quipe Canada \u00e0 la fin du jour\u00a00 - \u00c9quipe Canada | Site officiel de l&#039;\u00e9quipe olympique","isPartOf":{"@id":"https:\/\/develop.olympic.ca\/olympique\/#website"},"primaryImageOfPage":{"@id":"https:\/\/develop.olympic.ca\/olympique\/presse\/pyeongchang-2018-equipe-canada-a-la-fin-du-jour-0\/#primaryimage"},"image":{"@id":"https:\/\/develop.olympic.ca\/olympique\/presse\/pyeongchang-2018-equipe-canada-a-la-fin-du-jour-0\/#primaryimage"},"thumbnailUrl":"https:\/\/develop.olympic.ca\/olympique\/wp-content\/uploads\/sites\/2\/2018\/02\/day0_header.jpg?quality=100","datePublished":"2018-02-09T11:13:58+00:00","dateModified":"2018-02-09T12:08:08+00:00","inLanguage":"fr-FR","potentialAction":[{"@type":"ReadAction","target":["https:\/\/develop.olympic.ca\/olympique\/presse\/pyeongchang-2018-equipe-canada-a-la-fin-du-jour-0\/"]}]},{"@type":"ImageObject","inLanguage":"fr-FR","@id":"https:\/\/develop.olympic.ca\/olympique\/presse\/pyeongchang-2018-equipe-canada-a-la-fin-du-jour-0\/#primaryimage","url":"https:\/\/develop.olympic.ca\/olympique\/wp-content\/uploads\/sites\/2\/2018\/02\/day0_header.jpg?quality=100","contentUrl":"https:\/\/develop.olympic.ca\/olympique\/wp-content\/uploads\/sites\/2\/2018\/02\/day0_header.jpg?quality=100","width":1340,"height":754},{"@type":"WebSite","@id":"https:\/\/develop.olympic.ca\/olympique\/#website","url":"https:\/\/develop.olympic.ca\/olympique\/","name":"\u00c9quipe Canada | Site officiel de l&#039;\u00e9quipe olympique","description":"Votre source pour l\u2019\u00c9quipe olympique canadienne. Retrouvez les r\u00e9cits, vid\u00e9os et photos des athl\u00e8tes canadiens, sports olympiques, Jeux olympiques de 2020 et bien plus!","potentialAction":[{"@type":"SearchAction","target":{"@type":"EntryPoint","urlTemplate":"https:\/\/develop.olympic.ca\/olympique\/?s={search_term_string}"},"query-input":{"@type":"PropertyValueSpecification","valueRequired":true,"valueName":"search_term_string"}}],"inLanguage":"fr-FR"}]}},"jetpack_sharing_enabled":true,"_links":{"self":[{"href":"https:\/\/develop.olympic.ca\/olympique\/wp-json\/wp\/v2\/press\/136157","targetHints":{"allow":["GET"]}}],"collection":[{"href":"https:\/\/develop.olympic.ca\/olympique\/wp-json\/wp\/v2\/press"}],"about":[{"href":"https:\/\/develop.olympic.ca\/olympique\/wp-json\/wp\/v2\/types\/press"}],"version-history":[{"count":1,"href":"https:\/\/develop.olympic.ca\/olympique\/wp-json\/wp\/v2\/press\/136157\/revisions"}],"predecessor-version":[{"id":136166,"href":"https:\/\/develop.olympic.ca\/olympique\/wp-json\/wp\/v2\/press\/136157\/revisions\/136166"}],"wp:featuredmedia":[{"embeddable":true,"href":"https:\/\/develop.olympic.ca\/olympique\/wp-json\/wp\/v2\/media\/136158"}],"wp:attachment":[{"href":"https:\/\/develop.olympic.ca\/olympique\/wp-json\/wp\/v2\/media?parent=136157"}],"wp:term":[{"taxonomy":"post_tag","embeddable":true,"href":"https:\/\/develop.olympic.ca\/olympique\/wp-json\/wp\/v2\/tags?post=136157"},{"taxonomy":"type-of-press","embeddable":true,"href":"https:\/\/develop.olympic.ca\/olympique\/wp-json\/wp\/v2\/type-of-press?post=136157"},{"taxonomy":"press-topic","embeddable":true,"href":"https:\/\/develop.olympic.ca\/olympique\/wp-json\/wp\/v2\/press-topic?post=136157"},{"taxonomy":"years","embeddable":true,"href":"https:\/\/develop.olympic.ca\/olympique\/wp-json\/wp\/v2\/years?post=136157"}],"curies":[{"name":"wp","href":"https:\/\/api.w.org\/{rel}","templated":true}]}}