{"id":137801,"date":"2018-02-18T08:17:29","date_gmt":"2018-02-18T13:17:29","guid":{"rendered":"http:\/\/develop.olympic.ca\/olympique\/?post_type=press&#038;p=137801"},"modified":"2018-02-18T08:48:15","modified_gmt":"2018-02-18T13:48:15","slug":"pyeongchang-2018-equipe-canada-a-la-fin-du-jour-9","status":"publish","type":"press","link":"https:\/\/develop.olympic.ca\/olympique\/presse\/pyeongchang-2018-equipe-canada-a-la-fin-du-jour-9\/","title":{"rendered":"PyeongChang\u00a02018\u00a0: \u00c9quipe Canada \u00e0 la fin du jour\u00a09"},"content":{"rendered":"<p><strong>PYEONGCHANG (18 f\u00e9vrier 2018) \u2013 <\/strong>Voici o\u00f9 se situe \u00c9quipe Canada \u00e0 la fin du jour\u00a09 des Jeux olympiques d\u2019hiver de PyeongChang\u00a02018\u00a0:<\/p>\n<table>\n<tbody>\n<tr>\n<td width=\"117\">OR\u00a0: 5<\/td>\n<td width=\"117\">ARGENT\u00a0: 5<\/td>\n<td width=\"117\">BRONZE\u00a0: 6<\/td>\n<td width=\"117\">TOTAL\u00a0: 16<\/td>\n<\/tr>\n<\/tbody>\n<\/table>\n<p>R\u00c9SULTATS\u00a0: <a href=\"https:\/\/develop.olympic.ca\/team-canada-pyeongchang-2018-results\/\">R\u00e9sultats des comp\u00e9titions auxquelles participe \u00c9quipe Canada<\/a><\/p>\n<p>HORAIRE DES COMP\u00c9TITIONS\u00a0: <a href=\"https:\/\/develop.olympic.ca\/team-canada-pyeongchang-2018-schedule\/\">Horaire d\u2019\u00c9quipe Canada \u00e0 PyeongChang\u00a02018<\/a><\/p>\n<p>\u00c0 T\u00c9L\u00c9CHARGER\u00a0: <a href=\"https:\/\/images.olympic.ca\/bp\/#\/folder\/3307420\/\">Photos de presse de PyeongChang\u00a02018 aux fins \u00e9ditoriales<\/a><\/p>\n<p>CONF\u00c9RENCE DE PRESSE\u00a0: Voir ci-dessous pour conna\u00eetre les d\u00e9tails de la conf\u00e9rence de presse pr\u00e9vue demain (19\u00a0f\u00e9vrier).<\/p>\n<p>&#8212;<\/p>\n<p><strong>QUELQUES FAITS\u00a0:<\/strong><\/p>\n<ul>\n<li>Le bronze remport\u00e9 par Alex Beaulieu-Marchand est la premi\u00e8re m\u00e9daille du Canada en ski slopestyle masculin.<\/li>\n<\/ul>\n<p>&#8212;<\/p>\n<p><strong>CITATIONS\u00a0:<\/strong><\/p>\n<p><strong>Rachel HOMAN<\/strong><\/p>\n<p><em>\u00c0 propos de cette remont\u00e9e victorieuse alors que son \u00e9quipe tirait de l\u2019arri\u00e8re\u00a06-8\u00a0: <\/em><\/p>\n<p class=\"p1\"><span class=\"s1\">\u00ab\u00a0Nous avons fait d\u2019excellents lancers, certains tr\u00e8s pr\u00e9cis, comme notre \u00e9quipe devait le faire. Au balayage, les joueuses devaient faire preuve d\u2019un bon jugement pour r\u00e9ussir les placements et nous en avons rat\u00e9 quelques-uns qui nous ont co<\/span><span class=\"s2\">\u00fb<\/span><span class=\"s1\">t\u00e9 cher, mais nous avons continu\u00e9 \u00e0 suivre notre plan de match sans paniquer. Notre maniement des pierres \u00e9tait tr\u00e8s bon et nous avons r\u00e9ussi \u00e0 r\u00e9colter trois points en neuvi\u00e8me, puis nous avons eu un tr\u00e8s bon placement en derni\u00e8re manche. Nous aurions voulu en r\u00e9ussir quelques autres, mais nous n\u2019avons pas l\u00e2ch\u00e9 et nous avons continu\u00e9 \u00e0 faire confiance au lancer suivant. Ce n\u2019\u00e9tait pas une victoire facile et nous n\u2019avons jamais abandonn\u00e9. Je suis tr\u00e8s fi\u00e8re de mes co\u00e9quipi\u00e8res parce qu\u2019elles ont tr\u00e8s bien jou\u00e9.\u00a0\u00bb<\/span><\/p>\n<p><em>Au sujet du d\u00e9but de comp\u00e9tition difficile qui a commenc\u00e9 par trois d\u00e9faites\u00a0: <\/em><\/p>\n<p>\u00ab\u00a0C\u2019est un d\u00e9fi, mais nous sommes quand m\u00eame aux Jeux olympiques et on essaie d\u2019absorber tout ce qu\u2019on peut. Nous sommes \u00e9videmment d\u00e9\u00e7ues d\u2019avoir perdu par une ou deux pierres (lors des trois premiers matchs). C\u2019est difficile, mais il faut passer par\u2011dessus. Rester f\u00e2ch\u00e9e plus longtemps qu\u2019il le faut n\u2019aide personne. Toute l\u2019\u00e9quipe est pass\u00e9e au match suivant et nous essayons de rester soud\u00e9es. Nous avons encore la chance de faire ce que nous savons faire.\u00a0\u00bb<\/p>\n<p><strong>Lisa WEAGLE <\/strong><\/p>\n<p><em>\u00c0 propos de ce qu\u2019elles se sont dit apr\u00e8s la victoire\u00a0: <\/em><\/p>\n<p>\u00ab\u00a0On s\u2019est prises dans nos bras et on s\u2019est dit\u00a0fi\u00e8res de nous de ne pas avoir abandonn\u00e9 et de s\u2019\u00eatre soutenues.\u00a0\u00bb<\/p>\n<p><em>Au sujet du curling\u00a0: <\/em><\/p>\n<p>\u00ab\u00a0C\u2019est une affaire de pouces et un lancer peut tout changer. Un lancer peut changer notre vie. Quand nous avons gagn\u00e9 le tournoi Scotties (le championnat canadien f\u00e9minin) l\u2019an dernier, c\u2019est un seul lancer qui a tout chang\u00e9 pour nous.\u00a0\u00bb<\/p>\n<p><strong>Alex BEAULIEU-MARCHAND<\/strong><\/p>\n<p><em>\u00c0 propos de la qualit\u00e9 de sa performance\u00a0: <\/em><\/p>\n<p>\u00ab\u00a0Aujourd\u2019hui, la comp\u00e9tition \u00e9tait extraordinaire. Je n\u2019ai jamais vu \u00e7a. Je suis venu ici pour montrer au monde entier ce que je suis capable de faire sur mes skis, et c\u2019est ce que j\u2019ai fait. Je me sentais bien, et je skiais super bien. Je n\u2019ai jamais aussi bien ski\u00e9. J\u2019ai r\u00e9ussi des sauts que j\u2019ai \u00e0 peine pratiqu\u00e9s. J\u2019ai fait plus de triples flips aujourd\u2019hui que dans toute ma vie.\u00a0\u00bb<\/p>\n<p>&nbsp;<\/p>\n<p><em>\u00c0 propos de cette m\u00e9daille de bronze qui ne le d\u00e9finit pas\u00a0: <\/em><\/p>\n<p>\u00ab\u00a0Si j\u2019avais fait une chute en qualification, est-ce que \u00e7a aurait fait de moi un moins bon skieur? Aujourd\u2019hui, on trouve \u00e7a cool une m\u00e9daille de bronze, mais une chute, est-ce que \u00e7a aurait voulu dire que je suis moins travaillant? Je pense que non. Mon but n\u2019\u00e9tait pas n\u00e9cessairement de gagner une m\u00e9daille. M\u00eame si les autres avaient r\u00e9ussi tous leurs sauts et m\u2019avaient recal\u00e9 en quatri\u00e8me place, j\u2019aurais \u00e9t\u00e9 content parce que je n\u2019ai jamais aussi bien ski\u00e9 de ma vie.\u00a0\u00bb<\/p>\n<p>&#8212;<\/p>\n<p><strong>CONF\u00c9RENCE DE PRESSE \u00c0 VENIR DEMAIN\u00a0:<\/strong><\/p>\n<p>19 f\u00e9vrier 2018<\/p>\n<p><strong>Quoi\u00a0: <\/strong>Ski acrobatique, slopestyle masculin \u2013 Conf\u00e9rence de presse<br \/>\n<strong>Attach\u00e9e de presse\u00a0:<\/strong> Dominique Ladouceur (<a href=\"mailto:Dominique@freestylecanada.ski)\">Dominique@freestylecanada.ski)<br \/>\n<\/a><strong>O\u00f9\u00a0: <\/strong>Centre principal de presse \u2013 Salle\u00a0: Gangneung<br \/>\n<strong>Quand\u00a0: <\/strong>11\u00a0h\u00a000 (KST)<br \/>\n<strong>Qui\u00a0:<\/strong> Alex Beaulieu-Marchand<\/p>\n<p>Pour plus d\u2019information, veuillez consulter le <a href=\"https:\/\/docs.google.com\/spreadsheets\/d\/1qhftpw_1Q5UziNknc0g2UmO5UrdHDGO85anB-FWDPyM\/edit?usp=sharing\">calendrier<\/a> des rencontres m\u00e9diatiques qui auront lieu apr\u00e8s les s\u00e9ances d\u2019entra\u00eenement et\/ou les comp\u00e9titions.<\/p>\n<p>*\u00a0Le calendrier des rencontres m\u00e9diatiques et conf\u00e9rences de presse peut changer.<\/p>\n<p style=\"text-align:center;\">-30-<\/p>\n<p><strong>CONTACTS POUR LES M\u00c9DIAS\u00a0:<\/strong><\/p>\n<p>Josh Su, agent du CPP et des relations m\u00e9diatiques<br \/>\nComit\u00e9 olympique canadien<br \/>\nCell. : +82-10-7240-8075<br \/>\nCourriel\u00a0: <a href=\"mailto:jsu@olympique.ca\">jsu@olympique.ca<\/a><\/p>\n<p>Photi Sotiropoulos, chef des communications<br \/>\nComit\u00e9 olympique canadien<br \/>\nCell. : +82-10-7343-8075<br \/>\nCourriel\u00a0: <a href=\"mailto:psotiropoulos@olympique.ca\">psotiropoulos@olympique.ca<\/a><\/p>\n","protected":false},"excerpt":{"rendered":"<p>PYEONGCHANG (18 f\u00e9vrier 2018) \u2013 Voici o\u00f9 se situe \u00c9quipe Canada \u00e0 la fin du jour\u00a09 des Jeux olympiques d\u2019hiver&#8230;<\/p>\n","protected":false},"featured_media":137803,"template":"","format":"standard","tags":[],"type-of-press":[496138],"press-topic":[415985202],"years":[415985510],"class_list":["post-137801","press","type-press","status-publish","format-standard","has-post-thumbnail","hentry","type-of-press-communiques","press-topic-pyeongchang-2018","years-415985510"],"acf":[],"yoast_head":"<!-- This site is optimized with the Yoast SEO plugin v27.3 - https:\/\/yoast.com\/product\/yoast-seo-wordpress\/ -->\n<title>PyeongChang\u00a02018\u00a0: \u00c9quipe Canada \u00e0 la fin du jour\u00a09 - \u00c9quipe Canada | Site officiel de l&#039;\u00e9quipe olympique<\/title>\n<meta name=\"robots\" content=\"index, follow, max-snippet:-1, max-image-preview:large, max-video-preview:-1\" \/>\n<link rel=\"canonical\" href=\"https:\/\/develop.olympic.ca\/olympique\/presse\/pyeongchang-2018-equipe-canada-a-la-fin-du-jour-9\/\" \/>\n<meta property=\"og:locale\" content=\"fr_FR\" \/>\n<meta property=\"og:type\" content=\"article\" \/>\n<meta property=\"og:title\" content=\"PyeongChang\u00a02018\u00a0: \u00c9quipe Canada \u00e0 la fin du jour\u00a09 - \u00c9quipe Canada | Site officiel de l&#039;\u00e9quipe olympique\" \/>\n<meta property=\"og:description\" content=\"PYEONGCHANG (18 f\u00e9vrier 2018) \u2013 Voici o\u00f9 se situe \u00c9quipe Canada \u00e0 la fin du jour\u00a09 des Jeux olympiques d\u2019hiver...\" \/>\n<meta property=\"og:url\" content=\"https:\/\/develop.olympic.ca\/olympique\/presse\/pyeongchang-2018-equipe-canada-a-la-fin-du-jour-9\/\" \/>\n<meta property=\"og:site_name\" content=\"\u00c9quipe Canada | Site officiel de l&#039;\u00e9quipe olympique\" \/>\n<meta property=\"article:modified_time\" content=\"2018-02-18T13:48:15+00:00\" \/>\n<meta property=\"og:image\" content=\"https:\/\/develop.olympic.ca\/olympique\/wp-content\/uploads\/sites\/2\/2018\/02\/mediaavail_header13.jpg?quality=100\" \/>\n\t<meta property=\"og:image:width\" content=\"1340\" \/>\n\t<meta property=\"og:image:height\" content=\"754\" \/>\n\t<meta property=\"og:image:type\" content=\"image\/jpeg\" \/>\n<meta name=\"twitter:card\" content=\"summary_large_image\" \/>\n<meta name=\"twitter:label1\" content=\"Est. reading time\" \/>\n\t<meta name=\"twitter:data1\" content=\"4 minutes\" \/>\n\t<meta name=\"twitter:label2\" content=\"Written by\" \/>\n\t<meta name=\"twitter:data2\" content=\"joshsu\" \/>\n<script type=\"application\/ld+json\" class=\"yoast-schema-graph\">{\"@context\":\"https:\\\/\\\/schema.org\",\"@graph\":[{\"@type\":\"WebPage\",\"@id\":\"https:\\\/\\\/develop.olympic.ca\\\/olympique\\\/presse\\\/pyeongchang-2018-equipe-canada-a-la-fin-du-jour-9\\\/\",\"url\":\"https:\\\/\\\/develop.olympic.ca\\\/olympique\\\/presse\\\/pyeongchang-2018-equipe-canada-a-la-fin-du-jour-9\\\/\",\"name\":\"PyeongChang\u00a02018\u00a0: \u00c9quipe Canada \u00e0 la fin du jour\u00a09 - \u00c9quipe Canada | Site officiel de l&#039;\u00e9quipe olympique\",\"isPartOf\":{\"@id\":\"https:\\\/\\\/develop.olympic.ca\\\/olympique\\\/#website\"},\"primaryImageOfPage\":{\"@id\":\"https:\\\/\\\/develop.olympic.ca\\\/olympique\\\/presse\\\/pyeongchang-2018-equipe-canada-a-la-fin-du-jour-9\\\/#primaryimage\"},\"image\":{\"@id\":\"https:\\\/\\\/develop.olympic.ca\\\/olympique\\\/presse\\\/pyeongchang-2018-equipe-canada-a-la-fin-du-jour-9\\\/#primaryimage\"},\"thumbnailUrl\":\"https:\\\/\\\/develop.olympic.ca\\\/olympique\\\/wp-content\\\/uploads\\\/sites\\\/2\\\/2018\\\/02\\\/mediaavail_header13.jpg?quality=100\",\"datePublished\":\"2018-02-18T13:17:29+00:00\",\"dateModified\":\"2018-02-18T13:48:15+00:00\",\"inLanguage\":\"fr-FR\",\"potentialAction\":[{\"@type\":\"ReadAction\",\"target\":[\"https:\\\/\\\/develop.olympic.ca\\\/olympique\\\/presse\\\/pyeongchang-2018-equipe-canada-a-la-fin-du-jour-9\\\/\"]}]},{\"@type\":\"ImageObject\",\"inLanguage\":\"fr-FR\",\"@id\":\"https:\\\/\\\/develop.olympic.ca\\\/olympique\\\/presse\\\/pyeongchang-2018-equipe-canada-a-la-fin-du-jour-9\\\/#primaryimage\",\"url\":\"https:\\\/\\\/develop.olympic.ca\\\/olympique\\\/wp-content\\\/uploads\\\/sites\\\/2\\\/2018\\\/02\\\/mediaavail_header13.jpg?quality=100\",\"contentUrl\":\"https:\\\/\\\/develop.olympic.ca\\\/olympique\\\/wp-content\\\/uploads\\\/sites\\\/2\\\/2018\\\/02\\\/mediaavail_header13.jpg?quality=100\",\"width\":1340,\"height\":754},{\"@type\":\"WebSite\",\"@id\":\"https:\\\/\\\/develop.olympic.ca\\\/olympique\\\/#website\",\"url\":\"https:\\\/\\\/develop.olympic.ca\\\/olympique\\\/\",\"name\":\"\u00c9quipe Canada | Site officiel de l&#039;\u00e9quipe olympique\",\"description\":\"Votre source pour l\u2019\u00c9quipe olympique canadienne. Retrouvez les r\u00e9cits, vid\u00e9os et photos des athl\u00e8tes canadiens, sports olympiques, Jeux olympiques de 2020 et bien plus!\",\"potentialAction\":[{\"@type\":\"SearchAction\",\"target\":{\"@type\":\"EntryPoint\",\"urlTemplate\":\"https:\\\/\\\/develop.olympic.ca\\\/olympique\\\/?s={search_term_string}\"},\"query-input\":{\"@type\":\"PropertyValueSpecification\",\"valueRequired\":true,\"valueName\":\"search_term_string\"}}],\"inLanguage\":\"fr-FR\"}]}<\/script>\n<!-- \/ Yoast SEO plugin. -->","yoast_head_json":{"title":"PyeongChang\u00a02018\u00a0: \u00c9quipe Canada \u00e0 la fin du jour\u00a09 - \u00c9quipe Canada | Site officiel de l&#039;\u00e9quipe olympique","robots":{"index":"index","follow":"follow","max-snippet":"max-snippet:-1","max-image-preview":"max-image-preview:large","max-video-preview":"max-video-preview:-1"},"canonical":"https:\/\/develop.olympic.ca\/olympique\/presse\/pyeongchang-2018-equipe-canada-a-la-fin-du-jour-9\/","og_locale":"fr_FR","og_type":"article","og_title":"PyeongChang\u00a02018\u00a0: \u00c9quipe Canada \u00e0 la fin du jour\u00a09 - \u00c9quipe Canada | Site officiel de l&#039;\u00e9quipe olympique","og_description":"PYEONGCHANG (18 f\u00e9vrier 2018) \u2013 Voici o\u00f9 se situe \u00c9quipe Canada \u00e0 la fin du jour\u00a09 des Jeux olympiques d\u2019hiver...","og_url":"https:\/\/develop.olympic.ca\/olympique\/presse\/pyeongchang-2018-equipe-canada-a-la-fin-du-jour-9\/","og_site_name":"\u00c9quipe Canada | Site officiel de l&#039;\u00e9quipe olympique","article_modified_time":"2018-02-18T13:48:15+00:00","og_image":[{"width":1340,"height":754,"url":"https:\/\/develop.olympic.ca\/olympique\/wp-content\/uploads\/sites\/2\/2018\/02\/mediaavail_header13.jpg?quality=100","type":"image\/jpeg"}],"twitter_card":"summary_large_image","twitter_misc":{"Est. reading time":"4 minutes","Written by":"joshsu"},"schema":{"@context":"https:\/\/schema.org","@graph":[{"@type":"WebPage","@id":"https:\/\/develop.olympic.ca\/olympique\/presse\/pyeongchang-2018-equipe-canada-a-la-fin-du-jour-9\/","url":"https:\/\/develop.olympic.ca\/olympique\/presse\/pyeongchang-2018-equipe-canada-a-la-fin-du-jour-9\/","name":"PyeongChang\u00a02018\u00a0: \u00c9quipe Canada \u00e0 la fin du jour\u00a09 - \u00c9quipe Canada | Site officiel de l&#039;\u00e9quipe olympique","isPartOf":{"@id":"https:\/\/develop.olympic.ca\/olympique\/#website"},"primaryImageOfPage":{"@id":"https:\/\/develop.olympic.ca\/olympique\/presse\/pyeongchang-2018-equipe-canada-a-la-fin-du-jour-9\/#primaryimage"},"image":{"@id":"https:\/\/develop.olympic.ca\/olympique\/presse\/pyeongchang-2018-equipe-canada-a-la-fin-du-jour-9\/#primaryimage"},"thumbnailUrl":"https:\/\/develop.olympic.ca\/olympique\/wp-content\/uploads\/sites\/2\/2018\/02\/mediaavail_header13.jpg?quality=100","datePublished":"2018-02-18T13:17:29+00:00","dateModified":"2018-02-18T13:48:15+00:00","inLanguage":"fr-FR","potentialAction":[{"@type":"ReadAction","target":["https:\/\/develop.olympic.ca\/olympique\/presse\/pyeongchang-2018-equipe-canada-a-la-fin-du-jour-9\/"]}]},{"@type":"ImageObject","inLanguage":"fr-FR","@id":"https:\/\/develop.olympic.ca\/olympique\/presse\/pyeongchang-2018-equipe-canada-a-la-fin-du-jour-9\/#primaryimage","url":"https:\/\/develop.olympic.ca\/olympique\/wp-content\/uploads\/sites\/2\/2018\/02\/mediaavail_header13.jpg?quality=100","contentUrl":"https:\/\/develop.olympic.ca\/olympique\/wp-content\/uploads\/sites\/2\/2018\/02\/mediaavail_header13.jpg?quality=100","width":1340,"height":754},{"@type":"WebSite","@id":"https:\/\/develop.olympic.ca\/olympique\/#website","url":"https:\/\/develop.olympic.ca\/olympique\/","name":"\u00c9quipe Canada | Site officiel de l&#039;\u00e9quipe olympique","description":"Votre source pour l\u2019\u00c9quipe olympique canadienne. Retrouvez les r\u00e9cits, vid\u00e9os et photos des athl\u00e8tes canadiens, sports olympiques, Jeux olympiques de 2020 et bien plus!","potentialAction":[{"@type":"SearchAction","target":{"@type":"EntryPoint","urlTemplate":"https:\/\/develop.olympic.ca\/olympique\/?s={search_term_string}"},"query-input":{"@type":"PropertyValueSpecification","valueRequired":true,"valueName":"search_term_string"}}],"inLanguage":"fr-FR"}]}},"jetpack_sharing_enabled":true,"_links":{"self":[{"href":"https:\/\/develop.olympic.ca\/olympique\/wp-json\/wp\/v2\/press\/137801","targetHints":{"allow":["GET"]}}],"collection":[{"href":"https:\/\/develop.olympic.ca\/olympique\/wp-json\/wp\/v2\/press"}],"about":[{"href":"https:\/\/develop.olympic.ca\/olympique\/wp-json\/wp\/v2\/types\/press"}],"version-history":[{"count":1,"href":"https:\/\/develop.olympic.ca\/olympique\/wp-json\/wp\/v2\/press\/137801\/revisions"}],"predecessor-version":[{"id":137805,"href":"https:\/\/develop.olympic.ca\/olympique\/wp-json\/wp\/v2\/press\/137801\/revisions\/137805"}],"wp:featuredmedia":[{"embeddable":true,"href":"https:\/\/develop.olympic.ca\/olympique\/wp-json\/wp\/v2\/media\/137803"}],"wp:attachment":[{"href":"https:\/\/develop.olympic.ca\/olympique\/wp-json\/wp\/v2\/media?parent=137801"}],"wp:term":[{"taxonomy":"post_tag","embeddable":true,"href":"https:\/\/develop.olympic.ca\/olympique\/wp-json\/wp\/v2\/tags?post=137801"},{"taxonomy":"type-of-press","embeddable":true,"href":"https:\/\/develop.olympic.ca\/olympique\/wp-json\/wp\/v2\/type-of-press?post=137801"},{"taxonomy":"press-topic","embeddable":true,"href":"https:\/\/develop.olympic.ca\/olympique\/wp-json\/wp\/v2\/press-topic?post=137801"},{"taxonomy":"years","embeddable":true,"href":"https:\/\/develop.olympic.ca\/olympique\/wp-json\/wp\/v2\/years?post=137801"}],"curies":[{"name":"wp","href":"https:\/\/api.w.org\/{rel}","templated":true}]}}