{"id":138024,"date":"2018-02-19T10:30:39","date_gmt":"2018-02-19T15:30:39","guid":{"rendered":"http:\/\/develop.olympic.ca\/olympique\/?post_type=press&#038;p=138024"},"modified":"2018-02-19T10:30:39","modified_gmt":"2018-02-19T15:30:39","slug":"pyeongchang-2018-equipe-canada-a-la-fin-du-jour-10","status":"publish","type":"press","link":"https:\/\/develop.olympic.ca\/olympique\/presse\/pyeongchang-2018-equipe-canada-a-la-fin-du-jour-10\/","title":{"rendered":"PyeongChang\u00a02018\u00a0: \u00c9quipe Canada \u00e0 la fin du jour\u00a010"},"content":{"rendered":"<p><strong>PYEONGCHANG (19 f\u00e9vrier 2018) \u2013 <\/strong>Voici o\u00f9 se situe \u00c9quipe Canada \u00e0 la fin du jour\u00a010 des Jeux olympiques d\u2019hiver de PyeongChang\u00a02018\u00a0:<\/p>\n<table>\n<tbody>\n<tr>\n<td width=\"117\">OR\u00a0: 6<\/td>\n<td width=\"117\">ARGENT\u00a0: 5<\/td>\n<td width=\"117\">BRONZE\u00a0: 6<\/td>\n<td width=\"117\">TOTAL\u00a0: 17<\/td>\n<\/tr>\n<\/tbody>\n<\/table>\n<p>R\u00c9SULTATS\u00a0: <a href=\"https:\/\/develop.olympic.ca\/team-canada-pyeongchang-2018-results\/\">R\u00e9sultats des comp\u00e9titions auxquelles participe \u00c9quipe Canada<\/a><\/p>\n<p>HORAIRE DES COMP\u00c9TITIONS\u00a0: <a href=\"https:\/\/develop.olympic.ca\/team-canada-pyeongchang-2018-schedule\/\">Horaire d\u2019\u00c9quipe Canada \u00e0 PyeongChang\u00a02018<\/a><\/p>\n<p>\u00c0 T\u00c9L\u00c9CHARGER\u00a0: <a href=\"https:\/\/images.olympic.ca\/bp\/#\/folder\/3307420\/\">Photos de presse de PyeongChang\u00a02018 aux fins \u00e9ditoriales<\/a><\/p>\n<p>CONF\u00c9RENCE DE PRESSE\u00a0: Voir ci-dessous pour conna\u00eetre les d\u00e9tails de la conf\u00e9rence de presse pr\u00e9vue demain (20\u00a0f\u00e9vrier).<\/p>\n<p>&#8212;<\/p>\n<p><strong>QUELQUES FAITS\u00a0:<\/strong><\/p>\n<ul>\n<li>Cassie Sharpe inscrit une note de 93,40 et acc\u00e8de \u00e0 la finale f\u00e9minine de demi-lune de ski acrobatique.<\/li>\n<li>Tessa Virtue et Scott Moir obtiennent une note de 83,67 et battent leur propre record du monde au programme court.<\/li>\n<li>Le Canada remporte sa troisi\u00e8me m\u00e9daille olympique, la deuxi\u00e8me en or de son histoire, en bob \u00e0 deux masculin.<\/li>\n<li>Il s\u2019agit de la deuxi\u00e8me fois que le Canada termine <em>ex \u00e6quo<\/em> pour l\u2019or dans une \u00e9preuve de bob \u00e0 deux. (Pierre Lueders \u00e0 Nagano\u00a01998).<\/li>\n<li>L\u2019\u00e9quipe canadienne de hockey f\u00e9minin a remport\u00e9 24 matchs cons\u00e9cutifs, la plus longue s\u00e9quence de l\u2019histoire du hockey sur glace aux Jeux olympiques. Elle a aussi atteint son sixi\u00e8me match de m\u00e9daille d\u2019or olympique.<\/li>\n<\/ul>\n<p>&#8212;<\/p>\n<p><strong>CITATIONS\u00a0:<\/strong><\/p>\n<p><strong>Justin KRIPPS<\/strong><\/p>\n<p><em>\u00c0 propos de Pierre LUEDERS qui a gagn\u00e9 la m\u00e9daille d\u2019or ex \u00e6quo en bob \u00e0 deux en 1998 et qui est maintenant entra\u00eeneur de la R\u00e9publique de Cor\u00e9e\u00a0: <\/em><\/p>\n<p>\u00ab\u00a0C\u2019est lui qui m\u2019a appris \u00e0 piloter un bobsleigh. C\u2019est fou que, 20 ans apr\u00e8s sa m\u00e9daille d\u2019or <em>ex \u00e6quo<\/em> et environ huit ans apr\u00e8s qu\u2019il m\u2019ait montr\u00e9, j\u2019en gagne une aussi. Je l\u2019ai crois\u00e9 aujourd\u2019hui dans le vestiaire de l\u2019\u00e9quipe cor\u00e9enne. Il m\u2019a appris la base et pas mal tout ce que je sais en bobsleigh. Il est formidable.\u00a0\u00bb<\/p>\n<p><em>\u00c0 propos de la m\u00e9daille d\u2019or partag\u00e9e avec le duo allemand\u00a0: <\/em><\/p>\n<p>\u00ab\u00a0C\u2019est g\u00e9nial. \u00c7a fait deux autres gars aussi heureux que nous. Ce sont d\u2019excellents bobeurs et nos amis et rivaux depuis plusieurs ann\u00e9es. (Francesco) FRIEDRICH a r\u00e9ussi une descente extraordinaire et Thorsten (MARGIS) a tr\u00e8s bien pouss\u00e9. J\u2019essaie de garder l\u2019esprit clair et de faire ma petite affaire, et nous avons r\u00e9ussi ma meilleure descente \u00e0 vie. Nous avons aussi r\u00e9ussi \u00e0 retrancher quelques centi\u00e8mes de seconde au d\u00e9part et c\u2019\u00e9tait vraiment n\u00e9cessaire.\u00a0\u00bb<\/p>\n<p><strong>Alexander KOPACZ<\/strong><\/p>\n<p><em>\u00c0 propos de la communaut\u00e9 du bobsleigh\u00a0: <\/em><\/p>\n<p>\u00ab\u00a0La communaut\u00e9 tout enti\u00e8re se serre les coudes. Quand quelqu\u2019un gagne, tout le monde est content, mais quand on perd, on est tous un peu tristes. Partager ces \u00e9motions avec FRIEDRICH et Thorsten, une \u00e9quipe tenace, c\u2019est un honneur.\u00a0\u00bb<\/p>\n<p><strong>Tessa VIRTUE<\/strong><\/p>\n<p><em>\u00c0 propos de leurs troisi\u00e8mes Jeux olympiques d\u2019hiver et de leur record du monde au programme court en danse\u00a0: <\/em><\/p>\n<p>\u00ab\u00a0\u00c7a a beaucoup \u00e0 voir avec le temps que nous avons pass\u00e9 \u00e0 l\u2019\u00e9cart qui nous a permis d\u2019envisager les choses diff\u00e9remment et \u00e7a t\u00e9moigne du travail de notre \u00e9quipe de Montr\u00e9al et de nos entra\u00eeneurs, Marie-France et Patrice. Ils nous ont outill\u00e9s pour ce moment. Nous sommes parfaitement pr\u00e9par\u00e9s et nous savourons chaque minute.\u00a0\u00bb<\/p>\n<p><strong>Scott MOIR<\/strong><\/p>\n<p><em>\u00c0 propos de leur meilleure performance de la saison et de leur record au programme court en danse\u00a0: <\/em><\/p>\n<p>\u00ab\u00a0Nous en sommes tr\u00e8s fiers. Le but de chaque athl\u00e8te qui est ici est de donner sa meilleure performance. Nous sommes tr\u00e8s fiers de l\u2019avoir fait aux Jeux olympiques, mais notre travail est loin d\u2019\u00eatre fini. C\u2019est une longue \u00e9preuve. Demain, ce sera l\u2019\u00e9tape la plus importante, et nous devons continuer \u00e0 faire de notre mieux.\u00a0\u00bb<\/p>\n<p><strong>Cassie SHARPE<\/strong><\/p>\n<p><em>\u00c0 propos de l\u2019obtention du meilleur pointage en qualification\u00a0: <\/em><\/p>\n<p>\u00ab\u00a0Je me sens vraiment bien. Je suis confiante, la demi-lune est fantastique, et juste skier est super. Lors de ma premi\u00e8re descente, je voulais seulement r\u00e9ussir mes atterrissages parce que \u00e7a me donne beaucoup de confiance. Quand je n\u2019atterris pas \u00e0 ma premi\u00e8re descente, j\u2019ai beaucoup de mal \u00e0 m\u2019en remettre. Alors je voulais vraiment r\u00e9ussir ma premi\u00e8re descente. Apr\u00e8s \u00e7a, je me disais que je voulais terminer premi\u00e8re pour passer la derni\u00e8re en finale. Si on skie bien en qualification, on passe en dernier, et c\u2019est la descente de la victoire. C\u2019est le meilleur sentiment au monde. Si je peux r\u00e9ussir une autre descente comme celle-l\u00e0, je serai tr\u00e8s contente.\u00a0\u00bb<\/p>\n<p><em>\u00c0 propos de la demi-lune, qui est utilis\u00e9e par les hommes et les femmes\u00a0: <\/em><\/p>\n<p>\u00ab\u00a0Les filles et les gars n\u2019ont pas la m\u00eame stature, peu importe qui on compare. C\u2019est juste un fait. Je pense aux filles qui sont ici, qui repoussent les limites et qui, pour la plupart, ont autant d\u2019amplitude que les gars, et je suis tr\u00e8s fi\u00e8re de faire partie de ce groupe.\u00a0\u00bb<\/p>\n<p><em>Au sujet de sa strat\u00e9gie\u00a0: <\/em><\/p>\n<p>\u00ab\u00a0Nous allons revoir la strat\u00e9gie sur papier ce soir et \u00e9tablir un plan pour chacune de mes trois descentes. \u00c7a peut \u00e9videmment changer le moment venu, mais on aura une id\u00e9e g\u00e9n\u00e9rale. On veut tout planifier pour ne pas trop se fatiguer, physiquement et mentalement.\u00a0\u00bb<\/p>\n<p>&#8212;<\/p>\n<p><strong>CONF\u00c9RENCE DE PRESSE \u00c0 VENIR DEMAIN\u00a0:<\/strong><\/p>\n<p>20 f\u00e9vrier 2018<\/p>\n<p><strong>Quoi\u00a0: <\/strong>Bobsleigh \u2013 Conf\u00e9rence de presse de l\u2019\u00e9quipe masculine de bob \u00e0 deux<br \/>\n<strong>Attach\u00e9 de presse\u00a0:<\/strong> Chris Dornan (<a href=\"mailto:hpprchris@shaw.ca\">hpprchris@shaw.ca<\/a>)<br \/>\n<strong>O\u00f9\u00a0: <\/strong>Centre principal de presse \u2013 Salle\u00a0: Gangneung<br \/>\n<strong>Quand\u00a0: <\/strong>12\u00a0h\u00a030\u00a0(KST)<br \/>\n<strong>Qui\u00a0:<\/strong> Justin Kripps, Alex Kopacz<\/p>\n<p>Pour plus d\u2019information, veuillez consulter le <a href=\"https:\/\/docs.google.com\/spreadsheets\/d\/1qhftpw_1Q5UziNknc0g2UmO5UrdHDGO85anB-FWDPyM\/edit?usp=sharing\">calendrier<\/a> des rencontres m\u00e9diatiques qui auront lieu apr\u00e8s les s\u00e9ances d\u2019entra\u00eenement et\/ou les comp\u00e9titions.<\/p>\n<p>*\u00a0Le calendrier des rencontres m\u00e9diatiques et conf\u00e9rences de presse peut changer.<\/p>\n<p style=\"text-align:center;\">-30-<\/p>\n<p><strong>CONTACTS POUR LES M\u00c9DIAS\u00a0:<\/strong><\/p>\n<p>Josh Su, agent du CPP et des relations m\u00e9diatiques<br \/>\nComit\u00e9 olympique canadien<br \/>\nCell. : +82-10-7240-8075<br \/>\nCourriel\u00a0: <a href=\"mailto:jsu@olympique.ca\">jsu@olympique.ca<\/a><\/p>\n<p>Photi Sotiropoulos, chef des communications<br \/>\nComit\u00e9 olympique canadien<br \/>\nCell. : +82-10-7343-8075<br \/>\nCourriel\u00a0: <a href=\"mailto:psotiropoulos@olympique.ca\">psotiropoulos@olympique.ca<\/a><\/p>\n","protected":false},"excerpt":{"rendered":"<p>PYEONGCHANG (19 f\u00e9vrier 2018) \u2013 Voici o\u00f9 se situe \u00c9quipe Canada \u00e0 la fin du jour\u00a010 des Jeux olympiques d\u2019hiver&#8230;<\/p>\n","protected":false},"featured_media":138026,"template":"","format":"standard","tags":[],"type-of-press":[496138],"press-topic":[415985202],"years":[415985510],"class_list":["post-138024","press","type-press","status-publish","format-standard","has-post-thumbnail","hentry","type-of-press-communiques","press-topic-pyeongchang-2018","years-415985510"],"acf":[],"yoast_head":"<!-- This site is optimized with the Yoast SEO plugin v27.3 - https:\/\/yoast.com\/product\/yoast-seo-wordpress\/ -->\n<title>PyeongChang\u00a02018\u00a0: \u00c9quipe Canada \u00e0 la fin du jour\u00a010 - \u00c9quipe Canada | Site officiel de l&#039;\u00e9quipe olympique<\/title>\n<meta name=\"robots\" content=\"index, follow, max-snippet:-1, max-image-preview:large, max-video-preview:-1\" \/>\n<link rel=\"canonical\" href=\"https:\/\/develop.olympic.ca\/olympique\/presse\/pyeongchang-2018-equipe-canada-a-la-fin-du-jour-10\/\" \/>\n<meta property=\"og:locale\" content=\"fr_FR\" \/>\n<meta property=\"og:type\" content=\"article\" \/>\n<meta property=\"og:title\" content=\"PyeongChang\u00a02018\u00a0: \u00c9quipe Canada \u00e0 la fin du jour\u00a010 - \u00c9quipe Canada | Site officiel de l&#039;\u00e9quipe olympique\" \/>\n<meta property=\"og:description\" content=\"PYEONGCHANG (19 f\u00e9vrier 2018) \u2013 Voici o\u00f9 se situe \u00c9quipe Canada \u00e0 la fin du jour\u00a010 des Jeux olympiques d\u2019hiver...\" \/>\n<meta property=\"og:url\" content=\"https:\/\/develop.olympic.ca\/olympique\/presse\/pyeongchang-2018-equipe-canada-a-la-fin-du-jour-10\/\" \/>\n<meta property=\"og:site_name\" content=\"\u00c9quipe Canada | Site officiel de l&#039;\u00e9quipe olympique\" \/>\n<meta property=\"og:image\" content=\"https:\/\/develop.olympic.ca\/olympique\/wp-content\/uploads\/sites\/2\/2018\/02\/mediaavail_header14.jpg?quality=100\" \/>\n\t<meta property=\"og:image:width\" content=\"1340\" \/>\n\t<meta property=\"og:image:height\" content=\"754\" \/>\n\t<meta property=\"og:image:type\" content=\"image\/jpeg\" \/>\n<meta name=\"twitter:card\" content=\"summary_large_image\" \/>\n<meta name=\"twitter:label1\" content=\"Est. reading time\" \/>\n\t<meta name=\"twitter:data1\" content=\"5 minutes\" \/>\n\t<meta name=\"twitter:label2\" content=\"Written by\" \/>\n\t<meta name=\"twitter:data2\" content=\"joshsu\" \/>\n<script type=\"application\/ld+json\" class=\"yoast-schema-graph\">{\"@context\":\"https:\\\/\\\/schema.org\",\"@graph\":[{\"@type\":\"WebPage\",\"@id\":\"https:\\\/\\\/develop.olympic.ca\\\/olympique\\\/presse\\\/pyeongchang-2018-equipe-canada-a-la-fin-du-jour-10\\\/\",\"url\":\"https:\\\/\\\/develop.olympic.ca\\\/olympique\\\/presse\\\/pyeongchang-2018-equipe-canada-a-la-fin-du-jour-10\\\/\",\"name\":\"PyeongChang\u00a02018\u00a0: \u00c9quipe Canada \u00e0 la fin du jour\u00a010 - \u00c9quipe Canada | Site officiel de l&#039;\u00e9quipe olympique\",\"isPartOf\":{\"@id\":\"https:\\\/\\\/develop.olympic.ca\\\/olympique\\\/#website\"},\"primaryImageOfPage\":{\"@id\":\"https:\\\/\\\/develop.olympic.ca\\\/olympique\\\/presse\\\/pyeongchang-2018-equipe-canada-a-la-fin-du-jour-10\\\/#primaryimage\"},\"image\":{\"@id\":\"https:\\\/\\\/develop.olympic.ca\\\/olympique\\\/presse\\\/pyeongchang-2018-equipe-canada-a-la-fin-du-jour-10\\\/#primaryimage\"},\"thumbnailUrl\":\"https:\\\/\\\/develop.olympic.ca\\\/olympique\\\/wp-content\\\/uploads\\\/sites\\\/2\\\/2018\\\/02\\\/mediaavail_header14.jpg?quality=100\",\"datePublished\":\"2018-02-19T15:30:39+00:00\",\"inLanguage\":\"fr-FR\",\"potentialAction\":[{\"@type\":\"ReadAction\",\"target\":[\"https:\\\/\\\/develop.olympic.ca\\\/olympique\\\/presse\\\/pyeongchang-2018-equipe-canada-a-la-fin-du-jour-10\\\/\"]}]},{\"@type\":\"ImageObject\",\"inLanguage\":\"fr-FR\",\"@id\":\"https:\\\/\\\/develop.olympic.ca\\\/olympique\\\/presse\\\/pyeongchang-2018-equipe-canada-a-la-fin-du-jour-10\\\/#primaryimage\",\"url\":\"https:\\\/\\\/develop.olympic.ca\\\/olympique\\\/wp-content\\\/uploads\\\/sites\\\/2\\\/2018\\\/02\\\/mediaavail_header14.jpg?quality=100\",\"contentUrl\":\"https:\\\/\\\/develop.olympic.ca\\\/olympique\\\/wp-content\\\/uploads\\\/sites\\\/2\\\/2018\\\/02\\\/mediaavail_header14.jpg?quality=100\",\"width\":1340,\"height\":754,\"caption\":\"Justin Kripps et Alex Kopacz c\u00e9l\u00e8brent leur m\u00e9daille d'or en bob \u00e0 deux aux Jeux olympiques de PyeongChang 2018, le 19 f\u00e9vrier 2018. (AP Photo\\\/Andy Wong)\"},{\"@type\":\"WebSite\",\"@id\":\"https:\\\/\\\/develop.olympic.ca\\\/olympique\\\/#website\",\"url\":\"https:\\\/\\\/develop.olympic.ca\\\/olympique\\\/\",\"name\":\"\u00c9quipe Canada | Site officiel de l&#039;\u00e9quipe olympique\",\"description\":\"Votre source pour l\u2019\u00c9quipe olympique canadienne. Retrouvez les r\u00e9cits, vid\u00e9os et photos des athl\u00e8tes canadiens, sports olympiques, Jeux olympiques de 2020 et bien plus!\",\"potentialAction\":[{\"@type\":\"SearchAction\",\"target\":{\"@type\":\"EntryPoint\",\"urlTemplate\":\"https:\\\/\\\/develop.olympic.ca\\\/olympique\\\/?s={search_term_string}\"},\"query-input\":{\"@type\":\"PropertyValueSpecification\",\"valueRequired\":true,\"valueName\":\"search_term_string\"}}],\"inLanguage\":\"fr-FR\"}]}<\/script>\n<!-- \/ Yoast SEO plugin. -->","yoast_head_json":{"title":"PyeongChang\u00a02018\u00a0: \u00c9quipe Canada \u00e0 la fin du jour\u00a010 - \u00c9quipe Canada | Site officiel de l&#039;\u00e9quipe olympique","robots":{"index":"index","follow":"follow","max-snippet":"max-snippet:-1","max-image-preview":"max-image-preview:large","max-video-preview":"max-video-preview:-1"},"canonical":"https:\/\/develop.olympic.ca\/olympique\/presse\/pyeongchang-2018-equipe-canada-a-la-fin-du-jour-10\/","og_locale":"fr_FR","og_type":"article","og_title":"PyeongChang\u00a02018\u00a0: \u00c9quipe Canada \u00e0 la fin du jour\u00a010 - \u00c9quipe Canada | Site officiel de l&#039;\u00e9quipe olympique","og_description":"PYEONGCHANG (19 f\u00e9vrier 2018) \u2013 Voici o\u00f9 se situe \u00c9quipe Canada \u00e0 la fin du jour\u00a010 des Jeux olympiques d\u2019hiver...","og_url":"https:\/\/develop.olympic.ca\/olympique\/presse\/pyeongchang-2018-equipe-canada-a-la-fin-du-jour-10\/","og_site_name":"\u00c9quipe Canada | Site officiel de l&#039;\u00e9quipe olympique","og_image":[{"width":1340,"height":754,"url":"https:\/\/develop.olympic.ca\/olympique\/wp-content\/uploads\/sites\/2\/2018\/02\/mediaavail_header14.jpg?quality=100","type":"image\/jpeg"}],"twitter_card":"summary_large_image","twitter_misc":{"Est. reading time":"5 minutes","Written by":"joshsu"},"schema":{"@context":"https:\/\/schema.org","@graph":[{"@type":"WebPage","@id":"https:\/\/develop.olympic.ca\/olympique\/presse\/pyeongchang-2018-equipe-canada-a-la-fin-du-jour-10\/","url":"https:\/\/develop.olympic.ca\/olympique\/presse\/pyeongchang-2018-equipe-canada-a-la-fin-du-jour-10\/","name":"PyeongChang\u00a02018\u00a0: \u00c9quipe Canada \u00e0 la fin du jour\u00a010 - \u00c9quipe Canada | Site officiel de l&#039;\u00e9quipe olympique","isPartOf":{"@id":"https:\/\/develop.olympic.ca\/olympique\/#website"},"primaryImageOfPage":{"@id":"https:\/\/develop.olympic.ca\/olympique\/presse\/pyeongchang-2018-equipe-canada-a-la-fin-du-jour-10\/#primaryimage"},"image":{"@id":"https:\/\/develop.olympic.ca\/olympique\/presse\/pyeongchang-2018-equipe-canada-a-la-fin-du-jour-10\/#primaryimage"},"thumbnailUrl":"https:\/\/develop.olympic.ca\/olympique\/wp-content\/uploads\/sites\/2\/2018\/02\/mediaavail_header14.jpg?quality=100","datePublished":"2018-02-19T15:30:39+00:00","inLanguage":"fr-FR","potentialAction":[{"@type":"ReadAction","target":["https:\/\/develop.olympic.ca\/olympique\/presse\/pyeongchang-2018-equipe-canada-a-la-fin-du-jour-10\/"]}]},{"@type":"ImageObject","inLanguage":"fr-FR","@id":"https:\/\/develop.olympic.ca\/olympique\/presse\/pyeongchang-2018-equipe-canada-a-la-fin-du-jour-10\/#primaryimage","url":"https:\/\/develop.olympic.ca\/olympique\/wp-content\/uploads\/sites\/2\/2018\/02\/mediaavail_header14.jpg?quality=100","contentUrl":"https:\/\/develop.olympic.ca\/olympique\/wp-content\/uploads\/sites\/2\/2018\/02\/mediaavail_header14.jpg?quality=100","width":1340,"height":754,"caption":"Justin Kripps et Alex Kopacz c\u00e9l\u00e8brent leur m\u00e9daille d'or en bob \u00e0 deux aux Jeux olympiques de PyeongChang 2018, le 19 f\u00e9vrier 2018. (AP Photo\/Andy Wong)"},{"@type":"WebSite","@id":"https:\/\/develop.olympic.ca\/olympique\/#website","url":"https:\/\/develop.olympic.ca\/olympique\/","name":"\u00c9quipe Canada | Site officiel de l&#039;\u00e9quipe olympique","description":"Votre source pour l\u2019\u00c9quipe olympique canadienne. Retrouvez les r\u00e9cits, vid\u00e9os et photos des athl\u00e8tes canadiens, sports olympiques, Jeux olympiques de 2020 et bien plus!","potentialAction":[{"@type":"SearchAction","target":{"@type":"EntryPoint","urlTemplate":"https:\/\/develop.olympic.ca\/olympique\/?s={search_term_string}"},"query-input":{"@type":"PropertyValueSpecification","valueRequired":true,"valueName":"search_term_string"}}],"inLanguage":"fr-FR"}]}},"jetpack_sharing_enabled":true,"_links":{"self":[{"href":"https:\/\/develop.olympic.ca\/olympique\/wp-json\/wp\/v2\/press\/138024","targetHints":{"allow":["GET"]}}],"collection":[{"href":"https:\/\/develop.olympic.ca\/olympique\/wp-json\/wp\/v2\/press"}],"about":[{"href":"https:\/\/develop.olympic.ca\/olympique\/wp-json\/wp\/v2\/types\/press"}],"version-history":[{"count":0,"href":"https:\/\/develop.olympic.ca\/olympique\/wp-json\/wp\/v2\/press\/138024\/revisions"}],"wp:featuredmedia":[{"embeddable":true,"href":"https:\/\/develop.olympic.ca\/olympique\/wp-json\/wp\/v2\/media\/138026"}],"wp:attachment":[{"href":"https:\/\/develop.olympic.ca\/olympique\/wp-json\/wp\/v2\/media?parent=138024"}],"wp:term":[{"taxonomy":"post_tag","embeddable":true,"href":"https:\/\/develop.olympic.ca\/olympique\/wp-json\/wp\/v2\/tags?post=138024"},{"taxonomy":"type-of-press","embeddable":true,"href":"https:\/\/develop.olympic.ca\/olympique\/wp-json\/wp\/v2\/type-of-press?post=138024"},{"taxonomy":"press-topic","embeddable":true,"href":"https:\/\/develop.olympic.ca\/olympique\/wp-json\/wp\/v2\/press-topic?post=138024"},{"taxonomy":"years","embeddable":true,"href":"https:\/\/develop.olympic.ca\/olympique\/wp-json\/wp\/v2\/years?post=138024"}],"curies":[{"name":"wp","href":"https:\/\/api.w.org\/{rel}","templated":true}]}}