{"id":138209,"date":"2018-02-20T07:35:45","date_gmt":"2018-02-20T12:35:45","guid":{"rendered":"http:\/\/develop.olympic.ca\/olympique\/?post_type=press&#038;p=138209"},"modified":"2018-02-20T08:58:48","modified_gmt":"2018-02-20T13:58:48","slug":"pyeongchang-2018-equipe-canada-a-la-fin-du-jour-11","status":"publish","type":"press","link":"https:\/\/develop.olympic.ca\/olympique\/presse\/pyeongchang-2018-equipe-canada-a-la-fin-du-jour-11\/","title":{"rendered":"PyeongChang\u00a02018\u00a0: \u00c9quipe Canada \u00e0 la fin du jour\u00a011"},"content":{"rendered":"<p><strong>PYEONGCHANG (20 f\u00e9vrier 2018) \u2013 <\/strong>Voici o\u00f9 se situe \u00c9quipe Canada \u00e0 la fin du jour\u00a011 des Jeux olympiques d\u2019hiver de PyeongChang\u00a02018\u00a0:<\/p>\n<table>\n<tbody>\n<tr>\n<td width=\"117\">OR\u00a0: 8<\/td>\n<td width=\"117\">ARGENT\u00a0: 5<\/td>\n<td width=\"117\">BRONZE\u00a0: 6<\/td>\n<td width=\"117\">TOTAL\u00a0: 19<\/td>\n<\/tr>\n<\/tbody>\n<\/table>\n<p>R\u00c9SULTATS\u00a0: <a href=\"https:\/\/develop.olympic.ca\/team-canada-pyeongchang-2018-results\/\">R\u00e9sultats des comp\u00e9titions auxquelles participe \u00c9quipe Canada<\/a><\/p>\n<p>HORAIRE DES COMP\u00c9TITIONS\u00a0: <a href=\"https:\/\/develop.olympic.ca\/team-canada-pyeongchang-2018-schedule\/\">Horaire d\u2019\u00c9quipe Canada \u00e0 PyeongChang\u00a02018<\/a><\/p>\n<p>\u00c0 T\u00c9L\u00c9CHARGER\u00a0: <a href=\"https:\/\/images.olympic.ca\/bp\/#\/folder\/3307420\/\">Photos de presse de PyeongChang\u00a02018 aux fins \u00e9ditoriales<\/a><\/p>\n<p>CONF\u00c9RENCES DE PRESSE\u00a0: Voir ci-dessous pour conna\u00eetre les d\u00e9tails des conf\u00e9rences de presse pr\u00e9vues demain (21\u00a0f\u00e9vrier).<\/p>\n<p>&#8212;<\/p>\n<p><strong>QUELQUES FAITS\u00a0:<\/strong><\/p>\n<ul>\n<li>Le Canada remporte sa premi\u00e8re m\u00e9daille \u00e0 l\u2019\u00e9preuve f\u00e9minine de demi-lune en ski acrobatique (qui a fait ses d\u00e9buts \u00e0 Sotchi 2014). Il s\u2019agit toutefois de la 10<sup>e<\/sup>\u00a0m\u00e9daille d\u2019or du Canada depuis les d\u00e9buts du ski acrobatique aux Jeux.<\/li>\n<li>Avec cinq m\u00e9dailles, Tessa Virtue et Scott Moir sont d\u00e9sormais les patineurs artistiques les plus d\u00e9cor\u00e9s de l\u2019histoire olympique.<\/li>\n<li>Avec trois m\u00e9dailles d\u2019or, Virtue et Moir rejoignent Gillis Grafstr\u00f6m (SWE), Sonja Henje (NOR) et Irina Rodnina (USSR) au rang des patineurs ayant remport\u00e9 le plus grand nombre de m\u00e9dailles d\u2019or de l\u2019histoire du patinage artistique olympique.<\/li>\n<\/ul>\n<p>&#8212;<\/p>\n<p><strong>CITATIONS\u00a0:<\/strong><\/p>\n<p><strong>Tessa VIRTUE<\/strong><\/p>\n<p><em>\u00c0 savoir si elle avait imagin\u00e9 qu\u2019un jour elle et Scott deviendraient les patineurs artistiques olympiques les plus d\u00e9cor\u00e9s\u00a0:<\/em><\/p>\n<p>\u00ab\u00a0Certainement pas, toutefois, en premi\u00e8re ann\u00e9e, j\u2019avais \u00e9crit dans mon journal que je voulais aller aux Jeux olympiques avec Danny MOIR, le fr\u00e8re de Scott, donc c\u2019est proche. Je suis tr\u00e8s emball\u00e9e par cette comp\u00e9tition. Cette performance a \u00e9t\u00e9 tr\u00e8s sp\u00e9ciale et v\u00e9ritablement m\u00e9morable. La m\u00e9daille d\u2019or, c\u2019est la cerise sur le g\u00e2teau. Nous sommes tr\u00e8s reconnaissants envers notre \u00e9quipe qui nous a pr\u00e9par\u00e9s pour ce soir. Nous profitons de chacun des moments de ces Jeux.\u00a0\u00bb<\/p>\n<p><strong>Scott MOIR <\/strong><strong>\u00a0<\/strong><\/p>\n<p><em>\u00c0 propos de la diff\u00e9rence avec la premi\u00e8re m\u00e9daille d\u2019or, en 2010\u00a0: <\/em><\/p>\n<p>\u00ab\u00a0C\u2019est extr\u00eamement diff\u00e9rent cette fois-ci. \u00c9videmment, en 2010, nous \u00e9tions dans notre pays. Nous n\u2019oublierons jamais ces moments. Mais huit ans plus tard, nous sommes des personnes tout \u00e0 fait diff\u00e9rentes, des athl\u00e8tes tout \u00e0 fait diff\u00e9rents. Nous aimons toujours ce que nous faisons. Les choses rev\u00eatent un aspect personnel cette fois-ci. Nous avons patin\u00e9 pour l\u2019un et l\u2019autre. Nous avons patin\u00e9 en pensant \u00e0 l\u2019autre pendant tout le programme et nous avons patin\u00e9 avec le coeur. C\u2019est extr\u00eamement gratifiant.\u00a0\u00bb<\/p>\n<p><em>\u00c0 propos de l\u2019annonce de la retraite\u00a0:<\/em><strong>\u00a0<\/strong><\/p>\n<p>\u00ab\u00a0S\u2019il s\u2019agit de la fin, nous en sommes tr\u00e8s heureux. Nous ferons probablement notre annonce au cours des jours \u00e0 venir, mais pour l\u2019instant, nous voulons tout simplement profiter du moment, laisser la poussi\u00e8re retomber et d\u00e9cider de la suite des choses.\u00a0\u00bb<strong>\u00a0<\/strong><\/p>\n<p><strong>Cassie SHARPE<\/strong><\/p>\n<p><em>\u00c0 propos de quand elle a r\u00e9alis\u00e9 qu\u2019elle avait gagn\u00e9\u00a0:<\/em><\/p>\n<p class=\"p1\">\u00ab Mon entra\u00eeneur Trennon (PAYNTER) m\u2019a enlac\u00e9e au haut de la piste et c\u2019\u00e9tait son plus gros c\u00e2lin, puis je lui ai dit : &lsquo;Je ne peux pas te faire un c\u00e2lin parce que je vais me mettre \u00e0 pleurer&rsquo;, et il a r\u00e9pondu : &lsquo;Je vais pleurer \u00e0 la t\u00e9l\u00e9vision nationale&rsquo;. \u00bb<\/p>\n<p><em>Au sujet de sa derni\u00e8re descente, qu\u2019elle a faite en sachant qu\u2019elle avait d\u00e9j\u00e0 gagn\u00e9\u00a0:<\/em><\/p>\n<p>\u00ab\u00a0Tellement de choses se bousculaient dans ma t\u00eate que je n\u2019ai pas pu r\u00e9ussir cette troisi\u00e8me descente, mais je voulais quand m\u00eame offrir un petit spectacle et j\u2019ai chut\u00e9 au bas de la pente. Quand ton entra\u00eeneur qui ne laisse normalement pas para\u00eetre ses \u00e9motions est en larmes au haut de la piste, c\u2019est assez difficile de te concentrer sur ce que tu as \u00e0 faire. Je suis tomb\u00e9e, mais je n\u2019ai pas abandonn\u00e9 ma descente.\u00a0\u00bb<\/p>\n<p><em>\u00c0 propos de ses ongles peints de couleur or\u00a0:<\/em><\/p>\n<p>\u00ab\u00a0Je me peins toujours les ongles de couleur or avant une comp\u00e9tition. Beaucoup de gens ont des superstitions ou doivent faire certaines choses avant une \u00e9preuve. Pour moi, ce n\u2019est aucunement une superstition, c\u2019est plut\u00f4t une habitude. Et j\u2019aime bien cette couleur sur mes ongles.\u00a0\u00bb<\/p>\n<p>&#8212;<\/p>\n<p><strong>CONF\u00c9RENCES DE PRESSE \u00c0 VENIR DEMAIN\u00a0:<\/strong><\/p>\n<p>20 f\u00e9vrier 2018<\/p>\n<p><strong>Quoi\u00a0: <\/strong>Ski acrobatique f\u00e9minin, demi-lune &#8211; Conf\u00e9rence de presse<br \/>\n<strong>Attach\u00e9<\/strong><strong>e de presse\u00a0:<\/strong> Dominique Ladouceur (<a href=\"mailto:Dominique@freestylecanada.ski\">Dominique@freestylecanada.ski<\/a>)<br \/>\n<strong>O\u00f9\u00a0: <\/strong>Centre principal de presse \u2013 Salle\u00a0: Gangneung<br \/>\n<strong>Quand\u00a0: <\/strong>10\u00a0h\u00a030 (KST)<br \/>\n<strong>Qui\u00a0:<\/strong> Cassie Sharpe<\/p>\n<p><strong>Quoi\u00a0:<\/strong> Patinage artistique \u2013 Danse sur glace \u2013 Conf\u00e9rence de presse<br \/>\n<strong>Attach\u00e9e de presse\u00a0:<\/strong> Emma Bowie (<a href=\"mailto:ebowie@skatecanada.ca)\">ebowie@skatecanada.ca)<br \/>\n<\/a><strong>O\u00f9\u00a0: <\/strong>Centre principal de presse \u2013 Salle\u00a0: Gangneung<br \/>\n<strong>Quand\u00a0: <\/strong>11\u00a0h\u00a030 (KST)<br \/>\n<strong>Qui\u00a0:<\/strong> Tessa Virtue et Scott Moir<\/p>\n<p>Pour plus d\u2019information, veuillez consulter le <a href=\"https:\/\/docs.google.com\/spreadsheets\/d\/1qhftpw_1Q5UziNknc0g2UmO5UrdHDGO85anB-FWDPyM\/edit?usp=sharing\">calendrier<\/a> des rencontres m\u00e9diatiques qui auront lieu apr\u00e8s les s\u00e9ances d\u2019entra\u00eenement et\/ou les comp\u00e9titions.<\/p>\n<p>*\u00a0Le calendrier des rencontres m\u00e9diatiques et conf\u00e9rences de presse peut changer.<\/p>\n<p style=\"text-align:center;\">-30-<\/p>\n<p><strong>CONTACTS POUR LES M\u00c9DIAS\u00a0:<\/strong><\/p>\n<p>Josh Su, agent du CPP et des relations m\u00e9diatiques<br \/>\nComit\u00e9 olympique canadien<br \/>\nCell. : +82-10-7240-8075<br \/>\nCourriel\u00a0: <a href=\"mailto:jsu@olympique.ca\">jsu@olympique.ca<\/a><\/p>\n<p>Photi Sotiropoulos, chef des communications<br \/>\nComit\u00e9 olympique canadien<br \/>\nCell. : +82-10-7343-8075<br \/>\nCourriel\u00a0: <a href=\"mailto:psotiropoulos@olympique.ca\">psotiropoulos@olympique.ca<\/a><\/p>\n","protected":false},"excerpt":{"rendered":"<p>PYEONGCHANG (20 f\u00e9vrier 2018) \u2013 Voici o\u00f9 se situe \u00c9quipe Canada \u00e0 la fin du jour\u00a011 des Jeux olympiques d\u2019hiver&#8230;<\/p>\n","protected":false},"featured_media":138210,"template":"","format":"standard","tags":[],"type-of-press":[496138],"press-topic":[415985202],"years":[415985510],"class_list":["post-138209","press","type-press","status-publish","format-standard","has-post-thumbnail","hentry","type-of-press-communiques","press-topic-pyeongchang-2018","years-415985510"],"acf":[],"yoast_head":"<!-- This site is optimized with the Yoast SEO plugin v27.3 - https:\/\/yoast.com\/product\/yoast-seo-wordpress\/ -->\n<title>PyeongChang\u00a02018\u00a0: \u00c9quipe Canada \u00e0 la fin du jour\u00a011 - \u00c9quipe Canada | Site officiel de l&#039;\u00e9quipe olympique<\/title>\n<meta name=\"robots\" content=\"index, follow, max-snippet:-1, max-image-preview:large, max-video-preview:-1\" \/>\n<link rel=\"canonical\" href=\"https:\/\/develop.olympic.ca\/olympique\/presse\/pyeongchang-2018-equipe-canada-a-la-fin-du-jour-11\/\" \/>\n<meta property=\"og:locale\" content=\"fr_FR\" \/>\n<meta property=\"og:type\" content=\"article\" \/>\n<meta property=\"og:title\" content=\"PyeongChang\u00a02018\u00a0: \u00c9quipe Canada \u00e0 la fin du jour\u00a011 - \u00c9quipe Canada | Site officiel de l&#039;\u00e9quipe olympique\" \/>\n<meta property=\"og:description\" content=\"PYEONGCHANG (20 f\u00e9vrier 2018) \u2013 Voici o\u00f9 se situe \u00c9quipe Canada \u00e0 la fin du jour\u00a011 des Jeux olympiques d\u2019hiver...\" \/>\n<meta property=\"og:url\" content=\"https:\/\/develop.olympic.ca\/olympique\/presse\/pyeongchang-2018-equipe-canada-a-la-fin-du-jour-11\/\" \/>\n<meta property=\"og:site_name\" content=\"\u00c9quipe Canada | Site officiel de l&#039;\u00e9quipe olympique\" \/>\n<meta property=\"article:modified_time\" content=\"2018-02-20T13:58:48+00:00\" \/>\n<meta property=\"og:image\" content=\"https:\/\/develop.olympic.ca\/olympique\/wp-content\/uploads\/sites\/2\/2018\/02\/mediaavail_header16.jpg?quality=100\" \/>\n\t<meta property=\"og:image:width\" content=\"1340\" \/>\n\t<meta property=\"og:image:height\" content=\"754\" \/>\n\t<meta property=\"og:image:type\" content=\"image\/jpeg\" \/>\n<meta name=\"twitter:card\" content=\"summary_large_image\" \/>\n<meta name=\"twitter:label1\" content=\"Est. reading time\" \/>\n\t<meta name=\"twitter:data1\" content=\"4 minutes\" \/>\n\t<meta name=\"twitter:label2\" content=\"Written by\" \/>\n\t<meta name=\"twitter:data2\" content=\"joshsu\" \/>\n<script type=\"application\/ld+json\" class=\"yoast-schema-graph\">{\"@context\":\"https:\\\/\\\/schema.org\",\"@graph\":[{\"@type\":\"WebPage\",\"@id\":\"https:\\\/\\\/develop.olympic.ca\\\/olympique\\\/presse\\\/pyeongchang-2018-equipe-canada-a-la-fin-du-jour-11\\\/\",\"url\":\"https:\\\/\\\/develop.olympic.ca\\\/olympique\\\/presse\\\/pyeongchang-2018-equipe-canada-a-la-fin-du-jour-11\\\/\",\"name\":\"PyeongChang\u00a02018\u00a0: \u00c9quipe Canada \u00e0 la fin du jour\u00a011 - \u00c9quipe Canada | Site officiel de l&#039;\u00e9quipe olympique\",\"isPartOf\":{\"@id\":\"https:\\\/\\\/develop.olympic.ca\\\/olympique\\\/#website\"},\"primaryImageOfPage\":{\"@id\":\"https:\\\/\\\/develop.olympic.ca\\\/olympique\\\/presse\\\/pyeongchang-2018-equipe-canada-a-la-fin-du-jour-11\\\/#primaryimage\"},\"image\":{\"@id\":\"https:\\\/\\\/develop.olympic.ca\\\/olympique\\\/presse\\\/pyeongchang-2018-equipe-canada-a-la-fin-du-jour-11\\\/#primaryimage\"},\"thumbnailUrl\":\"https:\\\/\\\/develop.olympic.ca\\\/olympique\\\/wp-content\\\/uploads\\\/sites\\\/2\\\/2018\\\/02\\\/mediaavail_header16.jpg?quality=100\",\"datePublished\":\"2018-02-20T12:35:45+00:00\",\"dateModified\":\"2018-02-20T13:58:48+00:00\",\"inLanguage\":\"fr-FR\",\"potentialAction\":[{\"@type\":\"ReadAction\",\"target\":[\"https:\\\/\\\/develop.olympic.ca\\\/olympique\\\/presse\\\/pyeongchang-2018-equipe-canada-a-la-fin-du-jour-11\\\/\"]}]},{\"@type\":\"ImageObject\",\"inLanguage\":\"fr-FR\",\"@id\":\"https:\\\/\\\/develop.olympic.ca\\\/olympique\\\/presse\\\/pyeongchang-2018-equipe-canada-a-la-fin-du-jour-11\\\/#primaryimage\",\"url\":\"https:\\\/\\\/develop.olympic.ca\\\/olympique\\\/wp-content\\\/uploads\\\/sites\\\/2\\\/2018\\\/02\\\/mediaavail_header16.jpg?quality=100\",\"contentUrl\":\"https:\\\/\\\/develop.olympic.ca\\\/olympique\\\/wp-content\\\/uploads\\\/sites\\\/2\\\/2018\\\/02\\\/mediaavail_header16.jpg?quality=100\",\"width\":1340,\"height\":754},{\"@type\":\"WebSite\",\"@id\":\"https:\\\/\\\/develop.olympic.ca\\\/olympique\\\/#website\",\"url\":\"https:\\\/\\\/develop.olympic.ca\\\/olympique\\\/\",\"name\":\"\u00c9quipe Canada | Site officiel de l&#039;\u00e9quipe olympique\",\"description\":\"Votre source pour l\u2019\u00c9quipe olympique canadienne. Retrouvez les r\u00e9cits, vid\u00e9os et photos des athl\u00e8tes canadiens, sports olympiques, Jeux olympiques de 2020 et bien plus!\",\"potentialAction\":[{\"@type\":\"SearchAction\",\"target\":{\"@type\":\"EntryPoint\",\"urlTemplate\":\"https:\\\/\\\/develop.olympic.ca\\\/olympique\\\/?s={search_term_string}\"},\"query-input\":{\"@type\":\"PropertyValueSpecification\",\"valueRequired\":true,\"valueName\":\"search_term_string\"}}],\"inLanguage\":\"fr-FR\"}]}<\/script>\n<!-- \/ Yoast SEO plugin. -->","yoast_head_json":{"title":"PyeongChang\u00a02018\u00a0: \u00c9quipe Canada \u00e0 la fin du jour\u00a011 - \u00c9quipe Canada | Site officiel de l&#039;\u00e9quipe olympique","robots":{"index":"index","follow":"follow","max-snippet":"max-snippet:-1","max-image-preview":"max-image-preview:large","max-video-preview":"max-video-preview:-1"},"canonical":"https:\/\/develop.olympic.ca\/olympique\/presse\/pyeongchang-2018-equipe-canada-a-la-fin-du-jour-11\/","og_locale":"fr_FR","og_type":"article","og_title":"PyeongChang\u00a02018\u00a0: \u00c9quipe Canada \u00e0 la fin du jour\u00a011 - \u00c9quipe Canada | Site officiel de l&#039;\u00e9quipe olympique","og_description":"PYEONGCHANG (20 f\u00e9vrier 2018) \u2013 Voici o\u00f9 se situe \u00c9quipe Canada \u00e0 la fin du jour\u00a011 des Jeux olympiques d\u2019hiver...","og_url":"https:\/\/develop.olympic.ca\/olympique\/presse\/pyeongchang-2018-equipe-canada-a-la-fin-du-jour-11\/","og_site_name":"\u00c9quipe Canada | Site officiel de l&#039;\u00e9quipe olympique","article_modified_time":"2018-02-20T13:58:48+00:00","og_image":[{"width":1340,"height":754,"url":"https:\/\/develop.olympic.ca\/olympique\/wp-content\/uploads\/sites\/2\/2018\/02\/mediaavail_header16.jpg?quality=100","type":"image\/jpeg"}],"twitter_card":"summary_large_image","twitter_misc":{"Est. reading time":"4 minutes","Written by":"joshsu"},"schema":{"@context":"https:\/\/schema.org","@graph":[{"@type":"WebPage","@id":"https:\/\/develop.olympic.ca\/olympique\/presse\/pyeongchang-2018-equipe-canada-a-la-fin-du-jour-11\/","url":"https:\/\/develop.olympic.ca\/olympique\/presse\/pyeongchang-2018-equipe-canada-a-la-fin-du-jour-11\/","name":"PyeongChang\u00a02018\u00a0: \u00c9quipe Canada \u00e0 la fin du jour\u00a011 - \u00c9quipe Canada | Site officiel de l&#039;\u00e9quipe olympique","isPartOf":{"@id":"https:\/\/develop.olympic.ca\/olympique\/#website"},"primaryImageOfPage":{"@id":"https:\/\/develop.olympic.ca\/olympique\/presse\/pyeongchang-2018-equipe-canada-a-la-fin-du-jour-11\/#primaryimage"},"image":{"@id":"https:\/\/develop.olympic.ca\/olympique\/presse\/pyeongchang-2018-equipe-canada-a-la-fin-du-jour-11\/#primaryimage"},"thumbnailUrl":"https:\/\/develop.olympic.ca\/olympique\/wp-content\/uploads\/sites\/2\/2018\/02\/mediaavail_header16.jpg?quality=100","datePublished":"2018-02-20T12:35:45+00:00","dateModified":"2018-02-20T13:58:48+00:00","inLanguage":"fr-FR","potentialAction":[{"@type":"ReadAction","target":["https:\/\/develop.olympic.ca\/olympique\/presse\/pyeongchang-2018-equipe-canada-a-la-fin-du-jour-11\/"]}]},{"@type":"ImageObject","inLanguage":"fr-FR","@id":"https:\/\/develop.olympic.ca\/olympique\/presse\/pyeongchang-2018-equipe-canada-a-la-fin-du-jour-11\/#primaryimage","url":"https:\/\/develop.olympic.ca\/olympique\/wp-content\/uploads\/sites\/2\/2018\/02\/mediaavail_header16.jpg?quality=100","contentUrl":"https:\/\/develop.olympic.ca\/olympique\/wp-content\/uploads\/sites\/2\/2018\/02\/mediaavail_header16.jpg?quality=100","width":1340,"height":754},{"@type":"WebSite","@id":"https:\/\/develop.olympic.ca\/olympique\/#website","url":"https:\/\/develop.olympic.ca\/olympique\/","name":"\u00c9quipe Canada | Site officiel de l&#039;\u00e9quipe olympique","description":"Votre source pour l\u2019\u00c9quipe olympique canadienne. Retrouvez les r\u00e9cits, vid\u00e9os et photos des athl\u00e8tes canadiens, sports olympiques, Jeux olympiques de 2020 et bien plus!","potentialAction":[{"@type":"SearchAction","target":{"@type":"EntryPoint","urlTemplate":"https:\/\/develop.olympic.ca\/olympique\/?s={search_term_string}"},"query-input":{"@type":"PropertyValueSpecification","valueRequired":true,"valueName":"search_term_string"}}],"inLanguage":"fr-FR"}]}},"jetpack_sharing_enabled":true,"_links":{"self":[{"href":"https:\/\/develop.olympic.ca\/olympique\/wp-json\/wp\/v2\/press\/138209","targetHints":{"allow":["GET"]}}],"collection":[{"href":"https:\/\/develop.olympic.ca\/olympique\/wp-json\/wp\/v2\/press"}],"about":[{"href":"https:\/\/develop.olympic.ca\/olympique\/wp-json\/wp\/v2\/types\/press"}],"version-history":[{"count":1,"href":"https:\/\/develop.olympic.ca\/olympique\/wp-json\/wp\/v2\/press\/138209\/revisions"}],"predecessor-version":[{"id":138227,"href":"https:\/\/develop.olympic.ca\/olympique\/wp-json\/wp\/v2\/press\/138209\/revisions\/138227"}],"wp:featuredmedia":[{"embeddable":true,"href":"https:\/\/develop.olympic.ca\/olympique\/wp-json\/wp\/v2\/media\/138210"}],"wp:attachment":[{"href":"https:\/\/develop.olympic.ca\/olympique\/wp-json\/wp\/v2\/media?parent=138209"}],"wp:term":[{"taxonomy":"post_tag","embeddable":true,"href":"https:\/\/develop.olympic.ca\/olympique\/wp-json\/wp\/v2\/tags?post=138209"},{"taxonomy":"type-of-press","embeddable":true,"href":"https:\/\/develop.olympic.ca\/olympique\/wp-json\/wp\/v2\/type-of-press?post=138209"},{"taxonomy":"press-topic","embeddable":true,"href":"https:\/\/develop.olympic.ca\/olympique\/wp-json\/wp\/v2\/press-topic?post=138209"},{"taxonomy":"years","embeddable":true,"href":"https:\/\/develop.olympic.ca\/olympique\/wp-json\/wp\/v2\/years?post=138209"}],"curies":[{"name":"wp","href":"https:\/\/api.w.org\/{rel}","templated":true}]}}