{"id":138407,"date":"2018-02-21T10:25:49","date_gmt":"2018-02-21T15:25:49","guid":{"rendered":"http:\/\/develop.olympic.ca\/olympique\/?post_type=press&#038;p=138407"},"modified":"2018-02-21T10:56:40","modified_gmt":"2018-02-21T15:56:40","slug":"pyeongchang-2018-equipe-canada-a-la-fin-du-jour-12","status":"publish","type":"press","link":"https:\/\/develop.olympic.ca\/olympique\/presse\/pyeongchang-2018-equipe-canada-a-la-fin-du-jour-12\/","title":{"rendered":"PyeongChang\u00a02018\u00a0: \u00c9quipe Canada \u00e0 la fin du jour\u00a012"},"content":{"rendered":"<p><strong>PYEONGCHANG (21 f\u00e9vrier 2018)<\/strong> \u2013 Voici o\u00f9 se situe \u00c9quipe Canada \u00e0 la fin du jour\u00a012 des Jeux olympiques d\u2019hiver de PyeongChang\u00a02018\u00a0:<\/p>\n<table>\n<tbody>\n<tr>\n<td width=\"117\">OR\u00a0: 9<\/td>\n<td width=\"117\">ARGENT\u00a0: 5<\/td>\n<td width=\"117\">BRONZE\u00a0: 7<\/td>\n<td width=\"117\">TOTAL\u00a0: 21<\/td>\n<\/tr>\n<\/tbody>\n<\/table>\n<p>R\u00c9SULTATS\u00a0: <a href=\"https:\/\/develop.olympic.ca\/team-canada-pyeongchang-2018-results\/\">R\u00e9sultats des comp\u00e9titions auxquelles participe \u00c9quipe Canada<\/a><\/p>\n<p>HORAIRE DES COMP\u00c9TITIONS\u00a0: <a href=\"https:\/\/develop.olympic.ca\/team-canada-pyeongchang-2018-schedule\/\">Horaire d\u2019\u00c9quipe Canada \u00e0 PyeongChang\u00a02018<\/a><\/p>\n<p>\u00c0 T\u00c9L\u00c9CHARGER\u00a0: <a href=\"https:\/\/images.olympic.ca\/bp\/#\/folder\/3307420\/\">Photos de presse de PyeongChang\u00a02018 aux fins \u00e9ditoriales<\/a><\/p>\n<p class=\"p1\"><span class=\"s1\">CONF\u00c9RENCE<\/span><span class=\"s2\">S<\/span><span class=\"s1\"> DE PRESSE\u00a0: Voir ci-dessous pour conna\u00eetre les d\u00e9tails <\/span><span class=\"s2\">des<\/span><span class=\"s1\"> conf\u00e9renc<\/span><span class=\"s2\">es<\/span><span class=\"s1\"> de presse pr\u00e9vu<\/span><span class=\"s2\">es<\/span><span class=\"s1\"> demain (22\u00a0f\u00e9vrier).<\/span><\/p>\n<p>&#8212;<\/p>\n<p>QUELQUES FAITS\u00a0:<\/p>\n<ul>\n<li>Brady Leman remporte la premi\u00e8re m\u00e9daille du Canada \u00e0 l\u2019\u00e9preuve masculine de ski cross \u2013 le sport avait fait ses d\u00e9buts olympiques \u00e0 Vancouver\u00a02010.<\/li>\n<li>Avec trois m\u00e9dailles olympiques, Kaillie Humphries est la plus d\u00e9cor\u00e9e de tous les athl\u00e8tes canadiens de bobsleigh.<\/li>\n<li>La triple olympienne Phylicia George, qui a particip\u00e9 \u00e0 Rio\u00a02016 et Londres\u00a02012, remporte sa premi\u00e8re m\u00e9daille olympique.<\/li>\n<\/ul>\n<p>&#8212;<\/p>\n<p><strong>CITATIONS\u00a0:<\/strong><\/p>\n<p class=\"p1\"><strong><span class=\"s1\">Kaillie HUMPHRIES<\/span><\/strong><\/p>\n<p class=\"p1\"><em><span class=\"s1\">\u00c0 propos de la m\u00e9daille de bronze\u00a0:<\/span><\/em><\/p>\n<p class=\"p1\"><span class=\"s1\">\u00ab\u00a0Je suis extr\u00eamement contente en ce moment. Chaque fois que je r\u00e9ussis \u00e0 venir aux Jeux olympiques et \u00e0 repr\u00e9senter le Canada, c\u2019est un honneur immense, mais savoir que Phylicia (GEORGE) est arriv\u00e9e il y a seulement six mois&#8230; Nous avons travaill\u00e9 tr\u00e8s fort pour \u00eatre dans cette position (et) la comp\u00e9tition \u00e9tait serr\u00e9e.\u00a0\u00bb<\/span><\/p>\n<p class=\"p1\"><span class=\"s1\"><em>Au sujet de la comparaison avec ses m\u00e9dailles d\u2019or des Jeux olympiques d\u2019hiver de Vancouver 2010 et de Sotchi 2014\u00a0: <\/em><\/span><\/p>\n<p>\u00ab\u2009C\u2019est probablement ma m\u00e9daille qui suscite chez moi le plus d\u2019\u00e9motions parce que nous avons travaill\u00e9 tr\u00e8s fort, nous avons tout donn\u00e9 pour cette m\u00e9daille, et \u00e7a signifie beaucoup. Et Phylicia est une personne g\u00e9niale.\u00a0\u00bb<\/p>\n<p class=\"p1\"><strong><span class=\"s1\">Phylicia GEORGE<\/span><\/strong><\/p>\n<p class=\"p1\"><em><span class=\"s1\">\u00c0 propos de la m\u00e9daille de bronze\u00a0:<\/span><span class=\"s1\">\u00a0<\/span><\/em><\/p>\n<p class=\"p1\"><span class=\"s1\">\u00ab\u00a0J\u2019ai commenc\u00e9 \u00e0 faire du bobsleigh il y a six mois, et \u00e7a m\u2019a demand\u00e9 beaucoup de travail. Kaillie est une mentore extraordinaire, j\u2019ai eu d\u2019excellents entra\u00eeneurs et th\u00e9rapeutes et je suis reconnaissante envers tous ceux qui m\u2019ont soutenue et le fait que nous ayons r\u00e9ussi ensemble. Je suis tr\u00e8s heureuse.\u00a0\u00bb<\/span><\/p>\n<p><strong>Brady LEMAN<\/strong><\/p>\n<p><em>\u00c0 propos de sa cons\u00e9cration \u00e0 titre de champion olympique\u00a0:<\/em><\/p>\n<p>\u00ab\u00a0Je ne le r\u00e9alise pas encore. J\u2019ai travaill\u00e9 tellement fort pour y arriver, depuis plus de 10\u00a0ans, plus particuli\u00e8rement au cours des quatre ann\u00e9es qui ont suivi Sotchi. De me battre pour revenir, \u00eatre fort et continuer \u00e0 avoir confiance en moi est important, et je suis tr\u00e8s fier maintenant.\u00a0\u00bb<\/p>\n<p><em>\u00c0 propos de ses participations aux Jeux olympiques pr\u00e9c\u00e9dents\u00a0:<\/em><\/p>\n<p>\u00ab\u00a0\u00c7a les bat haut la main. Mes deux derni\u00e8res participations ont, d\u2019une certaine fa\u00e7on, \u00e9t\u00e9 des d\u00e9ceptions. Je me suis cass\u00e9 la jambe la veille des comp\u00e9titions \u00e0 Vancouver, et rater le podium de si pr\u00e8s \u00e0 Sotchi a \u00e9t\u00e9 tr\u00e8s difficile \u00e0 dig\u00e9rer. Terminer quatri\u00e8me aux Jeux olympiques est une grande r\u00e9alisation, mais en m\u00eame temps, on reste toujours le premier gars qui n\u2019a pas de m\u00e9daille. Alors, la pilule est difficile \u00e0 avaler. Malgr\u00e9 les r\u00e9sultats, j\u2019ai v\u00e9cu une exp\u00e9rience incroyable \u00e0 tous les Jeux auxquels j\u2019ai particip\u00e9. Cette fois-ci, j\u2019ai essay\u00e9 de profiter un peu plus de l\u2019exp\u00e9rience olympique, et je m\u2019en suis servi dans la course aujourd\u2019hui.\u00a0\u00bb<\/p>\n<p><em>\u00c0 propos de l\u2019adversit\u00e9 qu\u2019il a surmont\u00e9e\u00a0:<\/em><\/p>\n<p>\u00ab\u00a0J\u2019ai eu beaucoup de soutien de mon \u00e9quipe. Ma famille m\u2019a appuy\u00e9 au fil de ces d\u00e9fis. Les r\u00e9sultats obtenus entre les Jeux aident \u00e0 garder la flamme allum\u00e9e, et j\u2019adore mon sport. Je fais ce que j\u2019aime le plus tous les jours. L\u2019\u00e9t\u00e9 comme l\u2019hiver, je skie ou je m\u2019entra\u00eene, alors \u00e7a facilite les choses.\u00a0\u00bb<\/p>\n<p><em>\u00c0 propos du soutien qu\u2019il re\u00e7oit de sa famille\u00a0:<\/em><\/p>\n<p>\u00ab\u00a0Ils ont toujours \u00e9t\u00e9 \u00e0 mes c\u00f4t\u00e9s, ils m\u2019ont toujours appuy\u00e9. Ce sont eux qui m\u2019ont initi\u00e9 au ski \u2013 mes parents, ma s\u0153ur. Chaque fois, ils me laissent toujours partir avec le sourire, ils me serrent dans leurs bras et me d\u00e9montrent leur amour, peu importe ce qui arrive. Ils sont super fiers de moi, et je suis tr\u00e8s heureux qu\u2019ils soient ici.\u00a0\u00bb<\/p>\n<p><strong>Kaetlyn OSMOND<\/strong><\/p>\n<p><em>\u00c0 propos du programme court\u00a0:<\/em><\/p>\n<p>\u00ab\u00a0Je voulais simplement profiter de mon programme. J\u2019ai pu le faire \u00e0 l\u2019\u00e9preuve par \u00e9quipes, et m\u00eame si j\u2019ai eu beaucoup de plaisir \u00e0 ce moment-l\u00e0, ce n\u2019est pas le plaisir que je recherchais. C\u2019\u00e9tait mon objectif aujourd\u2019hui, d\u2019avoir du plaisir, de profiter de mon programme et de rester concentr\u00e9e. Je suis tr\u00e8s heureuse. J\u2019ai r\u00e9alis\u00e9 mon programme exactement de la m\u00eame fa\u00e7on qu\u2019\u00e0 l\u2019entra\u00eenement, et avoir autant de plaisir pour mon programme court est tr\u00e8s important pour moi.\u00a0\u00bb<\/p>\n<p><em>Au sujet de son record personnel\u00a0:<\/em><\/p>\n<p>\u00ab\u00a0C\u2019est tr\u00e8s important pour moi. Je me suis battue pour ce programme et je me suis am\u00e9lior\u00e9e \u00e0 chaque \u00e9preuve. J\u2019\u00e9tais un peu frustr\u00e9e apr\u00e8s le programme court de l\u2019\u00e9preuve par \u00e9quipes, mais revenir sur la glace peu de temps apr\u00e8s, r\u00e9ussir ce programme et inscrire un record personnel en plus d\u2019un record pour ma saison est tr\u00e8s important pour moi.\u00a0\u00bb<\/p>\n<p><strong>Max PARROT<\/strong><\/p>\n<p><em>Au sujet du premier rang obtenu au sein de la premi\u00e8re vague\u00a0de qualification\u00a0:<\/em><\/p>\n<p>\u00ab\u00a0Terminer premier de ma vague \u00e9tait vraiment super parce que \u00e7a veut dire que je serai parmi les derniers \u00e0 prendre le d\u00e9part de la finale, alors je pourrai regarder tous les comp\u00e9titeurs qui me pr\u00e9c\u00e8dent.\u00a0\u00bb<\/p>\n<p><em>\u00c0 propos de son deuxi\u00e8me saut difficile qui a suivi un excellent premier saut\u00a0:<\/em><\/p>\n<p>\u00ab\u00a0Je savais qu\u2019avec 89\u00a0points j\u2019allais passer en finale, alors le deuxi\u00e8me saut n\u2019\u00e9tait pas stressant. J\u2019essayais seulement de l\u2019am\u00e9liorer. La plupart des gars ont bien saut\u00e9 et en plus, les juges ont accord\u00e9 de bonnes notes. Alors je suis heureux de l\u2019issue de ma journ\u00e9e d\u2019aujourd\u2019hui.\u00a0\u00bb<\/p>\n<p><em>Au sujet de la peur \u00e0 apprivoiser en big air\u00a0:<\/em><\/p>\n<p>\u00ab\u00a0Je crois qu\u2019on peut tirer avantage de la peur, alors tous ceux qui la ressentent peuvent l\u2019apprivoiser et la faire dispara\u00eetre. Je pense que c\u2019est comme \u00e7a dans n\u2019importe quel sport. Je me sens encore jeune aujourd\u2019hui, mais j\u2019ai ressenti de la peur en faisant des quads par le pass\u00e9, et j\u2019ai \u00e9t\u00e9 en capable de la surmonter. Alors, je pense que n\u2019importe quel athl\u00e8te, peu importe son \u00e2ge, peut surmonter cette peur.\u00a0\u00bb<\/p>\n<p>&#8212;<\/p>\n<p><strong>CONF\u00c9RENCES DE PRESSE \u00c0 VENIR DEMAIN\u00a0:<\/strong><\/p>\n<p>22 f\u00e9vrier 2018<\/p>\n<p><strong>Quoi<\/strong>\u00a0: Ski acrobatique masculin, ski cross \u2013 Conf\u00e9rence de presse<br \/>\n<strong>Attach\u00e9 de presse\u00a0:<\/strong> Jeff Feeney (<a href=\"mailto:jeff@diving.ca%20%20)\">jeff@diving.ca<\/a>)<br \/>\n<strong>O\u00f9<\/strong>\u00a0: Centre principal de presse \u2013 Salle\u00a0: Gangneung<br \/>\n<strong>Quand<\/strong>\u00a0: 12\u00a0h (KST)<br \/>\n<strong>Qui<\/strong>\u00a0: Brady Leman<\/p>\n<p class=\"p1\"><span class=\"s1\"><strong>Quoi\u00a0<\/strong>: Bobsleigh f\u00e9minin \u2013 Bob \u00e0 deux \u2013 Conf\u00e9rence de presse<br \/>\n<\/span><strong>Attach\u00e9 de presse<\/strong>\u00a0: Chris Dornan (<span class=\"s2\"><a href=\"mailto:hpprchris@shaw.ca)\">hpprchris@shaw.ca)<br \/>\n<\/a><\/span><strong>O\u00f9<\/strong>\u00a0: Centre principal de presse \u2013 Salle\u00a0: Gangneung<br \/>\n<strong>Quand<\/strong>\u00a0: 12\u00a0h\u00a045 (KST) (\u00c0 CONFIRMER)<br \/>\n<strong>Qui\u00a0<\/strong>: Kaillie Humphries, Phylicia George<\/p>\n<p>Pour plus d\u2019information, veuillez consulter le <a href=\"https:\/\/docs.google.com\/spreadsheets\/d\/1qhftpw_1Q5UziNknc0g2UmO5UrdHDGO85anB-FWDPyM\/edit?usp=sharing\">calendrier<\/a> des rencontres m\u00e9diatiques qui auront lieu apr\u00e8s les s\u00e9ances d\u2019entra\u00eenement et\/ou les comp\u00e9titions.<\/p>\n<p>*\u00a0Le calendrier des rencontres m\u00e9diatiques et conf\u00e9rences de presse peut changer.<\/p>\n<p style=\"text-align:center;\">-30-<\/p>\n<p><strong>CONTACTS POUR LES M\u00c9DIAS\u00a0:<\/strong><\/p>\n<p>Josh Su, agent du CPP et des relations m\u00e9diatiques<br \/>\nComit\u00e9 olympique canadien<br \/>\nCell. : +82-10-7240-8075<br \/>\nCourriel\u00a0: <a href=\"mailto:jsu@olympique.ca\">jsu@olympique.ca<\/a><\/p>\n<p>Photi Sotiropoulos, chef des communications<br \/>\nComit\u00e9 olympique canadien<br \/>\nCell. : +82-10-7343-8075<br \/>\nCourriel\u00a0: <a href=\"mailto:psotiropoulos@olympique.ca\">psotiropoulos@olympique.ca<\/a><\/p>\n","protected":false},"excerpt":{"rendered":"<p>PYEONGCHANG (21 f\u00e9vrier 2018) \u2013 Voici o\u00f9 se situe \u00c9quipe Canada \u00e0 la fin du jour\u00a012 des Jeux olympiques d\u2019hiver&#8230;<\/p>\n","protected":false},"featured_media":138410,"template":"","format":"standard","tags":[],"type-of-press":[496138],"press-topic":[415985202],"years":[415985510],"class_list":["post-138407","press","type-press","status-publish","format-standard","has-post-thumbnail","hentry","type-of-press-communiques","press-topic-pyeongchang-2018","years-415985510"],"acf":[],"yoast_head":"<!-- This site is optimized with the Yoast SEO plugin v27.3 - https:\/\/yoast.com\/product\/yoast-seo-wordpress\/ -->\n<title>PyeongChang\u00a02018\u00a0: \u00c9quipe Canada \u00e0 la fin du jour\u00a012 - \u00c9quipe Canada | Site officiel de l&#039;\u00e9quipe olympique<\/title>\n<meta name=\"robots\" content=\"index, follow, max-snippet:-1, max-image-preview:large, max-video-preview:-1\" \/>\n<link rel=\"canonical\" href=\"https:\/\/develop.olympic.ca\/olympique\/presse\/pyeongchang-2018-equipe-canada-a-la-fin-du-jour-12\/\" \/>\n<meta property=\"og:locale\" content=\"fr_FR\" \/>\n<meta property=\"og:type\" content=\"article\" \/>\n<meta property=\"og:title\" content=\"PyeongChang\u00a02018\u00a0: \u00c9quipe Canada \u00e0 la fin du jour\u00a012 - \u00c9quipe Canada | Site officiel de l&#039;\u00e9quipe olympique\" \/>\n<meta property=\"og:description\" content=\"PYEONGCHANG (21 f\u00e9vrier 2018) \u2013 Voici o\u00f9 se situe \u00c9quipe Canada \u00e0 la fin du jour\u00a012 des Jeux olympiques d\u2019hiver...\" \/>\n<meta property=\"og:url\" content=\"https:\/\/develop.olympic.ca\/olympique\/presse\/pyeongchang-2018-equipe-canada-a-la-fin-du-jour-12\/\" \/>\n<meta property=\"og:site_name\" content=\"\u00c9quipe Canada | Site officiel de l&#039;\u00e9quipe olympique\" \/>\n<meta property=\"article:modified_time\" content=\"2018-02-21T15:56:40+00:00\" \/>\n<meta property=\"og:image\" content=\"https:\/\/develop.olympic.ca\/olympique\/wp-content\/uploads\/sites\/2\/2018\/02\/mediaavail_header17.jpg?quality=100\" \/>\n\t<meta property=\"og:image:width\" content=\"1340\" \/>\n\t<meta property=\"og:image:height\" content=\"754\" \/>\n\t<meta property=\"og:image:type\" content=\"image\/jpeg\" \/>\n<meta name=\"twitter:card\" content=\"summary_large_image\" \/>\n<meta name=\"twitter:label1\" content=\"Est. reading time\" \/>\n\t<meta name=\"twitter:data1\" content=\"6 minutes\" \/>\n\t<meta name=\"twitter:label2\" content=\"Written by\" \/>\n\t<meta name=\"twitter:data2\" content=\"joshsu\" \/>\n<script type=\"application\/ld+json\" class=\"yoast-schema-graph\">{\"@context\":\"https:\\\/\\\/schema.org\",\"@graph\":[{\"@type\":\"WebPage\",\"@id\":\"https:\\\/\\\/develop.olympic.ca\\\/olympique\\\/presse\\\/pyeongchang-2018-equipe-canada-a-la-fin-du-jour-12\\\/\",\"url\":\"https:\\\/\\\/develop.olympic.ca\\\/olympique\\\/presse\\\/pyeongchang-2018-equipe-canada-a-la-fin-du-jour-12\\\/\",\"name\":\"PyeongChang\u00a02018\u00a0: \u00c9quipe Canada \u00e0 la fin du jour\u00a012 - \u00c9quipe Canada | Site officiel de l&#039;\u00e9quipe olympique\",\"isPartOf\":{\"@id\":\"https:\\\/\\\/develop.olympic.ca\\\/olympique\\\/#website\"},\"primaryImageOfPage\":{\"@id\":\"https:\\\/\\\/develop.olympic.ca\\\/olympique\\\/presse\\\/pyeongchang-2018-equipe-canada-a-la-fin-du-jour-12\\\/#primaryimage\"},\"image\":{\"@id\":\"https:\\\/\\\/develop.olympic.ca\\\/olympique\\\/presse\\\/pyeongchang-2018-equipe-canada-a-la-fin-du-jour-12\\\/#primaryimage\"},\"thumbnailUrl\":\"https:\\\/\\\/develop.olympic.ca\\\/olympique\\\/wp-content\\\/uploads\\\/sites\\\/2\\\/2018\\\/02\\\/mediaavail_header17.jpg?quality=100\",\"datePublished\":\"2018-02-21T15:25:49+00:00\",\"dateModified\":\"2018-02-21T15:56:40+00:00\",\"inLanguage\":\"fr-FR\",\"potentialAction\":[{\"@type\":\"ReadAction\",\"target\":[\"https:\\\/\\\/develop.olympic.ca\\\/olympique\\\/presse\\\/pyeongchang-2018-equipe-canada-a-la-fin-du-jour-12\\\/\"]}]},{\"@type\":\"ImageObject\",\"inLanguage\":\"fr-FR\",\"@id\":\"https:\\\/\\\/develop.olympic.ca\\\/olympique\\\/presse\\\/pyeongchang-2018-equipe-canada-a-la-fin-du-jour-12\\\/#primaryimage\",\"url\":\"https:\\\/\\\/develop.olympic.ca\\\/olympique\\\/wp-content\\\/uploads\\\/sites\\\/2\\\/2018\\\/02\\\/mediaavail_header17.jpg?quality=100\",\"contentUrl\":\"https:\\\/\\\/develop.olympic.ca\\\/olympique\\\/wp-content\\\/uploads\\\/sites\\\/2\\\/2018\\\/02\\\/mediaavail_header17.jpg?quality=100\",\"width\":1340,\"height\":754},{\"@type\":\"WebSite\",\"@id\":\"https:\\\/\\\/develop.olympic.ca\\\/olympique\\\/#website\",\"url\":\"https:\\\/\\\/develop.olympic.ca\\\/olympique\\\/\",\"name\":\"\u00c9quipe Canada | Site officiel de l&#039;\u00e9quipe olympique\",\"description\":\"Votre source pour l\u2019\u00c9quipe olympique canadienne. Retrouvez les r\u00e9cits, vid\u00e9os et photos des athl\u00e8tes canadiens, sports olympiques, Jeux olympiques de 2020 et bien plus!\",\"potentialAction\":[{\"@type\":\"SearchAction\",\"target\":{\"@type\":\"EntryPoint\",\"urlTemplate\":\"https:\\\/\\\/develop.olympic.ca\\\/olympique\\\/?s={search_term_string}\"},\"query-input\":{\"@type\":\"PropertyValueSpecification\",\"valueRequired\":true,\"valueName\":\"search_term_string\"}}],\"inLanguage\":\"fr-FR\"}]}<\/script>\n<!-- \/ Yoast SEO plugin. -->","yoast_head_json":{"title":"PyeongChang\u00a02018\u00a0: \u00c9quipe Canada \u00e0 la fin du jour\u00a012 - \u00c9quipe Canada | Site officiel de l&#039;\u00e9quipe olympique","robots":{"index":"index","follow":"follow","max-snippet":"max-snippet:-1","max-image-preview":"max-image-preview:large","max-video-preview":"max-video-preview:-1"},"canonical":"https:\/\/develop.olympic.ca\/olympique\/presse\/pyeongchang-2018-equipe-canada-a-la-fin-du-jour-12\/","og_locale":"fr_FR","og_type":"article","og_title":"PyeongChang\u00a02018\u00a0: \u00c9quipe Canada \u00e0 la fin du jour\u00a012 - \u00c9quipe Canada | Site officiel de l&#039;\u00e9quipe olympique","og_description":"PYEONGCHANG (21 f\u00e9vrier 2018) \u2013 Voici o\u00f9 se situe \u00c9quipe Canada \u00e0 la fin du jour\u00a012 des Jeux olympiques d\u2019hiver...","og_url":"https:\/\/develop.olympic.ca\/olympique\/presse\/pyeongchang-2018-equipe-canada-a-la-fin-du-jour-12\/","og_site_name":"\u00c9quipe Canada | Site officiel de l&#039;\u00e9quipe olympique","article_modified_time":"2018-02-21T15:56:40+00:00","og_image":[{"width":1340,"height":754,"url":"https:\/\/develop.olympic.ca\/olympique\/wp-content\/uploads\/sites\/2\/2018\/02\/mediaavail_header17.jpg?quality=100","type":"image\/jpeg"}],"twitter_card":"summary_large_image","twitter_misc":{"Est. reading time":"6 minutes","Written by":"joshsu"},"schema":{"@context":"https:\/\/schema.org","@graph":[{"@type":"WebPage","@id":"https:\/\/develop.olympic.ca\/olympique\/presse\/pyeongchang-2018-equipe-canada-a-la-fin-du-jour-12\/","url":"https:\/\/develop.olympic.ca\/olympique\/presse\/pyeongchang-2018-equipe-canada-a-la-fin-du-jour-12\/","name":"PyeongChang\u00a02018\u00a0: \u00c9quipe Canada \u00e0 la fin du jour\u00a012 - \u00c9quipe Canada | Site officiel de l&#039;\u00e9quipe olympique","isPartOf":{"@id":"https:\/\/develop.olympic.ca\/olympique\/#website"},"primaryImageOfPage":{"@id":"https:\/\/develop.olympic.ca\/olympique\/presse\/pyeongchang-2018-equipe-canada-a-la-fin-du-jour-12\/#primaryimage"},"image":{"@id":"https:\/\/develop.olympic.ca\/olympique\/presse\/pyeongchang-2018-equipe-canada-a-la-fin-du-jour-12\/#primaryimage"},"thumbnailUrl":"https:\/\/develop.olympic.ca\/olympique\/wp-content\/uploads\/sites\/2\/2018\/02\/mediaavail_header17.jpg?quality=100","datePublished":"2018-02-21T15:25:49+00:00","dateModified":"2018-02-21T15:56:40+00:00","inLanguage":"fr-FR","potentialAction":[{"@type":"ReadAction","target":["https:\/\/develop.olympic.ca\/olympique\/presse\/pyeongchang-2018-equipe-canada-a-la-fin-du-jour-12\/"]}]},{"@type":"ImageObject","inLanguage":"fr-FR","@id":"https:\/\/develop.olympic.ca\/olympique\/presse\/pyeongchang-2018-equipe-canada-a-la-fin-du-jour-12\/#primaryimage","url":"https:\/\/develop.olympic.ca\/olympique\/wp-content\/uploads\/sites\/2\/2018\/02\/mediaavail_header17.jpg?quality=100","contentUrl":"https:\/\/develop.olympic.ca\/olympique\/wp-content\/uploads\/sites\/2\/2018\/02\/mediaavail_header17.jpg?quality=100","width":1340,"height":754},{"@type":"WebSite","@id":"https:\/\/develop.olympic.ca\/olympique\/#website","url":"https:\/\/develop.olympic.ca\/olympique\/","name":"\u00c9quipe Canada | Site officiel de l&#039;\u00e9quipe olympique","description":"Votre source pour l\u2019\u00c9quipe olympique canadienne. Retrouvez les r\u00e9cits, vid\u00e9os et photos des athl\u00e8tes canadiens, sports olympiques, Jeux olympiques de 2020 et bien plus!","potentialAction":[{"@type":"SearchAction","target":{"@type":"EntryPoint","urlTemplate":"https:\/\/develop.olympic.ca\/olympique\/?s={search_term_string}"},"query-input":{"@type":"PropertyValueSpecification","valueRequired":true,"valueName":"search_term_string"}}],"inLanguage":"fr-FR"}]}},"jetpack_sharing_enabled":true,"_links":{"self":[{"href":"https:\/\/develop.olympic.ca\/olympique\/wp-json\/wp\/v2\/press\/138407","targetHints":{"allow":["GET"]}}],"collection":[{"href":"https:\/\/develop.olympic.ca\/olympique\/wp-json\/wp\/v2\/press"}],"about":[{"href":"https:\/\/develop.olympic.ca\/olympique\/wp-json\/wp\/v2\/types\/press"}],"version-history":[{"count":1,"href":"https:\/\/develop.olympic.ca\/olympique\/wp-json\/wp\/v2\/press\/138407\/revisions"}],"predecessor-version":[{"id":138411,"href":"https:\/\/develop.olympic.ca\/olympique\/wp-json\/wp\/v2\/press\/138407\/revisions\/138411"}],"wp:featuredmedia":[{"embeddable":true,"href":"https:\/\/develop.olympic.ca\/olympique\/wp-json\/wp\/v2\/media\/138410"}],"wp:attachment":[{"href":"https:\/\/develop.olympic.ca\/olympique\/wp-json\/wp\/v2\/media?parent=138407"}],"wp:term":[{"taxonomy":"post_tag","embeddable":true,"href":"https:\/\/develop.olympic.ca\/olympique\/wp-json\/wp\/v2\/tags?post=138407"},{"taxonomy":"type-of-press","embeddable":true,"href":"https:\/\/develop.olympic.ca\/olympique\/wp-json\/wp\/v2\/type-of-press?post=138407"},{"taxonomy":"press-topic","embeddable":true,"href":"https:\/\/develop.olympic.ca\/olympique\/wp-json\/wp\/v2\/press-topic?post=138407"},{"taxonomy":"years","embeddable":true,"href":"https:\/\/develop.olympic.ca\/olympique\/wp-json\/wp\/v2\/years?post=138407"}],"curies":[{"name":"wp","href":"https:\/\/api.w.org\/{rel}","templated":true}]}}