{"id":140105,"date":"2018-04-13T13:00:20","date_gmt":"2018-04-13T17:00:20","guid":{"rendered":"http:\/\/develop.olympic.ca\/olympique\/?post_type=press&#038;p=140105"},"modified":"2018-06-12T22:08:39","modified_gmt":"2018-06-13T02:08:39","slug":"declaration-du-coc-au-sujet-du-rassemblement-de-la-communaute-sportive-a-calgary","status":"publish","type":"press","link":"https:\/\/develop.olympic.ca\/olympique\/presse\/declaration-du-coc-au-sujet-du-rassemblement-de-la-communaute-sportive-a-calgary\/","title":{"rendered":"D\u00e9clarations du COC concernant le rassemblement de la communaut\u00e9 sportive \u00e0 Calgary"},"content":{"rendered":"<p>TORONTO (13 avril 2018) \u2013 Le Comit\u00e9 olympique canadien a \u00e9mis les d\u00e9clarations suivantes en r\u00e9action au rassemblement de la communaut\u00e9 sportive qui a eu lieu \u00e0 Calgary aujourd&rsquo;hui\u00a0:<\/p>\n<p>\u00ab\u00a0Le Comit\u00e9 olympique canadien soutient pleinement le message formul\u00e9 aujourd\u2019hui par la communaut\u00e9 sportive \u00e0 Calgary. Nous appuyons un vote pour que les Calgariens choisissent de poursuivre la conversation \u00e0 propos d\u2019une possible candidature pour accueillir les Jeux olympiques d\u2019hiver et nous avons confiance que le Conseil de Ville pourvoira \u00e0 cette opportunit\u00e9. Le sport a une incidence positive, non seulement pour la communaut\u00e9 de Calgary, mais \u00e0 travers le pays et nos athl\u00e8tes d\u2019aujourd\u2019hui et de demain m\u00e9ritent que nous explorions \u00e0 fond ce dossier de candidature avant de prendre une d\u00e9cision.\u00a0\u00bb<\/p>\n<p>&#8211; Chris Overholt, chef de la direction et secr\u00e9taire g\u00e9n\u00e9ral du Comit\u00e9 olympique canadien<\/p>\n<p>\u00ab\u2009Calgary a une occasion extraordinaire d\u2019explorer la possibilit\u00e9 d\u2019accueillir les Jeux olympiques d\u2019hiver de 2026. C\u2019est une occasion qui pourrait fa\u00e7onner une vision pour Calgary, l\u2019Alberta et le Canada pour des g\u00e9n\u00e9rations \u00e0 venir. En tant qu\u2019olympienne, je salue la passion qu\u2019ont d\u00e9montr\u00e9e aujourd\u2019hui les athl\u00e8tes r\u00e9unis \u00e0 WinSport, \u00e0 Calgary. Rien ne nous unit plus comme Canadiens que notre amour pour le sport. Ayons une conversation sur les m\u00e9rites de ramener le plus grand \u00e9v\u00e9nement sportif chez nous. Nous avons d\u00e9j\u00e0 accueilli deux Jeux olympiques d\u2019hiver avec beaucoup de succ\u00e8s. Il y a toutes les raisons de croire que nous pouvons le faire \u00e0 nouveau. M\u00eame s\u2019il y a des pr\u00e9occupations compr\u00e9hensibles \u00e0 propos de la r\u00e9alisation d\u2019un tel projet, nous nous devons d\u2019avoir cette conversation. Nous sommes convaincus que les conseillers municipaux donneront aux citoyens de Calgary l\u2019occasion de d\u00e9cider par eux-m\u00eames pour cette vision en proc\u00e9dant \u00e0 un pl\u00e9biscite.\u00a0\u00bb<\/p>\n<p>&#8211; Tricia Smith, pr\u00e9sidente du Comit\u00e9 olympique canadien et olympienne<\/p>\n<p style=\"text-align:center;\">-30-<\/p>\n<p><strong>CONTACTS POUR LES M\u00c9DIAS<\/strong><\/p>\n<p>Josh Su, Coordonnateur, Communications<br \/>\nComit\u00e9 olympique canadien<br \/>\nT\u00e9l. : 416-324-4303 \/ Cell. : 647-464-4060<br \/>\nCourriel : jsu@olympic.ca<\/p>\n<p>Photi Sotiropoulos, Directeur, Communications et relations m\u00e9diatiques<br \/>\nComit\u00e9 olympique canadien<br \/>\nT\u00e9l. : 416-324-4298 \/ Cell. : 416-476-9174<br \/>\nCourriel : <a href=\"mailto:psotiropoulos@olympic.ca\">psotiropoulos@olympic.ca<\/a><\/p>\n","protected":false},"excerpt":{"rendered":"<p>TORONTO (13 avril 2018) \u2013 Le Comit\u00e9 olympique canadien a \u00e9mis les d\u00e9clarations suivantes en r\u00e9action au rassemblement de la&#8230;<\/p>\n","protected":false},"featured_media":140106,"template":"","format":"standard","tags":[],"type-of-press":[184353519],"press-topic":[415987001],"years":[415985510],"class_list":["post-140105","press","type-press","status-publish","format-standard","has-post-thumbnail","hentry","type-of-press-declarations","press-topic-calgary-2026","years-415985510"],"acf":[],"yoast_head":"<!-- This site is optimized with the Yoast SEO plugin v27.3 - https:\/\/yoast.com\/product\/yoast-seo-wordpress\/ -->\n<title>D\u00e9clarations du COC concernant le rassemblement de la communaut\u00e9 sportive \u00e0 Calgary - \u00c9quipe Canada | Site officiel de l&#039;\u00e9quipe olympique<\/title>\n<meta name=\"robots\" content=\"index, follow, max-snippet:-1, max-image-preview:large, max-video-preview:-1\" \/>\n<link rel=\"canonical\" href=\"https:\/\/develop.olympic.ca\/olympique\/presse\/declaration-du-coc-au-sujet-du-rassemblement-de-la-communaute-sportive-a-calgary\/\" \/>\n<meta property=\"og:locale\" content=\"fr_FR\" \/>\n<meta property=\"og:type\" content=\"article\" \/>\n<meta property=\"og:title\" content=\"D\u00e9clarations du COC concernant le rassemblement de la communaut\u00e9 sportive \u00e0 Calgary - \u00c9quipe Canada | Site officiel de l&#039;\u00e9quipe olympique\" \/>\n<meta property=\"og:description\" content=\"TORONTO (13 avril 2018) \u2013 Le Comit\u00e9 olympique canadien a \u00e9mis les d\u00e9clarations suivantes en r\u00e9action au rassemblement de la...\" \/>\n<meta property=\"og:url\" content=\"https:\/\/develop.olympic.ca\/olympique\/presse\/declaration-du-coc-au-sujet-du-rassemblement-de-la-communaute-sportive-a-calgary\/\" \/>\n<meta property=\"og:site_name\" content=\"\u00c9quipe Canada | Site officiel de l&#039;\u00e9quipe olympique\" \/>\n<meta property=\"article:modified_time\" content=\"2018-06-13T02:08:39+00:00\" \/>\n<meta property=\"og:image\" content=\"https:\/\/develop.olympic.ca\/olympique\/wp-content\/uploads\/sites\/2\/2018\/04\/calgary-bid_header.jpg?quality=100\" \/>\n\t<meta property=\"og:image:width\" content=\"1340\" \/>\n\t<meta property=\"og:image:height\" content=\"754\" \/>\n\t<meta property=\"og:image:type\" content=\"image\/jpeg\" \/>\n<meta name=\"twitter:card\" content=\"summary_large_image\" \/>\n<meta name=\"twitter:label1\" content=\"Est. reading time\" \/>\n\t<meta name=\"twitter:data1\" content=\"2 minutes\" \/>\n\t<meta name=\"twitter:label2\" content=\"Written by\" \/>\n\t<meta name=\"twitter:data2\" content=\"joshsu\" \/>\n<script type=\"application\/ld+json\" class=\"yoast-schema-graph\">{\"@context\":\"https:\\\/\\\/schema.org\",\"@graph\":[{\"@type\":\"WebPage\",\"@id\":\"https:\\\/\\\/develop.olympic.ca\\\/olympique\\\/presse\\\/declaration-du-coc-au-sujet-du-rassemblement-de-la-communaute-sportive-a-calgary\\\/\",\"url\":\"https:\\\/\\\/develop.olympic.ca\\\/olympique\\\/presse\\\/declaration-du-coc-au-sujet-du-rassemblement-de-la-communaute-sportive-a-calgary\\\/\",\"name\":\"D\u00e9clarations du COC concernant le rassemblement de la communaut\u00e9 sportive \u00e0 Calgary - \u00c9quipe Canada | Site officiel de l&#039;\u00e9quipe olympique\",\"isPartOf\":{\"@id\":\"https:\\\/\\\/develop.olympic.ca\\\/olympique\\\/#website\"},\"primaryImageOfPage\":{\"@id\":\"https:\\\/\\\/develop.olympic.ca\\\/olympique\\\/presse\\\/declaration-du-coc-au-sujet-du-rassemblement-de-la-communaute-sportive-a-calgary\\\/#primaryimage\"},\"image\":{\"@id\":\"https:\\\/\\\/develop.olympic.ca\\\/olympique\\\/presse\\\/declaration-du-coc-au-sujet-du-rassemblement-de-la-communaute-sportive-a-calgary\\\/#primaryimage\"},\"thumbnailUrl\":\"https:\\\/\\\/develop.olympic.ca\\\/olympique\\\/wp-content\\\/uploads\\\/sites\\\/2\\\/2018\\\/04\\\/calgary-bid_header.jpg?quality=100\",\"datePublished\":\"2018-04-13T17:00:20+00:00\",\"dateModified\":\"2018-06-13T02:08:39+00:00\",\"inLanguage\":\"fr-FR\",\"potentialAction\":[{\"@type\":\"ReadAction\",\"target\":[\"https:\\\/\\\/develop.olympic.ca\\\/olympique\\\/presse\\\/declaration-du-coc-au-sujet-du-rassemblement-de-la-communaute-sportive-a-calgary\\\/\"]}]},{\"@type\":\"ImageObject\",\"inLanguage\":\"fr-FR\",\"@id\":\"https:\\\/\\\/develop.olympic.ca\\\/olympique\\\/presse\\\/declaration-du-coc-au-sujet-du-rassemblement-de-la-communaute-sportive-a-calgary\\\/#primaryimage\",\"url\":\"https:\\\/\\\/develop.olympic.ca\\\/olympique\\\/wp-content\\\/uploads\\\/sites\\\/2\\\/2018\\\/04\\\/calgary-bid_header.jpg?quality=100\",\"contentUrl\":\"https:\\\/\\\/develop.olympic.ca\\\/olympique\\\/wp-content\\\/uploads\\\/sites\\\/2\\\/2018\\\/04\\\/calgary-bid_header.jpg?quality=100\",\"width\":1340,\"height\":754},{\"@type\":\"WebSite\",\"@id\":\"https:\\\/\\\/develop.olympic.ca\\\/olympique\\\/#website\",\"url\":\"https:\\\/\\\/develop.olympic.ca\\\/olympique\\\/\",\"name\":\"\u00c9quipe Canada | Site officiel de l&#039;\u00e9quipe olympique\",\"description\":\"Votre source pour l\u2019\u00c9quipe olympique canadienne. Retrouvez les r\u00e9cits, vid\u00e9os et photos des athl\u00e8tes canadiens, sports olympiques, Jeux olympiques de 2020 et bien plus!\",\"potentialAction\":[{\"@type\":\"SearchAction\",\"target\":{\"@type\":\"EntryPoint\",\"urlTemplate\":\"https:\\\/\\\/develop.olympic.ca\\\/olympique\\\/?s={search_term_string}\"},\"query-input\":{\"@type\":\"PropertyValueSpecification\",\"valueRequired\":true,\"valueName\":\"search_term_string\"}}],\"inLanguage\":\"fr-FR\"}]}<\/script>\n<!-- \/ Yoast SEO plugin. -->","yoast_head_json":{"title":"D\u00e9clarations du COC concernant le rassemblement de la communaut\u00e9 sportive \u00e0 Calgary - \u00c9quipe Canada | Site officiel de l&#039;\u00e9quipe olympique","robots":{"index":"index","follow":"follow","max-snippet":"max-snippet:-1","max-image-preview":"max-image-preview:large","max-video-preview":"max-video-preview:-1"},"canonical":"https:\/\/develop.olympic.ca\/olympique\/presse\/declaration-du-coc-au-sujet-du-rassemblement-de-la-communaute-sportive-a-calgary\/","og_locale":"fr_FR","og_type":"article","og_title":"D\u00e9clarations du COC concernant le rassemblement de la communaut\u00e9 sportive \u00e0 Calgary - \u00c9quipe Canada | Site officiel de l&#039;\u00e9quipe olympique","og_description":"TORONTO (13 avril 2018) \u2013 Le Comit\u00e9 olympique canadien a \u00e9mis les d\u00e9clarations suivantes en r\u00e9action au rassemblement de la...","og_url":"https:\/\/develop.olympic.ca\/olympique\/presse\/declaration-du-coc-au-sujet-du-rassemblement-de-la-communaute-sportive-a-calgary\/","og_site_name":"\u00c9quipe Canada | Site officiel de l&#039;\u00e9quipe olympique","article_modified_time":"2018-06-13T02:08:39+00:00","og_image":[{"width":1340,"height":754,"url":"https:\/\/develop.olympic.ca\/olympique\/wp-content\/uploads\/sites\/2\/2018\/04\/calgary-bid_header.jpg?quality=100","type":"image\/jpeg"}],"twitter_card":"summary_large_image","twitter_misc":{"Est. reading time":"2 minutes","Written by":"joshsu"},"schema":{"@context":"https:\/\/schema.org","@graph":[{"@type":"WebPage","@id":"https:\/\/develop.olympic.ca\/olympique\/presse\/declaration-du-coc-au-sujet-du-rassemblement-de-la-communaute-sportive-a-calgary\/","url":"https:\/\/develop.olympic.ca\/olympique\/presse\/declaration-du-coc-au-sujet-du-rassemblement-de-la-communaute-sportive-a-calgary\/","name":"D\u00e9clarations du COC concernant le rassemblement de la communaut\u00e9 sportive \u00e0 Calgary - \u00c9quipe Canada | Site officiel de l&#039;\u00e9quipe olympique","isPartOf":{"@id":"https:\/\/develop.olympic.ca\/olympique\/#website"},"primaryImageOfPage":{"@id":"https:\/\/develop.olympic.ca\/olympique\/presse\/declaration-du-coc-au-sujet-du-rassemblement-de-la-communaute-sportive-a-calgary\/#primaryimage"},"image":{"@id":"https:\/\/develop.olympic.ca\/olympique\/presse\/declaration-du-coc-au-sujet-du-rassemblement-de-la-communaute-sportive-a-calgary\/#primaryimage"},"thumbnailUrl":"https:\/\/develop.olympic.ca\/olympique\/wp-content\/uploads\/sites\/2\/2018\/04\/calgary-bid_header.jpg?quality=100","datePublished":"2018-04-13T17:00:20+00:00","dateModified":"2018-06-13T02:08:39+00:00","inLanguage":"fr-FR","potentialAction":[{"@type":"ReadAction","target":["https:\/\/develop.olympic.ca\/olympique\/presse\/declaration-du-coc-au-sujet-du-rassemblement-de-la-communaute-sportive-a-calgary\/"]}]},{"@type":"ImageObject","inLanguage":"fr-FR","@id":"https:\/\/develop.olympic.ca\/olympique\/presse\/declaration-du-coc-au-sujet-du-rassemblement-de-la-communaute-sportive-a-calgary\/#primaryimage","url":"https:\/\/develop.olympic.ca\/olympique\/wp-content\/uploads\/sites\/2\/2018\/04\/calgary-bid_header.jpg?quality=100","contentUrl":"https:\/\/develop.olympic.ca\/olympique\/wp-content\/uploads\/sites\/2\/2018\/04\/calgary-bid_header.jpg?quality=100","width":1340,"height":754},{"@type":"WebSite","@id":"https:\/\/develop.olympic.ca\/olympique\/#website","url":"https:\/\/develop.olympic.ca\/olympique\/","name":"\u00c9quipe Canada | Site officiel de l&#039;\u00e9quipe olympique","description":"Votre source pour l\u2019\u00c9quipe olympique canadienne. Retrouvez les r\u00e9cits, vid\u00e9os et photos des athl\u00e8tes canadiens, sports olympiques, Jeux olympiques de 2020 et bien plus!","potentialAction":[{"@type":"SearchAction","target":{"@type":"EntryPoint","urlTemplate":"https:\/\/develop.olympic.ca\/olympique\/?s={search_term_string}"},"query-input":{"@type":"PropertyValueSpecification","valueRequired":true,"valueName":"search_term_string"}}],"inLanguage":"fr-FR"}]}},"jetpack_sharing_enabled":true,"_links":{"self":[{"href":"https:\/\/develop.olympic.ca\/olympique\/wp-json\/wp\/v2\/press\/140105","targetHints":{"allow":["GET"]}}],"collection":[{"href":"https:\/\/develop.olympic.ca\/olympique\/wp-json\/wp\/v2\/press"}],"about":[{"href":"https:\/\/develop.olympic.ca\/olympique\/wp-json\/wp\/v2\/types\/press"}],"version-history":[{"count":1,"href":"https:\/\/develop.olympic.ca\/olympique\/wp-json\/wp\/v2\/press\/140105\/revisions"}],"predecessor-version":[{"id":140113,"href":"https:\/\/develop.olympic.ca\/olympique\/wp-json\/wp\/v2\/press\/140105\/revisions\/140113"}],"wp:featuredmedia":[{"embeddable":true,"href":"https:\/\/develop.olympic.ca\/olympique\/wp-json\/wp\/v2\/media\/140106"}],"wp:attachment":[{"href":"https:\/\/develop.olympic.ca\/olympique\/wp-json\/wp\/v2\/media?parent=140105"}],"wp:term":[{"taxonomy":"post_tag","embeddable":true,"href":"https:\/\/develop.olympic.ca\/olympique\/wp-json\/wp\/v2\/tags?post=140105"},{"taxonomy":"type-of-press","embeddable":true,"href":"https:\/\/develop.olympic.ca\/olympique\/wp-json\/wp\/v2\/type-of-press?post=140105"},{"taxonomy":"press-topic","embeddable":true,"href":"https:\/\/develop.olympic.ca\/olympique\/wp-json\/wp\/v2\/press-topic?post=140105"},{"taxonomy":"years","embeddable":true,"href":"https:\/\/develop.olympic.ca\/olympique\/wp-json\/wp\/v2\/years?post=140105"}],"curies":[{"name":"wp","href":"https:\/\/api.w.org\/{rel}","templated":true}]}}