{"id":140909,"date":"2018-06-12T15:54:42","date_gmt":"2018-06-12T19:54:42","guid":{"rendered":"http:\/\/develop.olympic.ca\/olympique\/?post_type=press&#038;p=140909"},"modified":"2018-07-13T10:22:35","modified_gmt":"2018-07-13T14:22:35","slug":"le-coc-ouvre-les-portes-de-lexperience-olympique-canadienne","status":"publish","type":"press","link":"https:\/\/develop.olympic.ca\/olympique\/presse\/le-coc-ouvre-les-portes-de-lexperience-olympique-canadienne\/","title":{"rendered":"Le COC ouvre les portes de l\u2019Exp\u00e9rience olympique canadienne"},"content":{"rendered":"<p>MONTR\u00c9AL\u00a0(13 juin, 2018) \u2014\u00a0Le lundi 18 juin, le Comit\u00e9 olympique Canadien (COC) invite les m\u00e9dias \u00e0 d\u00e9couvrir la Maison olympique canadienne \u00e0 l\u2019occasion du d\u00e9voilement de presse de l\u2019exposition \u00ab\u00a0L\u2019Exp\u00e9rience olympique canadienne\u00a0\u00bb. Eric Myles, Directeur ex\u00e9cutif Sport du COC, proc\u00e8dera \u00e0 une visite guid\u00e9e des installations et de l\u2019exposition technologique, interactive et \u00e9ducative con\u00e7ue et produite par GSM Project de Montr\u00e9al.<\/p>\n<p>\u00ab\u00a0L\u2019Exp\u00e9rience olympique canadienne\u00a0\u00bb ouvrira ses portes au grand public le mercredi 20 juin prochain.<\/p>\n<p>&nbsp;<\/p>\n<p><strong>QUOI :<\/strong><\/p>\n<ul>\n<li>Point de presse d\u00e9voilant les d\u00e9tails des installations<\/li>\n<li>D\u00e9monstration du parcours interactif avec athl\u00e8tes olympiques<\/li>\n<li>Entrevues avec Eric Myles et athl\u00e8tes sur place<\/li>\n<li>Possibilit\u00e9 de photos et d\u2019entrevues<\/li>\n<\/ul>\n<p>&nbsp;<\/p>\n<p><strong>QUI :<\/strong><\/p>\n<ul>\n<li>Eric Myles, Directeur ex\u00e9cutif Sport, Comit\u00e9 olympique canadien<\/li>\n<li>Bruny Surin, Chef de Mission des Jeux olympiques de la jeunesse de Buenos Aires 2018 et quadruple olympien, Athl\u00e9tisme<\/li>\n<li class=\"li1\"><span class=\"s1\">Phil Marquis, double olympien, ski acrobatique<\/span><\/li>\n<li>Sandra Sassine, double olympienne, Escrime<\/li>\n<li>Julie Mahoney, olympienne, Escrime<\/li>\n<\/ul>\n<p>&nbsp;<\/p>\n<p><strong>QUAND :<\/strong><\/p>\n<p>Lundi 18 juin 2018<br \/>\n10 h \u00e0 10 h 30 HE<\/p>\n<p>&nbsp;<\/p>\n<p><strong>O\u00d9 :<\/strong><\/p>\n<p>Maison olympique canadienne<br \/>\n500, boulevard Ren\u00e9-L\u00e9vesque Ouest<br \/>\n<span style=\"font-family:-apple-system, BlinkMacSystemFont, 'Segoe UI', Roboto, Oxygen-Sans, Ubuntu, Cantarell, 'Helvetica Neue', sans-serif;\">Montr\u00e9al, Qu\u00e9bec<\/span><\/p>\n<p style=\"text-align:center;\">-30-<\/p>\n<p><strong>CONTACTS POUR LES M\u00c9DIAS\u00a0:<\/strong><\/p>\n<p>Marie-Anik L&rsquo;Allier<br \/>\nT\u00e9l. : 514-507-6299 \/ Cell. : 514-983-8236<br \/>\nCourriel :\u00a0<a href=\"mailto:ma@malallier.com\"><span class=\"s1\">ma@malallier.com<\/span><\/a><\/p>\n<p>Photi Sotiropoulos, directeur, Communications et relations m\u00e9diatiques<br \/>\nT\u00e9l.\u00a0: 416\u00a0324-4298 \/ Cell.\u00a0: 416\u00a0476-9174<br \/>\nCourriel\u00a0:\u00a0<a href=\"mailto:psotiropoulos@olympique.ca\">psotiropoulos@olympique.ca<\/a><\/p>\n<p>Josh Su, coordonnateur, Communications<br \/>\nCell.\u00a0: 647\u00a0464-4060<br \/>\nCourriel\u00a0:\u00a0<a href=\"mailto:jsu@olympique.ca\">jsu@olympique.ca<\/a><\/p>\n","protected":false},"excerpt":{"rendered":"<p>MONTR\u00c9AL\u00a0(13 juin, 2018) \u2014\u00a0Le lundi 18 juin, le Comit\u00e9 olympique Canadien (COC) invite les m\u00e9dias \u00e0 d\u00e9couvrir la Maison olympique&#8230;<\/p>\n","protected":false},"featured_media":140910,"template":"","format":"standard","tags":[],"type-of-press":[87640050],"press-topic":[415985198],"years":[415985510],"class_list":["post-140909","press","type-press","status-publish","format-standard","has-post-thumbnail","hentry","type-of-press-avis-aux-medias","press-topic-general","years-415985510"],"acf":[],"yoast_head":"<!-- This site is optimized with the Yoast SEO plugin v27.3 - https:\/\/yoast.com\/product\/yoast-seo-wordpress\/ -->\n<title>Le COC ouvre les portes de l\u2019Exp\u00e9rience olympique canadienne - \u00c9quipe Canada | Site officiel de l&#039;\u00e9quipe olympique<\/title>\n<meta name=\"robots\" content=\"index, follow, max-snippet:-1, max-image-preview:large, max-video-preview:-1\" \/>\n<link rel=\"canonical\" href=\"https:\/\/develop.olympic.ca\/olympique\/presse\/le-coc-ouvre-les-portes-de-lexperience-olympique-canadienne\/\" \/>\n<meta property=\"og:locale\" content=\"fr_FR\" \/>\n<meta property=\"og:type\" content=\"article\" \/>\n<meta property=\"og:title\" content=\"Le COC ouvre les portes de l\u2019Exp\u00e9rience olympique canadienne - \u00c9quipe Canada | Site officiel de l&#039;\u00e9quipe olympique\" \/>\n<meta property=\"og:description\" content=\"MONTR\u00c9AL\u00a0(13 juin, 2018) \u2014\u00a0Le lundi 18 juin, le Comit\u00e9 olympique Canadien (COC) invite les m\u00e9dias \u00e0 d\u00e9couvrir la Maison olympique...\" \/>\n<meta property=\"og:url\" content=\"https:\/\/develop.olympic.ca\/olympique\/presse\/le-coc-ouvre-les-portes-de-lexperience-olympique-canadienne\/\" \/>\n<meta property=\"og:site_name\" content=\"\u00c9quipe Canada | Site officiel de l&#039;\u00e9quipe olympique\" \/>\n<meta property=\"article:modified_time\" content=\"2018-07-13T14:22:35+00:00\" \/>\n<meta property=\"og:image\" content=\"https:\/\/develop.olympic.ca\/olympique\/wp-content\/uploads\/sites\/2\/2018\/06\/gsm_header.jpg?quality=100\" \/>\n\t<meta property=\"og:image:width\" content=\"1010\" \/>\n\t<meta property=\"og:image:height\" content=\"568\" \/>\n\t<meta property=\"og:image:type\" content=\"image\/jpeg\" \/>\n<meta name=\"twitter:card\" content=\"summary_large_image\" \/>\n<meta name=\"twitter:label1\" content=\"Est. reading time\" \/>\n\t<meta name=\"twitter:data1\" content=\"1 minute\" \/>\n\t<meta name=\"twitter:label2\" content=\"Written by\" \/>\n\t<meta name=\"twitter:data2\" content=\"joshsu\" \/>\n<script type=\"application\/ld+json\" class=\"yoast-schema-graph\">{\"@context\":\"https:\\\/\\\/schema.org\",\"@graph\":[{\"@type\":\"WebPage\",\"@id\":\"https:\\\/\\\/develop.olympic.ca\\\/olympique\\\/presse\\\/le-coc-ouvre-les-portes-de-lexperience-olympique-canadienne\\\/\",\"url\":\"https:\\\/\\\/develop.olympic.ca\\\/olympique\\\/presse\\\/le-coc-ouvre-les-portes-de-lexperience-olympique-canadienne\\\/\",\"name\":\"Le COC ouvre les portes de l\u2019Exp\u00e9rience olympique canadienne - \u00c9quipe Canada | Site officiel de l&#039;\u00e9quipe olympique\",\"isPartOf\":{\"@id\":\"https:\\\/\\\/develop.olympic.ca\\\/olympique\\\/#website\"},\"primaryImageOfPage\":{\"@id\":\"https:\\\/\\\/develop.olympic.ca\\\/olympique\\\/presse\\\/le-coc-ouvre-les-portes-de-lexperience-olympique-canadienne\\\/#primaryimage\"},\"image\":{\"@id\":\"https:\\\/\\\/develop.olympic.ca\\\/olympique\\\/presse\\\/le-coc-ouvre-les-portes-de-lexperience-olympique-canadienne\\\/#primaryimage\"},\"thumbnailUrl\":\"https:\\\/\\\/develop.olympic.ca\\\/olympique\\\/wp-content\\\/uploads\\\/sites\\\/2\\\/2018\\\/06\\\/gsm_header.jpg?quality=100\",\"datePublished\":\"2018-06-12T19:54:42+00:00\",\"dateModified\":\"2018-07-13T14:22:35+00:00\",\"inLanguage\":\"fr-FR\",\"potentialAction\":[{\"@type\":\"ReadAction\",\"target\":[\"https:\\\/\\\/develop.olympic.ca\\\/olympique\\\/presse\\\/le-coc-ouvre-les-portes-de-lexperience-olympique-canadienne\\\/\"]}]},{\"@type\":\"ImageObject\",\"inLanguage\":\"fr-FR\",\"@id\":\"https:\\\/\\\/develop.olympic.ca\\\/olympique\\\/presse\\\/le-coc-ouvre-les-portes-de-lexperience-olympique-canadienne\\\/#primaryimage\",\"url\":\"https:\\\/\\\/develop.olympic.ca\\\/olympique\\\/wp-content\\\/uploads\\\/sites\\\/2\\\/2018\\\/06\\\/gsm_header.jpg?quality=100\",\"contentUrl\":\"https:\\\/\\\/develop.olympic.ca\\\/olympique\\\/wp-content\\\/uploads\\\/sites\\\/2\\\/2018\\\/06\\\/gsm_header.jpg?quality=100\",\"width\":1010,\"height\":568},{\"@type\":\"WebSite\",\"@id\":\"https:\\\/\\\/develop.olympic.ca\\\/olympique\\\/#website\",\"url\":\"https:\\\/\\\/develop.olympic.ca\\\/olympique\\\/\",\"name\":\"\u00c9quipe Canada | Site officiel de l&#039;\u00e9quipe olympique\",\"description\":\"Votre source pour l\u2019\u00c9quipe olympique canadienne. Retrouvez les r\u00e9cits, vid\u00e9os et photos des athl\u00e8tes canadiens, sports olympiques, Jeux olympiques de 2020 et bien plus!\",\"potentialAction\":[{\"@type\":\"SearchAction\",\"target\":{\"@type\":\"EntryPoint\",\"urlTemplate\":\"https:\\\/\\\/develop.olympic.ca\\\/olympique\\\/?s={search_term_string}\"},\"query-input\":{\"@type\":\"PropertyValueSpecification\",\"valueRequired\":true,\"valueName\":\"search_term_string\"}}],\"inLanguage\":\"fr-FR\"}]}<\/script>\n<!-- \/ Yoast SEO plugin. -->","yoast_head_json":{"title":"Le COC ouvre les portes de l\u2019Exp\u00e9rience olympique canadienne - \u00c9quipe Canada | Site officiel de l&#039;\u00e9quipe olympique","robots":{"index":"index","follow":"follow","max-snippet":"max-snippet:-1","max-image-preview":"max-image-preview:large","max-video-preview":"max-video-preview:-1"},"canonical":"https:\/\/develop.olympic.ca\/olympique\/presse\/le-coc-ouvre-les-portes-de-lexperience-olympique-canadienne\/","og_locale":"fr_FR","og_type":"article","og_title":"Le COC ouvre les portes de l\u2019Exp\u00e9rience olympique canadienne - \u00c9quipe Canada | Site officiel de l&#039;\u00e9quipe olympique","og_description":"MONTR\u00c9AL\u00a0(13 juin, 2018) \u2014\u00a0Le lundi 18 juin, le Comit\u00e9 olympique Canadien (COC) invite les m\u00e9dias \u00e0 d\u00e9couvrir la Maison olympique...","og_url":"https:\/\/develop.olympic.ca\/olympique\/presse\/le-coc-ouvre-les-portes-de-lexperience-olympique-canadienne\/","og_site_name":"\u00c9quipe Canada | Site officiel de l&#039;\u00e9quipe olympique","article_modified_time":"2018-07-13T14:22:35+00:00","og_image":[{"width":1010,"height":568,"url":"https:\/\/develop.olympic.ca\/olympique\/wp-content\/uploads\/sites\/2\/2018\/06\/gsm_header.jpg?quality=100","type":"image\/jpeg"}],"twitter_card":"summary_large_image","twitter_misc":{"Est. reading time":"1 minute","Written by":"joshsu"},"schema":{"@context":"https:\/\/schema.org","@graph":[{"@type":"WebPage","@id":"https:\/\/develop.olympic.ca\/olympique\/presse\/le-coc-ouvre-les-portes-de-lexperience-olympique-canadienne\/","url":"https:\/\/develop.olympic.ca\/olympique\/presse\/le-coc-ouvre-les-portes-de-lexperience-olympique-canadienne\/","name":"Le COC ouvre les portes de l\u2019Exp\u00e9rience olympique canadienne - \u00c9quipe Canada | Site officiel de l&#039;\u00e9quipe olympique","isPartOf":{"@id":"https:\/\/develop.olympic.ca\/olympique\/#website"},"primaryImageOfPage":{"@id":"https:\/\/develop.olympic.ca\/olympique\/presse\/le-coc-ouvre-les-portes-de-lexperience-olympique-canadienne\/#primaryimage"},"image":{"@id":"https:\/\/develop.olympic.ca\/olympique\/presse\/le-coc-ouvre-les-portes-de-lexperience-olympique-canadienne\/#primaryimage"},"thumbnailUrl":"https:\/\/develop.olympic.ca\/olympique\/wp-content\/uploads\/sites\/2\/2018\/06\/gsm_header.jpg?quality=100","datePublished":"2018-06-12T19:54:42+00:00","dateModified":"2018-07-13T14:22:35+00:00","inLanguage":"fr-FR","potentialAction":[{"@type":"ReadAction","target":["https:\/\/develop.olympic.ca\/olympique\/presse\/le-coc-ouvre-les-portes-de-lexperience-olympique-canadienne\/"]}]},{"@type":"ImageObject","inLanguage":"fr-FR","@id":"https:\/\/develop.olympic.ca\/olympique\/presse\/le-coc-ouvre-les-portes-de-lexperience-olympique-canadienne\/#primaryimage","url":"https:\/\/develop.olympic.ca\/olympique\/wp-content\/uploads\/sites\/2\/2018\/06\/gsm_header.jpg?quality=100","contentUrl":"https:\/\/develop.olympic.ca\/olympique\/wp-content\/uploads\/sites\/2\/2018\/06\/gsm_header.jpg?quality=100","width":1010,"height":568},{"@type":"WebSite","@id":"https:\/\/develop.olympic.ca\/olympique\/#website","url":"https:\/\/develop.olympic.ca\/olympique\/","name":"\u00c9quipe Canada | Site officiel de l&#039;\u00e9quipe olympique","description":"Votre source pour l\u2019\u00c9quipe olympique canadienne. Retrouvez les r\u00e9cits, vid\u00e9os et photos des athl\u00e8tes canadiens, sports olympiques, Jeux olympiques de 2020 et bien plus!","potentialAction":[{"@type":"SearchAction","target":{"@type":"EntryPoint","urlTemplate":"https:\/\/develop.olympic.ca\/olympique\/?s={search_term_string}"},"query-input":{"@type":"PropertyValueSpecification","valueRequired":true,"valueName":"search_term_string"}}],"inLanguage":"fr-FR"}]}},"jetpack_sharing_enabled":true,"_links":{"self":[{"href":"https:\/\/develop.olympic.ca\/olympique\/wp-json\/wp\/v2\/press\/140909","targetHints":{"allow":["GET"]}}],"collection":[{"href":"https:\/\/develop.olympic.ca\/olympique\/wp-json\/wp\/v2\/press"}],"about":[{"href":"https:\/\/develop.olympic.ca\/olympique\/wp-json\/wp\/v2\/types\/press"}],"version-history":[{"count":1,"href":"https:\/\/develop.olympic.ca\/olympique\/wp-json\/wp\/v2\/press\/140909\/revisions"}],"predecessor-version":[{"id":140911,"href":"https:\/\/develop.olympic.ca\/olympique\/wp-json\/wp\/v2\/press\/140909\/revisions\/140911"}],"wp:featuredmedia":[{"embeddable":true,"href":"https:\/\/develop.olympic.ca\/olympique\/wp-json\/wp\/v2\/media\/140910"}],"wp:attachment":[{"href":"https:\/\/develop.olympic.ca\/olympique\/wp-json\/wp\/v2\/media?parent=140909"}],"wp:term":[{"taxonomy":"post_tag","embeddable":true,"href":"https:\/\/develop.olympic.ca\/olympique\/wp-json\/wp\/v2\/tags?post=140909"},{"taxonomy":"type-of-press","embeddable":true,"href":"https:\/\/develop.olympic.ca\/olympique\/wp-json\/wp\/v2\/type-of-press?post=140909"},{"taxonomy":"press-topic","embeddable":true,"href":"https:\/\/develop.olympic.ca\/olympique\/wp-json\/wp\/v2\/press-topic?post=140909"},{"taxonomy":"years","embeddable":true,"href":"https:\/\/develop.olympic.ca\/olympique\/wp-json\/wp\/v2\/years?post=140909"}],"curies":[{"name":"wp","href":"https:\/\/api.w.org\/{rel}","templated":true}]}}