{"id":142661,"date":"2018-09-19T21:51:25","date_gmt":"2018-09-20T01:51:25","guid":{"rendered":"http:\/\/develop.olympic.ca\/olympique\/?post_type=press&#038;p=142661"},"modified":"2018-09-19T22:20:21","modified_gmt":"2018-09-20T02:20:21","slug":"declaration-du-comite-olympique-canadien-3","status":"publish","type":"press","link":"https:\/\/develop.olympic.ca\/olympique\/presse\/declaration-du-comite-olympique-canadien-3\/","title":{"rendered":"D\u00e9claration du Comit\u00e9 olympique canadien"},"content":{"rendered":"<p class=\"p1\"><span class=\"s1\">TORONTO (19 septembre 2018) &#8211; \u00ab\u00a0<\/span>Nous savons tous que l\u2019essentiel du sport propre, voire de l\u2019ensemble du sport est de respecter les r\u00e8gles. Pour l\u2019avenir des athl\u00e8tes propres de toutes les nations du monde et pour l\u2019avenir du sport, nous invitons le Conseil de l\u2019AMA \u00e0 continuer de se conformer \u00e0 ce principe \u00e0 l\u2019occasion de sa prochaine r\u00e9union, \u00e0 suivre la Feuille de route, et ce faisant, \u00e0 confirmer une fois de plus \u00e0 tous les athl\u00e8tes et au monde entier que ce principe est honor\u00e9 par les dirigeants du monde du sport.\u00a0<span class=\"s1\">\u00bb<\/span><\/p>\n<p class=\"p2\"><span class=\"s1\">\u2013 Tricia Smith, Pr\u00e9sidente, Comit\u00e9 olympique canadien<\/span><\/p>\n<p style=\"text-align:center;\">-30-<\/p>\n<p><strong>CONTACT POUR LES M\u00c9DIAS<\/strong><\/p>\n<p>Josh Su, sp\u00e9cialiste des relations publiques<br \/>\nCell. : 647-464-4060<br \/>\nCourriel :\u00a0<a href=\"mailto:jsu@olympic.ca\">jsu@olympic.ca<\/a><\/p>\n<p>Photi Sotiropoulos, directeur des communications et des relations avec les m\u00e9dias<br \/>\nT\u00e9l. : 416-324-4298 \/ Cell. : 416-476-9174<br \/>\nCourriel :\u00a0<a href=\"mailto:psotiropoulos@olympic.ca\">psotiropoulos@olympic.ca<\/a><\/p>\n","protected":false},"excerpt":{"rendered":"<p>TORONTO (19 septembre 2018) &#8211; \u00ab\u00a0Nous savons tous que l\u2019essentiel du sport propre, voire de l\u2019ensemble du sport est de&#8230;<\/p>\n","protected":false},"featured_media":142662,"template":"","format":"standard","tags":[],"type-of-press":[184353519],"press-topic":[415985198],"years":[415985510],"class_list":["post-142661","press","type-press","status-publish","format-standard","has-post-thumbnail","hentry","type-of-press-declarations","press-topic-general","years-415985510"],"acf":[],"yoast_head":"<!-- This site is optimized with the Yoast SEO plugin v27.3 - https:\/\/yoast.com\/product\/yoast-seo-wordpress\/ -->\n<title>D\u00e9claration du Comit\u00e9 olympique canadien - \u00c9quipe Canada | Site officiel de l&#039;\u00e9quipe olympique<\/title>\n<meta name=\"robots\" content=\"index, follow, max-snippet:-1, max-image-preview:large, max-video-preview:-1\" \/>\n<link rel=\"canonical\" href=\"https:\/\/develop.olympic.ca\/olympique\/presse\/declaration-du-comite-olympique-canadien-3\/\" \/>\n<meta property=\"og:locale\" content=\"fr_FR\" \/>\n<meta property=\"og:type\" content=\"article\" \/>\n<meta property=\"og:title\" content=\"D\u00e9claration du Comit\u00e9 olympique canadien - \u00c9quipe Canada | Site officiel de l&#039;\u00e9quipe olympique\" \/>\n<meta property=\"og:description\" content=\"TORONTO (19 septembre 2018) &#8211; \u00ab\u00a0Nous savons tous que l\u2019essentiel du sport propre, voire de l\u2019ensemble du sport est de...\" \/>\n<meta property=\"og:url\" content=\"https:\/\/develop.olympic.ca\/olympique\/presse\/declaration-du-comite-olympique-canadien-3\/\" \/>\n<meta property=\"og:site_name\" content=\"\u00c9quipe Canada | Site officiel de l&#039;\u00e9quipe olympique\" \/>\n<meta property=\"article:modified_time\" content=\"2018-09-20T02:20:21+00:00\" \/>\n<meta property=\"og:image\" content=\"https:\/\/develop.olympic.ca\/olympique\/wp-content\/uploads\/sites\/2\/2018\/09\/press-default-featured-image.png\" \/>\n\t<meta property=\"og:image:width\" content=\"1313\" \/>\n\t<meta property=\"og:image:height\" content=\"738\" \/>\n\t<meta property=\"og:image:type\" content=\"image\/png\" \/>\n<meta name=\"twitter:card\" content=\"summary_large_image\" \/>\n<meta name=\"twitter:label1\" content=\"Est. reading time\" \/>\n\t<meta name=\"twitter:data1\" content=\"1 minute\" \/>\n\t<meta name=\"twitter:label2\" content=\"Written by\" \/>\n\t<meta name=\"twitter:data2\" content=\"joshsu\" \/>\n<script type=\"application\/ld+json\" class=\"yoast-schema-graph\">{\"@context\":\"https:\\\/\\\/schema.org\",\"@graph\":[{\"@type\":\"WebPage\",\"@id\":\"https:\\\/\\\/develop.olympic.ca\\\/olympique\\\/presse\\\/declaration-du-comite-olympique-canadien-3\\\/\",\"url\":\"https:\\\/\\\/develop.olympic.ca\\\/olympique\\\/presse\\\/declaration-du-comite-olympique-canadien-3\\\/\",\"name\":\"D\u00e9claration du Comit\u00e9 olympique canadien - \u00c9quipe Canada | Site officiel de l&#039;\u00e9quipe olympique\",\"isPartOf\":{\"@id\":\"https:\\\/\\\/develop.olympic.ca\\\/olympique\\\/#website\"},\"primaryImageOfPage\":{\"@id\":\"https:\\\/\\\/develop.olympic.ca\\\/olympique\\\/presse\\\/declaration-du-comite-olympique-canadien-3\\\/#primaryimage\"},\"image\":{\"@id\":\"https:\\\/\\\/develop.olympic.ca\\\/olympique\\\/presse\\\/declaration-du-comite-olympique-canadien-3\\\/#primaryimage\"},\"thumbnailUrl\":\"https:\\\/\\\/develop.olympic.ca\\\/olympique\\\/wp-content\\\/uploads\\\/sites\\\/2\\\/2018\\\/09\\\/press-default-featured-image.png\",\"datePublished\":\"2018-09-20T01:51:25+00:00\",\"dateModified\":\"2018-09-20T02:20:21+00:00\",\"inLanguage\":\"fr-FR\",\"potentialAction\":[{\"@type\":\"ReadAction\",\"target\":[\"https:\\\/\\\/develop.olympic.ca\\\/olympique\\\/presse\\\/declaration-du-comite-olympique-canadien-3\\\/\"]}]},{\"@type\":\"ImageObject\",\"inLanguage\":\"fr-FR\",\"@id\":\"https:\\\/\\\/develop.olympic.ca\\\/olympique\\\/presse\\\/declaration-du-comite-olympique-canadien-3\\\/#primaryimage\",\"url\":\"https:\\\/\\\/develop.olympic.ca\\\/olympique\\\/wp-content\\\/uploads\\\/sites\\\/2\\\/2018\\\/09\\\/press-default-featured-image.png\",\"contentUrl\":\"https:\\\/\\\/develop.olympic.ca\\\/olympique\\\/wp-content\\\/uploads\\\/sites\\\/2\\\/2018\\\/09\\\/press-default-featured-image.png\",\"width\":1313,\"height\":738},{\"@type\":\"WebSite\",\"@id\":\"https:\\\/\\\/develop.olympic.ca\\\/olympique\\\/#website\",\"url\":\"https:\\\/\\\/develop.olympic.ca\\\/olympique\\\/\",\"name\":\"\u00c9quipe Canada | Site officiel de l&#039;\u00e9quipe olympique\",\"description\":\"Votre source pour l\u2019\u00c9quipe olympique canadienne. Retrouvez les r\u00e9cits, vid\u00e9os et photos des athl\u00e8tes canadiens, sports olympiques, Jeux olympiques de 2020 et bien plus!\",\"potentialAction\":[{\"@type\":\"SearchAction\",\"target\":{\"@type\":\"EntryPoint\",\"urlTemplate\":\"https:\\\/\\\/develop.olympic.ca\\\/olympique\\\/?s={search_term_string}\"},\"query-input\":{\"@type\":\"PropertyValueSpecification\",\"valueRequired\":true,\"valueName\":\"search_term_string\"}}],\"inLanguage\":\"fr-FR\"}]}<\/script>\n<!-- \/ Yoast SEO plugin. -->","yoast_head_json":{"title":"D\u00e9claration du Comit\u00e9 olympique canadien - \u00c9quipe Canada | Site officiel de l&#039;\u00e9quipe olympique","robots":{"index":"index","follow":"follow","max-snippet":"max-snippet:-1","max-image-preview":"max-image-preview:large","max-video-preview":"max-video-preview:-1"},"canonical":"https:\/\/develop.olympic.ca\/olympique\/presse\/declaration-du-comite-olympique-canadien-3\/","og_locale":"fr_FR","og_type":"article","og_title":"D\u00e9claration du Comit\u00e9 olympique canadien - \u00c9quipe Canada | Site officiel de l&#039;\u00e9quipe olympique","og_description":"TORONTO (19 septembre 2018) &#8211; \u00ab\u00a0Nous savons tous que l\u2019essentiel du sport propre, voire de l\u2019ensemble du sport est de...","og_url":"https:\/\/develop.olympic.ca\/olympique\/presse\/declaration-du-comite-olympique-canadien-3\/","og_site_name":"\u00c9quipe Canada | Site officiel de l&#039;\u00e9quipe olympique","article_modified_time":"2018-09-20T02:20:21+00:00","og_image":[{"width":1313,"height":738,"url":"https:\/\/develop.olympic.ca\/olympique\/wp-content\/uploads\/sites\/2\/2018\/09\/press-default-featured-image.png","type":"image\/png"}],"twitter_card":"summary_large_image","twitter_misc":{"Est. reading time":"1 minute","Written by":"joshsu"},"schema":{"@context":"https:\/\/schema.org","@graph":[{"@type":"WebPage","@id":"https:\/\/develop.olympic.ca\/olympique\/presse\/declaration-du-comite-olympique-canadien-3\/","url":"https:\/\/develop.olympic.ca\/olympique\/presse\/declaration-du-comite-olympique-canadien-3\/","name":"D\u00e9claration du Comit\u00e9 olympique canadien - \u00c9quipe Canada | Site officiel de l&#039;\u00e9quipe olympique","isPartOf":{"@id":"https:\/\/develop.olympic.ca\/olympique\/#website"},"primaryImageOfPage":{"@id":"https:\/\/develop.olympic.ca\/olympique\/presse\/declaration-du-comite-olympique-canadien-3\/#primaryimage"},"image":{"@id":"https:\/\/develop.olympic.ca\/olympique\/presse\/declaration-du-comite-olympique-canadien-3\/#primaryimage"},"thumbnailUrl":"https:\/\/develop.olympic.ca\/olympique\/wp-content\/uploads\/sites\/2\/2018\/09\/press-default-featured-image.png","datePublished":"2018-09-20T01:51:25+00:00","dateModified":"2018-09-20T02:20:21+00:00","inLanguage":"fr-FR","potentialAction":[{"@type":"ReadAction","target":["https:\/\/develop.olympic.ca\/olympique\/presse\/declaration-du-comite-olympique-canadien-3\/"]}]},{"@type":"ImageObject","inLanguage":"fr-FR","@id":"https:\/\/develop.olympic.ca\/olympique\/presse\/declaration-du-comite-olympique-canadien-3\/#primaryimage","url":"https:\/\/develop.olympic.ca\/olympique\/wp-content\/uploads\/sites\/2\/2018\/09\/press-default-featured-image.png","contentUrl":"https:\/\/develop.olympic.ca\/olympique\/wp-content\/uploads\/sites\/2\/2018\/09\/press-default-featured-image.png","width":1313,"height":738},{"@type":"WebSite","@id":"https:\/\/develop.olympic.ca\/olympique\/#website","url":"https:\/\/develop.olympic.ca\/olympique\/","name":"\u00c9quipe Canada | Site officiel de l&#039;\u00e9quipe olympique","description":"Votre source pour l\u2019\u00c9quipe olympique canadienne. Retrouvez les r\u00e9cits, vid\u00e9os et photos des athl\u00e8tes canadiens, sports olympiques, Jeux olympiques de 2020 et bien plus!","potentialAction":[{"@type":"SearchAction","target":{"@type":"EntryPoint","urlTemplate":"https:\/\/develop.olympic.ca\/olympique\/?s={search_term_string}"},"query-input":{"@type":"PropertyValueSpecification","valueRequired":true,"valueName":"search_term_string"}}],"inLanguage":"fr-FR"}]}},"jetpack_sharing_enabled":true,"_links":{"self":[{"href":"https:\/\/develop.olympic.ca\/olympique\/wp-json\/wp\/v2\/press\/142661","targetHints":{"allow":["GET"]}}],"collection":[{"href":"https:\/\/develop.olympic.ca\/olympique\/wp-json\/wp\/v2\/press"}],"about":[{"href":"https:\/\/develop.olympic.ca\/olympique\/wp-json\/wp\/v2\/types\/press"}],"version-history":[{"count":0,"href":"https:\/\/develop.olympic.ca\/olympique\/wp-json\/wp\/v2\/press\/142661\/revisions"}],"wp:featuredmedia":[{"embeddable":true,"href":"https:\/\/develop.olympic.ca\/olympique\/wp-json\/wp\/v2\/media\/142662"}],"wp:attachment":[{"href":"https:\/\/develop.olympic.ca\/olympique\/wp-json\/wp\/v2\/media?parent=142661"}],"wp:term":[{"taxonomy":"post_tag","embeddable":true,"href":"https:\/\/develop.olympic.ca\/olympique\/wp-json\/wp\/v2\/tags?post=142661"},{"taxonomy":"type-of-press","embeddable":true,"href":"https:\/\/develop.olympic.ca\/olympique\/wp-json\/wp\/v2\/type-of-press?post=142661"},{"taxonomy":"press-topic","embeddable":true,"href":"https:\/\/develop.olympic.ca\/olympique\/wp-json\/wp\/v2\/press-topic?post=142661"},{"taxonomy":"years","embeddable":true,"href":"https:\/\/develop.olympic.ca\/olympique\/wp-json\/wp\/v2\/years?post=142661"}],"curies":[{"name":"wp","href":"https:\/\/api.w.org\/{rel}","templated":true}]}}