{"id":142666,"date":"2018-09-20T18:49:19","date_gmt":"2018-09-20T22:49:19","guid":{"rendered":"http:\/\/develop.olympic.ca\/olympique\/?post_type=press&#038;p=142666"},"modified":"2018-09-20T19:58:47","modified_gmt":"2018-09-20T23:58:47","slug":"declaration-du-coc-sur-la-decision-de-lama-pour-retablir-lagence-russe-antidopage-rusada","status":"publish","type":"press","link":"https:\/\/develop.olympic.ca\/olympique\/presse\/declaration-du-coc-sur-la-decision-de-lama-pour-retablir-lagence-russe-antidopage-rusada\/","title":{"rendered":"D\u00e9claration du COC sur la d\u00e9cision de l\u2019AMA de r\u00e9int\u00e9grer la RUSADA"},"content":{"rendered":"<p>TORONTO (20 septembre 2018) \u2013\u00a0<span class=\"s1\">Le COC a \u00e9mis cette d\u00e9claration au sujet de la d\u00e9cision de l\u2019AMA de r\u00e9int\u00e9grer la RUSADA :<\/span><\/p>\n<p class=\"p1\"><span class=\"s1\">\u00ab Nous sommes d\u00e9\u00e7us de l\u2019annonce de l\u2019Agence mondiale antidopage plus t\u00f4t aujourd\u2019hui et nous demandons que l\u2019AMA produise une justification d\u00e9taill\u00e9e de cette d\u00e9cision et comment cela appuie le respect des r\u00e8gles. Si cette d\u00e9cision reste telle qu\u2019elle, il est imp\u00e9ratif que l\u2019AMA publie une Feuille de route claire qui comprendra une d\u00e9finition des \u00ab\u00a0conditions claires\u00a0\u00bb et des \u00ab\u00a0processus convenus\u00a0\u00bb dans son annonce, ainsi que des \u00e9ch\u00e9anciers d\u00e9finis, des moyens d\u2019application et un m\u00e9chanisme de rapports r\u00e9guliers.\u00a0\u00bb<\/span><\/p>\n<p class=\"p2\"><span class=\"s1\">\u2013 Tricia Smith, Pr\u00e9sidente, Comit\u00e9 olympique canadien<\/span><\/p>\n<p style=\"text-align:center;\">-30-<\/p>\n<p><strong>CONTACT POUR LES M\u00c9DIAS<\/strong><\/p>\n<p>Josh Su, sp\u00e9cialiste des relations publiques<br \/>\nCell. : 647-464-4060<br \/>\nCourriel :\u00a0<a href=\"mailto:jsu@olympic.ca\">jsu@olympic.ca<\/a><\/p>\n<p>Photi Sotiropoulos, directeur des communications et des relations avec les m\u00e9dias<br \/>\nT\u00e9l. : 416-324-4298 \/ Cell. : 416-476-9174<br \/>\nCourriel :\u00a0<a href=\"mailto:psotiropoulos@olympic.ca\">psotiropoulos@olympic.ca<\/a><\/p>\n","protected":false},"excerpt":{"rendered":"<p>TORONTO (20 septembre 2018) \u2013\u00a0Le COC a \u00e9mis cette d\u00e9claration au sujet de la d\u00e9cision de l\u2019AMA de r\u00e9int\u00e9grer la&#8230;<\/p>\n","protected":false},"featured_media":142665,"template":"","format":"standard","tags":[],"type-of-press":[184353519],"press-topic":[415985198],"years":[415985510],"class_list":["post-142666","press","type-press","status-publish","format-standard","has-post-thumbnail","hentry","type-of-press-declarations","press-topic-general","years-415985510"],"acf":[],"yoast_head":"<!-- This site is optimized with the Yoast SEO plugin v27.3 - https:\/\/yoast.com\/product\/yoast-seo-wordpress\/ -->\n<title>D\u00e9claration du COC sur la d\u00e9cision de l\u2019AMA de r\u00e9int\u00e9grer la RUSADA - \u00c9quipe Canada | Site officiel de l&#039;\u00e9quipe olympique<\/title>\n<meta name=\"robots\" content=\"index, follow, max-snippet:-1, max-image-preview:large, max-video-preview:-1\" \/>\n<link rel=\"canonical\" href=\"https:\/\/develop.olympic.ca\/olympique\/presse\/declaration-du-coc-sur-la-decision-de-lama-pour-retablir-lagence-russe-antidopage-rusada\/\" \/>\n<meta property=\"og:locale\" content=\"fr_FR\" \/>\n<meta property=\"og:type\" content=\"article\" \/>\n<meta property=\"og:title\" content=\"D\u00e9claration du COC sur la d\u00e9cision de l\u2019AMA de r\u00e9int\u00e9grer la RUSADA - \u00c9quipe Canada | Site officiel de l&#039;\u00e9quipe olympique\" \/>\n<meta property=\"og:description\" content=\"TORONTO (20 septembre 2018) \u2013\u00a0Le COC a \u00e9mis cette d\u00e9claration au sujet de la d\u00e9cision de l\u2019AMA de r\u00e9int\u00e9grer la...\" \/>\n<meta property=\"og:url\" content=\"https:\/\/develop.olympic.ca\/olympique\/presse\/declaration-du-coc-sur-la-decision-de-lama-pour-retablir-lagence-russe-antidopage-rusada\/\" \/>\n<meta property=\"og:site_name\" content=\"\u00c9quipe Canada | Site officiel de l&#039;\u00e9quipe olympique\" \/>\n<meta property=\"article:modified_time\" content=\"2018-09-20T23:58:47+00:00\" \/>\n<meta property=\"og:image\" content=\"https:\/\/develop.olympic.ca\/olympique\/wp-content\/uploads\/sites\/2\/2018\/09\/cot-logo.jpg?quality=100\" \/>\n\t<meta property=\"og:image:width\" content=\"7584\" \/>\n\t<meta property=\"og:image:height\" content=\"2084\" \/>\n\t<meta property=\"og:image:type\" content=\"image\/jpeg\" \/>\n<meta name=\"twitter:card\" content=\"summary_large_image\" \/>\n<meta name=\"twitter:label1\" content=\"Est. reading time\" \/>\n\t<meta name=\"twitter:data1\" content=\"1 minute\" \/>\n\t<meta name=\"twitter:label2\" content=\"Written by\" \/>\n\t<meta name=\"twitter:data2\" content=\"joshsu\" \/>\n<script type=\"application\/ld+json\" class=\"yoast-schema-graph\">{\"@context\":\"https:\\\/\\\/schema.org\",\"@graph\":[{\"@type\":\"WebPage\",\"@id\":\"https:\\\/\\\/develop.olympic.ca\\\/olympique\\\/presse\\\/declaration-du-coc-sur-la-decision-de-lama-pour-retablir-lagence-russe-antidopage-rusada\\\/\",\"url\":\"https:\\\/\\\/develop.olympic.ca\\\/olympique\\\/presse\\\/declaration-du-coc-sur-la-decision-de-lama-pour-retablir-lagence-russe-antidopage-rusada\\\/\",\"name\":\"D\u00e9claration du COC sur la d\u00e9cision de l\u2019AMA de r\u00e9int\u00e9grer la RUSADA - \u00c9quipe Canada | Site officiel de l&#039;\u00e9quipe olympique\",\"isPartOf\":{\"@id\":\"https:\\\/\\\/develop.olympic.ca\\\/olympique\\\/#website\"},\"primaryImageOfPage\":{\"@id\":\"https:\\\/\\\/develop.olympic.ca\\\/olympique\\\/presse\\\/declaration-du-coc-sur-la-decision-de-lama-pour-retablir-lagence-russe-antidopage-rusada\\\/#primaryimage\"},\"image\":{\"@id\":\"https:\\\/\\\/develop.olympic.ca\\\/olympique\\\/presse\\\/declaration-du-coc-sur-la-decision-de-lama-pour-retablir-lagence-russe-antidopage-rusada\\\/#primaryimage\"},\"thumbnailUrl\":\"https:\\\/\\\/develop.olympic.ca\\\/olympique\\\/wp-content\\\/uploads\\\/sites\\\/2\\\/2018\\\/09\\\/cot-logo.jpg?quality=100\",\"datePublished\":\"2018-09-20T22:49:19+00:00\",\"dateModified\":\"2018-09-20T23:58:47+00:00\",\"inLanguage\":\"fr-FR\",\"potentialAction\":[{\"@type\":\"ReadAction\",\"target\":[\"https:\\\/\\\/develop.olympic.ca\\\/olympique\\\/presse\\\/declaration-du-coc-sur-la-decision-de-lama-pour-retablir-lagence-russe-antidopage-rusada\\\/\"]}]},{\"@type\":\"ImageObject\",\"inLanguage\":\"fr-FR\",\"@id\":\"https:\\\/\\\/develop.olympic.ca\\\/olympique\\\/presse\\\/declaration-du-coc-sur-la-decision-de-lama-pour-retablir-lagence-russe-antidopage-rusada\\\/#primaryimage\",\"url\":\"https:\\\/\\\/develop.olympic.ca\\\/olympique\\\/wp-content\\\/uploads\\\/sites\\\/2\\\/2018\\\/09\\\/cot-logo.jpg?quality=100\",\"contentUrl\":\"https:\\\/\\\/develop.olympic.ca\\\/olympique\\\/wp-content\\\/uploads\\\/sites\\\/2\\\/2018\\\/09\\\/cot-logo.jpg?quality=100\",\"width\":7584,\"height\":2084},{\"@type\":\"WebSite\",\"@id\":\"https:\\\/\\\/develop.olympic.ca\\\/olympique\\\/#website\",\"url\":\"https:\\\/\\\/develop.olympic.ca\\\/olympique\\\/\",\"name\":\"\u00c9quipe Canada | Site officiel de l&#039;\u00e9quipe olympique\",\"description\":\"Votre source pour l\u2019\u00c9quipe olympique canadienne. Retrouvez les r\u00e9cits, vid\u00e9os et photos des athl\u00e8tes canadiens, sports olympiques, Jeux olympiques de 2020 et bien plus!\",\"potentialAction\":[{\"@type\":\"SearchAction\",\"target\":{\"@type\":\"EntryPoint\",\"urlTemplate\":\"https:\\\/\\\/develop.olympic.ca\\\/olympique\\\/?s={search_term_string}\"},\"query-input\":{\"@type\":\"PropertyValueSpecification\",\"valueRequired\":true,\"valueName\":\"search_term_string\"}}],\"inLanguage\":\"fr-FR\"}]}<\/script>\n<!-- \/ Yoast SEO plugin. -->","yoast_head_json":{"title":"D\u00e9claration du COC sur la d\u00e9cision de l\u2019AMA de r\u00e9int\u00e9grer la RUSADA - \u00c9quipe Canada | Site officiel de l&#039;\u00e9quipe olympique","robots":{"index":"index","follow":"follow","max-snippet":"max-snippet:-1","max-image-preview":"max-image-preview:large","max-video-preview":"max-video-preview:-1"},"canonical":"https:\/\/develop.olympic.ca\/olympique\/presse\/declaration-du-coc-sur-la-decision-de-lama-pour-retablir-lagence-russe-antidopage-rusada\/","og_locale":"fr_FR","og_type":"article","og_title":"D\u00e9claration du COC sur la d\u00e9cision de l\u2019AMA de r\u00e9int\u00e9grer la RUSADA - \u00c9quipe Canada | Site officiel de l&#039;\u00e9quipe olympique","og_description":"TORONTO (20 septembre 2018) \u2013\u00a0Le COC a \u00e9mis cette d\u00e9claration au sujet de la d\u00e9cision de l\u2019AMA de r\u00e9int\u00e9grer la...","og_url":"https:\/\/develop.olympic.ca\/olympique\/presse\/declaration-du-coc-sur-la-decision-de-lama-pour-retablir-lagence-russe-antidopage-rusada\/","og_site_name":"\u00c9quipe Canada | Site officiel de l&#039;\u00e9quipe olympique","article_modified_time":"2018-09-20T23:58:47+00:00","og_image":[{"width":7584,"height":2084,"url":"https:\/\/develop.olympic.ca\/olympique\/wp-content\/uploads\/sites\/2\/2018\/09\/cot-logo.jpg?quality=100","type":"image\/jpeg"}],"twitter_card":"summary_large_image","twitter_misc":{"Est. reading time":"1 minute","Written by":"joshsu"},"schema":{"@context":"https:\/\/schema.org","@graph":[{"@type":"WebPage","@id":"https:\/\/develop.olympic.ca\/olympique\/presse\/declaration-du-coc-sur-la-decision-de-lama-pour-retablir-lagence-russe-antidopage-rusada\/","url":"https:\/\/develop.olympic.ca\/olympique\/presse\/declaration-du-coc-sur-la-decision-de-lama-pour-retablir-lagence-russe-antidopage-rusada\/","name":"D\u00e9claration du COC sur la d\u00e9cision de l\u2019AMA de r\u00e9int\u00e9grer la RUSADA - \u00c9quipe Canada | Site officiel de l&#039;\u00e9quipe olympique","isPartOf":{"@id":"https:\/\/develop.olympic.ca\/olympique\/#website"},"primaryImageOfPage":{"@id":"https:\/\/develop.olympic.ca\/olympique\/presse\/declaration-du-coc-sur-la-decision-de-lama-pour-retablir-lagence-russe-antidopage-rusada\/#primaryimage"},"image":{"@id":"https:\/\/develop.olympic.ca\/olympique\/presse\/declaration-du-coc-sur-la-decision-de-lama-pour-retablir-lagence-russe-antidopage-rusada\/#primaryimage"},"thumbnailUrl":"https:\/\/develop.olympic.ca\/olympique\/wp-content\/uploads\/sites\/2\/2018\/09\/cot-logo.jpg?quality=100","datePublished":"2018-09-20T22:49:19+00:00","dateModified":"2018-09-20T23:58:47+00:00","inLanguage":"fr-FR","potentialAction":[{"@type":"ReadAction","target":["https:\/\/develop.olympic.ca\/olympique\/presse\/declaration-du-coc-sur-la-decision-de-lama-pour-retablir-lagence-russe-antidopage-rusada\/"]}]},{"@type":"ImageObject","inLanguage":"fr-FR","@id":"https:\/\/develop.olympic.ca\/olympique\/presse\/declaration-du-coc-sur-la-decision-de-lama-pour-retablir-lagence-russe-antidopage-rusada\/#primaryimage","url":"https:\/\/develop.olympic.ca\/olympique\/wp-content\/uploads\/sites\/2\/2018\/09\/cot-logo.jpg?quality=100","contentUrl":"https:\/\/develop.olympic.ca\/olympique\/wp-content\/uploads\/sites\/2\/2018\/09\/cot-logo.jpg?quality=100","width":7584,"height":2084},{"@type":"WebSite","@id":"https:\/\/develop.olympic.ca\/olympique\/#website","url":"https:\/\/develop.olympic.ca\/olympique\/","name":"\u00c9quipe Canada | Site officiel de l&#039;\u00e9quipe olympique","description":"Votre source pour l\u2019\u00c9quipe olympique canadienne. Retrouvez les r\u00e9cits, vid\u00e9os et photos des athl\u00e8tes canadiens, sports olympiques, Jeux olympiques de 2020 et bien plus!","potentialAction":[{"@type":"SearchAction","target":{"@type":"EntryPoint","urlTemplate":"https:\/\/develop.olympic.ca\/olympique\/?s={search_term_string}"},"query-input":{"@type":"PropertyValueSpecification","valueRequired":true,"valueName":"search_term_string"}}],"inLanguage":"fr-FR"}]}},"jetpack_sharing_enabled":true,"_links":{"self":[{"href":"https:\/\/develop.olympic.ca\/olympique\/wp-json\/wp\/v2\/press\/142666","targetHints":{"allow":["GET"]}}],"collection":[{"href":"https:\/\/develop.olympic.ca\/olympique\/wp-json\/wp\/v2\/press"}],"about":[{"href":"https:\/\/develop.olympic.ca\/olympique\/wp-json\/wp\/v2\/types\/press"}],"version-history":[{"count":2,"href":"https:\/\/develop.olympic.ca\/olympique\/wp-json\/wp\/v2\/press\/142666\/revisions"}],"predecessor-version":[{"id":142668,"href":"https:\/\/develop.olympic.ca\/olympique\/wp-json\/wp\/v2\/press\/142666\/revisions\/142668"}],"wp:featuredmedia":[{"embeddable":true,"href":"https:\/\/develop.olympic.ca\/olympique\/wp-json\/wp\/v2\/media\/142665"}],"wp:attachment":[{"href":"https:\/\/develop.olympic.ca\/olympique\/wp-json\/wp\/v2\/media?parent=142666"}],"wp:term":[{"taxonomy":"post_tag","embeddable":true,"href":"https:\/\/develop.olympic.ca\/olympique\/wp-json\/wp\/v2\/tags?post=142666"},{"taxonomy":"type-of-press","embeddable":true,"href":"https:\/\/develop.olympic.ca\/olympique\/wp-json\/wp\/v2\/type-of-press?post=142666"},{"taxonomy":"press-topic","embeddable":true,"href":"https:\/\/develop.olympic.ca\/olympique\/wp-json\/wp\/v2\/press-topic?post=142666"},{"taxonomy":"years","embeddable":true,"href":"https:\/\/develop.olympic.ca\/olympique\/wp-json\/wp\/v2\/years?post=142666"}],"curies":[{"name":"wp","href":"https:\/\/api.w.org\/{rel}","templated":true}]}}