{"id":151674,"date":"2019-05-29T12:29:17","date_gmt":"2019-05-29T16:29:17","guid":{"rendered":"http:\/\/develop.olympic.ca\/olympique\/?post_type=press&#038;p=151674"},"modified":"2019-05-29T12:55:32","modified_gmt":"2019-05-29T16:55:32","slug":"le-champion-olympique-mikael-kingsbury-devient-porte-parole-estival-de-lexperience-olympique-canadienne","status":"publish","type":"press","link":"https:\/\/develop.olympic.ca\/olympique\/presse\/le-champion-olympique-mikael-kingsbury-devient-porte-parole-estival-de-lexperience-olympique-canadienne\/","title":{"rendered":"Le champion olympique Mika\u00ebl Kingsbury devient porte-parole estival de l\u2019Exp\u00e9rience olympique canadienne"},"content":{"rendered":"<p><span style=\"font-weight:300;\">MONTR\u00c9AL (mercredi 29 mai 2019) \u2013 Le Comit\u00e9 olympique canadien accueillera des \u00e9l\u00e8ves de niveau primaire le jeudi 30 mai pour se joindre au champion olympique Mika\u00ebl Kingsbury, nomm\u00e9 porte-parole estival de l\u2019Exp\u00e9rience olympique canadienne, une attraction interactive, \u00e9ducative et immersive.<\/span><\/p>\n<p><span style=\"font-weight:300;\">Les repr\u00e9sentants des m\u00e9dias sont invit\u00e9s \u00e0 venir filmer l\u2019activit\u00e9 et \u00e0 r\u00e9aliser des entrevues. L\u2019\u00e9v\u00e9nement sera aussi ouvert au grand public qui pourra rencontrer Kingsbury et d\u00e9couvrir les<\/span><a href=\"https:\/\/develop.olympic.ca\/olympique\/presse\/lexperience-olympique-canadienne-une-immersion-complete-dans-lunivers-inspirant-des-athletes-olympiques\/\"> <span style=\"font-weight:300;\">trois zones<\/span><\/a><span style=\"font-weight:300;\"> de l\u2019Exp\u00e9rience.<\/span><\/p>\n<p><span style=\"font-weight:300;\">Quand<br \/>\n<\/span><span style=\"font-weight:300;\">Jeudi 30 mai 2019<br \/>\n<\/span><span style=\"font-weight:300;\">9 h 00 (HE) \u2013 Arriv\u00e9e des m\u00e9dias<br \/>\n<\/span><span style=\"font-weight:300;\">9 h 25 \u2013 Possibilit\u00e9s d\u2019entrevues<br \/>\n<\/span><span style=\"font-weight:300;\">9 h 45 \u2013 Possibilit\u00e9 de filmer des images<\/span><\/p>\n<p><span style=\"font-weight:300;\">O\u00f9<br \/>\n<\/span><span style=\"font-weight:300;\">Exp\u00e9rience olympique canadienne<br \/>\n<\/span><span style=\"font-weight:300;\">500, boul. Ren\u00e9-L\u00e9vesque Ouest<br \/>\n<\/span><span style=\"font-weight:300;\">Montr\u00e9al, QC H2Z 1W7<\/span><\/p>\n<p><span style=\"font-weight:300;\">Qui<br \/>\n<\/span><span style=\"font-weight:300;\">Mika\u00ebl Kingsbury \u2013 Champion olympique et quatre fois champion du monde de ski acrobatique, Kingsbury est class\u00e9 au premier rang mondial. Apr\u00e8s avoir d\u00e9croch\u00e9 une m\u00e9daille d\u2019argent \ufffd\ufffd Sotchi 2014, il a domin\u00e9 ses rivaux pour monter sur la plus haute marche du podium \u00e0 PyeongChang.<\/span><\/p>\n<p><span style=\"font-weight:300;\">Sandra Sassine &#8211; Olympienne en escrime \u00e0 deux Jeux olympiques (Beijing 2008 et Londres 2012), Sassine a transpos\u00e9 sa passion pour l\u2019\u00c9ducation et le Mouvement olympique \u00e0 son r\u00f4le au sein du Comit\u00e9 olympique canadien depuis 2013. Elle est actuellement Gestionnaire de programme, \u00c9ducation olympique et Exp\u00e9rience olympique <\/span><\/p>\n<p style=\"text-align:center;\"><span style=\"font-weight:300;\">-30-<\/span><\/p>\n<p><span style=\"font-weight:300;\">CONTACTS M\u00c9DIA DU COC<\/span><\/p>\n<p><span style=\"font-weight:300;\">Photi Sotiropoulos, directeur des communications et des relations m\u00e9dias<br \/>\n<\/span><span style=\"font-weight:300;\">Cell. : 416-476-9174<br \/>\n<\/span><span style=\"font-weight:300;\">Courriel : psotiropoulos@olympique.ca<\/span><\/p>\n<p><span style=\"font-weight:300;\">Josh Su, sp\u00e9cialiste des relations publiques<br \/>\n<\/span><span style=\"font-weight:300;\">Cell. : 647.464.4060<br \/>\n<\/span><span style=\"font-weight:300;\">Courriel : jsu@olympique.ca<\/span><\/p>\n","protected":false},"excerpt":{"rendered":"<p>MONTR\u00c9AL (mercredi 29 mai 2019) \u2013 Le Comit\u00e9 olympique canadien accueillera des \u00e9l\u00e8ves de niveau primaire le jeudi 30 mai&#8230;<\/p>\n","protected":false},"featured_media":151675,"template":"","format":"standard","tags":[],"type-of-press":[87640050],"press-topic":[415985198],"years":[415988137],"class_list":["post-151674","press","type-press","status-publish","format-standard","has-post-thumbnail","hentry","type-of-press-avis-aux-medias","press-topic-general","years-415988137"],"acf":[],"yoast_head":"<!-- This site is optimized with the Yoast SEO plugin v27.3 - https:\/\/yoast.com\/product\/yoast-seo-wordpress\/ -->\n<title>Le champion olympique Mika\u00ebl Kingsbury devient porte-parole estival de l\u2019Exp\u00e9rience olympique canadienne - \u00c9quipe Canada | Site officiel de l&#039;\u00e9quipe olympique<\/title>\n<meta name=\"robots\" content=\"index, follow, max-snippet:-1, max-image-preview:large, max-video-preview:-1\" \/>\n<link rel=\"canonical\" href=\"https:\/\/develop.olympic.ca\/olympique\/presse\/le-champion-olympique-mikael-kingsbury-devient-porte-parole-estival-de-lexperience-olympique-canadienne\/\" \/>\n<meta property=\"og:locale\" content=\"fr_FR\" \/>\n<meta property=\"og:type\" content=\"article\" \/>\n<meta property=\"og:title\" content=\"Le champion olympique Mika\u00ebl Kingsbury devient porte-parole estival de l\u2019Exp\u00e9rience olympique canadienne - \u00c9quipe Canada | Site officiel de l&#039;\u00e9quipe olympique\" \/>\n<meta property=\"og:description\" content=\"MONTR\u00c9AL (mercredi 29 mai 2019) \u2013 Le Comit\u00e9 olympique canadien accueillera des \u00e9l\u00e8ves de niveau primaire le jeudi 30 mai...\" \/>\n<meta property=\"og:url\" content=\"https:\/\/develop.olympic.ca\/olympique\/presse\/le-champion-olympique-mikael-kingsbury-devient-porte-parole-estival-de-lexperience-olympique-canadienne\/\" \/>\n<meta property=\"og:site_name\" content=\"\u00c9quipe Canada | Site officiel de l&#039;\u00e9quipe olympique\" \/>\n<meta property=\"article:modified_time\" content=\"2019-05-29T16:55:32+00:00\" \/>\n<meta property=\"og:image\" content=\"https:\/\/develop.olympic.ca\/olympique\/wp-content\/uploads\/sites\/2\/2019\/05\/feature_image-3.jpg?quality=100\" \/>\n\t<meta property=\"og:image:width\" content=\"1340\" \/>\n\t<meta property=\"og:image:height\" content=\"754\" \/>\n\t<meta property=\"og:image:type\" content=\"image\/jpeg\" \/>\n<meta name=\"twitter:card\" content=\"summary_large_image\" \/>\n<meta name=\"twitter:label1\" content=\"Est. reading time\" \/>\n\t<meta name=\"twitter:data1\" content=\"1 minute\" \/>\n\t<meta name=\"twitter:label2\" content=\"Written by\" \/>\n\t<meta name=\"twitter:data2\" content=\"joshsu\" \/>\n<script type=\"application\/ld+json\" class=\"yoast-schema-graph\">{\"@context\":\"https:\\\/\\\/schema.org\",\"@graph\":[{\"@type\":\"WebPage\",\"@id\":\"https:\\\/\\\/develop.olympic.ca\\\/olympique\\\/presse\\\/le-champion-olympique-mikael-kingsbury-devient-porte-parole-estival-de-lexperience-olympique-canadienne\\\/\",\"url\":\"https:\\\/\\\/develop.olympic.ca\\\/olympique\\\/presse\\\/le-champion-olympique-mikael-kingsbury-devient-porte-parole-estival-de-lexperience-olympique-canadienne\\\/\",\"name\":\"Le champion olympique Mika\u00ebl Kingsbury devient porte-parole estival de l\u2019Exp\u00e9rience olympique canadienne - \u00c9quipe Canada | Site officiel de l&#039;\u00e9quipe olympique\",\"isPartOf\":{\"@id\":\"https:\\\/\\\/develop.olympic.ca\\\/olympique\\\/#website\"},\"primaryImageOfPage\":{\"@id\":\"https:\\\/\\\/develop.olympic.ca\\\/olympique\\\/presse\\\/le-champion-olympique-mikael-kingsbury-devient-porte-parole-estival-de-lexperience-olympique-canadienne\\\/#primaryimage\"},\"image\":{\"@id\":\"https:\\\/\\\/develop.olympic.ca\\\/olympique\\\/presse\\\/le-champion-olympique-mikael-kingsbury-devient-porte-parole-estival-de-lexperience-olympique-canadienne\\\/#primaryimage\"},\"thumbnailUrl\":\"https:\\\/\\\/develop.olympic.ca\\\/olympique\\\/wp-content\\\/uploads\\\/sites\\\/2\\\/2019\\\/05\\\/feature_image-3.jpg?quality=100\",\"datePublished\":\"2019-05-29T16:29:17+00:00\",\"dateModified\":\"2019-05-29T16:55:32+00:00\",\"inLanguage\":\"fr-FR\",\"potentialAction\":[{\"@type\":\"ReadAction\",\"target\":[\"https:\\\/\\\/develop.olympic.ca\\\/olympique\\\/presse\\\/le-champion-olympique-mikael-kingsbury-devient-porte-parole-estival-de-lexperience-olympique-canadienne\\\/\"]}]},{\"@type\":\"ImageObject\",\"inLanguage\":\"fr-FR\",\"@id\":\"https:\\\/\\\/develop.olympic.ca\\\/olympique\\\/presse\\\/le-champion-olympique-mikael-kingsbury-devient-porte-parole-estival-de-lexperience-olympique-canadienne\\\/#primaryimage\",\"url\":\"https:\\\/\\\/develop.olympic.ca\\\/olympique\\\/wp-content\\\/uploads\\\/sites\\\/2\\\/2019\\\/05\\\/feature_image-3.jpg?quality=100\",\"contentUrl\":\"https:\\\/\\\/develop.olympic.ca\\\/olympique\\\/wp-content\\\/uploads\\\/sites\\\/2\\\/2019\\\/05\\\/feature_image-3.jpg?quality=100\",\"width\":1340,\"height\":754},{\"@type\":\"WebSite\",\"@id\":\"https:\\\/\\\/develop.olympic.ca\\\/olympique\\\/#website\",\"url\":\"https:\\\/\\\/develop.olympic.ca\\\/olympique\\\/\",\"name\":\"\u00c9quipe Canada | Site officiel de l&#039;\u00e9quipe olympique\",\"description\":\"Votre source pour l\u2019\u00c9quipe olympique canadienne. Retrouvez les r\u00e9cits, vid\u00e9os et photos des athl\u00e8tes canadiens, sports olympiques, Jeux olympiques de 2020 et bien plus!\",\"potentialAction\":[{\"@type\":\"SearchAction\",\"target\":{\"@type\":\"EntryPoint\",\"urlTemplate\":\"https:\\\/\\\/develop.olympic.ca\\\/olympique\\\/?s={search_term_string}\"},\"query-input\":{\"@type\":\"PropertyValueSpecification\",\"valueRequired\":true,\"valueName\":\"search_term_string\"}}],\"inLanguage\":\"fr-FR\"}]}<\/script>\n<!-- \/ Yoast SEO plugin. -->","yoast_head_json":{"title":"Le champion olympique Mika\u00ebl Kingsbury devient porte-parole estival de l\u2019Exp\u00e9rience olympique canadienne - \u00c9quipe Canada | Site officiel de l&#039;\u00e9quipe olympique","robots":{"index":"index","follow":"follow","max-snippet":"max-snippet:-1","max-image-preview":"max-image-preview:large","max-video-preview":"max-video-preview:-1"},"canonical":"https:\/\/develop.olympic.ca\/olympique\/presse\/le-champion-olympique-mikael-kingsbury-devient-porte-parole-estival-de-lexperience-olympique-canadienne\/","og_locale":"fr_FR","og_type":"article","og_title":"Le champion olympique Mika\u00ebl Kingsbury devient porte-parole estival de l\u2019Exp\u00e9rience olympique canadienne - \u00c9quipe Canada | Site officiel de l&#039;\u00e9quipe olympique","og_description":"MONTR\u00c9AL (mercredi 29 mai 2019) \u2013 Le Comit\u00e9 olympique canadien accueillera des \u00e9l\u00e8ves de niveau primaire le jeudi 30 mai...","og_url":"https:\/\/develop.olympic.ca\/olympique\/presse\/le-champion-olympique-mikael-kingsbury-devient-porte-parole-estival-de-lexperience-olympique-canadienne\/","og_site_name":"\u00c9quipe Canada | Site officiel de l&#039;\u00e9quipe olympique","article_modified_time":"2019-05-29T16:55:32+00:00","og_image":[{"width":1340,"height":754,"url":"https:\/\/develop.olympic.ca\/olympique\/wp-content\/uploads\/sites\/2\/2019\/05\/feature_image-3.jpg?quality=100","type":"image\/jpeg"}],"twitter_card":"summary_large_image","twitter_misc":{"Est. reading time":"1 minute","Written by":"joshsu"},"schema":{"@context":"https:\/\/schema.org","@graph":[{"@type":"WebPage","@id":"https:\/\/develop.olympic.ca\/olympique\/presse\/le-champion-olympique-mikael-kingsbury-devient-porte-parole-estival-de-lexperience-olympique-canadienne\/","url":"https:\/\/develop.olympic.ca\/olympique\/presse\/le-champion-olympique-mikael-kingsbury-devient-porte-parole-estival-de-lexperience-olympique-canadienne\/","name":"Le champion olympique Mika\u00ebl Kingsbury devient porte-parole estival de l\u2019Exp\u00e9rience olympique canadienne - \u00c9quipe Canada | Site officiel de l&#039;\u00e9quipe olympique","isPartOf":{"@id":"https:\/\/develop.olympic.ca\/olympique\/#website"},"primaryImageOfPage":{"@id":"https:\/\/develop.olympic.ca\/olympique\/presse\/le-champion-olympique-mikael-kingsbury-devient-porte-parole-estival-de-lexperience-olympique-canadienne\/#primaryimage"},"image":{"@id":"https:\/\/develop.olympic.ca\/olympique\/presse\/le-champion-olympique-mikael-kingsbury-devient-porte-parole-estival-de-lexperience-olympique-canadienne\/#primaryimage"},"thumbnailUrl":"https:\/\/develop.olympic.ca\/olympique\/wp-content\/uploads\/sites\/2\/2019\/05\/feature_image-3.jpg?quality=100","datePublished":"2019-05-29T16:29:17+00:00","dateModified":"2019-05-29T16:55:32+00:00","inLanguage":"fr-FR","potentialAction":[{"@type":"ReadAction","target":["https:\/\/develop.olympic.ca\/olympique\/presse\/le-champion-olympique-mikael-kingsbury-devient-porte-parole-estival-de-lexperience-olympique-canadienne\/"]}]},{"@type":"ImageObject","inLanguage":"fr-FR","@id":"https:\/\/develop.olympic.ca\/olympique\/presse\/le-champion-olympique-mikael-kingsbury-devient-porte-parole-estival-de-lexperience-olympique-canadienne\/#primaryimage","url":"https:\/\/develop.olympic.ca\/olympique\/wp-content\/uploads\/sites\/2\/2019\/05\/feature_image-3.jpg?quality=100","contentUrl":"https:\/\/develop.olympic.ca\/olympique\/wp-content\/uploads\/sites\/2\/2019\/05\/feature_image-3.jpg?quality=100","width":1340,"height":754},{"@type":"WebSite","@id":"https:\/\/develop.olympic.ca\/olympique\/#website","url":"https:\/\/develop.olympic.ca\/olympique\/","name":"\u00c9quipe Canada | Site officiel de l&#039;\u00e9quipe olympique","description":"Votre source pour l\u2019\u00c9quipe olympique canadienne. Retrouvez les r\u00e9cits, vid\u00e9os et photos des athl\u00e8tes canadiens, sports olympiques, Jeux olympiques de 2020 et bien plus!","potentialAction":[{"@type":"SearchAction","target":{"@type":"EntryPoint","urlTemplate":"https:\/\/develop.olympic.ca\/olympique\/?s={search_term_string}"},"query-input":{"@type":"PropertyValueSpecification","valueRequired":true,"valueName":"search_term_string"}}],"inLanguage":"fr-FR"}]}},"jetpack_sharing_enabled":true,"_links":{"self":[{"href":"https:\/\/develop.olympic.ca\/olympique\/wp-json\/wp\/v2\/press\/151674","targetHints":{"allow":["GET"]}}],"collection":[{"href":"https:\/\/develop.olympic.ca\/olympique\/wp-json\/wp\/v2\/press"}],"about":[{"href":"https:\/\/develop.olympic.ca\/olympique\/wp-json\/wp\/v2\/types\/press"}],"version-history":[{"count":0,"href":"https:\/\/develop.olympic.ca\/olympique\/wp-json\/wp\/v2\/press\/151674\/revisions"}],"wp:featuredmedia":[{"embeddable":true,"href":"https:\/\/develop.olympic.ca\/olympique\/wp-json\/wp\/v2\/media\/151675"}],"wp:attachment":[{"href":"https:\/\/develop.olympic.ca\/olympique\/wp-json\/wp\/v2\/media?parent=151674"}],"wp:term":[{"taxonomy":"post_tag","embeddable":true,"href":"https:\/\/develop.olympic.ca\/olympique\/wp-json\/wp\/v2\/tags?post=151674"},{"taxonomy":"type-of-press","embeddable":true,"href":"https:\/\/develop.olympic.ca\/olympique\/wp-json\/wp\/v2\/type-of-press?post=151674"},{"taxonomy":"press-topic","embeddable":true,"href":"https:\/\/develop.olympic.ca\/olympique\/wp-json\/wp\/v2\/press-topic?post=151674"},{"taxonomy":"years","embeddable":true,"href":"https:\/\/develop.olympic.ca\/olympique\/wp-json\/wp\/v2\/years?post=151674"}],"curies":[{"name":"wp","href":"https:\/\/api.w.org\/{rel}","templated":true}]}}