{"id":151732,"date":"2019-06-03T09:55:25","date_gmt":"2019-06-03T13:55:25","guid":{"rendered":"http:\/\/develop.olympic.ca\/olympique\/?post_type=press&#038;p=151732"},"modified":"2019-06-03T18:27:58","modified_gmt":"2019-06-03T22:27:58","slug":"devoilement-de-lequipe-canadienne-de-handball-pour-lima-2019","status":"publish","type":"press","link":"https:\/\/develop.olympic.ca\/olympique\/presse\/devoilement-de-lequipe-canadienne-de-handball-pour-lima-2019\/","title":{"rendered":"D\u00e9voilement de l&rsquo;\u00e9quipe canadienne de handball pour Lima 2019"},"content":{"rendered":"<p>PHOTO : Paul Chan<\/p>\n<p><span style=\"font-weight:400;\">LA PRAIRIE (le 3 juin 2019) \u2013 Handball Canada et le Comit\u00e9 olympique canadien ont proc\u00e9d\u00e9 \u00e0 la nomination des membres de l&rsquo;\u00e9quipe f\u00e9minine de handball du Canada qui participera aux Jeux panam\u00e9ricains de Lima 2019.<\/span><\/p>\n<p><span style=\"font-weight:400;\">Les 14 handballeuses ont \u00e9t\u00e9 retenues au sein de l\u2019\u00e9quipe canadienne sur la base de leur performance au tournoi de la derni\u00e8re chance qui a eu lieu du 20 au 29 mars 2019, au Centre olympique du Mexique, \u00e0 Mexico.<\/span><\/p>\n<p><span style=\"font-weight:400;\">\u00ab Il y a 20 ans, j\u2019\u00e9tais athl\u00e8te aux Jeux panam\u00e9ricains \u00e0 Winnipeg. Nous avons d\u00e9croch\u00e9 une m\u00e9daille d\u2019argent, mais malheureusement, nous avons rat\u00e9 notre qualification pour les Jeux olympiques de Sydney par quatre buts, rappelle Nathalie Brochu, entra\u00eeneure-chef de l\u2019\u00e9quipe nationale. Quand j\u2019y repense et malgr\u00e9 cette d\u00e9ception, les Jeux panam\u00e9ricains (de 1999) ont \u00e9t\u00e9 un des plus beaux moments de ma carri\u00e8re. Mon objectif est que nos joueuses repartent de Lima avec le m\u00eame sentiment. \u00bb<\/span><\/p>\n<p><span style=\"font-weight:400;\">Le handball est un de 13 sports o\u00f9 les Jeux panam\u00e9ricains de 2019 peuvent mener \u00e0 une qualification directe aux Jeux olympiques de Tokyo 2020 pour \u00c9quipe Canada. La formation qui d\u00e9crochera l\u2019or au handball \u00e0 Lima assurera son billet pour le Japon l\u2019an prochain.<\/span><\/p>\n<p><span style=\"font-weight:400;\">\u00ab C\u2019est un honneur pour moi de repr\u00e9senter le Canada aux Jeux panam\u00e9ricains pour la deuxi\u00e8me fois, affirme Vassilia Gagnon, capitaine de l\u2019\u00e9quipe canadienne. Mes co\u00e9quipi\u00e8res et moi avons investi du temps et de l\u2019argent pendant pr\u00e8s de 10 ans. Plusieurs personnes nous ont dit que nous \u00e9tions folles d\u2019y croire et de poursuivre le programme national, mais nous sommes pr\u00eates et enthousiastes! Nous voulons d\u00e9montrer que nous pouvons r\u00e9aliser de grandes choses par notre passion. \u00bb<\/span><\/p>\n<p><span style=\"font-weight:400;\">\u00ab Je suis tellement enthousiaste de pouvoir repr\u00e9senter le Canada, ajoute sa co\u00e9quipi\u00e8re Katya Chan. En 2015, j\u2019ai pris l\u2019avion pour me rendre \u00e0 Toronto et voir mes amies jouer. J\u2019\u00e9tais aux premi\u00e8res lignes pour \u00eatre t\u00e9moin de l\u2019exp\u00e9rience incroyable qu\u2019elles ont v\u00e9cu. Je me suis entra\u00een\u00e9e au meilleur de mes capacit\u00e9s pour vivre l\u2019exp\u00e9rience \u00e0 mon tour. Avoir l\u2019occasion d\u2019affronter des joueuses professionnelles procure un sentiment indescriptible. \u00bb<\/span><\/p>\n<p><span style=\"font-weight:400;\">Le tournoi de handball des Jeux panam\u00e9ricains de 2019 se d\u00e9roulera du 24 au 30 juillet sur le site Polideportivo 1.<\/span><\/p>\n<p><span style=\"font-weight:400;\">Les Jeux panam\u00e9ricains de Lima 2019, qui se d\u00e9rouleront du 26 juillet au 11 ao\u00fbt, r\u00e9uniront environ 6 700 athl\u00e8tes de 41 nations des Am\u00e9riques et comprendra 62 disciplines dans 39 sports. Ce sera le plus grand \u00e9v\u00e9nement sportif jamais organis\u00e9 au P\u00e9rou.<\/span><\/p>\n<p><span style=\"font-weight:400;\">Les athl\u00e8tes et l\u2019entra\u00eeneure nomm\u00e9es sont :<\/span><\/p>\n<ol>\n<li><span style=\"font-weight:400;\">Vassilia Gagnon (Rosem\u00e8re, Qu\u00e9.)<\/span><\/li>\n<li><span style=\"font-weight:400;\">Camilia Pivin (Drummondville, Qu\u00e9.)<\/span><\/li>\n<li><span style=\"font-weight:400;\">Alexandra Pivin (Drummondville, Qu\u00e9.)<\/span><\/li>\n<li><span style=\"font-weight:400;\">Audrey Marcoux (Sherbrooke, Qu\u00e9.)<\/span><\/li>\n<li><span style=\"font-weight:400;\">Myriam Laplante (St-Jean-sur-Richelieu, Qu\u00e9.)<\/span><\/li>\n<li><span style=\"font-weight:400;\">Nassima Benhacine (Chambly, Qu\u00e9.)<\/span><\/li>\n<li><span style=\"font-weight:400;\">Myriam Zimmer (Lasalle, Qu\u00e9.)<\/span><\/li>\n<li><span style=\"font-weight:400;\">\u00c9mily Routhier (Marbleton, Qu\u00e9.)<\/span><\/li>\n<li><span style=\"font-weight:400;\">Catherine L\u00e9ger (Greenfield Park, Qu\u00e9.)<\/span><\/li>\n<li><span style=\"font-weight:400;\"> \u00a0<\/span><span style=\"font-weight:400;\">Samantha Koosau (Brossard, Qu\u00e9.)<\/span><\/li>\n<li><span style=\"font-weight:400;\"> \u00a0<\/span><span style=\"font-weight:400;\">Rosali Langlois (P\u00e9tionville, Ha\u00efti)<\/span><\/li>\n<li><span style=\"font-weight:400;\"> \u00a0<\/span><span style=\"font-weight:400;\">Yuki Landry (Regina, Sask.)<\/span><\/li>\n<li><span style=\"font-weight:400;\"> \u00a0<\/span><span style=\"font-weight:400;\">Katya Chan (Edmonton, Alb.)<\/span><\/li>\n<li><span style=\"font-weight:400;\"> \u00a0<\/span><span style=\"font-weight:400;\">Haven Wong (Edmonton, Alb.)<\/span><\/li>\n<li><span style=\"font-weight:400;\"> \u00a0<\/span><span style=\"font-weight:400;\">Nathalie Brochu (La Prairie, Qu\u00e9.) \u2013 Entra\u00eeneure-chef de l\u2019\u00e9quipe nationale<\/span><\/li>\n<\/ol>\n<p><span style=\"font-weight:400;\">Avant qu&rsquo;un(e) athl\u00e8te soit officiellement nomm\u00e9(e) au sein d&rsquo;\u00c9quipe Canada, toutes les candidatures doivent \u00eatre approuv\u00e9es par le comit\u00e9 de s\u00e9lection du COC, et ce, une fois que toutes les f\u00e9d\u00e9rations sportives nationales ont soumis leurs nominations \u00e0 la fin juin 2019.<\/span><\/p>\n<p style=\"text-align:center;\"><span style=\"font-weight:400;\">-30-<\/span><\/p>\n<p><span style=\"font-weight:400;\">CONTACTS POUR LES M\u00c9DIAS :<\/span><\/p>\n<p><span style=\"font-weight:400;\">Marie-Pier Beaudry, gestionnaire des m\u00e9dias de l\u2019\u00e9quipe nationale f\u00e9minine<br \/>\n<\/span><span style=\"font-weight:400;\">Handball Canada<br \/>\n<\/span><span style=\"font-weight:400;\">T\u00e9l. : 450-776-5432<br \/>\n<\/span><span style=\"font-weight:400;\">Courriel : <\/span><a href=\"mailto:mariepierbeaudry@hotmail.com\"><span style=\"font-weight:400;\">mariepierbeaudry@hotmail.com<\/span><\/a><\/p>\n<p><span style=\"font-weight:400;\">Josh Su, sp\u00e9cialiste des relations publiques<br \/>\n<\/span><span style=\"font-weight:400;\">Comit\u00e9 olympique canadien<br \/>\n<\/span><span style=\"font-weight:400;\">Cell. : 647-464-4060<br \/>\n<\/span><span style=\"font-weight:400;\">Courriel : <\/span><span style=\"font-weight:400;\">jsu@olympic.ca<\/span><\/p>\n","protected":false},"excerpt":{"rendered":"<p>PHOTO : Paul Chan LA PRAIRIE (le 3 juin 2019) \u2013 Handball Canada et le Comit\u00e9 olympique canadien ont proc\u00e9d\u00e9&#8230;<\/p>\n","protected":false},"featured_media":151764,"template":"","format":"standard","tags":[],"type-of-press":[],"press-topic":[415987821],"years":[415988137],"class_list":["post-151732","press","type-press","status-publish","format-standard","has-post-thumbnail","hentry","press-topic-lima-2019","years-415988137"],"acf":[],"yoast_head":"<!-- This site is optimized with the Yoast SEO plugin v27.3 - https:\/\/yoast.com\/product\/yoast-seo-wordpress\/ -->\n<title>D\u00e9voilement de l&#039;\u00e9quipe canadienne de handball pour Lima 2019 - \u00c9quipe Canada | Site officiel de l&#039;\u00e9quipe olympique<\/title>\n<meta name=\"robots\" content=\"index, follow, max-snippet:-1, max-image-preview:large, max-video-preview:-1\" \/>\n<link rel=\"canonical\" href=\"https:\/\/develop.olympic.ca\/olympique\/presse\/devoilement-de-lequipe-canadienne-de-handball-pour-lima-2019\/\" \/>\n<meta property=\"og:locale\" content=\"fr_FR\" \/>\n<meta property=\"og:type\" content=\"article\" \/>\n<meta property=\"og:title\" content=\"D\u00e9voilement de l&#039;\u00e9quipe canadienne de handball pour Lima 2019 - \u00c9quipe Canada | Site officiel de l&#039;\u00e9quipe olympique\" \/>\n<meta property=\"og:description\" content=\"PHOTO : Paul Chan LA PRAIRIE (le 3 juin 2019) \u2013 Handball Canada et le Comit\u00e9 olympique canadien ont proc\u00e9d\u00e9...\" \/>\n<meta property=\"og:url\" content=\"https:\/\/develop.olympic.ca\/olympique\/presse\/devoilement-de-lequipe-canadienne-de-handball-pour-lima-2019\/\" \/>\n<meta property=\"og:site_name\" content=\"\u00c9quipe Canada | Site officiel de l&#039;\u00e9quipe olympique\" \/>\n<meta property=\"article:modified_time\" content=\"2019-06-03T22:27:58+00:00\" \/>\n<meta property=\"og:image\" content=\"https:\/\/develop.olympic.ca\/olympique\/wp-content\/uploads\/sites\/2\/2019\/06\/feature_image.jpg?quality=100\" \/>\n\t<meta property=\"og:image:width\" content=\"1340\" \/>\n\t<meta property=\"og:image:height\" content=\"754\" \/>\n\t<meta property=\"og:image:type\" content=\"image\/jpeg\" \/>\n<meta name=\"twitter:card\" content=\"summary_large_image\" \/>\n<meta name=\"twitter:label1\" content=\"Est. reading time\" \/>\n\t<meta name=\"twitter:data1\" content=\"3 minutes\" \/>\n\t<meta name=\"twitter:label2\" content=\"Written by\" \/>\n\t<meta name=\"twitter:data2\" content=\"sjsokol\" \/>\n<script type=\"application\/ld+json\" class=\"yoast-schema-graph\">{\"@context\":\"https:\\\/\\\/schema.org\",\"@graph\":[{\"@type\":\"WebPage\",\"@id\":\"https:\\\/\\\/develop.olympic.ca\\\/olympique\\\/presse\\\/devoilement-de-lequipe-canadienne-de-handball-pour-lima-2019\\\/\",\"url\":\"https:\\\/\\\/develop.olympic.ca\\\/olympique\\\/presse\\\/devoilement-de-lequipe-canadienne-de-handball-pour-lima-2019\\\/\",\"name\":\"D\u00e9voilement de l'\u00e9quipe canadienne de handball pour Lima 2019 - \u00c9quipe Canada | Site officiel de l&#039;\u00e9quipe olympique\",\"isPartOf\":{\"@id\":\"https:\\\/\\\/develop.olympic.ca\\\/olympique\\\/#website\"},\"primaryImageOfPage\":{\"@id\":\"https:\\\/\\\/develop.olympic.ca\\\/olympique\\\/presse\\\/devoilement-de-lequipe-canadienne-de-handball-pour-lima-2019\\\/#primaryimage\"},\"image\":{\"@id\":\"https:\\\/\\\/develop.olympic.ca\\\/olympique\\\/presse\\\/devoilement-de-lequipe-canadienne-de-handball-pour-lima-2019\\\/#primaryimage\"},\"thumbnailUrl\":\"https:\\\/\\\/develop.olympic.ca\\\/olympique\\\/wp-content\\\/uploads\\\/sites\\\/2\\\/2019\\\/06\\\/feature_image.jpg?quality=100\",\"datePublished\":\"2019-06-03T13:55:25+00:00\",\"dateModified\":\"2019-06-03T22:27:58+00:00\",\"inLanguage\":\"fr-FR\",\"potentialAction\":[{\"@type\":\"ReadAction\",\"target\":[\"https:\\\/\\\/develop.olympic.ca\\\/olympique\\\/presse\\\/devoilement-de-lequipe-canadienne-de-handball-pour-lima-2019\\\/\"]}]},{\"@type\":\"ImageObject\",\"inLanguage\":\"fr-FR\",\"@id\":\"https:\\\/\\\/develop.olympic.ca\\\/olympique\\\/presse\\\/devoilement-de-lequipe-canadienne-de-handball-pour-lima-2019\\\/#primaryimage\",\"url\":\"https:\\\/\\\/develop.olympic.ca\\\/olympique\\\/wp-content\\\/uploads\\\/sites\\\/2\\\/2019\\\/06\\\/feature_image.jpg?quality=100\",\"contentUrl\":\"https:\\\/\\\/develop.olympic.ca\\\/olympique\\\/wp-content\\\/uploads\\\/sites\\\/2\\\/2019\\\/06\\\/feature_image.jpg?quality=100\",\"width\":1340,\"height\":754},{\"@type\":\"WebSite\",\"@id\":\"https:\\\/\\\/develop.olympic.ca\\\/olympique\\\/#website\",\"url\":\"https:\\\/\\\/develop.olympic.ca\\\/olympique\\\/\",\"name\":\"\u00c9quipe Canada | Site officiel de l&#039;\u00e9quipe olympique\",\"description\":\"Votre source pour l\u2019\u00c9quipe olympique canadienne. Retrouvez les r\u00e9cits, vid\u00e9os et photos des athl\u00e8tes canadiens, sports olympiques, Jeux olympiques de 2020 et bien plus!\",\"potentialAction\":[{\"@type\":\"SearchAction\",\"target\":{\"@type\":\"EntryPoint\",\"urlTemplate\":\"https:\\\/\\\/develop.olympic.ca\\\/olympique\\\/?s={search_term_string}\"},\"query-input\":{\"@type\":\"PropertyValueSpecification\",\"valueRequired\":true,\"valueName\":\"search_term_string\"}}],\"inLanguage\":\"fr-FR\"}]}<\/script>\n<!-- \/ Yoast SEO plugin. -->","yoast_head_json":{"title":"D\u00e9voilement de l'\u00e9quipe canadienne de handball pour Lima 2019 - \u00c9quipe Canada | Site officiel de l&#039;\u00e9quipe olympique","robots":{"index":"index","follow":"follow","max-snippet":"max-snippet:-1","max-image-preview":"max-image-preview:large","max-video-preview":"max-video-preview:-1"},"canonical":"https:\/\/develop.olympic.ca\/olympique\/presse\/devoilement-de-lequipe-canadienne-de-handball-pour-lima-2019\/","og_locale":"fr_FR","og_type":"article","og_title":"D\u00e9voilement de l'\u00e9quipe canadienne de handball pour Lima 2019 - \u00c9quipe Canada | Site officiel de l&#039;\u00e9quipe olympique","og_description":"PHOTO : Paul Chan LA PRAIRIE (le 3 juin 2019) \u2013 Handball Canada et le Comit\u00e9 olympique canadien ont proc\u00e9d\u00e9...","og_url":"https:\/\/develop.olympic.ca\/olympique\/presse\/devoilement-de-lequipe-canadienne-de-handball-pour-lima-2019\/","og_site_name":"\u00c9quipe Canada | Site officiel de l&#039;\u00e9quipe olympique","article_modified_time":"2019-06-03T22:27:58+00:00","og_image":[{"width":1340,"height":754,"url":"https:\/\/develop.olympic.ca\/olympique\/wp-content\/uploads\/sites\/2\/2019\/06\/feature_image.jpg?quality=100","type":"image\/jpeg"}],"twitter_card":"summary_large_image","twitter_misc":{"Est. reading time":"3 minutes","Written by":"sjsokol"},"schema":{"@context":"https:\/\/schema.org","@graph":[{"@type":"WebPage","@id":"https:\/\/develop.olympic.ca\/olympique\/presse\/devoilement-de-lequipe-canadienne-de-handball-pour-lima-2019\/","url":"https:\/\/develop.olympic.ca\/olympique\/presse\/devoilement-de-lequipe-canadienne-de-handball-pour-lima-2019\/","name":"D\u00e9voilement de l'\u00e9quipe canadienne de handball pour Lima 2019 - \u00c9quipe Canada | Site officiel de l&#039;\u00e9quipe olympique","isPartOf":{"@id":"https:\/\/develop.olympic.ca\/olympique\/#website"},"primaryImageOfPage":{"@id":"https:\/\/develop.olympic.ca\/olympique\/presse\/devoilement-de-lequipe-canadienne-de-handball-pour-lima-2019\/#primaryimage"},"image":{"@id":"https:\/\/develop.olympic.ca\/olympique\/presse\/devoilement-de-lequipe-canadienne-de-handball-pour-lima-2019\/#primaryimage"},"thumbnailUrl":"https:\/\/develop.olympic.ca\/olympique\/wp-content\/uploads\/sites\/2\/2019\/06\/feature_image.jpg?quality=100","datePublished":"2019-06-03T13:55:25+00:00","dateModified":"2019-06-03T22:27:58+00:00","inLanguage":"fr-FR","potentialAction":[{"@type":"ReadAction","target":["https:\/\/develop.olympic.ca\/olympique\/presse\/devoilement-de-lequipe-canadienne-de-handball-pour-lima-2019\/"]}]},{"@type":"ImageObject","inLanguage":"fr-FR","@id":"https:\/\/develop.olympic.ca\/olympique\/presse\/devoilement-de-lequipe-canadienne-de-handball-pour-lima-2019\/#primaryimage","url":"https:\/\/develop.olympic.ca\/olympique\/wp-content\/uploads\/sites\/2\/2019\/06\/feature_image.jpg?quality=100","contentUrl":"https:\/\/develop.olympic.ca\/olympique\/wp-content\/uploads\/sites\/2\/2019\/06\/feature_image.jpg?quality=100","width":1340,"height":754},{"@type":"WebSite","@id":"https:\/\/develop.olympic.ca\/olympique\/#website","url":"https:\/\/develop.olympic.ca\/olympique\/","name":"\u00c9quipe Canada | Site officiel de l&#039;\u00e9quipe olympique","description":"Votre source pour l\u2019\u00c9quipe olympique canadienne. Retrouvez les r\u00e9cits, vid\u00e9os et photos des athl\u00e8tes canadiens, sports olympiques, Jeux olympiques de 2020 et bien plus!","potentialAction":[{"@type":"SearchAction","target":{"@type":"EntryPoint","urlTemplate":"https:\/\/develop.olympic.ca\/olympique\/?s={search_term_string}"},"query-input":{"@type":"PropertyValueSpecification","valueRequired":true,"valueName":"search_term_string"}}],"inLanguage":"fr-FR"}]}},"jetpack_sharing_enabled":true,"_links":{"self":[{"href":"https:\/\/develop.olympic.ca\/olympique\/wp-json\/wp\/v2\/press\/151732","targetHints":{"allow":["GET"]}}],"collection":[{"href":"https:\/\/develop.olympic.ca\/olympique\/wp-json\/wp\/v2\/press"}],"about":[{"href":"https:\/\/develop.olympic.ca\/olympique\/wp-json\/wp\/v2\/types\/press"}],"version-history":[{"count":0,"href":"https:\/\/develop.olympic.ca\/olympique\/wp-json\/wp\/v2\/press\/151732\/revisions"}],"wp:featuredmedia":[{"embeddable":true,"href":"https:\/\/develop.olympic.ca\/olympique\/wp-json\/wp\/v2\/media\/151764"}],"wp:attachment":[{"href":"https:\/\/develop.olympic.ca\/olympique\/wp-json\/wp\/v2\/media?parent=151732"}],"wp:term":[{"taxonomy":"post_tag","embeddable":true,"href":"https:\/\/develop.olympic.ca\/olympique\/wp-json\/wp\/v2\/tags?post=151732"},{"taxonomy":"type-of-press","embeddable":true,"href":"https:\/\/develop.olympic.ca\/olympique\/wp-json\/wp\/v2\/type-of-press?post=151732"},{"taxonomy":"press-topic","embeddable":true,"href":"https:\/\/develop.olympic.ca\/olympique\/wp-json\/wp\/v2\/press-topic?post=151732"},{"taxonomy":"years","embeddable":true,"href":"https:\/\/develop.olympic.ca\/olympique\/wp-json\/wp\/v2\/years?post=151732"}],"curies":[{"name":"wp","href":"https:\/\/api.w.org\/{rel}","templated":true}]}}