{"id":152212,"date":"2019-06-20T10:48:16","date_gmt":"2019-06-20T14:48:16","guid":{"rendered":"http:\/\/develop.olympic.ca\/olympique\/?post_type=press&#038;p=152212"},"modified":"2019-06-20T10:49:13","modified_gmt":"2019-06-20T14:49:13","slug":"devoilement-de-lequipe-canadienne-de-tir-pour-lima-2019","status":"publish","type":"press","link":"https:\/\/develop.olympic.ca\/olympique\/presse\/devoilement-de-lequipe-canadienne-de-tir-pour-lima-2019\/","title":{"rendered":"D\u00e9voilement de l&rsquo;\u00e9quipe canadienne de tir pour Lima 2019"},"content":{"rendered":"<p><span style=\"font-weight:400;\">TORONTO (20 juin 2019) \u00a0\u2013 La F\u00e9d\u00e9ration de tir du Canada (FTC) et le Comit\u00e9 olympique canadien ont d\u00e9voil\u00e9 le nom des personnes nomm\u00e9es au sein de l\u2019\u00e9quipe canadienne de tir qui participera aux Jeux panam\u00e9ricains de Lima 2019.<\/span><\/p>\n<p><span style=\"font-weight:400;\">Dix-huit athl\u00e8tes se sont qualifi\u00e9s au sein d\u2019\u00c9quipe Canada gr\u00e2ce aux performances r\u00e9alis\u00e9es aux essais tenus en juillet 2018 et en mai 2019 Toronto International Trap and Skeet Club, un site h\u00e9rit\u00e9 des Jeux panam\u00e9ricains de 2015 et situ\u00e9 \u00e0 Cookstown, en Ontario, ainsi qu\u2019au centre Beaverhill Sporting Clays \u00e0 Tofield, en Alberta.<\/span><\/p>\n<p><span style=\"font-weight:400;\">\u00ab Je suis honor\u00e9e et f\u00e9brile \u00e0 l\u2019id\u00e9e de repr\u00e9senter le Canada en fosse olympique chez les femmes aux prochains Jeux et de d\u00e9fendre ma m\u00e9daille d\u2019or \u00bb, a d\u00e9clar\u00e9 Amanda Chudoba Obrigewitch, 28 ans, qui a remport\u00e9 l\u2019\u00e9preuve f\u00e9minine de fosse olympique \u00e0 Toronto en 2015. \u00ab J\u2019esp\u00e8re revenir avec une place de quota pour mon sport en vue des Jeux olympiques de 2020. \u00bb<\/span><\/p>\n<p><span style=\"font-weight:400;\">Quinze \u00e9preuves olympiques de tir \u00e0 la carabine, au pistolet et au fusil auront lieu du 27 juillet au 3 ao\u00fbt 2019 au champ de tir de Las Palmas \u00e0 la base a\u00e9rienne de Las Palmas \u00e0 Lima, au P\u00e9rou. Les Jeux panam\u00e9ricains 2019 de Lima repr\u00e9sentent une excellente opportunit\u00e9 pour les tireurs canadiens de se qualifier pour les Jeux olympiques et la FTC visera les places de quota pour Tokyo 2020 qui sont \u00e0 l\u2019enjeu aux \u00e9preuves de tir aux Jeux de Lima.<\/span><\/p>\n<p><span style=\"font-weight:400;\">\u00ab La F\u00e9d\u00e9ration de tir du Canada aligne une \u00e9quipe solide dans toutes les disciplines de tir, a indiqu\u00e9 l\u2019entra\u00eeneure nationale de pistolet Lisa Borgerson. Nous avons d\u00e9j\u00e0 obtenu une place de quota olympique et nous comptons profiter des Jeux panam\u00e9ricains pour aller en chercher d\u2019autres. \u00bb<\/span><\/p>\n<p><span style=\"font-weight:400;\">Le Canada a d\u00e9j\u00e0 d\u00e9croch\u00e9 une place de quota pour Tokyo 2020 pour l\u2019\u00e9preuve f\u00e9minine du pistolet gr\u00e2ce \u00e0 la m\u00e9daille d\u2019or remport\u00e9e par l\u2019Olympienne de Rio 2016 Lynda Kiejko \u00e0 l\u2019\u00e9preuve f\u00e9minine du pistolet \u00e0 air comprim\u00e9 10 m des Championnats continentaux disput\u00e9s au mois de novembre dernier \u00e0 Guadalajara, au Mexique.<\/span><\/p>\n<p><span style=\"font-weight:400;\">Les athl\u00e8tes et les entra\u00eeneurs nomm\u00e9s sont :<\/span><\/p>\n<p><b>Fosse olympique<\/b><\/p>\n<p><span style=\"font-weight:400;\">Amanda Chudoba Obrigewitch (Spruce Grove, Alberta) \u2013 Fosse olympique f\u00e9minine<\/span><\/p>\n<p><span style=\"font-weight:400;\">Elizabeth Longley (Waterdown, Ontario) &#8211; Fosse olympique f\u00e9minine<\/span><\/p>\n<p><span style=\"font-weight:400;\">Curtis Wennberg (East St Paul, Manitoba) &#8211; Fosse olympique masculine<\/span><\/p>\n<p><span style=\"font-weight:400;\">Matthew Van Haaren (Millgrove, Ontario) &#8211; Fosse olympique masculine<\/span><\/p>\n<p><b>Skeet olympique<\/b><\/p>\n<p><span style=\"font-weight:400;\">Richard McBride (Saskatoon, Saskatchewan) \u2013 Skeet olympique masculin<\/span><\/p>\n<p><span style=\"font-weight:400;\">Trysten Routledge (Okotoks, Alberta) &#8211; Skeet olympique masculin<\/span><\/p>\n<p><span style=\"font-weight:400;\">Florin Marinache (Burlington, Ontario) \u2013 Entra\u00eeneur de l\u2019\u00e9quipe nationale &#8211; Fusil<\/span><\/p>\n<p><b>Pistolet<\/b><span style=\"font-weight:400;\"> \u00a0\u00a0\u00a0<\/span><\/p>\n<p><span style=\"font-weight:400;\">Kimberly Britton (Calgary, Alberta) \u2013 Pistolet \u00e0 air comprim\u00e9 10 m et pistolet 25 m f\u00e9minin<\/span><\/p>\n<p><span style=\"font-weight:400;\">Lea Wachowich (Strathmore, Alberta) &#8211; Pistolet 25 m f\u00e9minin<\/span><\/p>\n<p><span style=\"font-weight:400;\">Yanka Vasileva (Candiac, Qu\u00e9bec) &#8211; Pistolet \u00e0 air comprim\u00e9 10 m f\u00e9minin<\/span><\/p>\n<p><span style=\"font-weight:400;\">Stuart Burns (Burlington, Ontario) &#8211; Pistolet \u00e0 air comprim\u00e9 10 m masculin<\/span><\/p>\n<p><span style=\"font-weight:400;\">Jim Sandall (Happy Valley Goose Bay, Terre-Neuve) \u2013 Pistolet vitesse 25 m masculin<\/span><\/p>\n<p><span style=\"font-weight:400;\">Mark Hynes (Ottawa, Ontario) &#8211; Pistolet \u00e0 air comprim\u00e9 10 m masculin<\/span><\/p>\n<p><span style=\"font-weight:400;\">Lisa Borgerson (Lebret, Saskatchewan) &#8211; Entra\u00eeneure de l\u2019\u00e9quipe nationale &#8211; Pistolet<\/span><\/p>\n<p><b>Carabine<\/b><\/p>\n<p><span style=\"font-weight:400;\">Shannon Westlake (Barrie, Ontario) \u2013 Carabine \u00e0 l\u2019air comprim\u00e9 10 m et carabine trois positions 50 m f\u00e9minin<\/span><\/p>\n<p><span style=\"font-weight:400;\">Cindy Luk (Maple, Ontario) &#8211; Carabine trois positions 50 m f\u00e9minin<\/span><\/p>\n<p><span style=\"font-weight:400;\">Grzegorz Sych (Kitchener, Ontario) &#8211; Carabine trois positions 50 m masculin<\/span><\/p>\n<p><span style=\"font-weight:400;\">Tommy Lapointe (Chicoutimi, Qu\u00e9bec) &#8211; Carabine trois positions 50 m masculin<\/span><\/p>\n<p><span style=\"font-weight:400;\">Christopher Baldwin (Aylmer, Ontario) &#8211; Carabine \u00e0 l\u2019air comprim\u00e9 10 m masculin<\/span><\/p>\n<p><span style=\"font-weight:400;\">Jeremy Ellis (St. Thomas, Ontario) &#8211; Carabine \u00e0 l\u2019air comprim\u00e9 10 m<\/span><\/p>\n<p><span style=\"font-weight:400;\">David Woolridge (St. John\u2019s, Terre-Neuve) &#8211; Entra\u00eeneur de l\u2019\u00e9quipe nationale &#8211; Carabine<\/span><\/p>\n<p><span style=\"font-weight:400;\">Avant qu&rsquo;un(e) athl\u00e8te soit officiellement nomm\u00e9(e) au sein d&rsquo;\u00c9quipe Canada, toutes les candidatures doivent \u00eatre approuv\u00e9es par le comit\u00e9 de s\u00e9lection du COC, et ce, une fois que toutes les f\u00e9d\u00e9rations sportives nationales ont soumis leurs nominations \u00e0 la fin juin 2019.<\/span><\/p>\n<p><span style=\"font-weight:400;\">Les Jeux panam\u00e9ricains de Lima 2019, qui se d\u00e9rouleront du 26 juillet au 11 ao\u00fbt, r\u00e9uniront environ 6 700 athl\u00e8tes de 41 nations des Am\u00e9riques et comprendra 62 disciplines.<\/span><\/p>\n<p style=\"text-align:center;\"><span style=\"font-weight:400;\">-30-<\/span><\/p>\n<p><span style=\"font-weight:400;\">CONTACTS POUR LES M\u00c9DIAS :<\/span><\/p>\n<p><span style=\"font-weight:400;\">Susan Verdier, directrice technique<br \/>\n<\/span><span style=\"font-weight:400;\">F\u00e9d\u00e9ration de tir du Canada<br \/>\n<\/span><span style=\"font-weight:400;\">T\u00e9l. : 613-727-7483, poste 2122 \/ Cell. : 613-769-0387<br \/>\n<\/span><span style=\"font-weight:400;\">Courriel : sverdier@sfc-ftc.ca<\/span><\/p>\n<p><span style=\"font-weight:400;\">Josh Su, sp\u00e9cialiste des relations publiques<br \/>\n<\/span><span style=\"font-weight:400;\">Comit\u00e9 olympique canadien<br \/>\n<\/span><span style=\"font-weight:400;\">Cell. : 647-464-4060<br \/>\n<\/span><span style=\"font-weight:400;\">Courriel : jsu@olympic.ca<\/span><\/p>\n","protected":false},"excerpt":{"rendered":"<p>TORONTO (20 juin 2019) \u00a0\u2013 La F\u00e9d\u00e9ration de tir du Canada (FTC) et le Comit\u00e9 olympique canadien ont d\u00e9voil\u00e9 le&#8230;<\/p>\n","protected":false},"featured_media":152213,"template":"","format":"standard","tags":[],"type-of-press":[],"press-topic":[415987821],"years":[],"class_list":["post-152212","press","type-press","status-publish","format-standard","has-post-thumbnail","hentry","press-topic-lima-2019"],"acf":[],"yoast_head":"<!-- This site is optimized with the Yoast SEO plugin v27.5 - https:\/\/yoast.com\/product\/yoast-seo-wordpress\/ -->\n<title>D\u00e9voilement de l&#039;\u00e9quipe canadienne de tir pour Lima 2019 - \u00c9quipe Canada | Site officiel de l&#039;\u00e9quipe olympique<\/title>\n<meta name=\"robots\" content=\"index, follow, max-snippet:-1, max-image-preview:large, max-video-preview:-1\" \/>\n<link rel=\"canonical\" href=\"https:\/\/develop.olympic.ca\/olympique\/presse\/devoilement-de-lequipe-canadienne-de-tir-pour-lima-2019\/\" \/>\n<meta property=\"og:locale\" content=\"fr_FR\" \/>\n<meta property=\"og:type\" content=\"article\" \/>\n<meta property=\"og:title\" content=\"D\u00e9voilement de l&#039;\u00e9quipe canadienne de tir pour Lima 2019 - \u00c9quipe Canada | Site officiel de l&#039;\u00e9quipe olympique\" \/>\n<meta property=\"og:description\" content=\"TORONTO (20 juin 2019) \u00a0\u2013 La F\u00e9d\u00e9ration de tir du Canada (FTC) et le Comit\u00e9 olympique canadien ont d\u00e9voil\u00e9 le...\" \/>\n<meta property=\"og:url\" content=\"https:\/\/develop.olympic.ca\/olympique\/presse\/devoilement-de-lequipe-canadienne-de-tir-pour-lima-2019\/\" \/>\n<meta property=\"og:site_name\" content=\"\u00c9quipe Canada | Site officiel de l&#039;\u00e9quipe olympique\" \/>\n<meta property=\"article:modified_time\" content=\"2019-06-20T14:49:13+00:00\" \/>\n<meta property=\"og:image\" content=\"https:\/\/develop.olympic.ca\/olympique\/wp-content\/uploads\/sites\/2\/2019\/06\/feature-image-shooting.png\" \/>\n\t<meta property=\"og:image:width\" content=\"1340\" \/>\n\t<meta property=\"og:image:height\" content=\"754\" \/>\n\t<meta property=\"og:image:type\" content=\"image\/png\" \/>\n<meta name=\"twitter:card\" content=\"summary_large_image\" \/>\n<meta name=\"twitter:label1\" content=\"Est. reading time\" \/>\n\t<meta name=\"twitter:data1\" content=\"4 minutes\" \/>\n\t<meta name=\"twitter:label2\" content=\"Written by\" \/>\n\t<meta name=\"twitter:data2\" content=\"sjsokol\" \/>\n<script type=\"application\/ld+json\" class=\"yoast-schema-graph\">{\"@context\":\"https:\\\/\\\/schema.org\",\"@graph\":[{\"@type\":\"WebPage\",\"@id\":\"https:\\\/\\\/develop.olympic.ca\\\/olympique\\\/presse\\\/devoilement-de-lequipe-canadienne-de-tir-pour-lima-2019\\\/\",\"url\":\"https:\\\/\\\/develop.olympic.ca\\\/olympique\\\/presse\\\/devoilement-de-lequipe-canadienne-de-tir-pour-lima-2019\\\/\",\"name\":\"D\u00e9voilement de l'\u00e9quipe canadienne de tir pour Lima 2019 - \u00c9quipe Canada | Site officiel de l&#039;\u00e9quipe olympique\",\"isPartOf\":{\"@id\":\"https:\\\/\\\/develop.olympic.ca\\\/olympique\\\/#website\"},\"primaryImageOfPage\":{\"@id\":\"https:\\\/\\\/develop.olympic.ca\\\/olympique\\\/presse\\\/devoilement-de-lequipe-canadienne-de-tir-pour-lima-2019\\\/#primaryimage\"},\"image\":{\"@id\":\"https:\\\/\\\/develop.olympic.ca\\\/olympique\\\/presse\\\/devoilement-de-lequipe-canadienne-de-tir-pour-lima-2019\\\/#primaryimage\"},\"thumbnailUrl\":\"https:\\\/\\\/develop.olympic.ca\\\/olympique\\\/wp-content\\\/uploads\\\/sites\\\/2\\\/2019\\\/06\\\/feature-image-shooting.png\",\"datePublished\":\"2019-06-20T14:48:16+00:00\",\"dateModified\":\"2019-06-20T14:49:13+00:00\",\"inLanguage\":\"fr-FR\",\"potentialAction\":[{\"@type\":\"ReadAction\",\"target\":[\"https:\\\/\\\/develop.olympic.ca\\\/olympique\\\/presse\\\/devoilement-de-lequipe-canadienne-de-tir-pour-lima-2019\\\/\"]}]},{\"@type\":\"ImageObject\",\"inLanguage\":\"fr-FR\",\"@id\":\"https:\\\/\\\/develop.olympic.ca\\\/olympique\\\/presse\\\/devoilement-de-lequipe-canadienne-de-tir-pour-lima-2019\\\/#primaryimage\",\"url\":\"https:\\\/\\\/develop.olympic.ca\\\/olympique\\\/wp-content\\\/uploads\\\/sites\\\/2\\\/2019\\\/06\\\/feature-image-shooting.png\",\"contentUrl\":\"https:\\\/\\\/develop.olympic.ca\\\/olympique\\\/wp-content\\\/uploads\\\/sites\\\/2\\\/2019\\\/06\\\/feature-image-shooting.png\",\"width\":1340,\"height\":754},{\"@type\":\"WebSite\",\"@id\":\"https:\\\/\\\/develop.olympic.ca\\\/olympique\\\/#website\",\"url\":\"https:\\\/\\\/develop.olympic.ca\\\/olympique\\\/\",\"name\":\"\u00c9quipe Canada | Site officiel de l&#039;\u00e9quipe olympique\",\"description\":\"Votre source pour l\u2019\u00c9quipe olympique canadienne. Retrouvez les r\u00e9cits, vid\u00e9os et photos des athl\u00e8tes canadiens, sports olympiques, Jeux olympiques de 2020 et bien plus!\",\"potentialAction\":[{\"@type\":\"SearchAction\",\"target\":{\"@type\":\"EntryPoint\",\"urlTemplate\":\"https:\\\/\\\/develop.olympic.ca\\\/olympique\\\/?s={search_term_string}\"},\"query-input\":{\"@type\":\"PropertyValueSpecification\",\"valueRequired\":true,\"valueName\":\"search_term_string\"}}],\"inLanguage\":\"fr-FR\"}]}<\/script>\n<!-- \/ Yoast SEO plugin. -->","yoast_head_json":{"title":"D\u00e9voilement de l'\u00e9quipe canadienne de tir pour Lima 2019 - \u00c9quipe Canada | Site officiel de l&#039;\u00e9quipe olympique","robots":{"index":"index","follow":"follow","max-snippet":"max-snippet:-1","max-image-preview":"max-image-preview:large","max-video-preview":"max-video-preview:-1"},"canonical":"https:\/\/develop.olympic.ca\/olympique\/presse\/devoilement-de-lequipe-canadienne-de-tir-pour-lima-2019\/","og_locale":"fr_FR","og_type":"article","og_title":"D\u00e9voilement de l'\u00e9quipe canadienne de tir pour Lima 2019 - \u00c9quipe Canada | Site officiel de l&#039;\u00e9quipe olympique","og_description":"TORONTO (20 juin 2019) \u00a0\u2013 La F\u00e9d\u00e9ration de tir du Canada (FTC) et le Comit\u00e9 olympique canadien ont d\u00e9voil\u00e9 le...","og_url":"https:\/\/develop.olympic.ca\/olympique\/presse\/devoilement-de-lequipe-canadienne-de-tir-pour-lima-2019\/","og_site_name":"\u00c9quipe Canada | Site officiel de l&#039;\u00e9quipe olympique","article_modified_time":"2019-06-20T14:49:13+00:00","og_image":[{"width":1340,"height":754,"url":"https:\/\/develop.olympic.ca\/olympique\/wp-content\/uploads\/sites\/2\/2019\/06\/feature-image-shooting.png","type":"image\/png"}],"twitter_card":"summary_large_image","twitter_misc":{"Est. reading time":"4 minutes","Written by":"sjsokol"},"schema":{"@context":"https:\/\/schema.org","@graph":[{"@type":"WebPage","@id":"https:\/\/develop.olympic.ca\/olympique\/presse\/devoilement-de-lequipe-canadienne-de-tir-pour-lima-2019\/","url":"https:\/\/develop.olympic.ca\/olympique\/presse\/devoilement-de-lequipe-canadienne-de-tir-pour-lima-2019\/","name":"D\u00e9voilement de l'\u00e9quipe canadienne de tir pour Lima 2019 - \u00c9quipe Canada | Site officiel de l&#039;\u00e9quipe olympique","isPartOf":{"@id":"https:\/\/develop.olympic.ca\/olympique\/#website"},"primaryImageOfPage":{"@id":"https:\/\/develop.olympic.ca\/olympique\/presse\/devoilement-de-lequipe-canadienne-de-tir-pour-lima-2019\/#primaryimage"},"image":{"@id":"https:\/\/develop.olympic.ca\/olympique\/presse\/devoilement-de-lequipe-canadienne-de-tir-pour-lima-2019\/#primaryimage"},"thumbnailUrl":"https:\/\/develop.olympic.ca\/olympique\/wp-content\/uploads\/sites\/2\/2019\/06\/feature-image-shooting.png","datePublished":"2019-06-20T14:48:16+00:00","dateModified":"2019-06-20T14:49:13+00:00","inLanguage":"fr-FR","potentialAction":[{"@type":"ReadAction","target":["https:\/\/develop.olympic.ca\/olympique\/presse\/devoilement-de-lequipe-canadienne-de-tir-pour-lima-2019\/"]}]},{"@type":"ImageObject","inLanguage":"fr-FR","@id":"https:\/\/develop.olympic.ca\/olympique\/presse\/devoilement-de-lequipe-canadienne-de-tir-pour-lima-2019\/#primaryimage","url":"https:\/\/develop.olympic.ca\/olympique\/wp-content\/uploads\/sites\/2\/2019\/06\/feature-image-shooting.png","contentUrl":"https:\/\/develop.olympic.ca\/olympique\/wp-content\/uploads\/sites\/2\/2019\/06\/feature-image-shooting.png","width":1340,"height":754},{"@type":"WebSite","@id":"https:\/\/develop.olympic.ca\/olympique\/#website","url":"https:\/\/develop.olympic.ca\/olympique\/","name":"\u00c9quipe Canada | Site officiel de l&#039;\u00e9quipe olympique","description":"Votre source pour l\u2019\u00c9quipe olympique canadienne. Retrouvez les r\u00e9cits, vid\u00e9os et photos des athl\u00e8tes canadiens, sports olympiques, Jeux olympiques de 2020 et bien plus!","potentialAction":[{"@type":"SearchAction","target":{"@type":"EntryPoint","urlTemplate":"https:\/\/develop.olympic.ca\/olympique\/?s={search_term_string}"},"query-input":{"@type":"PropertyValueSpecification","valueRequired":true,"valueName":"search_term_string"}}],"inLanguage":"fr-FR"}]}},"jetpack_sharing_enabled":true,"_links":{"self":[{"href":"https:\/\/develop.olympic.ca\/olympique\/wp-json\/wp\/v2\/press\/152212","targetHints":{"allow":["GET"]}}],"collection":[{"href":"https:\/\/develop.olympic.ca\/olympique\/wp-json\/wp\/v2\/press"}],"about":[{"href":"https:\/\/develop.olympic.ca\/olympique\/wp-json\/wp\/v2\/types\/press"}],"version-history":[{"count":0,"href":"https:\/\/develop.olympic.ca\/olympique\/wp-json\/wp\/v2\/press\/152212\/revisions"}],"wp:featuredmedia":[{"embeddable":true,"href":"https:\/\/develop.olympic.ca\/olympique\/wp-json\/wp\/v2\/media\/152213"}],"wp:attachment":[{"href":"https:\/\/develop.olympic.ca\/olympique\/wp-json\/wp\/v2\/media?parent=152212"}],"wp:term":[{"taxonomy":"post_tag","embeddable":true,"href":"https:\/\/develop.olympic.ca\/olympique\/wp-json\/wp\/v2\/tags?post=152212"},{"taxonomy":"type-of-press","embeddable":true,"href":"https:\/\/develop.olympic.ca\/olympique\/wp-json\/wp\/v2\/type-of-press?post=152212"},{"taxonomy":"press-topic","embeddable":true,"href":"https:\/\/develop.olympic.ca\/olympique\/wp-json\/wp\/v2\/press-topic?post=152212"},{"taxonomy":"years","embeddable":true,"href":"https:\/\/develop.olympic.ca\/olympique\/wp-json\/wp\/v2\/years?post=152212"}],"curies":[{"name":"wp","href":"https:\/\/api.w.org\/{rel}","templated":true}]}}