{"id":153973,"date":"2019-08-03T23:32:33","date_gmt":"2019-08-04T03:32:33","guid":{"rendered":"http:\/\/develop.olympic.ca\/olympique\/?post_type=press&#038;p=153973"},"modified":"2019-08-03T23:35:48","modified_gmt":"2019-08-04T03:35:48","slug":"jour-8-equipe-canada-a-lima-2019","status":"publish","type":"press","link":"https:\/\/develop.olympic.ca\/olympique\/presse\/jour-8-equipe-canada-a-lima-2019\/","title":{"rendered":"JOUR 8 : \u00c9quipe Canada \u00e0 Lima 2019"},"content":{"rendered":"<p><b>LIMA, P\u00c9ROU<\/b><span style=\"font-weight:300;\"> &#8211; Le Canada a conclu une huiti\u00e8me journ\u00e9e plut\u00f4t tranquille aux Jeux panam\u00e9ricains de Lima 2019 avec de solides prestations au plongeon, r\u00e9alisant un doubl\u00e9 chez les femmes \u00e0 la tour de 10 m\u00e8tres et l\u2019argent au 3 m synchronis\u00e9 masculin. Les athl\u00e8tes de prochaine g\u00e9n\u00e9ration continuent de briller alors que Caeli McKay a remport\u00e9 sa premi\u00e8re m\u00e9daille des Jeux panam\u00e9ricains en carri\u00e8re et Kelsey Mitchell a r\u00e9alis\u00e9 un nouveau record des Jeux panam\u00e9ricains en ronde de qualification du sprint 200 m\u00e8tres de cyclisme sur piste, seulement un an apr\u00e8s avoir commenc\u00e9 \u00e0 faire de la comp\u00e9tition dans son sport.<\/span><\/p>\n<p><b>TOTAL DES M\u00c9DAILLES D\u2019\u00c9QUIPE CANADA :<\/b><\/p>\n<p><span style=\"font-weight:300;\">OR : 17 | ARGENT : 31 | BRONZE : 19 | TOTAL : 67<\/span><\/p>\n<p><span style=\"font-weight:300;\">R\u00c9SULTATS :<\/span><a href=\"https:\/\/docs.google.com\/spreadsheets\/d\/1ih9SXslVSKnN8huxvx99KPmM6xPTcGBRVzCpp_PUBK4\/edit?usp=sharing\"> <span style=\"font-weight:300;\">R\u00e9sultats des comp\u00e9titions d\u2019\u00c9quipe Canada \u00e0 Lima 2019.<\/span><span style=\"font-weight:300;\"><br \/>\n<\/span><span style=\"font-weight:300;\"><br \/>\n<\/span><\/a><span style=\"font-weight:300;\">HORAIRE :<\/span><a href=\"https:\/\/docs.google.com\/spreadsheets\/d\/1kfHSDhcsaw2jP2ZWOeberGZ8jz7cS1cv4ohinKTQ0vA\/edit?usp=sharing\"> <span style=\"font-weight:300;\">Horaire de comp\u00e9tition d\u2019\u00c9quipe Canada \u00e0 Lima 2019.<\/span><\/a><\/p>\n<p><b>FAITS SAILLANTS DU JOUR 8 :<\/b><b><br \/>\n<\/b><\/p>\n<ul>\n<li style=\"font-weight:300;\"><span style=\"font-weight:300;\">Athl\u00e8te issue du programme Camp des recrues RBC, Kelsey Mitchell a \u00e9tabli un nouveau record des Jeux panam\u00e9ricains au sprint 200 m\u00e8tres de cyclisme sur piste avec un chrono de 10.890 secondes;<\/span><\/li>\n<li style=\"font-weight:300;\"><span style=\"font-weight:300;\">L\u2019\u00e9quipe canadienne de baseball bat le Nicaragua et s\u2019assure d\u2019une m\u00e9daille ainsi que d\u2019une place en finale dimanche;<\/span><\/li>\n<li style=\"font-weight:300;\"><span style=\"font-weight:300;\">Mathea Olin de Tofino (C.-B.) participera \u00e0 l\u2019\u00e9preuve de la longue planche dimanche pour ce qui sera la premi\u00e8re m\u00e9daille \u00e0 vie du Canada en surf aux Jeux panam\u00e9ricains;<\/span><\/li>\n<li style=\"font-weight:300;\"><span style=\"font-weight:300;\">La plongeuse Caeli McKay remporte sa premi\u00e8re m\u00e9daille des Jeux panam\u00e9ricains en carri\u00e8re, quelques semaines seulement apr\u00e8s avoir obtenu une place de qualification pour le Canada aux Jeux olympiques de Tokyo 2020 dans le cadre des Championnats du monde de la FINA \u00e0 Gwangju en Cor\u00e9e du Sud.<\/span><\/li>\n<\/ul>\n<p><b><br \/>\nD\u00c9CLARATIONS DU JOUR 8 :<\/b><\/p>\n<p><span style=\"font-weight:300;\">Meaghan BENFEITO (M\u00e9daill\u00e9e d\u2019or : Plongeon &#8211; 10 m f\u00e9minin) sur comment elle se sent \u00e0 sa derni\u00e8re participation aux Jeux panam\u00e9ricains :<\/span><\/p>\n<p><span style=\"font-weight:300;\">\u00ab C\u2019est incroyable. Comme je l\u2019ai dit, c\u2019est la premi\u00e8re fois que je remporte l\u2019\u00e9preuve individuelle. J\u2019ai deux m\u00e9dailles de bronze aux deux derniers Jeux en 2011 et 2015 alors c\u2019est bon cette fois d\u2019\u00eatre sur la plus haute marche du podium. Je savais que j\u2019en \u00e9tais capable. J\u2019\u00e9tais bless\u00e9e depuis quelques mois, mais \u00e7a va vraiment mieux. Ce n\u2019est certainement pas encore au niveau que je d\u00e9sire \u00eatre. Je ne pouvais demander mieux que de partir d\u2019ici au sommet et de conclure cette journ\u00e9e avec une m\u00e9daille de bronze. \u00bb<\/span><\/p>\n<p><span style=\"font-weight:300;\">Meaghan BENFEITO (M\u00e9daill\u00e9e d\u2019or : Plongeon &#8211; 10 m f\u00e9minin) \u00e0 propos de sa compatriote Caeli McKAY, qui a remport\u00e9 la m\u00e9daille d\u2019argent de la m\u00eame \u00e9preuve et qui sera sa partenaire depuis \u00e0 l\u2019\u00e9preuve du 10 m\u00e8tres synchronis\u00e9 :<\/span><\/p>\n<p><span style=\"font-weight:300;\">\u00ab [Caeli] me rend nerveuse. Elle a fait la m\u00eame chose aux Championnats canadiens. J\u2019avais absolument besoin d\u2019un dernier plongeon exceptionnel et je devais avoir un meilleur pointage qu\u2019elle en me disant, Caeli du doit \u00eatre de mon c\u00f4t\u00e9 cette fois. C\u2019est incroyable vraiment, car elle m\u2019aide sur le plan individuel et pour les \u00e9preuves de plongeon synchronis\u00e9. Elle me fait sauter plus haut et me fait travailler plus dur. C\u2019est une chose que j\u2019appr\u00e9cie vraiment. Je ne pouvais pas manquer un plongeon si je voulais gagner, car elle ne m\u2019a pas rendu la vie facile alors c\u2019est quelque chose que j\u2019appr\u00e9cie d\u2019elle. \u00bb<\/span><\/p>\n<p><span style=\"font-weight:300;\">Caeli McKAY (M\u00e9daill\u00e9e d\u2019argent : Plongeon &#8211; 10 m f\u00e9minin) sur sa premi\u00e8re m\u00e9daille remport\u00e9e \u00e0 ses premiers Jeux multisports :<\/span><span style=\"font-weight:300;\"><br \/>\n<\/span><span style=\"font-weight:300;\"><br \/>\n<\/span><span style=\"font-weight:300;\">\u00ab \u00c7a me procure d\u2019excellents sentiments. Je ne m\u2019attendais pas \u00e0 cela. C\u2019est beaucoup de pression. L\u2019\u00e9preuve \u00e9tait tr\u00e8s, tr\u00e8s relev\u00e9e et tout le monde a ex\u00e9cut\u00e9 ses plongeons \u00e0 merveille. Sur le quatri\u00e8me plongeon, je ne regarde pas le tableau de pointage habituellement, mais je savais o\u00f9 je me situais et cela m\u2019a mis beaucoup de pression puisque je savais que je devais faire un tr\u00e8s bon plongeon. Globalement, je suis tr\u00e8s fi\u00e8re de moi, particuli\u00e8rement avec tout ce que j\u2019ai travers\u00e9 individuellement cette ann\u00e9e. Ceci est la cerise sur le dessus. \u00bb<\/span><span style=\"font-weight:300;\"><br \/>\n<\/span><span style=\"font-weight:300;\"><br \/>\n<\/span><span style=\"font-weight:300;\">Caeli McKAY (M\u00e9daill\u00e9e d\u2019argent : Plongeon &#8211; 10 m f\u00e9minin) sur sa pr\u00e9sence comme athl\u00e8te de prochaine g\u00e9n\u00e9ration \u00e0 des Jeux multisports et sas performance en route vers Tokyo :<\/span><\/p>\n<p><span style=\"font-weight:300;\">\u00ab C\u2019est tellement une atmosph\u00e8re diff\u00e9rente de me retrouver \u00e0 des Jeux plut\u00f4t qu\u2019\u00e0 une comp\u00e9tition de plongeon. Compter sur le soutien du Canada, ce n\u2019est pas seulement l\u2019\u00e9quipe de plongeon qui nous appuie, c\u2019est l\u2019\u00e9quipe au complet. Il y a beaucoup plus de pression et peu importe si le reste du monde n\u2019est pas ici. Les plongeuses que j\u2019affrontais ici sont certaines de mes plus grandes rivales. Avec ce soutien et \u00eatre en mesure d\u2019offrir une performance face \u00e0 cette pression en route vers Tokyo est un tremplin dans mon apprentissage. \u00bb<\/span><\/p>\n<p><span style=\"font-weight:300;\">Kelsey MITCHELL (D\u00e9tentrice du record panam\u00e9ricain &#8211; Cyclisme sur piste &#8211; Sprint 200 m f\u00e9minin \/ M\u00e9daill\u00e9e d\u2019argent : Cyclisme sur piste &#8211; Sprint f\u00e9minin par \u00e9quipe) sur son record r\u00e9alis\u00e9 au sprint 200 m\u00e8tres de cyclisme sur piste avec un chrono de 10.890 secondes :<\/span><\/p>\n<p><span style=\"font-weight:300;\">\u00ab Je n\u2019avais jamais fait mieux que 11.00 secondes en comp\u00e9tition et je n\u2019ai pas r\u00e9alis\u00e9 mes meilleurs temps \u00e0 l\u2019entra\u00eenement cette semaine. J\u2019\u00e9tais donc heureuse de lever les yeux et de voir ce 10.89. Honn\u00eatement, je ne m\u2019attendais pas \u00e0 aller aussi vite, mais je me sens forte et pr\u00eate pour demain. \u00bb<\/span><\/p>\n<p><b>RESSOURCES :<\/b><\/p>\n<p><span style=\"font-weight:300;\">D\u00c9CLARATIONS :<\/span><a href=\"https:\/\/docs.google.com\/document\/d\/1-CmzPOaYyaJwMJGGQgp8fuCxdORrzoysVTvhLutoFHI\/edit?usp=sharing\"> <span style=\"font-weight:300;\">D\u00e9claration du jour d\u2019\u00c9quipe Canada \u00e0 Lima 2019<\/span><span style=\"font-weight:300;\">.<\/span><\/a><span style=\"font-weight:300;\"> (mises \u00e0 jour en direct)<\/span><\/p>\n<p><span style=\"font-weight:300;\">PHOTOS :<\/span><a href=\"http:\/\/images.olympic.ca\"> <span style=\"font-weight:300;\">Soumettez une demande d\u2019utilisation de photos \u00e0 des fins \u00e9ditoriales sur images.olympic.ca.<\/span><\/a><\/p>\n<p><span style=\"font-weight:300;\">LES JEUX DE LIMA D\u00c9CHIFFR\u00c9S : <\/span><a href=\"https:\/\/docs.google.com\/document\/d\/1eHiEkxo8kZxUXlcRYFT9fQqlIeI-dmMQebzE04VtuXw\/edit#\"><span style=\"font-weight:300;\">Statistiques sur certains sports au programme des Jeux de Lima 2019.<\/span><\/a><\/p>\n<p><span style=\"font-weight:300;\">VISITEZ :<\/span><a href=\"https:\/\/develop.olympic.ca\/olympique\/ressources\/\"><span style=\"font-weight:300;\"> https:\/\/develop.olympic.ca\/olympique\/ressources\/ pour d\u2019autres informations.<\/span><\/a><\/p>\n<p><span style=\"font-weight:300;\">SUIVEZ :<\/span><a href=\"https:\/\/twitter.com\/TeamCanadaPR\"> <span style=\"font-weight:300;\">@TeamCanadaPR pour les alertes en direct de m\u00e9dailles.<\/span><\/a><\/p>\n<p><span style=\"font-weight:300;\">TOKYO 2020 :<\/span><a href=\"https:\/\/develop.olympic.ca\/2019\/06\/10\/olympic-qualification-for-tokyo-2020-at-lima-2019\/\"> <span style=\"font-weight:300;\">Qualification olympique pour Tokyo 2020 \u00e0 Lima 2019.<\/span><b><br \/>\n<\/b><b><br \/>\n<\/b><\/a><b>QUIZ D\u2019\u00c9QUIPE CANADA :<\/b><\/p>\n<p><span style=\"font-weight:300;\">Q. Nommez les deux seuls Canadiens \u00e0 avoir remport\u00e9 une m\u00e9daille d\u2019or dans le cadre des Jeux panam\u00e9ricains d\u2019hiver.\u00a0<\/span><\/p>\n<p><span style=\"font-weight:300;\">A. Brian Stemmle (1990 : Ski alpin &#8211; Descente) et Kendra Kobelka (1990 : Ski alpin &#8211; Descente).<\/span><\/p>\n<p style=\"text-align:center;\"><span style=\"font-weight:300;\">-30-<\/span><\/p>\n<p><span style=\"font-weight:300;\">CONTACT POUR LES M\u00c9DIAS<\/span><\/p>\n<p><span style=\"font-weight:300;\">Josh Su, responsable des relations avec les m\u00e9dias<\/span><span style=\"font-weight:300;\"><br \/>\n<\/span><span style=\"font-weight:300;\">Comit\u00e9 olympique canadien<\/span><span style=\"font-weight:300;\"><br \/>\n<\/span><span style=\"font-weight:300;\">P\u00e9rou : +51 1 920 259 209<\/span><span style=\"font-weight:300;\"><br \/>\n<\/span><span style=\"font-weight:300;\">WhatsApp : 647-464-4060<\/span><span style=\"font-weight:300;\"><br \/>\n<\/span><span style=\"font-weight:300;\">Courriel : <\/span><span style=\"font-weight:300;\">jsu@olympique.ca<\/span><\/p>\n","protected":false},"excerpt":{"rendered":"<p>LIMA, P\u00c9ROU &#8211; Le Canada a conclu une huiti\u00e8me journ\u00e9e plut\u00f4t tranquille aux Jeux panam\u00e9ricains de Lima 2019 avec de&#8230;<\/p>\n","protected":false},"featured_media":153979,"template":"","format":"standard","tags":[],"type-of-press":[],"press-topic":[],"years":[],"class_list":["post-153973","press","type-press","status-publish","format-standard","has-post-thumbnail","hentry"],"acf":[],"yoast_head":"<!-- This site is optimized with the Yoast SEO plugin v27.3 - https:\/\/yoast.com\/product\/yoast-seo-wordpress\/ -->\n<title>JOUR 8 : \u00c9quipe Canada \u00e0 Lima 2019 - \u00c9quipe Canada | Site officiel de l&#039;\u00e9quipe olympique<\/title>\n<meta name=\"robots\" content=\"index, follow, max-snippet:-1, max-image-preview:large, max-video-preview:-1\" \/>\n<link rel=\"canonical\" href=\"https:\/\/develop.olympic.ca\/olympique\/presse\/jour-8-equipe-canada-a-lima-2019\/\" \/>\n<meta property=\"og:locale\" content=\"fr_FR\" \/>\n<meta property=\"og:type\" content=\"article\" \/>\n<meta property=\"og:title\" content=\"JOUR 8 : \u00c9quipe Canada \u00e0 Lima 2019 - \u00c9quipe Canada | Site officiel de l&#039;\u00e9quipe olympique\" \/>\n<meta property=\"og:description\" content=\"LIMA, P\u00c9ROU &#8211; Le Canada a conclu une huiti\u00e8me journ\u00e9e plut\u00f4t tranquille aux Jeux panam\u00e9ricains de Lima 2019 avec de...\" \/>\n<meta property=\"og:url\" content=\"https:\/\/develop.olympic.ca\/olympique\/presse\/jour-8-equipe-canada-a-lima-2019\/\" \/>\n<meta property=\"og:site_name\" content=\"\u00c9quipe Canada | Site officiel de l&#039;\u00e9quipe olympique\" \/>\n<meta property=\"article:modified_time\" content=\"2019-08-04T03:35:48+00:00\" \/>\n<meta property=\"og:image\" content=\"https:\/\/develop.olympic.ca\/olympique\/wp-content\/uploads\/sites\/2\/2019\/08\/feature-image-water-ski-and-wakeboard-1.png\" \/>\n\t<meta property=\"og:image:width\" content=\"1340\" \/>\n\t<meta property=\"og:image:height\" content=\"754\" \/>\n\t<meta property=\"og:image:type\" content=\"image\/png\" \/>\n<meta name=\"twitter:card\" content=\"summary_large_image\" \/>\n<meta name=\"twitter:label1\" content=\"Est. reading time\" \/>\n\t<meta name=\"twitter:data1\" content=\"5 minutes\" \/>\n\t<meta name=\"twitter:label2\" content=\"Written by\" \/>\n\t<meta name=\"twitter:data2\" content=\"sjsokol\" \/>\n<script type=\"application\/ld+json\" class=\"yoast-schema-graph\">{\"@context\":\"https:\\\/\\\/schema.org\",\"@graph\":[{\"@type\":\"WebPage\",\"@id\":\"https:\\\/\\\/develop.olympic.ca\\\/olympique\\\/presse\\\/jour-8-equipe-canada-a-lima-2019\\\/\",\"url\":\"https:\\\/\\\/develop.olympic.ca\\\/olympique\\\/presse\\\/jour-8-equipe-canada-a-lima-2019\\\/\",\"name\":\"JOUR 8 : \u00c9quipe Canada \u00e0 Lima 2019 - \u00c9quipe Canada | Site officiel de l&#039;\u00e9quipe olympique\",\"isPartOf\":{\"@id\":\"https:\\\/\\\/develop.olympic.ca\\\/olympique\\\/#website\"},\"primaryImageOfPage\":{\"@id\":\"https:\\\/\\\/develop.olympic.ca\\\/olympique\\\/presse\\\/jour-8-equipe-canada-a-lima-2019\\\/#primaryimage\"},\"image\":{\"@id\":\"https:\\\/\\\/develop.olympic.ca\\\/olympique\\\/presse\\\/jour-8-equipe-canada-a-lima-2019\\\/#primaryimage\"},\"thumbnailUrl\":\"https:\\\/\\\/develop.olympic.ca\\\/olympique\\\/wp-content\\\/uploads\\\/sites\\\/2\\\/2019\\\/08\\\/feature-image-water-ski-and-wakeboard-1.png\",\"datePublished\":\"2019-08-04T03:32:33+00:00\",\"dateModified\":\"2019-08-04T03:35:48+00:00\",\"inLanguage\":\"fr-FR\",\"potentialAction\":[{\"@type\":\"ReadAction\",\"target\":[\"https:\\\/\\\/develop.olympic.ca\\\/olympique\\\/presse\\\/jour-8-equipe-canada-a-lima-2019\\\/\"]}]},{\"@type\":\"ImageObject\",\"inLanguage\":\"fr-FR\",\"@id\":\"https:\\\/\\\/develop.olympic.ca\\\/olympique\\\/presse\\\/jour-8-equipe-canada-a-lima-2019\\\/#primaryimage\",\"url\":\"https:\\\/\\\/develop.olympic.ca\\\/olympique\\\/wp-content\\\/uploads\\\/sites\\\/2\\\/2019\\\/08\\\/feature-image-water-ski-and-wakeboard-1.png\",\"contentUrl\":\"https:\\\/\\\/develop.olympic.ca\\\/olympique\\\/wp-content\\\/uploads\\\/sites\\\/2\\\/2019\\\/08\\\/feature-image-water-ski-and-wakeboard-1.png\",\"width\":1340,\"height\":754},{\"@type\":\"WebSite\",\"@id\":\"https:\\\/\\\/develop.olympic.ca\\\/olympique\\\/#website\",\"url\":\"https:\\\/\\\/develop.olympic.ca\\\/olympique\\\/\",\"name\":\"\u00c9quipe Canada | Site officiel de l&#039;\u00e9quipe olympique\",\"description\":\"Votre source pour l\u2019\u00c9quipe olympique canadienne. Retrouvez les r\u00e9cits, vid\u00e9os et photos des athl\u00e8tes canadiens, sports olympiques, Jeux olympiques de 2020 et bien plus!\",\"potentialAction\":[{\"@type\":\"SearchAction\",\"target\":{\"@type\":\"EntryPoint\",\"urlTemplate\":\"https:\\\/\\\/develop.olympic.ca\\\/olympique\\\/?s={search_term_string}\"},\"query-input\":{\"@type\":\"PropertyValueSpecification\",\"valueRequired\":true,\"valueName\":\"search_term_string\"}}],\"inLanguage\":\"fr-FR\"}]}<\/script>\n<!-- \/ Yoast SEO plugin. -->","yoast_head_json":{"title":"JOUR 8 : \u00c9quipe Canada \u00e0 Lima 2019 - \u00c9quipe Canada | Site officiel de l&#039;\u00e9quipe olympique","robots":{"index":"index","follow":"follow","max-snippet":"max-snippet:-1","max-image-preview":"max-image-preview:large","max-video-preview":"max-video-preview:-1"},"canonical":"https:\/\/develop.olympic.ca\/olympique\/presse\/jour-8-equipe-canada-a-lima-2019\/","og_locale":"fr_FR","og_type":"article","og_title":"JOUR 8 : \u00c9quipe Canada \u00e0 Lima 2019 - \u00c9quipe Canada | Site officiel de l&#039;\u00e9quipe olympique","og_description":"LIMA, P\u00c9ROU &#8211; Le Canada a conclu une huiti\u00e8me journ\u00e9e plut\u00f4t tranquille aux Jeux panam\u00e9ricains de Lima 2019 avec de...","og_url":"https:\/\/develop.olympic.ca\/olympique\/presse\/jour-8-equipe-canada-a-lima-2019\/","og_site_name":"\u00c9quipe Canada | Site officiel de l&#039;\u00e9quipe olympique","article_modified_time":"2019-08-04T03:35:48+00:00","og_image":[{"width":1340,"height":754,"url":"https:\/\/develop.olympic.ca\/olympique\/wp-content\/uploads\/sites\/2\/2019\/08\/feature-image-water-ski-and-wakeboard-1.png","type":"image\/png"}],"twitter_card":"summary_large_image","twitter_misc":{"Est. reading time":"5 minutes","Written by":"sjsokol"},"schema":{"@context":"https:\/\/schema.org","@graph":[{"@type":"WebPage","@id":"https:\/\/develop.olympic.ca\/olympique\/presse\/jour-8-equipe-canada-a-lima-2019\/","url":"https:\/\/develop.olympic.ca\/olympique\/presse\/jour-8-equipe-canada-a-lima-2019\/","name":"JOUR 8 : \u00c9quipe Canada \u00e0 Lima 2019 - \u00c9quipe Canada | Site officiel de l&#039;\u00e9quipe olympique","isPartOf":{"@id":"https:\/\/develop.olympic.ca\/olympique\/#website"},"primaryImageOfPage":{"@id":"https:\/\/develop.olympic.ca\/olympique\/presse\/jour-8-equipe-canada-a-lima-2019\/#primaryimage"},"image":{"@id":"https:\/\/develop.olympic.ca\/olympique\/presse\/jour-8-equipe-canada-a-lima-2019\/#primaryimage"},"thumbnailUrl":"https:\/\/develop.olympic.ca\/olympique\/wp-content\/uploads\/sites\/2\/2019\/08\/feature-image-water-ski-and-wakeboard-1.png","datePublished":"2019-08-04T03:32:33+00:00","dateModified":"2019-08-04T03:35:48+00:00","inLanguage":"fr-FR","potentialAction":[{"@type":"ReadAction","target":["https:\/\/develop.olympic.ca\/olympique\/presse\/jour-8-equipe-canada-a-lima-2019\/"]}]},{"@type":"ImageObject","inLanguage":"fr-FR","@id":"https:\/\/develop.olympic.ca\/olympique\/presse\/jour-8-equipe-canada-a-lima-2019\/#primaryimage","url":"https:\/\/develop.olympic.ca\/olympique\/wp-content\/uploads\/sites\/2\/2019\/08\/feature-image-water-ski-and-wakeboard-1.png","contentUrl":"https:\/\/develop.olympic.ca\/olympique\/wp-content\/uploads\/sites\/2\/2019\/08\/feature-image-water-ski-and-wakeboard-1.png","width":1340,"height":754},{"@type":"WebSite","@id":"https:\/\/develop.olympic.ca\/olympique\/#website","url":"https:\/\/develop.olympic.ca\/olympique\/","name":"\u00c9quipe Canada | Site officiel de l&#039;\u00e9quipe olympique","description":"Votre source pour l\u2019\u00c9quipe olympique canadienne. Retrouvez les r\u00e9cits, vid\u00e9os et photos des athl\u00e8tes canadiens, sports olympiques, Jeux olympiques de 2020 et bien plus!","potentialAction":[{"@type":"SearchAction","target":{"@type":"EntryPoint","urlTemplate":"https:\/\/develop.olympic.ca\/olympique\/?s={search_term_string}"},"query-input":{"@type":"PropertyValueSpecification","valueRequired":true,"valueName":"search_term_string"}}],"inLanguage":"fr-FR"}]}},"jetpack_sharing_enabled":true,"_links":{"self":[{"href":"https:\/\/develop.olympic.ca\/olympique\/wp-json\/wp\/v2\/press\/153973","targetHints":{"allow":["GET"]}}],"collection":[{"href":"https:\/\/develop.olympic.ca\/olympique\/wp-json\/wp\/v2\/press"}],"about":[{"href":"https:\/\/develop.olympic.ca\/olympique\/wp-json\/wp\/v2\/types\/press"}],"version-history":[{"count":1,"href":"https:\/\/develop.olympic.ca\/olympique\/wp-json\/wp\/v2\/press\/153973\/revisions"}],"predecessor-version":[{"id":153980,"href":"https:\/\/develop.olympic.ca\/olympique\/wp-json\/wp\/v2\/press\/153973\/revisions\/153980"}],"wp:featuredmedia":[{"embeddable":true,"href":"https:\/\/develop.olympic.ca\/olympique\/wp-json\/wp\/v2\/media\/153979"}],"wp:attachment":[{"href":"https:\/\/develop.olympic.ca\/olympique\/wp-json\/wp\/v2\/media?parent=153973"}],"wp:term":[{"taxonomy":"post_tag","embeddable":true,"href":"https:\/\/develop.olympic.ca\/olympique\/wp-json\/wp\/v2\/tags?post=153973"},{"taxonomy":"type-of-press","embeddable":true,"href":"https:\/\/develop.olympic.ca\/olympique\/wp-json\/wp\/v2\/type-of-press?post=153973"},{"taxonomy":"press-topic","embeddable":true,"href":"https:\/\/develop.olympic.ca\/olympique\/wp-json\/wp\/v2\/press-topic?post=153973"},{"taxonomy":"years","embeddable":true,"href":"https:\/\/develop.olympic.ca\/olympique\/wp-json\/wp\/v2\/years?post=153973"}],"curies":[{"name":"wp","href":"https:\/\/api.w.org\/{rel}","templated":true}]}}