{"id":159718,"date":"2020-02-12T09:37:43","date_gmt":"2020-02-12T14:37:43","guid":{"rendered":"http:\/\/develop.olympic.ca\/olympique\/?post_type=press&#038;p=159718"},"modified":"2020-02-12T09:38:05","modified_gmt":"2020-02-12T14:38:05","slug":"equipe-canada-celebre-le-10e-anniversaire-de-vancouver-2010","status":"publish","type":"press","link":"https:\/\/develop.olympic.ca\/olympique\/presse\/equipe-canada-celebre-le-10e-anniversaire-de-vancouver-2010\/","title":{"rendered":"\u00c9quipe Canada c\u00e9l\u00e8bre le 10e anniversaire de Vancouver 2010"},"content":{"rendered":"<p><span style=\"font-weight:300;\">VANCOUVER (12 f\u00e9vrier 2020) \u2013 Il y a 10 ans aujourd\u2019hui, Catriona Le May Doan, Steve Nash, Nancy Greene et Wayne Gretzky ont allum\u00e9 la vasque olympique \u00e0 l\u2019int\u00e9rieur du stade BC Place dans le cadre de la c\u00e9r\u00e9monie d\u2019ouverture qui lan\u00e7ait officiellement les Jeux olympiques d\u2019hiver de Vancouver 2010.<\/span><\/p>\n<p><span style=\"font-weight:300;\">Ces Jeux figurent parmi les plus r\u00e9ussis pour un pays h\u00f4te dans l\u2019histoire olympique. Aux 14 m\u00e9dailles d\u2019or d\u2019\u00c9quipe Canada qui \u00e9taient un sommet pour un pays \u00e0 des Jeux olympiques d\u2019hiver \u00e0 la r\u00e9colte de 26 m\u00e9dailles au total qui repr\u00e9sentaient un record canadien, s\u2019ajoute l\u2019h\u00e9ritage transformateur qui comprend la cr\u00e9ation d\u2019une nouvelle strat\u00e9gie de financement pour le sport et les infrastructures qui portent encore du fruit de nos jours. Vancouver 2010 a marqu\u00e9 un v\u00e9ritable tournant pour le sport au Canada.<\/span><span style=\"font-weight:300;\">\u00a0<\/span><\/p>\n<p><span style=\"font-weight:300;\">Le Comit\u00e9 olympique canadien, la Fondation olympique canadienne, le Comit\u00e9 paralympique canadien et la Fondation paralympique du Canada sont partenaires dans la c\u00e9l\u00e9bration de l\u2019h\u00e9ritage de ces Jeux.<\/span><\/p>\n<p><span style=\"font-weight:300;\">\u00a0<\/span><span style=\"font-weight:300;\">La C\u00e9l\u00e9bration du 10e anniversaire de Vancouver 2010 pr\u00e9sent\u00e9e par RBC, Bell, La Baie d\u2019Hudson et Petro-Canada se d\u00e9roulera le 22 f\u00e9vrier 2020 \u00e0 Vancouver et les l\u00e9gendes olympiques de ces Jeux sont emball\u00e9es de se joindre aux festivit\u00e9s.<\/span><\/p>\n<p><span style=\"font-weight:300;\">Clara Hughes, seule athl\u00e8te \u00e0 avoir remport\u00e9 plusieurs m\u00e9dailles aux Jeux olympiques d\u2019\u00e9t\u00e9 et d\u2019hiver, a eu l\u2019honneur de porter le drapeau canadien dans le cadre de la c\u00e9r\u00e9monie d\u2019ouverture. Elle a ensuite remport\u00e9 sa sixi\u00e8me m\u00e9daille olympique en carri\u00e8re, une m\u00e9daille de bronze au 5000 m de patinage de vitesse longue piste, lui permettant d\u2019\u00e9galer le record canadien de m\u00e9dailles remport\u00e9es aux Jeux olympiques.<\/span><\/p>\n<p><span style=\"font-weight:300;\">\u00ab Il est difficile de d\u00e9crire ce moment qui s\u2019est d\u00e9roul\u00e9 il y a 10 ans. Porter le drapeau canadien dans le stade m\u2019a procur\u00e9 un profond sentiment de fiert\u00e9 et d\u2019honneur, raconte Hughes. Je crois que c\u2019est sp\u00e9cial qu\u2019un grand nombre parmi nous sera en mesure de revivre ce moment \u00e0 Vancouver et j\u2019ai bien h\u00e2te \u00e0 la c\u00e9l\u00e9bration. \u00bb<\/span><span style=\"font-weight:300;\">\u00a0<\/span><\/p>\n<p><span style=\"font-weight:300;\">La patineuse artistique Joannie Rochette a \u00e9t\u00e9 choisie pour porter le drapeau du Canada \u00e0 l\u2019occasion de la c\u00e9r\u00e9monie de cl\u00f4ture, apr\u00e8s avoir fait preuve d\u2019une gigantesque r\u00e9silience en remportant la m\u00e9daille de bronze, quelques jours seulement apr\u00e8s le d\u00e9c\u00e8s soudain de sa m\u00e8re, qui avait fait le voyage \u00e0 Vancouver pour la voir en action.<\/span><\/p>\n<p><span style=\"font-weight:300;\">\u00ab Je n\u2019arrive toujours pas \u00e0 exprimer vraiment la gamme d\u2019\u00e9motions que j\u2019ai ressenties cette journ\u00e9e-l\u00e0, mais ce fut un des moments qui ont d\u00e9fini ma vie \u00bb, raconte Rochette en souvenir de la performance qui a conduit \u00e0 sa m\u00e9daille de bronze \u00e0 Vancouver 2010. \u00ab Avoir la foule locale de mon c\u00f4t\u00e9, qui m\u2019a donn\u00e9 la force et le courage de sortir sur la glace et de tout donner, rend ce moment absolument inoubliable. Ce sera tr\u00e8s sp\u00e9cial de partager ces souvenirs \u00e0 nouveau avec les partisans, dans quelques jours. \u00bb<\/span><\/p>\n<p><span style=\"font-weight:300;\">Un festival public et gratuit des partisans aura lieu \u00e0 la Place Jack Poole, site de la vasque olympique et faisant partie de l\u2019\u00c9difice Ouest du Centre des congr\u00e8s de Vancouver, qui accueillait le Centre international de radio et t\u00e9l\u00e9vision pendant les Jeux. Les festivit\u00e9s se d\u00e9rouleront de 11 h \u00e0 18 h (HP) avec une programmation qui comprendra une prestation musicale sur sc\u00e8ne, des faits saillants des grands moments de Vancouver 2010, des s\u00e9ances de signature d\u2019autographes, des d\u00e9monstrations sportives et l\u2019allumage de la vasque olympique. Les Olympiens qui ont confirm\u00e9 leur pr\u00e9sence au festival comprennent Heather Moyse, Clara Hughes, Denny Morrison et Kelsey Serwa.<\/span><\/p>\n<p><span style=\"font-weight:300;\">Pour la l\u00e9gende du ski acrobatique Alex Bilodeau, qui a \u00e9crit son nom dans les livres d\u2019histoire du sport canadien en devenant le premier m\u00e9daill\u00e9 d\u2019or olympique du Canada \u00e0 la maison, l\u2019occasion de passer du temps avec une communaut\u00e9 de Vancouver qui l\u2019a accueilli est un moment qu\u2019il a h\u00e2te de vivre.<\/span><\/p>\n<p><span style=\"font-weight:300;\">\u00ab \u00c0 Vancouver 2010, j\u2019ai d\u00e9di\u00e9 ma performance \u00e0 mon fr\u00e8re Fr\u00e9d\u00e9ric, raconte Bilodeau. Ceux qui me connaissent un peu savent combien ma famille a jou\u00e9 un r\u00f4le essentiel tout au long de mon parcours sportif. Il n\u2019y a vraiment rien qui se compare \u00e0 concourir \u00e0 la maison. Le soutien et l\u2019amour que j\u2019ai re\u00e7us de la communaut\u00e9 de Vancouver pendant ces Jeux \u00e9tait comme si j\u2019avais une grande famille derri\u00e8re moi. Mon fr\u00e8re et moi avons bien h\u00e2te de tous vous revoir. \u00bb<\/span><span style=\"font-weight:300;\">\u00a0<\/span><\/p>\n<p><span style=\"font-weight:300;\">Apr\u00e8s le festival des partisans, un gala de c\u00e9l\u00e9bration se d\u00e9roulera au Centre des congr\u00e8s de Vancouver en appui de la prochaine g\u00e9n\u00e9ration d\u2019athl\u00e8tes olympiques et paralympiques avec un accent sur ceux bas\u00e9s en Colombie-Britannique, par l\u2019entremise des organismes nationaux de sport, la Fondation olympique canadienne, la Fondation paralympique du Canada et d\u2019autres partenaires du sport. Le programme de la soir\u00e9e mettra en vedette des athl\u00e8tes embl\u00e9matiques de Vancouver 2010, Scott Russell de CBC Sports et Marie-Jos\u00e9 Turcotte de Radio-Canada Sports, une interpr\u00e9tation de la chanson embl\u00e9matique \u2018<\/span><i><span style=\"font-weight:300;\">I Believe<\/span><\/i><span style=\"font-weight:300;\">\u2019 par Nikki Yanovsky et plus encore. Parmi les Olympiens et Paralympiens qui ont confirm\u00e9 leur pr\u00e9sence, on verra Alex Bilodeau, Andrea Brousseau, Chandra Crawford, Josh Dueck, Sonja Gaudet, Alex Gough, Matthew Hallat, Jennifer Heil, Clara Hughes, Catriona Le May Doan, Heather Moyse, Joannie Rochette, Karolina Wisniewska, Lauren Woolstencroft et Tessa Virtue.<\/span><\/p>\n<p><span style=\"font-weight:300;\">Dirig\u00e9 par les copr\u00e9sidents Tricia Smith, pr\u00e9sidente du Comit\u00e9 olympique canadien et quadruple Olympienne, Marc-Andr\u00e9 Fabien, pr\u00e9sident du Comit\u00e9 paralympique canadien, John Furlong, chef de la direction du Comit\u00e9 d\u2019organisation des Jeux olympiques et paralympiques d\u2019hiver de Vancouver 2010 et Darlene Poole, cet \u00e9v\u00e9nement honorera l\u2019h\u00e9ritage de ces Jeux et ce qu\u2019ils continuent de signifier pour tous les Canadiens.<\/span><\/p>\n<p><span style=\"font-weight:300;\">\u00a0<\/span><span style=\"font-weight:300;\">\u00ab Les Jeux de Vancouver 2010 ont uni le pays par la puissance d\u2019une exp\u00e9rience collective positive et a cr\u00e9\u00e9 un h\u00e9ritage de sites, d\u2019installations et de partenariats qui a profit\u00e9 \u00e0 tous les Canadiens, affirme Smith. Ce dixi\u00e8me anniversaire c\u00e9l\u00e9brera ce que les Canadiens sont capables d\u2019accomplir quand nous travaillons ensemble dans une m\u00eame direction pour r\u00e9aliser de grandes choses. Ce sera aussi une occasion incroyable de se r\u00e9unir et de r\u00eaver \u00e0 propos de ce que l\u2019avenir nous r\u00e9serve. \u00bb<\/span><\/p>\n<p><span style=\"font-weight:300;\">Le gala de c\u00e9l\u00e9bration sera ouvert au public \u00e0 l\u2019achat d\u2019une table ou d\u2019un billet individuel sur le site<\/span><a href=\"https:\/\/develop.olympic.ca\/vancouver-2010-10th-anniversary-celebration\/\"> <span style=\"font-weight:300;\">vancouver2010.ca<\/span><\/a><span style=\"font-weight:300;\">. Des renseignements sur une vente aux ench\u00e8res silencieuse de la c\u00e9l\u00e9bration pr\u00e9sent\u00e9e par Bell se trouvent aussi sur ce m\u00eame site Web.<\/span><\/p>\n<p style=\"text-align:center;\"><span style=\"font-weight:300;\">-30-<\/span><\/p>\n<p><span style=\"font-weight:300;\">CONTACTS POUR LES M\u00c9DIAS<\/span><\/p>\n<p><span style=\"font-weight:300;\">Josh Su, sp\u00e9cialiste des relations publiques<br \/>\n<\/span><span style=\"font-weight:300;\">Comit\u00e9 olympique canadien<br \/>\n<\/span><span style=\"font-weight:300;\">Cell. : 647-464-4060<br \/>\n<\/span><span style=\"font-weight:300;\">Courriel : <\/span><a href=\"mailto:jsu@olympique.ca\"><span style=\"font-weight:300;\">jsu@olympique.ca<\/span><\/a><\/p>\n<p><span style=\"font-weight:300;\">Photi Sotiropoulos, directeur des communications et des relations m\u00e9dias<br \/>\n<\/span><span style=\"font-weight:300;\">Comit\u00e9 olympique canadien<br \/>\n<\/span><span style=\"font-weight:300;\">Cell. : 416-476-9174<br \/>\n<\/span><span style=\"font-weight:300;\">Courriel : <\/span><a href=\"mailto:psotiropoulos@olympique.ca\"><span style=\"font-weight:300;\">psotiropoulos@olympique.ca<\/span><\/a><\/p>\n","protected":false},"excerpt":{"rendered":"<p>VANCOUVER (12 f\u00e9vrier 2020) \u2013 Il y a 10 ans aujourd\u2019hui, Catriona Le May Doan, Steve Nash, Nancy Greene et&#8230;<\/p>\n","protected":false},"featured_media":159720,"template":"","format":"standard","tags":[],"type-of-press":[496138],"press-topic":[682163113],"years":[682163027],"class_list":["post-159718","press","type-press","status-publish","format-standard","has-post-thumbnail","hentry","type-of-press-communiques","press-topic-vancouver-2010","years-682163027"],"acf":[],"yoast_head":"<!-- This site is optimized with the Yoast SEO plugin v27.3 - https:\/\/yoast.com\/product\/yoast-seo-wordpress\/ -->\n<title>\u00c9quipe Canada c\u00e9l\u00e8bre le 10e anniversaire de Vancouver 2010 - \u00c9quipe Canada | Site officiel de l&#039;\u00e9quipe olympique<\/title>\n<meta name=\"robots\" content=\"index, follow, max-snippet:-1, max-image-preview:large, max-video-preview:-1\" \/>\n<link rel=\"canonical\" href=\"https:\/\/develop.olympic.ca\/olympique\/presse\/equipe-canada-celebre-le-10e-anniversaire-de-vancouver-2010\/\" \/>\n<meta property=\"og:locale\" content=\"fr_FR\" \/>\n<meta property=\"og:type\" content=\"article\" \/>\n<meta property=\"og:title\" content=\"\u00c9quipe Canada c\u00e9l\u00e8bre le 10e anniversaire de Vancouver 2010 - \u00c9quipe Canada | Site officiel de l&#039;\u00e9quipe olympique\" \/>\n<meta property=\"og:description\" content=\"VANCOUVER (12 f\u00e9vrier 2020) \u2013 Il y a 10 ans aujourd\u2019hui, Catriona Le May Doan, Steve Nash, Nancy Greene et...\" \/>\n<meta property=\"og:url\" content=\"https:\/\/develop.olympic.ca\/olympique\/presse\/equipe-canada-celebre-le-10e-anniversaire-de-vancouver-2010\/\" \/>\n<meta property=\"og:site_name\" content=\"\u00c9quipe Canada | Site officiel de l&#039;\u00e9quipe olympique\" \/>\n<meta property=\"article:modified_time\" content=\"2020-02-12T14:38:05+00:00\" \/>\n<meta property=\"og:image\" content=\"https:\/\/develop.olympic.ca\/olympique\/wp-content\/uploads\/sites\/2\/2020\/02\/feature_image-1.jpg?quality=100\" \/>\n\t<meta property=\"og:image:width\" content=\"1010\" \/>\n\t<meta property=\"og:image:height\" content=\"568\" \/>\n\t<meta property=\"og:image:type\" content=\"image\/jpeg\" \/>\n<meta name=\"twitter:card\" content=\"summary_large_image\" \/>\n<meta name=\"twitter:label1\" content=\"Est. reading time\" \/>\n\t<meta name=\"twitter:data1\" content=\"6 minutes\" \/>\n\t<meta name=\"twitter:label2\" content=\"Written by\" \/>\n\t<meta name=\"twitter:data2\" content=\"joshsu\" \/>\n<script type=\"application\/ld+json\" class=\"yoast-schema-graph\">{\"@context\":\"https:\\\/\\\/schema.org\",\"@graph\":[{\"@type\":\"WebPage\",\"@id\":\"https:\\\/\\\/develop.olympic.ca\\\/olympique\\\/presse\\\/equipe-canada-celebre-le-10e-anniversaire-de-vancouver-2010\\\/\",\"url\":\"https:\\\/\\\/develop.olympic.ca\\\/olympique\\\/presse\\\/equipe-canada-celebre-le-10e-anniversaire-de-vancouver-2010\\\/\",\"name\":\"\u00c9quipe Canada c\u00e9l\u00e8bre le 10e anniversaire de Vancouver 2010 - \u00c9quipe Canada | Site officiel de l&#039;\u00e9quipe olympique\",\"isPartOf\":{\"@id\":\"https:\\\/\\\/develop.olympic.ca\\\/olympique\\\/#website\"},\"primaryImageOfPage\":{\"@id\":\"https:\\\/\\\/develop.olympic.ca\\\/olympique\\\/presse\\\/equipe-canada-celebre-le-10e-anniversaire-de-vancouver-2010\\\/#primaryimage\"},\"image\":{\"@id\":\"https:\\\/\\\/develop.olympic.ca\\\/olympique\\\/presse\\\/equipe-canada-celebre-le-10e-anniversaire-de-vancouver-2010\\\/#primaryimage\"},\"thumbnailUrl\":\"https:\\\/\\\/develop.olympic.ca\\\/olympique\\\/wp-content\\\/uploads\\\/sites\\\/2\\\/2020\\\/02\\\/feature_image-1.jpg?quality=100\",\"datePublished\":\"2020-02-12T14:37:43+00:00\",\"dateModified\":\"2020-02-12T14:38:05+00:00\",\"inLanguage\":\"fr-FR\",\"potentialAction\":[{\"@type\":\"ReadAction\",\"target\":[\"https:\\\/\\\/develop.olympic.ca\\\/olympique\\\/presse\\\/equipe-canada-celebre-le-10e-anniversaire-de-vancouver-2010\\\/\"]}]},{\"@type\":\"ImageObject\",\"inLanguage\":\"fr-FR\",\"@id\":\"https:\\\/\\\/develop.olympic.ca\\\/olympique\\\/presse\\\/equipe-canada-celebre-le-10e-anniversaire-de-vancouver-2010\\\/#primaryimage\",\"url\":\"https:\\\/\\\/develop.olympic.ca\\\/olympique\\\/wp-content\\\/uploads\\\/sites\\\/2\\\/2020\\\/02\\\/feature_image-1.jpg?quality=100\",\"contentUrl\":\"https:\\\/\\\/develop.olympic.ca\\\/olympique\\\/wp-content\\\/uploads\\\/sites\\\/2\\\/2020\\\/02\\\/feature_image-1.jpg?quality=100\",\"width\":1010,\"height\":568},{\"@type\":\"WebSite\",\"@id\":\"https:\\\/\\\/develop.olympic.ca\\\/olympique\\\/#website\",\"url\":\"https:\\\/\\\/develop.olympic.ca\\\/olympique\\\/\",\"name\":\"\u00c9quipe Canada | Site officiel de l&#039;\u00e9quipe olympique\",\"description\":\"Votre source pour l\u2019\u00c9quipe olympique canadienne. Retrouvez les r\u00e9cits, vid\u00e9os et photos des athl\u00e8tes canadiens, sports olympiques, Jeux olympiques de 2020 et bien plus!\",\"potentialAction\":[{\"@type\":\"SearchAction\",\"target\":{\"@type\":\"EntryPoint\",\"urlTemplate\":\"https:\\\/\\\/develop.olympic.ca\\\/olympique\\\/?s={search_term_string}\"},\"query-input\":{\"@type\":\"PropertyValueSpecification\",\"valueRequired\":true,\"valueName\":\"search_term_string\"}}],\"inLanguage\":\"fr-FR\"}]}<\/script>\n<!-- \/ Yoast SEO plugin. -->","yoast_head_json":{"title":"\u00c9quipe Canada c\u00e9l\u00e8bre le 10e anniversaire de Vancouver 2010 - \u00c9quipe Canada | Site officiel de l&#039;\u00e9quipe olympique","robots":{"index":"index","follow":"follow","max-snippet":"max-snippet:-1","max-image-preview":"max-image-preview:large","max-video-preview":"max-video-preview:-1"},"canonical":"https:\/\/develop.olympic.ca\/olympique\/presse\/equipe-canada-celebre-le-10e-anniversaire-de-vancouver-2010\/","og_locale":"fr_FR","og_type":"article","og_title":"\u00c9quipe Canada c\u00e9l\u00e8bre le 10e anniversaire de Vancouver 2010 - \u00c9quipe Canada | Site officiel de l&#039;\u00e9quipe olympique","og_description":"VANCOUVER (12 f\u00e9vrier 2020) \u2013 Il y a 10 ans aujourd\u2019hui, Catriona Le May Doan, Steve Nash, Nancy Greene et...","og_url":"https:\/\/develop.olympic.ca\/olympique\/presse\/equipe-canada-celebre-le-10e-anniversaire-de-vancouver-2010\/","og_site_name":"\u00c9quipe Canada | Site officiel de l&#039;\u00e9quipe olympique","article_modified_time":"2020-02-12T14:38:05+00:00","og_image":[{"width":1010,"height":568,"url":"https:\/\/develop.olympic.ca\/olympique\/wp-content\/uploads\/sites\/2\/2020\/02\/feature_image-1.jpg?quality=100","type":"image\/jpeg"}],"twitter_card":"summary_large_image","twitter_misc":{"Est. reading time":"6 minutes","Written by":"joshsu"},"schema":{"@context":"https:\/\/schema.org","@graph":[{"@type":"WebPage","@id":"https:\/\/develop.olympic.ca\/olympique\/presse\/equipe-canada-celebre-le-10e-anniversaire-de-vancouver-2010\/","url":"https:\/\/develop.olympic.ca\/olympique\/presse\/equipe-canada-celebre-le-10e-anniversaire-de-vancouver-2010\/","name":"\u00c9quipe Canada c\u00e9l\u00e8bre le 10e anniversaire de Vancouver 2010 - \u00c9quipe Canada | Site officiel de l&#039;\u00e9quipe olympique","isPartOf":{"@id":"https:\/\/develop.olympic.ca\/olympique\/#website"},"primaryImageOfPage":{"@id":"https:\/\/develop.olympic.ca\/olympique\/presse\/equipe-canada-celebre-le-10e-anniversaire-de-vancouver-2010\/#primaryimage"},"image":{"@id":"https:\/\/develop.olympic.ca\/olympique\/presse\/equipe-canada-celebre-le-10e-anniversaire-de-vancouver-2010\/#primaryimage"},"thumbnailUrl":"https:\/\/develop.olympic.ca\/olympique\/wp-content\/uploads\/sites\/2\/2020\/02\/feature_image-1.jpg?quality=100","datePublished":"2020-02-12T14:37:43+00:00","dateModified":"2020-02-12T14:38:05+00:00","inLanguage":"fr-FR","potentialAction":[{"@type":"ReadAction","target":["https:\/\/develop.olympic.ca\/olympique\/presse\/equipe-canada-celebre-le-10e-anniversaire-de-vancouver-2010\/"]}]},{"@type":"ImageObject","inLanguage":"fr-FR","@id":"https:\/\/develop.olympic.ca\/olympique\/presse\/equipe-canada-celebre-le-10e-anniversaire-de-vancouver-2010\/#primaryimage","url":"https:\/\/develop.olympic.ca\/olympique\/wp-content\/uploads\/sites\/2\/2020\/02\/feature_image-1.jpg?quality=100","contentUrl":"https:\/\/develop.olympic.ca\/olympique\/wp-content\/uploads\/sites\/2\/2020\/02\/feature_image-1.jpg?quality=100","width":1010,"height":568},{"@type":"WebSite","@id":"https:\/\/develop.olympic.ca\/olympique\/#website","url":"https:\/\/develop.olympic.ca\/olympique\/","name":"\u00c9quipe Canada | Site officiel de l&#039;\u00e9quipe olympique","description":"Votre source pour l\u2019\u00c9quipe olympique canadienne. Retrouvez les r\u00e9cits, vid\u00e9os et photos des athl\u00e8tes canadiens, sports olympiques, Jeux olympiques de 2020 et bien plus!","potentialAction":[{"@type":"SearchAction","target":{"@type":"EntryPoint","urlTemplate":"https:\/\/develop.olympic.ca\/olympique\/?s={search_term_string}"},"query-input":{"@type":"PropertyValueSpecification","valueRequired":true,"valueName":"search_term_string"}}],"inLanguage":"fr-FR"}]}},"jetpack_sharing_enabled":true,"_links":{"self":[{"href":"https:\/\/develop.olympic.ca\/olympique\/wp-json\/wp\/v2\/press\/159718","targetHints":{"allow":["GET"]}}],"collection":[{"href":"https:\/\/develop.olympic.ca\/olympique\/wp-json\/wp\/v2\/press"}],"about":[{"href":"https:\/\/develop.olympic.ca\/olympique\/wp-json\/wp\/v2\/types\/press"}],"version-history":[{"count":1,"href":"https:\/\/develop.olympic.ca\/olympique\/wp-json\/wp\/v2\/press\/159718\/revisions"}],"predecessor-version":[{"id":159719,"href":"https:\/\/develop.olympic.ca\/olympique\/wp-json\/wp\/v2\/press\/159718\/revisions\/159719"}],"wp:featuredmedia":[{"embeddable":true,"href":"https:\/\/develop.olympic.ca\/olympique\/wp-json\/wp\/v2\/media\/159720"}],"wp:attachment":[{"href":"https:\/\/develop.olympic.ca\/olympique\/wp-json\/wp\/v2\/media?parent=159718"}],"wp:term":[{"taxonomy":"post_tag","embeddable":true,"href":"https:\/\/develop.olympic.ca\/olympique\/wp-json\/wp\/v2\/tags?post=159718"},{"taxonomy":"type-of-press","embeddable":true,"href":"https:\/\/develop.olympic.ca\/olympique\/wp-json\/wp\/v2\/type-of-press?post=159718"},{"taxonomy":"press-topic","embeddable":true,"href":"https:\/\/develop.olympic.ca\/olympique\/wp-json\/wp\/v2\/press-topic?post=159718"},{"taxonomy":"years","embeddable":true,"href":"https:\/\/develop.olympic.ca\/olympique\/wp-json\/wp\/v2\/years?post=159718"}],"curies":[{"name":"wp","href":"https:\/\/api.w.org\/{rel}","templated":true}]}}