{"id":159908,"date":"2020-02-20T15:31:11","date_gmt":"2020-02-20T20:31:11","guid":{"rendered":"http:\/\/develop.olympic.ca\/olympique\/?post_type=press&#038;p=159908"},"modified":"2020-02-20T15:35:36","modified_gmt":"2020-02-20T20:35:36","slug":"les-legendes-de-vancouver-2010-celebreront-le-10e-anniversaire-des-jeux-a-la-place-jack-poole","status":"publish","type":"press","link":"https:\/\/develop.olympic.ca\/olympique\/presse\/les-legendes-de-vancouver-2010-celebreront-le-10e-anniversaire-des-jeux-a-la-place-jack-poole\/","title":{"rendered":"Les l\u00e9gendes de Vancouver 2010 c\u00e9l\u00e9breront le 10e anniversaire des Jeux \u00e0 la Place Jack Poole"},"content":{"rendered":"<p><span style=\"font-weight:300;\">VANCOUVER (20 f\u00e9vrier 2020) \u2013 Le samedi 22 f\u00e9vrier 2020, des athl\u00e8tes olympiques et paralympiques de renom seront disponibles pour des entrevues dans le cadre du Festival de c\u00e9l\u00e9bration du 10e anniversaire des Jeux de Vancouver 2010 pr\u00e9sent\u00e9 par RBC, Bell, La Baie d\u2019Hudson et Petro-Canada, \u00e0 la Place Jack Poole.\u00a0<\/span><\/p>\n<p><span style=\"font-weight:300;\">Organis\u00e9 par le Comit\u00e9 olympique canadien et le Comit\u00e9 paralympique canadien, le festival gratuit pour les partisans se d\u00e9roulera de 11 h \u00e0 18 h (HP) avec de nombreuses activit\u00e9s au programme, notamment des rencontres avec les athl\u00e8tes olympiques et paralympiques, des d\u00e9monstrations sportives, des pr\u00e9sentations sur la sc\u00e8ne principale et un kiosque de maquillage pour les enfants.<\/span><\/p>\n<p><span style=\"font-weight:300;\">\u00c0 17 h 30 (HP), l\u2019esprit des Jeux reprendra vie \u00e0 l\u2019occasion d\u2019un allumage c\u00e9r\u00e9monial de la vasque et une performance musicale de Lights, triple laur\u00e9ate d\u2019un prix Juno, qui pr\u00e9sentera son projet remix pour la premi\u00e8re fois pour son audience de Vancouver.<\/span><\/p>\n<p><span style=\"font-weight:300;\">Les repr\u00e9sentants des m\u00e9dias sont invit\u00e9s pour r\u00e9aliser des entrevues, prendre des photos et enregistrer des images. <\/span><b>Veuillez confirmer votre pr\u00e9sence aupr\u00e8s de Josh Su (jsu@olympique.ca).<\/b><\/p>\n<p><b>FAITS SAILLANTS DU FESTIVAL<\/b><\/p>\n<p><span style=\"font-weight:300;\">11 h 00 \u2013 Mot de bienvenue et reconnaissance du territoire<br \/>\n<\/span><span style=\"font-weight:300;\">11 h 10 \u2013 Faits saillants de Vancouver 2010 : Match de la m\u00e9daille d\u2019or du hockey f\u00e9minin<br \/>\n<\/span><b>12 h 00 \u2013 Disponibilit\u00e9 m\u00e9dia 1 (Vasque olympique)<br \/>\n<\/b><span style=\"font-weight:300;\">12 h 40 \u2013 Jeu : \u00ab Une minute pour gagner \u00bb avec un(e) athl\u00e8te<br \/>\n<\/span><span style=\"font-weight:300;\">13 h 50 \u2013 Jeu : \u00ab Heads Up \u00bb avec un(e) athl\u00e8te<br \/>\n<\/span><b>14 h 15 \u2013 Disponibilit\u00e9 m\u00e9dia 2 (Vasque olympique)<br \/>\n<\/b><span style=\"font-weight:300;\">15 h 10 \u2013 Faits saillants de Vancouver 2010 : Commentaire en direct de Clara Hughes sur sa performance<br \/>\n<\/span><span style=\"font-weight:300;\">15 h 20 &#8211; Faits saillants de Vancouver 2010 : Match de la m\u00e9daille d\u2019or du hockey masculin<br \/>\n<\/span><b>16 h 00 &#8211; Disponibilit\u00e9 m\u00e9dia 3 (Vasque olympique)<br \/>\n<\/b><span style=\"font-weight:300;\">16 h 40 \u2013 Jeu questionnaire : Athl\u00e8tes d\u2019\u00e9t\u00e9 vs Athl\u00e8tes d\u2019hiver<br \/>\n<\/span><b>17 h 15 &#8211; Disponibilit\u00e9 m\u00e9dia 4 (Vasque olympique)<br \/>\n<\/b><span style=\"font-weight:300;\">17 h 20 \u2013 Performance musicale : Coastal Wolf Pack<br \/>\n<\/span><span style=\"font-weight:300;\">17 h 35 \u2013 C\u00e9r\u00e9monie d\u2019allumage de la vasque olympique<br \/>\n<\/span><span style=\"font-weight:300;\">17 h 50 \u2013 Performance musicale : Lights [Remix]<\/span><\/p>\n<p><b>QUI (VANCOUVER 2010) :<\/b><\/p>\n<p><span style=\"font-weight:300;\">Disponibilit\u00e9 m\u00e9dia 1<\/span><\/p>\n<p><span style=\"font-weight:300;\">Dasha Atkins<br \/>\n<\/span><span style=\"font-weight:300;\">Guillaume Bastille<br \/>\n<\/span><span style=\"font-weight:300;\">Anastasia Bucsis<br \/>\n<\/span><span style=\"font-weight:300;\">Mathieu Giroux<br \/>\n<\/span><span style=\"font-weight:300;\">Trevor Morrice<br \/>\n<\/span><span style=\"font-weight:300;\">Heather Moyse<br \/>\n<\/span><span style=\"font-family:-apple-system, BlinkMacSystemFont, 'Segoe UI', Roboto, Oxygen-Sans, Ubuntu, Cantarell, 'Helvetica Neue', sans-serif;\">Jason Myslicki<br \/>\n<\/span><span style=\"font-weight:300;\">Kristi Richards<br \/>\n<\/span><span style=\"font-weight:300;\">Kelsey Serwa<br \/>\n<\/span><span style=\"font-weight:300;\">Christopher Spring<br \/>\n<\/span><span style=\"font-weight:300;\">Neville Wright<\/span><\/p>\n<p><span style=\"font-weight:300;\">Disponibilit\u00e9 m\u00e9dia 2 \u00e0 4<\/span><\/p>\n<p><span style=\"font-weight:300;\">Alexandre Bilodeau<br \/>\n<\/span><span style=\"font-weight:300;\">Colette Bourgonje<br \/>\n<\/span><span style=\"font-weight:300;\">Billy Bridges<br \/>\n<\/span><span style=\"font-weight:300;\">Ian Cockerline<br \/>\n<\/span><span style=\"font-weight:300;\">Josh Dueck<br \/>\n<\/span><span style=\"font-weight:300;\">Sam Edney<br \/>\n<\/span><span style=\"font-weight:300;\">Jenn Heil<br \/>\n<\/span><span style=\"font-weight:300;\">Clara Hughes<br \/>\n<\/span><span style=\"font-weight:300;\">Jessica Levins<br \/>\n<\/span><span style=\"font-weight:300;\">Herv\u00e9 Lord<br \/>\n<\/span><span style=\"font-weight:300;\">Lucas Makowsky<br \/>\n<\/span><span style=\"font-weight:300;\">Eric Mitchell<br \/>\n<\/span><span style=\"font-weight:300;\">Denny Morrison<br \/>\n<\/span><span style=\"font-weight:300;\">Christine Nesbitt<br \/>\n<\/span><span style=\"font-weight:300;\">Mercedes Nicoll<br \/>\n<\/span><span style=\"font-weight:300;\">Maelle Ricker<br \/>\n<\/span><span style=\"font-weight:300;\">Joannie Rochette<br \/>\n<\/span><span style=\"font-weight:300;\">Jamie Stirling<br \/>\n<\/span><span style=\"font-weight:300;\">Tania Vicent<br \/>\n<\/span><span style=\"font-weight:300;\">Tristan Walker<\/span><\/p>\n<p><b>O\u00d9<\/b><\/p>\n<p><span style=\"font-weight:300;\">Place Jack Poole<br \/>\n<\/span><span style=\"font-weight:300;\">1055, Place du Canada, Vancouver (C.-B.)<br \/>\n<\/span><span style=\"font-weight:300;\">V6C 3L5<\/span><\/p>\n<p><i><span style=\"font-weight:300;\">Note : Les faits saillants vid\u00e9o de Vancouver 2010 et la performance de Lights [Remix] ne peuvent PAS \u00eatre enregistr\u00e9 par cam\u00e9ral. Des photos du Festival de la c\u00e9l\u00e9bration seront mises \u00e0 la disposition \u00e0 des fins \u00e9ditoriales. Veuillez contacter Josh Su (<a href=\"mailto:jsu@olympique.ca\">jsu@olympique.ca<\/a>) pour de plus amples renseignements. <\/span><\/i><\/p>\n<p style=\"text-align:center;\"><span style=\"font-weight:300;\">-30-<\/span><\/p>\n<p><span style=\"font-weight:300;\">CONTACTS M\u00c9DIAS DU COC<\/span><\/p>\n<p><span style=\"font-weight:300;\">Josh Su, sp\u00e9cialiste des relations publiques<br \/>\n<\/span><span style=\"font-weight:300;\">Cell. : 647-464-4060<br \/>\n<\/span><span style=\"font-weight:300;\">Courriel : <a href=\"mailto:jsu@olympique.ca\">jsu@olympique.ca<\/a>\u00a0<\/span><\/p>\n<p><span style=\"font-weight:300;\">Photi Sotiropoulos, directeur des communications et des relations m\u00e9dias<br \/>\n<\/span><span style=\"font-weight:300;\">Cell. : 416-476-9174<br \/>\n<\/span><span style=\"font-weight:300;\">Courriel : <a href=\"mailto:psotiropoulos@olympique.ca\">psotiropoulos@olympique.ca<\/a><\/span><\/p>\n","protected":false},"excerpt":{"rendered":"<p>VANCOUVER (20 f\u00e9vrier 2020) \u2013 Le samedi 22 f\u00e9vrier 2020, des athl\u00e8tes olympiques et paralympiques de renom seront disponibles pour&#8230;<\/p>\n","protected":false},"featured_media":159260,"template":"","format":"standard","tags":[],"type-of-press":[87640050],"press-topic":[682163113],"years":[682163027],"class_list":["post-159908","press","type-press","status-publish","format-standard","has-post-thumbnail","hentry","type-of-press-avis-aux-medias","press-topic-vancouver-2010","years-682163027"],"acf":[],"yoast_head":"<!-- This site is optimized with the Yoast SEO plugin v27.3 - https:\/\/yoast.com\/product\/yoast-seo-wordpress\/ -->\n<title>Les l\u00e9gendes de Vancouver 2010 c\u00e9l\u00e9breront le 10e anniversaire des Jeux \u00e0 la Place Jack Poole - \u00c9quipe Canada | Site officiel de l&#039;\u00e9quipe olympique<\/title>\n<meta name=\"robots\" content=\"index, follow, max-snippet:-1, max-image-preview:large, max-video-preview:-1\" \/>\n<link rel=\"canonical\" href=\"https:\/\/develop.olympic.ca\/olympique\/presse\/les-legendes-de-vancouver-2010-celebreront-le-10e-anniversaire-des-jeux-a-la-place-jack-poole\/\" \/>\n<meta property=\"og:locale\" content=\"fr_FR\" \/>\n<meta property=\"og:type\" content=\"article\" \/>\n<meta property=\"og:title\" content=\"Les l\u00e9gendes de Vancouver 2010 c\u00e9l\u00e9breront le 10e anniversaire des Jeux \u00e0 la Place Jack Poole - \u00c9quipe Canada | Site officiel de l&#039;\u00e9quipe olympique\" \/>\n<meta property=\"og:description\" content=\"VANCOUVER (20 f\u00e9vrier 2020) \u2013 Le samedi 22 f\u00e9vrier 2020, des athl\u00e8tes olympiques et paralympiques de renom seront disponibles pour...\" \/>\n<meta property=\"og:url\" content=\"https:\/\/develop.olympic.ca\/olympique\/presse\/les-legendes-de-vancouver-2010-celebreront-le-10e-anniversaire-des-jeux-a-la-place-jack-poole\/\" \/>\n<meta property=\"og:site_name\" content=\"\u00c9quipe Canada | Site officiel de l&#039;\u00e9quipe olympique\" \/>\n<meta property=\"article:modified_time\" content=\"2020-02-20T20:35:36+00:00\" \/>\n<meta property=\"og:image\" content=\"https:\/\/develop.olympic.ca\/olympique\/wp-content\/uploads\/sites\/2\/2020\/01\/digital-horizontal-web-fr-withpp.jpg?quality=100\" \/>\n\t<meta property=\"og:image:width\" content=\"2680\" \/>\n\t<meta property=\"og:image:height\" content=\"1508\" \/>\n\t<meta property=\"og:image:type\" content=\"image\/jpeg\" \/>\n<meta name=\"twitter:card\" content=\"summary_large_image\" \/>\n<meta name=\"twitter:label1\" content=\"Est. reading time\" \/>\n\t<meta name=\"twitter:data1\" content=\"3 minutes\" \/>\n\t<meta name=\"twitter:label2\" content=\"Written by\" \/>\n\t<meta name=\"twitter:data2\" content=\"joshsu\" \/>\n<script type=\"application\/ld+json\" class=\"yoast-schema-graph\">{\"@context\":\"https:\\\/\\\/schema.org\",\"@graph\":[{\"@type\":\"WebPage\",\"@id\":\"https:\\\/\\\/develop.olympic.ca\\\/olympique\\\/presse\\\/les-legendes-de-vancouver-2010-celebreront-le-10e-anniversaire-des-jeux-a-la-place-jack-poole\\\/\",\"url\":\"https:\\\/\\\/develop.olympic.ca\\\/olympique\\\/presse\\\/les-legendes-de-vancouver-2010-celebreront-le-10e-anniversaire-des-jeux-a-la-place-jack-poole\\\/\",\"name\":\"Les l\u00e9gendes de Vancouver 2010 c\u00e9l\u00e9breront le 10e anniversaire des Jeux \u00e0 la Place Jack Poole - \u00c9quipe Canada | Site officiel de l&#039;\u00e9quipe olympique\",\"isPartOf\":{\"@id\":\"https:\\\/\\\/develop.olympic.ca\\\/olympique\\\/#website\"},\"primaryImageOfPage\":{\"@id\":\"https:\\\/\\\/develop.olympic.ca\\\/olympique\\\/presse\\\/les-legendes-de-vancouver-2010-celebreront-le-10e-anniversaire-des-jeux-a-la-place-jack-poole\\\/#primaryimage\"},\"image\":{\"@id\":\"https:\\\/\\\/develop.olympic.ca\\\/olympique\\\/presse\\\/les-legendes-de-vancouver-2010-celebreront-le-10e-anniversaire-des-jeux-a-la-place-jack-poole\\\/#primaryimage\"},\"thumbnailUrl\":\"https:\\\/\\\/develop.olympic.ca\\\/olympique\\\/wp-content\\\/uploads\\\/sites\\\/2\\\/2020\\\/01\\\/digital-horizontal-web-fr-withpp.jpg?quality=100\",\"datePublished\":\"2020-02-20T20:31:11+00:00\",\"dateModified\":\"2020-02-20T20:35:36+00:00\",\"inLanguage\":\"fr-FR\",\"potentialAction\":[{\"@type\":\"ReadAction\",\"target\":[\"https:\\\/\\\/develop.olympic.ca\\\/olympique\\\/presse\\\/les-legendes-de-vancouver-2010-celebreront-le-10e-anniversaire-des-jeux-a-la-place-jack-poole\\\/\"]}]},{\"@type\":\"ImageObject\",\"inLanguage\":\"fr-FR\",\"@id\":\"https:\\\/\\\/develop.olympic.ca\\\/olympique\\\/presse\\\/les-legendes-de-vancouver-2010-celebreront-le-10e-anniversaire-des-jeux-a-la-place-jack-poole\\\/#primaryimage\",\"url\":\"https:\\\/\\\/develop.olympic.ca\\\/olympique\\\/wp-content\\\/uploads\\\/sites\\\/2\\\/2020\\\/01\\\/digital-horizontal-web-fr-withpp.jpg?quality=100\",\"contentUrl\":\"https:\\\/\\\/develop.olympic.ca\\\/olympique\\\/wp-content\\\/uploads\\\/sites\\\/2\\\/2020\\\/01\\\/digital-horizontal-web-fr-withpp.jpg?quality=100\",\"width\":2680,\"height\":1508,\"caption\":\"C\u00e9l\u00e9bration du 10e anniversaire des Jeux de Vancouver 2010\"},{\"@type\":\"WebSite\",\"@id\":\"https:\\\/\\\/develop.olympic.ca\\\/olympique\\\/#website\",\"url\":\"https:\\\/\\\/develop.olympic.ca\\\/olympique\\\/\",\"name\":\"\u00c9quipe Canada | Site officiel de l&#039;\u00e9quipe olympique\",\"description\":\"Votre source pour l\u2019\u00c9quipe olympique canadienne. Retrouvez les r\u00e9cits, vid\u00e9os et photos des athl\u00e8tes canadiens, sports olympiques, Jeux olympiques de 2020 et bien plus!\",\"potentialAction\":[{\"@type\":\"SearchAction\",\"target\":{\"@type\":\"EntryPoint\",\"urlTemplate\":\"https:\\\/\\\/develop.olympic.ca\\\/olympique\\\/?s={search_term_string}\"},\"query-input\":{\"@type\":\"PropertyValueSpecification\",\"valueRequired\":true,\"valueName\":\"search_term_string\"}}],\"inLanguage\":\"fr-FR\"}]}<\/script>\n<!-- \/ Yoast SEO plugin. -->","yoast_head_json":{"title":"Les l\u00e9gendes de Vancouver 2010 c\u00e9l\u00e9breront le 10e anniversaire des Jeux \u00e0 la Place Jack Poole - \u00c9quipe Canada | Site officiel de l&#039;\u00e9quipe olympique","robots":{"index":"index","follow":"follow","max-snippet":"max-snippet:-1","max-image-preview":"max-image-preview:large","max-video-preview":"max-video-preview:-1"},"canonical":"https:\/\/develop.olympic.ca\/olympique\/presse\/les-legendes-de-vancouver-2010-celebreront-le-10e-anniversaire-des-jeux-a-la-place-jack-poole\/","og_locale":"fr_FR","og_type":"article","og_title":"Les l\u00e9gendes de Vancouver 2010 c\u00e9l\u00e9breront le 10e anniversaire des Jeux \u00e0 la Place Jack Poole - \u00c9quipe Canada | Site officiel de l&#039;\u00e9quipe olympique","og_description":"VANCOUVER (20 f\u00e9vrier 2020) \u2013 Le samedi 22 f\u00e9vrier 2020, des athl\u00e8tes olympiques et paralympiques de renom seront disponibles pour...","og_url":"https:\/\/develop.olympic.ca\/olympique\/presse\/les-legendes-de-vancouver-2010-celebreront-le-10e-anniversaire-des-jeux-a-la-place-jack-poole\/","og_site_name":"\u00c9quipe Canada | Site officiel de l&#039;\u00e9quipe olympique","article_modified_time":"2020-02-20T20:35:36+00:00","og_image":[{"width":2680,"height":1508,"url":"https:\/\/develop.olympic.ca\/olympique\/wp-content\/uploads\/sites\/2\/2020\/01\/digital-horizontal-web-fr-withpp.jpg?quality=100","type":"image\/jpeg"}],"twitter_card":"summary_large_image","twitter_misc":{"Est. reading time":"3 minutes","Written by":"joshsu"},"schema":{"@context":"https:\/\/schema.org","@graph":[{"@type":"WebPage","@id":"https:\/\/develop.olympic.ca\/olympique\/presse\/les-legendes-de-vancouver-2010-celebreront-le-10e-anniversaire-des-jeux-a-la-place-jack-poole\/","url":"https:\/\/develop.olympic.ca\/olympique\/presse\/les-legendes-de-vancouver-2010-celebreront-le-10e-anniversaire-des-jeux-a-la-place-jack-poole\/","name":"Les l\u00e9gendes de Vancouver 2010 c\u00e9l\u00e9breront le 10e anniversaire des Jeux \u00e0 la Place Jack Poole - \u00c9quipe Canada | Site officiel de l&#039;\u00e9quipe olympique","isPartOf":{"@id":"https:\/\/develop.olympic.ca\/olympique\/#website"},"primaryImageOfPage":{"@id":"https:\/\/develop.olympic.ca\/olympique\/presse\/les-legendes-de-vancouver-2010-celebreront-le-10e-anniversaire-des-jeux-a-la-place-jack-poole\/#primaryimage"},"image":{"@id":"https:\/\/develop.olympic.ca\/olympique\/presse\/les-legendes-de-vancouver-2010-celebreront-le-10e-anniversaire-des-jeux-a-la-place-jack-poole\/#primaryimage"},"thumbnailUrl":"https:\/\/develop.olympic.ca\/olympique\/wp-content\/uploads\/sites\/2\/2020\/01\/digital-horizontal-web-fr-withpp.jpg?quality=100","datePublished":"2020-02-20T20:31:11+00:00","dateModified":"2020-02-20T20:35:36+00:00","inLanguage":"fr-FR","potentialAction":[{"@type":"ReadAction","target":["https:\/\/develop.olympic.ca\/olympique\/presse\/les-legendes-de-vancouver-2010-celebreront-le-10e-anniversaire-des-jeux-a-la-place-jack-poole\/"]}]},{"@type":"ImageObject","inLanguage":"fr-FR","@id":"https:\/\/develop.olympic.ca\/olympique\/presse\/les-legendes-de-vancouver-2010-celebreront-le-10e-anniversaire-des-jeux-a-la-place-jack-poole\/#primaryimage","url":"https:\/\/develop.olympic.ca\/olympique\/wp-content\/uploads\/sites\/2\/2020\/01\/digital-horizontal-web-fr-withpp.jpg?quality=100","contentUrl":"https:\/\/develop.olympic.ca\/olympique\/wp-content\/uploads\/sites\/2\/2020\/01\/digital-horizontal-web-fr-withpp.jpg?quality=100","width":2680,"height":1508,"caption":"C\u00e9l\u00e9bration du 10e anniversaire des Jeux de Vancouver 2010"},{"@type":"WebSite","@id":"https:\/\/develop.olympic.ca\/olympique\/#website","url":"https:\/\/develop.olympic.ca\/olympique\/","name":"\u00c9quipe Canada | Site officiel de l&#039;\u00e9quipe olympique","description":"Votre source pour l\u2019\u00c9quipe olympique canadienne. Retrouvez les r\u00e9cits, vid\u00e9os et photos des athl\u00e8tes canadiens, sports olympiques, Jeux olympiques de 2020 et bien plus!","potentialAction":[{"@type":"SearchAction","target":{"@type":"EntryPoint","urlTemplate":"https:\/\/develop.olympic.ca\/olympique\/?s={search_term_string}"},"query-input":{"@type":"PropertyValueSpecification","valueRequired":true,"valueName":"search_term_string"}}],"inLanguage":"fr-FR"}]}},"jetpack_sharing_enabled":true,"_links":{"self":[{"href":"https:\/\/develop.olympic.ca\/olympique\/wp-json\/wp\/v2\/press\/159908","targetHints":{"allow":["GET"]}}],"collection":[{"href":"https:\/\/develop.olympic.ca\/olympique\/wp-json\/wp\/v2\/press"}],"about":[{"href":"https:\/\/develop.olympic.ca\/olympique\/wp-json\/wp\/v2\/types\/press"}],"version-history":[{"count":1,"href":"https:\/\/develop.olympic.ca\/olympique\/wp-json\/wp\/v2\/press\/159908\/revisions"}],"predecessor-version":[{"id":159909,"href":"https:\/\/develop.olympic.ca\/olympique\/wp-json\/wp\/v2\/press\/159908\/revisions\/159909"}],"wp:featuredmedia":[{"embeddable":true,"href":"https:\/\/develop.olympic.ca\/olympique\/wp-json\/wp\/v2\/media\/159260"}],"wp:attachment":[{"href":"https:\/\/develop.olympic.ca\/olympique\/wp-json\/wp\/v2\/media?parent=159908"}],"wp:term":[{"taxonomy":"post_tag","embeddable":true,"href":"https:\/\/develop.olympic.ca\/olympique\/wp-json\/wp\/v2\/tags?post=159908"},{"taxonomy":"type-of-press","embeddable":true,"href":"https:\/\/develop.olympic.ca\/olympique\/wp-json\/wp\/v2\/type-of-press?post=159908"},{"taxonomy":"press-topic","embeddable":true,"href":"https:\/\/develop.olympic.ca\/olympique\/wp-json\/wp\/v2\/press-topic?post=159908"},{"taxonomy":"years","embeddable":true,"href":"https:\/\/develop.olympic.ca\/olympique\/wp-json\/wp\/v2\/years?post=159908"}],"curies":[{"name":"wp","href":"https:\/\/api.w.org\/{rel}","templated":true}]}}