{"id":165382,"date":"2020-12-16T13:34:43","date_gmt":"2020-12-16T18:34:43","guid":{"rendered":"https:\/\/develop.olympic.ca\/olympique\/?post_type=press&#038;p=165382"},"modified":"2020-12-16T14:04:55","modified_gmt":"2020-12-16T19:04:55","slug":"tricia-smith-reelue-au-sein-du-comite-executif-de-lorganisation-sportive-panamericaine","status":"publish","type":"press","link":"https:\/\/develop.olympic.ca\/olympique\/presse\/tricia-smith-reelue-au-sein-du-comite-executif-de-lorganisation-sportive-panamericaine\/","title":{"rendered":"Tricia Smith r\u00e9\u00e9lue au sein du comit\u00e9 ex\u00e9cutif de l\u2019Organisation sportive panam\u00e9ricaine"},"content":{"rendered":"<p><span style=\"font-weight: 300\">TORONTO (16 d\u00e9cembre 2020) \u2013 Mercredi, l\u2019Organisation sportive panam\u00e9ricaine (OSP) a annonc\u00e9 que la quadruple Olympienne, m\u00e9daill\u00e9e olympique et pr\u00e9sidente du Comit\u00e9 olympique canadien (COC) Tricia Smith a \u00e9t\u00e9 r\u00e9\u00e9lue pour un deuxi\u00e8me mandat au sein du comit\u00e9 ex\u00e9cutif de l\u2019OSP. Les \u00e9lections, qui devaient avoir lieu \u00e0 Canc\u00fan au Mexique, se sont tenues en ligne apr\u00e8s la d\u00e9cision que la 58<\/span><span style=\"font-weight: 300\">e<\/span><span style=\"font-weight: 300\"> Assembl\u00e9e g\u00e9n\u00e9rale de l\u2019OSP se d\u00e9roulerait en mode virtuel, compte tenu de la pand\u00e9mie mondiale actuelle.<\/span><\/p>\n<p><span style=\"font-weight: 300\">\u00ab Nous sommes tellement fiers que Tricia soit r\u00e9\u00e9lue au sein du comit\u00e9 ex\u00e9cutif de l\u2019Organisation sportive panam\u00e9ricaine. Olympienne accomplie, championne du monde et m\u00e9daill\u00e9e d\u2019argent aux Jeux de Los Angeles en 1984, Tricia incarne l\u2019excellence du sport canadien. Elle est engag\u00e9e depuis longtemps \u00e0 promouvoir les valeurs de l\u2019int\u00e9grit\u00e9 et du respect, \u00e0 prot\u00e9ger les int\u00e9r\u00eats d\u2019un sport juste et \u00e9quitable et \u00e0 soutenir les athl\u00e8tes, les entra\u00eeneurs et les organismes nationaux de sport du Canada \u00e0 la moindre occasion, affirme David Shoemaker, chef de la direction et secr\u00e9taire g\u00e9n\u00e9ral du COC. Je suis s\u00fbr que Tricia maintiendra le partenariat solide avec les membres du mouvement sportif panam\u00e9ricain. \u00bb<\/span><\/p>\n<p><span style=\"font-weight: 300\">Smith se joint \u00e0 Juan Santiago Estrada, secr\u00e9taire g\u00e9n\u00e9ral du Comit\u00e9 olympique du Nicaragua et \u00e0 Susanne Lyons, pr\u00e9sidente du conseil du Comit\u00e9 olympique et paralympique am\u00e9ricain, comme repr\u00e9sentants du premier groupe <\/span><span style=\"font-weight: 300\">du comit\u00e9 ex\u00e9cutif, qui travaille de pr\u00e8s avec le pr\u00e9sident Nevin Ilic et le secr\u00e9taire g\u00e9n\u00e9ral Ivar Sisniega, afin d\u2019appuyer le d\u00e9veloppement du sport dans les Am\u00e9riques, notamment par l\u2019accueil des Jeux panam\u00e9ricains. Membre de ce premier groupe et vice-pr\u00e9sidente du Comit\u00e9 olympique du Mexique, Jimena Salda\u00f1a a aussi \u00e9t\u00e9 une de trois vice-pr\u00e9sidents \u00e9lus au sein de l\u2019Organisation sportive panam\u00e9ricaine.<\/span><\/p>\n<p><span style=\"font-weight: 300\">\u00ab Je suis tr\u00e8s honor\u00e9e qu\u2019on m\u2019investisse \u00e0 nouveau de cette responsabilit\u00e9, indique Smith. L\u2019Organisation sportive panam\u00e9ricaine dirige de beaux projets et de belles initiatives dans notre r\u00e9gion, r\u00e9unissant les nations par le sport. J\u2019ai h\u00e2te de pouvoir y contribuer au nom du COC. \u00bb<\/span><\/p>\n<p><span style=\"font-weight: 300\">En plus de ses r\u00e9alisations olympiques comme athl\u00e8te en aviron, Smith investit toujours son temps et ses efforts pour le sport canadien et international. R\u00e9cipiendaire de l\u2019Ordre du Canada, Smith est pr\u00e9sidente du COC et membre \u00e9lue du CIO depuis 2016. Elle est aussi vice-pr\u00e9sidente de la F\u00e9d\u00e9ration internationale d\u2019aviron (FISA), membre du Conseil international de l&rsquo;arbitrage en mati\u00e8re de sport (CIAS) et membre de la Commission m\u00e9dicale et des sciences et de la Commission des affaires juridiques du CIO. Elle est une chef d\u2019entreprise et une avocate prosp\u00e8re, ainsi qu&rsquo;une grande contributrice au sein de sa communaut\u00e9, autant au Canada que sur la sc\u00e8ne internationale.<\/span><\/p>\n<p><span style=\"font-weight: 300\">\u00c0 l\u2019Assembl\u00e9e g\u00e9n\u00e9rale de l\u2019Organisation sportive panam\u00e9ricaine de 2018, Smith a aussi \u00e9t\u00e9 \u00e9lue pour un mandat de quatre ans comme membre de l\u2019OSP au sein du conseil ex\u00e9cutif de l\u2019Association des comit\u00e9s nationaux olympiques.<\/span><\/p>\n<p style=\"text-align: center\"><span style=\"font-weight: 300\">-30-<\/span><\/p>\n<p><span style=\"font-weight: 300\">CONTACT POUR LES M\u00c9DIAS<br \/>\n<\/span><span style=\"font-weight: 300\">Josh Su, sp\u00e9cialiste des relations publiques<br \/>\n<\/span><span style=\"font-weight: 300\">Cell. : 647-464-4060<br \/>\n<\/span><span style=\"font-weight: 300\">Courriel : <\/span><a href=\"mailto:jsu@olympique.ca\"><span style=\"font-weight: 300\">jsu@olympique.ca<\/span><\/a><\/p>\n","protected":false},"excerpt":{"rendered":"<p>TORONTO (16 d\u00e9cembre 2020) \u2013 Mercredi, l\u2019Organisation sportive panam\u00e9ricaine (OSP) a annonc\u00e9 que la quadruple Olympienne, m\u00e9daill\u00e9e olympique et pr\u00e9sidente&#8230;<\/p>\n","protected":false},"featured_media":165383,"template":"","format":"standard","tags":[],"type-of-press":[496138],"press-topic":[415985198],"years":[682163027],"class_list":["post-165382","press","type-press","status-publish","format-standard","has-post-thumbnail","hentry","type-of-press-communiques","press-topic-general","years-682163027"],"acf":[],"yoast_head":"<!-- This site is optimized with the Yoast SEO plugin v27.3 - https:\/\/yoast.com\/product\/yoast-seo-wordpress\/ -->\n<title>Tricia Smith r\u00e9\u00e9lue au sein du comit\u00e9 ex\u00e9cutif de l\u2019Organisation sportive panam\u00e9ricaine - \u00c9quipe Canada | Site officiel de l&#039;\u00e9quipe olympique<\/title>\n<meta name=\"robots\" content=\"index, follow, max-snippet:-1, max-image-preview:large, max-video-preview:-1\" \/>\n<link rel=\"canonical\" href=\"https:\/\/develop.olympic.ca\/olympique\/presse\/tricia-smith-reelue-au-sein-du-comite-executif-de-lorganisation-sportive-panamericaine\/\" \/>\n<meta property=\"og:locale\" content=\"fr_FR\" \/>\n<meta property=\"og:type\" content=\"article\" \/>\n<meta property=\"og:title\" content=\"Tricia Smith r\u00e9\u00e9lue au sein du comit\u00e9 ex\u00e9cutif de l\u2019Organisation sportive panam\u00e9ricaine - \u00c9quipe Canada | Site officiel de l&#039;\u00e9quipe olympique\" \/>\n<meta property=\"og:description\" content=\"TORONTO (16 d\u00e9cembre 2020) \u2013 Mercredi, l\u2019Organisation sportive panam\u00e9ricaine (OSP) a annonc\u00e9 que la quadruple Olympienne, m\u00e9daill\u00e9e olympique et pr\u00e9sidente...\" \/>\n<meta property=\"og:url\" content=\"https:\/\/develop.olympic.ca\/olympique\/presse\/tricia-smith-reelue-au-sein-du-comite-executif-de-lorganisation-sportive-panamericaine\/\" \/>\n<meta property=\"og:site_name\" content=\"\u00c9quipe Canada | Site officiel de l&#039;\u00e9quipe olympique\" \/>\n<meta property=\"article:modified_time\" content=\"2020-12-16T19:04:55+00:00\" \/>\n<meta property=\"og:image\" content=\"https:\/\/develop.olympic.ca\/olympique\/wp-content\/uploads\/sites\/2\/2020\/12\/tricia-smith.jpg?quality=100\" \/>\n\t<meta property=\"og:image:width\" content=\"1010\" \/>\n\t<meta property=\"og:image:height\" content=\"568\" \/>\n\t<meta property=\"og:image:type\" content=\"image\/jpeg\" \/>\n<meta name=\"twitter:card\" content=\"summary_large_image\" \/>\n<meta name=\"twitter:label1\" content=\"Est. reading time\" \/>\n\t<meta name=\"twitter:data1\" content=\"3 minutes\" \/>\n\t<meta name=\"twitter:label2\" content=\"Written by\" \/>\n\t<meta name=\"twitter:data2\" content=\"tmacbournieolympicca\" \/>\n<script type=\"application\/ld+json\" class=\"yoast-schema-graph\">{\"@context\":\"https:\\\/\\\/schema.org\",\"@graph\":[{\"@type\":\"WebPage\",\"@id\":\"https:\\\/\\\/develop.olympic.ca\\\/olympique\\\/presse\\\/tricia-smith-reelue-au-sein-du-comite-executif-de-lorganisation-sportive-panamericaine\\\/\",\"url\":\"https:\\\/\\\/develop.olympic.ca\\\/olympique\\\/presse\\\/tricia-smith-reelue-au-sein-du-comite-executif-de-lorganisation-sportive-panamericaine\\\/\",\"name\":\"Tricia Smith r\u00e9\u00e9lue au sein du comit\u00e9 ex\u00e9cutif de l\u2019Organisation sportive panam\u00e9ricaine - \u00c9quipe Canada | Site officiel de l&#039;\u00e9quipe olympique\",\"isPartOf\":{\"@id\":\"https:\\\/\\\/develop.olympic.ca\\\/olympique\\\/#website\"},\"primaryImageOfPage\":{\"@id\":\"https:\\\/\\\/develop.olympic.ca\\\/olympique\\\/presse\\\/tricia-smith-reelue-au-sein-du-comite-executif-de-lorganisation-sportive-panamericaine\\\/#primaryimage\"},\"image\":{\"@id\":\"https:\\\/\\\/develop.olympic.ca\\\/olympique\\\/presse\\\/tricia-smith-reelue-au-sein-du-comite-executif-de-lorganisation-sportive-panamericaine\\\/#primaryimage\"},\"thumbnailUrl\":\"https:\\\/\\\/develop.olympic.ca\\\/olympique\\\/wp-content\\\/uploads\\\/sites\\\/2\\\/2020\\\/12\\\/tricia-smith.jpg?quality=100\",\"datePublished\":\"2020-12-16T18:34:43+00:00\",\"dateModified\":\"2020-12-16T19:04:55+00:00\",\"inLanguage\":\"fr-FR\",\"potentialAction\":[{\"@type\":\"ReadAction\",\"target\":[\"https:\\\/\\\/develop.olympic.ca\\\/olympique\\\/presse\\\/tricia-smith-reelue-au-sein-du-comite-executif-de-lorganisation-sportive-panamericaine\\\/\"]}]},{\"@type\":\"ImageObject\",\"inLanguage\":\"fr-FR\",\"@id\":\"https:\\\/\\\/develop.olympic.ca\\\/olympique\\\/presse\\\/tricia-smith-reelue-au-sein-du-comite-executif-de-lorganisation-sportive-panamericaine\\\/#primaryimage\",\"url\":\"https:\\\/\\\/develop.olympic.ca\\\/olympique\\\/wp-content\\\/uploads\\\/sites\\\/2\\\/2020\\\/12\\\/tricia-smith.jpg?quality=100\",\"contentUrl\":\"https:\\\/\\\/develop.olympic.ca\\\/olympique\\\/wp-content\\\/uploads\\\/sites\\\/2\\\/2020\\\/12\\\/tricia-smith.jpg?quality=100\",\"width\":1010,\"height\":568,\"caption\":\"Tricia Smith en conf\u00e9rence de presse.\"},{\"@type\":\"WebSite\",\"@id\":\"https:\\\/\\\/develop.olympic.ca\\\/olympique\\\/#website\",\"url\":\"https:\\\/\\\/develop.olympic.ca\\\/olympique\\\/\",\"name\":\"\u00c9quipe Canada | Site officiel de l&#039;\u00e9quipe olympique\",\"description\":\"Votre source pour l\u2019\u00c9quipe olympique canadienne. Retrouvez les r\u00e9cits, vid\u00e9os et photos des athl\u00e8tes canadiens, sports olympiques, Jeux olympiques de 2020 et bien plus!\",\"potentialAction\":[{\"@type\":\"SearchAction\",\"target\":{\"@type\":\"EntryPoint\",\"urlTemplate\":\"https:\\\/\\\/develop.olympic.ca\\\/olympique\\\/?s={search_term_string}\"},\"query-input\":{\"@type\":\"PropertyValueSpecification\",\"valueRequired\":true,\"valueName\":\"search_term_string\"}}],\"inLanguage\":\"fr-FR\"}]}<\/script>\n<!-- \/ Yoast SEO plugin. -->","yoast_head_json":{"title":"Tricia Smith r\u00e9\u00e9lue au sein du comit\u00e9 ex\u00e9cutif de l\u2019Organisation sportive panam\u00e9ricaine - \u00c9quipe Canada | Site officiel de l&#039;\u00e9quipe olympique","robots":{"index":"index","follow":"follow","max-snippet":"max-snippet:-1","max-image-preview":"max-image-preview:large","max-video-preview":"max-video-preview:-1"},"canonical":"https:\/\/develop.olympic.ca\/olympique\/presse\/tricia-smith-reelue-au-sein-du-comite-executif-de-lorganisation-sportive-panamericaine\/","og_locale":"fr_FR","og_type":"article","og_title":"Tricia Smith r\u00e9\u00e9lue au sein du comit\u00e9 ex\u00e9cutif de l\u2019Organisation sportive panam\u00e9ricaine - \u00c9quipe Canada | Site officiel de l&#039;\u00e9quipe olympique","og_description":"TORONTO (16 d\u00e9cembre 2020) \u2013 Mercredi, l\u2019Organisation sportive panam\u00e9ricaine (OSP) a annonc\u00e9 que la quadruple Olympienne, m\u00e9daill\u00e9e olympique et pr\u00e9sidente...","og_url":"https:\/\/develop.olympic.ca\/olympique\/presse\/tricia-smith-reelue-au-sein-du-comite-executif-de-lorganisation-sportive-panamericaine\/","og_site_name":"\u00c9quipe Canada | Site officiel de l&#039;\u00e9quipe olympique","article_modified_time":"2020-12-16T19:04:55+00:00","og_image":[{"width":1010,"height":568,"url":"https:\/\/develop.olympic.ca\/olympique\/wp-content\/uploads\/sites\/2\/2020\/12\/tricia-smith.jpg?quality=100","type":"image\/jpeg"}],"twitter_card":"summary_large_image","twitter_misc":{"Est. reading time":"3 minutes","Written by":"tmacbournieolympicca"},"schema":{"@context":"https:\/\/schema.org","@graph":[{"@type":"WebPage","@id":"https:\/\/develop.olympic.ca\/olympique\/presse\/tricia-smith-reelue-au-sein-du-comite-executif-de-lorganisation-sportive-panamericaine\/","url":"https:\/\/develop.olympic.ca\/olympique\/presse\/tricia-smith-reelue-au-sein-du-comite-executif-de-lorganisation-sportive-panamericaine\/","name":"Tricia Smith r\u00e9\u00e9lue au sein du comit\u00e9 ex\u00e9cutif de l\u2019Organisation sportive panam\u00e9ricaine - \u00c9quipe Canada | Site officiel de l&#039;\u00e9quipe olympique","isPartOf":{"@id":"https:\/\/develop.olympic.ca\/olympique\/#website"},"primaryImageOfPage":{"@id":"https:\/\/develop.olympic.ca\/olympique\/presse\/tricia-smith-reelue-au-sein-du-comite-executif-de-lorganisation-sportive-panamericaine\/#primaryimage"},"image":{"@id":"https:\/\/develop.olympic.ca\/olympique\/presse\/tricia-smith-reelue-au-sein-du-comite-executif-de-lorganisation-sportive-panamericaine\/#primaryimage"},"thumbnailUrl":"https:\/\/develop.olympic.ca\/olympique\/wp-content\/uploads\/sites\/2\/2020\/12\/tricia-smith.jpg?quality=100","datePublished":"2020-12-16T18:34:43+00:00","dateModified":"2020-12-16T19:04:55+00:00","inLanguage":"fr-FR","potentialAction":[{"@type":"ReadAction","target":["https:\/\/develop.olympic.ca\/olympique\/presse\/tricia-smith-reelue-au-sein-du-comite-executif-de-lorganisation-sportive-panamericaine\/"]}]},{"@type":"ImageObject","inLanguage":"fr-FR","@id":"https:\/\/develop.olympic.ca\/olympique\/presse\/tricia-smith-reelue-au-sein-du-comite-executif-de-lorganisation-sportive-panamericaine\/#primaryimage","url":"https:\/\/develop.olympic.ca\/olympique\/wp-content\/uploads\/sites\/2\/2020\/12\/tricia-smith.jpg?quality=100","contentUrl":"https:\/\/develop.olympic.ca\/olympique\/wp-content\/uploads\/sites\/2\/2020\/12\/tricia-smith.jpg?quality=100","width":1010,"height":568,"caption":"Tricia Smith en conf\u00e9rence de presse."},{"@type":"WebSite","@id":"https:\/\/develop.olympic.ca\/olympique\/#website","url":"https:\/\/develop.olympic.ca\/olympique\/","name":"\u00c9quipe Canada | Site officiel de l&#039;\u00e9quipe olympique","description":"Votre source pour l\u2019\u00c9quipe olympique canadienne. Retrouvez les r\u00e9cits, vid\u00e9os et photos des athl\u00e8tes canadiens, sports olympiques, Jeux olympiques de 2020 et bien plus!","potentialAction":[{"@type":"SearchAction","target":{"@type":"EntryPoint","urlTemplate":"https:\/\/develop.olympic.ca\/olympique\/?s={search_term_string}"},"query-input":{"@type":"PropertyValueSpecification","valueRequired":true,"valueName":"search_term_string"}}],"inLanguage":"fr-FR"}]}},"jetpack_sharing_enabled":true,"_links":{"self":[{"href":"https:\/\/develop.olympic.ca\/olympique\/wp-json\/wp\/v2\/press\/165382","targetHints":{"allow":["GET"]}}],"collection":[{"href":"https:\/\/develop.olympic.ca\/olympique\/wp-json\/wp\/v2\/press"}],"about":[{"href":"https:\/\/develop.olympic.ca\/olympique\/wp-json\/wp\/v2\/types\/press"}],"version-history":[{"count":0,"href":"https:\/\/develop.olympic.ca\/olympique\/wp-json\/wp\/v2\/press\/165382\/revisions"}],"wp:featuredmedia":[{"embeddable":true,"href":"https:\/\/develop.olympic.ca\/olympique\/wp-json\/wp\/v2\/media\/165383"}],"wp:attachment":[{"href":"https:\/\/develop.olympic.ca\/olympique\/wp-json\/wp\/v2\/media?parent=165382"}],"wp:term":[{"taxonomy":"post_tag","embeddable":true,"href":"https:\/\/develop.olympic.ca\/olympique\/wp-json\/wp\/v2\/tags?post=165382"},{"taxonomy":"type-of-press","embeddable":true,"href":"https:\/\/develop.olympic.ca\/olympique\/wp-json\/wp\/v2\/type-of-press?post=165382"},{"taxonomy":"press-topic","embeddable":true,"href":"https:\/\/develop.olympic.ca\/olympique\/wp-json\/wp\/v2\/press-topic?post=165382"},{"taxonomy":"years","embeddable":true,"href":"https:\/\/develop.olympic.ca\/olympique\/wp-json\/wp\/v2\/years?post=165382"}],"curies":[{"name":"wp","href":"https:\/\/api.w.org\/{rel}","templated":true}]}}