{"id":165424,"date":"2020-12-17T18:21:09","date_gmt":"2020-12-17T23:21:09","guid":{"rendered":"https:\/\/develop.olympic.ca\/olympique\/?post_type=press&#038;p=165424"},"modified":"2020-12-17T18:23:52","modified_gmt":"2020-12-17T23:23:52","slug":"declaration-du-coc-sur-la-decision-du-tas-dans-la-procedure-entre-lama-et-la-rusada","status":"publish","type":"press","link":"https:\/\/develop.olympic.ca\/olympique\/presse\/declaration-du-coc-sur-la-decision-du-tas-dans-la-procedure-entre-lama-et-la-rusada\/","title":{"rendered":"D\u00e9claration du COC sur la d\u00e9cision du TAS dans la proc\u00e9dure entre l\u2019AMA et la RUSADA"},"content":{"rendered":"<p><span style=\"font-weight: 300\">TORONTO (17 d\u00e9cembre 2020) \u2013 Le Comit\u00e9 olympique canadien (COC) a \u00e9mis la d\u00e9claration suivante apr\u00e8s l\u2019annonce de la d\u00e9cision du Tribunal arbitral du sport (TAS) dans la proc\u00e9dure d\u2019arbitrage entre l\u2019Agence mondiale antidopage (AMA) et l\u2019Agence russe antidopage (RUSADA) :<\/span><\/p>\n<p><span style=\"font-weight: 300\">Il n\u2019y a pas de gagnant dans la d\u00e9cision rendue aujourd\u2019hui par le Tribunal arbitral du sport confirmant la non-conformit\u00e9 de l\u2019Agence antidopage russe. Bien que le Comit\u00e9 olympique canadien reconnaisse que les sanctions impos\u00e9es et l\u2019exigence permanente de coop\u00e9ration auront de v\u00e9ritables cons\u00e9quences dans le cadre des deux prochains Jeux olympiques, de nombreuses questions restent toujours sans r\u00e9ponse, notamment les d\u00e9tails li\u00e9s \u00e0 l\u2019application, les exigences en mati\u00e8re de coop\u00e9ration de la RUSADA dans de nombreuses enqu\u00eates en cours et d\u2019autres possibles sanctions. Il est clair que le combat au nom des athl\u00e8tes propres est loin d\u2019\u00eatre termin\u00e9. Des cons\u00e9quences muscl\u00e9es et coh\u00e9rentes sont essentielles pour ceux qui ne respectent pas les r\u00e8glements, autant pour la protection des athl\u00e8tes propres que pour la garantie de r\u00e8gles de jeu \u00e9quitables pour tous.\u00a0<\/span><\/p>\n<p><span style=\"font-weight: 300\">Pour la suite, l\u2019application stricte de ces sanctions ainsi qu\u2019une surveillance \u00e9troite des exigences de r\u00e9int\u00e9gration seront essentielles pour reb\u00e2tir la confiance. Les conditions sous-jacentes qui ont conduit \u00e0 la d\u00e9cision d\u2019aujourd\u2019hui doivent \u00eatre trait\u00e9es de fa\u00e7on ouverte et transparente. De plus, la gouvernance irr\u00e9prochable de structures antidopage est indispensable \u00e0 l\u2019int\u00e9grit\u00e9 du sport et du Mouvement olympique.\u00a0<\/span><\/p>\n<p><span style=\"font-weight: 300\">Le COC est r\u00e9solu dans son engagement envers la promotion et la protection du sport propre au pays et \u00e0 travers le monde.<\/span><\/p>\n<p style=\"text-align: center\"><span style=\"font-weight: 300\">-30-<\/span><\/p>\n<p><span style=\"font-weight: 300\">CONTACT POUR LES M\u00c9DIAS :<\/span><\/p>\n<p><span style=\"font-weight: 300\">Josh Su<br \/>\n<\/span><span style=\"font-weight: 300\">Relations publiques<br \/>\n<\/span><span style=\"font-weight: 300\">Cell. : 647-464-4060<br \/>\n<\/span><span style=\"font-weight: 300\">Courriel : <\/span><span style=\"font-weight: 300\">jsu@olympique.ca<\/span><\/p>\n","protected":false},"excerpt":{"rendered":"<p>TORONTO (17 d\u00e9cembre 2020) \u2013 Le Comit\u00e9 olympique canadien (COC) a \u00e9mis la d\u00e9claration suivante apr\u00e8s l\u2019annonce de la d\u00e9cision&#8230;<\/p>\n","protected":false},"featured_media":0,"template":"","format":"standard","tags":[],"type-of-press":[184353519],"press-topic":[415985198],"years":[682163027],"class_list":["post-165424","press","type-press","status-publish","format-standard","hentry","type-of-press-declarations","press-topic-general","years-682163027"],"acf":[],"yoast_head":"<!-- This site is optimized with the Yoast SEO plugin v27.3 - https:\/\/yoast.com\/product\/yoast-seo-wordpress\/ -->\n<title>D\u00e9claration du COC sur la d\u00e9cision du TAS dans la proc\u00e9dure entre l\u2019AMA et la RUSADA - \u00c9quipe Canada | Site officiel de l&#039;\u00e9quipe olympique<\/title>\n<meta name=\"robots\" content=\"index, follow, max-snippet:-1, max-image-preview:large, max-video-preview:-1\" \/>\n<link rel=\"canonical\" href=\"https:\/\/develop.olympic.ca\/olympique\/presse\/declaration-du-coc-sur-la-decision-du-tas-dans-la-procedure-entre-lama-et-la-rusada\/\" \/>\n<meta property=\"og:locale\" content=\"fr_FR\" \/>\n<meta property=\"og:type\" content=\"article\" \/>\n<meta property=\"og:title\" content=\"D\u00e9claration du COC sur la d\u00e9cision du TAS dans la proc\u00e9dure entre l\u2019AMA et la RUSADA - \u00c9quipe Canada | Site officiel de l&#039;\u00e9quipe olympique\" \/>\n<meta property=\"og:description\" content=\"TORONTO (17 d\u00e9cembre 2020) \u2013 Le Comit\u00e9 olympique canadien (COC) a \u00e9mis la d\u00e9claration suivante apr\u00e8s l\u2019annonce de la d\u00e9cision...\" \/>\n<meta property=\"og:url\" content=\"https:\/\/develop.olympic.ca\/olympique\/presse\/declaration-du-coc-sur-la-decision-du-tas-dans-la-procedure-entre-lama-et-la-rusada\/\" \/>\n<meta property=\"og:site_name\" content=\"\u00c9quipe Canada | Site officiel de l&#039;\u00e9quipe olympique\" \/>\n<meta property=\"article:modified_time\" content=\"2020-12-17T23:23:52+00:00\" \/>\n<meta name=\"twitter:card\" content=\"summary_large_image\" \/>\n<meta name=\"twitter:label1\" content=\"Est. reading time\" \/>\n\t<meta name=\"twitter:data1\" content=\"2 minutes\" \/>\n\t<meta name=\"twitter:label2\" content=\"Written by\" \/>\n\t<meta name=\"twitter:data2\" content=\"sjsokol\" \/>\n<script type=\"application\/ld+json\" class=\"yoast-schema-graph\">{\"@context\":\"https:\\\/\\\/schema.org\",\"@graph\":[{\"@type\":\"WebPage\",\"@id\":\"https:\\\/\\\/develop.olympic.ca\\\/olympique\\\/presse\\\/declaration-du-coc-sur-la-decision-du-tas-dans-la-procedure-entre-lama-et-la-rusada\\\/\",\"url\":\"https:\\\/\\\/develop.olympic.ca\\\/olympique\\\/presse\\\/declaration-du-coc-sur-la-decision-du-tas-dans-la-procedure-entre-lama-et-la-rusada\\\/\",\"name\":\"D\u00e9claration du COC sur la d\u00e9cision du TAS dans la proc\u00e9dure entre l\u2019AMA et la RUSADA - \u00c9quipe Canada | Site officiel de l&#039;\u00e9quipe olympique\",\"isPartOf\":{\"@id\":\"https:\\\/\\\/develop.olympic.ca\\\/olympique\\\/#website\"},\"datePublished\":\"2020-12-17T23:21:09+00:00\",\"dateModified\":\"2020-12-17T23:23:52+00:00\",\"inLanguage\":\"fr-FR\",\"potentialAction\":[{\"@type\":\"ReadAction\",\"target\":[\"https:\\\/\\\/develop.olympic.ca\\\/olympique\\\/presse\\\/declaration-du-coc-sur-la-decision-du-tas-dans-la-procedure-entre-lama-et-la-rusada\\\/\"]}]},{\"@type\":\"WebSite\",\"@id\":\"https:\\\/\\\/develop.olympic.ca\\\/olympique\\\/#website\",\"url\":\"https:\\\/\\\/develop.olympic.ca\\\/olympique\\\/\",\"name\":\"\u00c9quipe Canada | Site officiel de l&#039;\u00e9quipe olympique\",\"description\":\"Votre source pour l\u2019\u00c9quipe olympique canadienne. Retrouvez les r\u00e9cits, vid\u00e9os et photos des athl\u00e8tes canadiens, sports olympiques, Jeux olympiques de 2020 et bien plus!\",\"potentialAction\":[{\"@type\":\"SearchAction\",\"target\":{\"@type\":\"EntryPoint\",\"urlTemplate\":\"https:\\\/\\\/develop.olympic.ca\\\/olympique\\\/?s={search_term_string}\"},\"query-input\":{\"@type\":\"PropertyValueSpecification\",\"valueRequired\":true,\"valueName\":\"search_term_string\"}}],\"inLanguage\":\"fr-FR\"}]}<\/script>\n<!-- \/ Yoast SEO plugin. -->","yoast_head_json":{"title":"D\u00e9claration du COC sur la d\u00e9cision du TAS dans la proc\u00e9dure entre l\u2019AMA et la RUSADA - \u00c9quipe Canada | Site officiel de l&#039;\u00e9quipe olympique","robots":{"index":"index","follow":"follow","max-snippet":"max-snippet:-1","max-image-preview":"max-image-preview:large","max-video-preview":"max-video-preview:-1"},"canonical":"https:\/\/develop.olympic.ca\/olympique\/presse\/declaration-du-coc-sur-la-decision-du-tas-dans-la-procedure-entre-lama-et-la-rusada\/","og_locale":"fr_FR","og_type":"article","og_title":"D\u00e9claration du COC sur la d\u00e9cision du TAS dans la proc\u00e9dure entre l\u2019AMA et la RUSADA - \u00c9quipe Canada | Site officiel de l&#039;\u00e9quipe olympique","og_description":"TORONTO (17 d\u00e9cembre 2020) \u2013 Le Comit\u00e9 olympique canadien (COC) a \u00e9mis la d\u00e9claration suivante apr\u00e8s l\u2019annonce de la d\u00e9cision...","og_url":"https:\/\/develop.olympic.ca\/olympique\/presse\/declaration-du-coc-sur-la-decision-du-tas-dans-la-procedure-entre-lama-et-la-rusada\/","og_site_name":"\u00c9quipe Canada | Site officiel de l&#039;\u00e9quipe olympique","article_modified_time":"2020-12-17T23:23:52+00:00","twitter_card":"summary_large_image","twitter_misc":{"Est. reading time":"2 minutes","Written by":"sjsokol"},"schema":{"@context":"https:\/\/schema.org","@graph":[{"@type":"WebPage","@id":"https:\/\/develop.olympic.ca\/olympique\/presse\/declaration-du-coc-sur-la-decision-du-tas-dans-la-procedure-entre-lama-et-la-rusada\/","url":"https:\/\/develop.olympic.ca\/olympique\/presse\/declaration-du-coc-sur-la-decision-du-tas-dans-la-procedure-entre-lama-et-la-rusada\/","name":"D\u00e9claration du COC sur la d\u00e9cision du TAS dans la proc\u00e9dure entre l\u2019AMA et la RUSADA - \u00c9quipe Canada | Site officiel de l&#039;\u00e9quipe olympique","isPartOf":{"@id":"https:\/\/develop.olympic.ca\/olympique\/#website"},"datePublished":"2020-12-17T23:21:09+00:00","dateModified":"2020-12-17T23:23:52+00:00","inLanguage":"fr-FR","potentialAction":[{"@type":"ReadAction","target":["https:\/\/develop.olympic.ca\/olympique\/presse\/declaration-du-coc-sur-la-decision-du-tas-dans-la-procedure-entre-lama-et-la-rusada\/"]}]},{"@type":"WebSite","@id":"https:\/\/develop.olympic.ca\/olympique\/#website","url":"https:\/\/develop.olympic.ca\/olympique\/","name":"\u00c9quipe Canada | Site officiel de l&#039;\u00e9quipe olympique","description":"Votre source pour l\u2019\u00c9quipe olympique canadienne. Retrouvez les r\u00e9cits, vid\u00e9os et photos des athl\u00e8tes canadiens, sports olympiques, Jeux olympiques de 2020 et bien plus!","potentialAction":[{"@type":"SearchAction","target":{"@type":"EntryPoint","urlTemplate":"https:\/\/develop.olympic.ca\/olympique\/?s={search_term_string}"},"query-input":{"@type":"PropertyValueSpecification","valueRequired":true,"valueName":"search_term_string"}}],"inLanguage":"fr-FR"}]}},"jetpack_sharing_enabled":true,"_links":{"self":[{"href":"https:\/\/develop.olympic.ca\/olympique\/wp-json\/wp\/v2\/press\/165424","targetHints":{"allow":["GET"]}}],"collection":[{"href":"https:\/\/develop.olympic.ca\/olympique\/wp-json\/wp\/v2\/press"}],"about":[{"href":"https:\/\/develop.olympic.ca\/olympique\/wp-json\/wp\/v2\/types\/press"}],"version-history":[{"count":0,"href":"https:\/\/develop.olympic.ca\/olympique\/wp-json\/wp\/v2\/press\/165424\/revisions"}],"wp:attachment":[{"href":"https:\/\/develop.olympic.ca\/olympique\/wp-json\/wp\/v2\/media?parent=165424"}],"wp:term":[{"taxonomy":"post_tag","embeddable":true,"href":"https:\/\/develop.olympic.ca\/olympique\/wp-json\/wp\/v2\/tags?post=165424"},{"taxonomy":"type-of-press","embeddable":true,"href":"https:\/\/develop.olympic.ca\/olympique\/wp-json\/wp\/v2\/type-of-press?post=165424"},{"taxonomy":"press-topic","embeddable":true,"href":"https:\/\/develop.olympic.ca\/olympique\/wp-json\/wp\/v2\/press-topic?post=165424"},{"taxonomy":"years","embeddable":true,"href":"https:\/\/develop.olympic.ca\/olympique\/wp-json\/wp\/v2\/years?post=165424"}],"curies":[{"name":"wp","href":"https:\/\/api.w.org\/{rel}","templated":true}]}}