{"id":170126,"date":"2021-03-18T10:20:39","date_gmt":"2021-03-18T14:20:39","guid":{"rendered":"https:\/\/develop.olympic.ca\/olympique\/?post_type=press&#038;p=170126"},"modified":"2021-03-18T10:42:45","modified_gmt":"2021-03-18T14:42:45","slug":"neuf-navigateurs-selectionnes-pour-representer-equipe-canada-a-tokyo-2020","status":"publish","type":"press","link":"https:\/\/develop.olympic.ca\/olympique\/presse\/neuf-navigateurs-selectionnes-pour-representer-equipe-canada-a-tokyo-2020\/","title":{"rendered":"Neuf navigateurs s\u00e9lectionn\u00e9s pour repr\u00e9senter \u00c9quipe Canada \u00e0 Tokyo 2020"},"content":{"rendered":"<p><span style=\"font-weight: 300\">KINGSTON (18 mars 2021) \u2013 Jeudi, le Comit\u00e9 olympique canadien (COC) et Voile Canada ont d\u00e9voil\u00e9 la composition de l\u2019\u00e9quipe de neuf membres nomm\u00e9s pour repr\u00e9senter le Canada dans les \u00e9preuves de voile des Jeux olympiques de Tokyo 2020 cet \u00e9t\u00e9.<\/span><\/p>\n<p><span style=\"font-weight: 300\">L\u2019\u00e9quipe canadienne de voile pour les Jeux de Tokyo 2020 comprendra un m\u00e9lange de v\u00e9t\u00e9rans, notamment la quadruple Olympienne <\/span><a href=\"https:\/\/develop.olympic.ca\/olympique\/team-canada\/nikola-girke\/\"><span style=\"font-weight: 300\">Nikola Girke<\/span><\/a><span style=\"font-weight: 300\">, les Olympiens de Rio 2016 <\/span><a href=\"https:\/\/develop.olympic.ca\/olympique\/team-canada\/tom-ramshaw\/\"><span style=\"font-weight: 300\">Tom Ramshaw<\/span><\/a><span style=\"font-weight: 300\"> et <\/span><a href=\"https:\/\/develop.olympic.ca\/olympique\/team-canada\/jacob-saunders\/\"><span style=\"font-weight: 300\">Jacob Saunders<\/span><\/a><span style=\"font-weight: 300\">, ainsi qu\u2019<\/span><a href=\"https:\/\/develop.olympic.ca\/olympique\/team-canada\/oliver-bone\/\"><span style=\"font-weight: 300\">Oliver Bone<\/span><\/a><span style=\"font-weight: 300\">, qui a repr\u00e9sent\u00e9 le Canada aux Jeux de Beijing 2008. Ils seront accompagn\u00e9s par de jeunes navigateurs en pleine ascension, notamment <\/span><a href=\"https:\/\/develop.olympic.ca\/olympique\/team-canada\/sarah-douglas\/\"><span style=\"font-weight: 300\">Sarah Douglas<\/span><\/a><span style=\"font-weight: 300\"> , championne des Jeux panam\u00e9ricains de 2019 de Laser Radial, <\/span><a href=\"https:\/\/develop.olympic.ca\/olympique\/team-canada\/ali-ten-hove\/\"><span style=\"font-weight: 300\">Alexandra (Ali) ten Hove<\/span><\/a><span style=\"font-weight: 300\">, <\/span><a href=\"https:\/\/develop.olympic.ca\/olympique\/team-canada\/mariah-millen\/\"><span style=\"font-weight: 300\">Mariah Millen<\/span><\/a><span style=\"font-weight: 300\">, <\/span><a href=\"https:\/\/develop.olympic.ca\/olympique\/team-canada\/william-jones-2\/\"><span style=\"font-weight: 300\">William Jones<\/span><\/a><span style=\"font-weight: 300\"> et <\/span><a href=\"https:\/\/develop.olympic.ca\/olympique\/team-canada\/evan-depaul\/\"><span style=\"font-weight: 300\">Evan DePaul<\/span><\/a><span style=\"font-weight: 300\">.<\/span><\/p>\n<p><span style=\"font-weight: 300\">\u00a0\u00ab Je suis tr\u00e8s fi\u00e8re de ma s\u00e9lection au sein de l\u2019\u00e9quipe olympique et de repr\u00e9senter le Canada \u00e0 Tokyo cet \u00e9t\u00e9, a d\u00e9clar\u00e9 Sarah Douglas. Ce sera diff\u00e9rent de ce \u00e0 quoi j\u2019ai r\u00eav\u00e9, mais toutes les occasions de pouvoir repr\u00e9senter mon pays sur la sc\u00e8ne olympique sont un honneur immense. \u00bb<\/span><\/p>\n<p><span style=\"font-weight: 300\">\u00ab Je suis tr\u00e8s reconnaissant d\u2019avoir l\u2019occasion de repr\u00e9senter le Canada \u00e0 nouveau aux Jeux olympiques et j\u2019ai bien h\u00e2te de mesurer le travail investi face aux meilleurs navigateurs au monde \u00bb, a ajout\u00e9 Tom Ramshaw, un Olympien de Rio 2016.<\/span><\/p>\n<p><span style=\"font-weight: 300\">La comp\u00e9tition de voile se d\u00e9roulera au Port de plaisance d\u2019Enoshima, du 25 juillet au 4 ao\u00fbt. Les courses de m\u00e9dailles pour les 10 \u00e9preuves auront lieu chaque jour \u00e0 compter du 31 juillet.<\/span><\/p>\n<p><span style=\"font-weight: 300\">Le sport de la voile figure au programme olympique depuis les premiers Jeux de l\u2019\u00e8re moderne en 1896, \u00e0 l\u2019exception d\u2019une absence aux Jeux de St-Louis en 1904. Depuis, le Canada a remport\u00e9 neuf m\u00e9dailles olympiques (trois d\u2019argent et six de bronze) en voile. Cette ann\u00e9e marque aussi le 90<\/span><span style=\"font-weight: 300\">e<\/span><span style=\"font-weight: 300\"> anniversaire de fondation de Voile Canada.<\/span><\/p>\n<p><span style=\"font-weight: 300\">Chaque \u00e9preuve olympique de voile comprend une s\u00e9rie de 10 \u00e0 12 courses pr\u00e9vues presque chaque jour. Les athl\u00e8tes navigueront sur un parcours d\u00e9termin\u00e9 autour de bou\u00e9es avec l\u2019objectif de franchir la ligne d\u2019arriv\u00e9e devant les autres concurrents pour amasser le plus petit nombre de points selon leur rang afin d\u2019\u00e9tablir un classement. La finale de chaque \u00e9preuve r\u00e9unira les navigateurs des 10 meilleures embarcations qui disputeront une course de m\u00e9daille o<\/span><span style=\"font-weight: 400\">\u00f9<\/span><span style=\"font-weight: 300\"> les points attribu\u00e9s seront doubles. L\u2019athl\u00e8te ou l\u2019\u00e9quipe avec le plus petit nombre de points au terme de la s\u00e9rie de courses remportera l\u2019\u00e9preuve.<\/span><\/p>\n<p><span style=\"font-weight: 300\">\u00ab Au nom de tous les membres de Voile Canada, je d\u00e9sire f\u00e9liciter tous nos athl\u00e8tes olympiques pour leur nomination au sein de l\u2019\u00e9quipe olympique canadienne, particuli\u00e8rement dans ce qui a \u00e9t\u00e9 une ann\u00e9e exigeante et remplie de d\u00e9fis, a d\u00e9clar\u00e9 Don Adams, chef de la direction de Voile Canada. Nous sommes tr\u00e8s fiers de ces athl\u00e8tes pour leur travail acharn\u00e9 et leur d\u00e9vouement. Je d\u00e9sire aussi remercier tout le personnel d\u2019entra\u00eeneurs et de soutien de Voile Canada pour leur gros travail au cours du cycle de quatre ans, notamment dans l\u2019entra\u00eenement et la pr\u00e9paration de nos athl\u00e8tes pour Tokyo. Nous avons h\u00e2te de les voir participer et repr\u00e9senter le Canada et Voile Canada aux Jeux. \u00bb<\/span><\/p>\n<p><span style=\"font-weight: 300\">\u00ab J\u2019ai rencontr\u00e9 de nombreux navigateurs olympiques et j\u2019ai assist\u00e9 \u00e0 de nombreuses comp\u00e9titions de voile. Chaque fois j\u2019y ai rencontr\u00e9 un m\u00e9lange d\u2019\u00e9nergie joviale et d\u2019attention m\u00e9ticuleuse aux d\u00e9tails, affirme Marnie McBean, chef de mission d\u2019\u00c9quipe Canada aux Jeux de Tokyo 2020. C\u2019est tr\u00e8s palpitant d\u2019accueillir ce m\u00e9lange de v\u00e9t\u00e9rans et de recrues au sein d\u2019\u00c9quipe Canada. J\u2019ai h\u00e2te de les appuyer \u00e0 Tokyo. \u00bb<\/span><\/p>\n<p><span style=\"font-weight: 300\">Les athl\u00e8tes nomm\u00e9s participeront \u00e0 six \u00e9preuves \u00e0 Tokyo, soit les \u00e9preuves f\u00e9minines de Laser Radial, de 49er FX et de RS:X et les \u00e9preuves masculines de Finn, de 570 et de 49er.<\/span><\/p>\n<p><span style=\"font-weight: 300\">Voici la liste compl\u00e8te des membres de l\u2019\u00e9quipe :<\/span><\/p>\n<p><span style=\"font-weight: 300\">Laser Radial f\u00e9minin (voilier monoplace) :<\/span><span style=\"font-weight: 300\"><br \/>\n<\/span><a href=\"https:\/\/develop.olympic.ca\/olympique\/team-canada\/sarah-douglas\/\"><span style=\"font-weight: 300\">Sarah Douglas<\/span><\/a><span style=\"font-weight: 300\"> (Toronto, ON) &#8211; Ashbridges Bay Yacht Club (ABYC)<\/span><\/p>\n<p><span style=\"font-weight: 300\">Finn masculin (d\u00e9riveur monoplace de grande taille) :<\/span><span style=\"font-weight: 300\"><br \/>\n<\/span><a href=\"https:\/\/develop.olympic.ca\/olympique\/team-canada\/tom-ramshaw\/\"><span style=\"font-weight: 300\">Tom Ramshaw<\/span><\/a><span style=\"font-weight: 300\"> (Toronto, ON) &#8211; Stoney Lake Yacht Club (SLYC) &amp; Royal Canadian Yacht Club (RCYC)\u00a0<\/span><\/p>\n<p><span style=\"font-weight: 300\">49erFX f\u00e9minin (skiff) :<\/span><span style=\"font-weight: 300\"><br \/>\n<\/span><a href=\"https:\/\/develop.olympic.ca\/olympique\/team-canada\/ali-ten-hove\/\"><span style=\"font-weight: 300\">Ali ten Hove<\/span><\/a><span style=\"font-weight: 300\"> (Kingston, ON) &#8211; Kingston Yacht Club (KYC)<\/span><span style=\"font-weight: 300\"><br \/>\n<\/span><a href=\"https:\/\/develop.olympic.ca\/olympique\/team-canada\/mariah-millen\/\"><span style=\"font-weight: 300\">Mariah Millen<\/span><\/a><span style=\"font-weight: 300\">\u00a0(Toronto, ON) &#8211; Royal Canadian Yacht Club (RCYC)<\/span><\/p>\n<p><span style=\"font-weight: 300\">49er masculin (skiff) :<\/span><span style=\"font-weight: 300\"><br \/>\n<\/span><a href=\"https:\/\/develop.olympic.ca\/olympique\/team-canada\/william-jones-2\/\"><span style=\"font-weight: 300\">William Jones<\/span><\/a><span style=\"font-weight: 300\"> (Jerseyville, ON) &#8211; Royal Hamilton Yacht Club (RHYC)<\/span><span style=\"font-weight: 300\"><br \/>\n<\/span><a href=\"https:\/\/develop.olympic.ca\/olympique\/team-canada\/evan-depaul\/\"><span style=\"font-weight: 300\">Evan DePaul<\/span><\/a><span style=\"font-weight: 300\"> (Burlington, ON) &#8211; Royal Hamilton Yacht Club (RHYC)<\/span><\/p>\n<p><span style=\"font-weight: 300\">470 masculin (d\u00e9riveur biplace) :<\/span><span style=\"font-weight: 300\"><br \/>\n<\/span><a href=\"https:\/\/develop.olympic.ca\/olympique\/team-canada\/oliver-bone\/\"><span style=\"font-weight: 300\">Oliver Bone<\/span><\/a><span style=\"font-weight: 300\"> (Montr\u00e9al, QC) &#8211; Royal Nova Scotia Yacht Squadron (RNSYS)<\/span><span style=\"font-weight: 300\"><br \/>\n<\/span><a href=\"https:\/\/develop.olympic.ca\/olympique\/team-canada\/jacob-saunders\/\"><span style=\"font-weight: 300\">Jacob Saunders<\/span><\/a><span style=\"font-weight: 300\"> (Chester, N.-\u00c9.) &#8211; Chester Yacht Club (CYC) \/ Royal Nova Scotia Yacht Squadron (RNSYS)<\/span><\/p>\n<p><span style=\"font-weight: 300\">RS:X f\u00e9minin (planche \u00e0 voile) :<\/span><span style=\"font-weight: 300\"><br \/>\n<\/span><a href=\"https:\/\/develop.olympic.ca\/olympique\/team-canada\/nikola-girke\/\"><span style=\"font-weight: 300\">Nikola Girke<\/span><\/a><span style=\"font-weight: 300\"> (West Vancouver, C.-B.) &#8211; Royal Vancouver Yacht Club (RVYC)<\/span><\/p>\n<p><span style=\"font-weight: 300\">Le personnel d\u2019entra\u00eeneurs canadiens comprend l\u2019entra\u00eeneur national de performance Ken Dool (London, ON),\u00a0 qui en sera \u00e0 ses huiti\u00e8mes Jeux olympiques, le double Olympien et entra\u00eeneur national de skiff Krzysztof Kierkowski (Sopot, Pologne), ainsi que l\u2019entra\u00eeneur national de Radial Vaughn Harrison (Aurora, ON).<\/span><\/p>\n<p><span style=\"font-weight: 300\">Tous les athl\u00e8tes nomm\u00e9s au sein d\u2019\u00c9quipe Canada sont sujets \u00e0 l\u2019approbation du comit\u00e9 de s\u00e9lection de l\u2019\u00e9quipe du Comit\u00e9 olympique canadien au terme du processus de nomination par tous les organismes nationaux de sport.<\/span><\/p>\n<p><span style=\"font-weight: 300\">La plus r\u00e9cente version de la formation d\u2019\u00c9quipe Canada pour Tokyo 2020 se trouve <\/span><a href=\"https:\/\/develop.olympic.ca\/olympique\/composition-dequipe-canada\/\"><span style=\"font-weight: 300\">ici<\/span><\/a><span style=\"font-weight: 300\">.<\/span><\/p>\n<p style=\"text-align: center\"><span style=\"font-weight: 300\">-30-<\/span><\/p>\n<p><span style=\"font-weight: 300\">\u00c0 propos de Voile Canada<\/span><\/p>\n<p><span style=\"font-weight: 300\">Fond\u00e9 en 1931, Voile Canada est l\u2019organisme national de sport pour le sport de la voile au pays. Voile Canada est un chef de file international de son sport, fier de ses athl\u00e8tes de classe mondiale, de ses participants \u00e0 vie et de sa culture d\u2019inclusion. L\u2019organisme et ses membres sont engag\u00e9s \u00e0 l\u2019excellence en d\u00e9veloppant et en formant les dirigeants, athl\u00e8tes, navigateurs, instructeurs, entra\u00eeneurs et officiels. Gr\u00e2ce au pr\u00e9cieux soutien de nos partenaires, les associations provinciales de voile et nos clubs, \u00e9coles, organismes et autres intervenants membres, nous assurons la promotion de la voile sous toutes ses formes. En \u00e9tablissant des normes et livrant des programmes des \u00e9tangs locaux jusqu\u2019au podium pour tous les Canadiens de tout \u00e2ge et de tout niveau de comp\u00e9tence, des d\u00e9riveurs aux grandes embarcations, de la plaisance \u00e0 la navigation, de la planche \u00e0 voile aux bateaux \u00e0 moteur et \u00e0 la voile accessible, Voile Canada sort les voiles pour tous, navigant pour gagner et navigant pour la vie. Suivez Voile Canada sur Twitter, Facebook, Instagram et Snapchat.<\/span><\/p>\n<p><span style=\"font-weight: 300\">CONTACTS POUR LES M\u00c9DIAS<\/span><\/p>\n<p><span style=\"font-weight: 300\">Patrick Godbout, gestionnaire des communications<\/span><span style=\"font-weight: 300\"><br \/>\n<\/span><span style=\"font-weight: 300\">Voile Canada<\/span><span style=\"font-weight: 300\"><br \/>\n<\/span><span style=\"font-weight: 300\">Courriel : <\/span><a href=\"mailto:patrick@sailing.ca\"><span style=\"font-weight: 300\">patrick@sailing.ca<\/span><span style=\"font-weight: 300\"><br \/>\n<\/span><\/a><span style=\"font-weight: 300\">Cell. : 514-213-9897<\/span><\/p>\n<p><span style=\"font-weight: 300\">Josh Su, relations publiques<\/span><span style=\"font-weight: 300\"><br \/>\n<\/span><span style=\"font-weight: 300\">Comit\u00e9 olympique canadien<\/span><span style=\"font-weight: 300\"><br \/>\n<\/span><span style=\"font-weight: 300\">Courriel : <\/span><a href=\"mailto:jsu@olympique.ca\"><span style=\"font-weight: 300\">jsu@olympique.ca<\/span><span style=\"font-weight: 300\"><br \/>\n<\/span><\/a><span style=\"font-weight: 300\">Cell. : 647-464-4060<\/span><\/p>\n","protected":false},"excerpt":{"rendered":"<p>KINGSTON (18 mars 2021) \u2013 Jeudi, le Comit\u00e9 olympique canadien (COC) et Voile Canada ont d\u00e9voil\u00e9 la composition de l\u2019\u00e9quipe&#8230;<\/p>\n","protected":false},"featured_media":170114,"template":"","format":"standard","tags":[],"type-of-press":[496138],"press-topic":[415985544],"years":[682164078],"class_list":["post-170126","press","type-press","status-publish","format-standard","has-post-thumbnail","hentry","type-of-press-communiques","press-topic-tokyo-2020","years-682164078"],"acf":[],"yoast_head":"<!-- This site is optimized with the Yoast SEO plugin v27.3 - https:\/\/yoast.com\/product\/yoast-seo-wordpress\/ -->\n<title>Neuf navigateurs s\u00e9lectionn\u00e9s pour repr\u00e9senter \u00c9quipe Canada \u00e0 Tokyo 2020 - \u00c9quipe Canada | Site officiel de l&#039;\u00e9quipe olympique<\/title>\n<meta name=\"robots\" content=\"index, follow, max-snippet:-1, max-image-preview:large, max-video-preview:-1\" \/>\n<link rel=\"canonical\" href=\"https:\/\/develop.olympic.ca\/olympique\/presse\/neuf-navigateurs-selectionnes-pour-representer-equipe-canada-a-tokyo-2020\/\" \/>\n<meta property=\"og:locale\" content=\"fr_FR\" \/>\n<meta property=\"og:type\" content=\"article\" \/>\n<meta property=\"og:title\" content=\"Neuf navigateurs s\u00e9lectionn\u00e9s pour repr\u00e9senter \u00c9quipe Canada \u00e0 Tokyo 2020 - \u00c9quipe Canada | Site officiel de l&#039;\u00e9quipe olympique\" \/>\n<meta property=\"og:description\" content=\"KINGSTON (18 mars 2021) \u2013 Jeudi, le Comit\u00e9 olympique canadien (COC) et Voile Canada ont d\u00e9voil\u00e9 la composition de l\u2019\u00e9quipe...\" \/>\n<meta property=\"og:url\" content=\"https:\/\/develop.olympic.ca\/olympique\/presse\/neuf-navigateurs-selectionnes-pour-representer-equipe-canada-a-tokyo-2020\/\" \/>\n<meta property=\"og:site_name\" content=\"\u00c9quipe Canada | Site officiel de l&#039;\u00e9quipe olympique\" \/>\n<meta property=\"article:modified_time\" content=\"2021-03-18T14:42:45+00:00\" \/>\n<meta property=\"og:image\" content=\"https:\/\/develop.olympic.ca\/olympique\/wp-content\/uploads\/sites\/2\/2021\/03\/TOKYO-2020-TEAM_ANNOUNCEMENTS-Sailing-FeatureImage-2680x1508-v2-e1621278178489.jpg?quality=100\" \/>\n\t<meta property=\"og:image:width\" content=\"2160\" \/>\n\t<meta property=\"og:image:height\" content=\"1215\" \/>\n\t<meta property=\"og:image:type\" content=\"image\/jpeg\" \/>\n<meta name=\"twitter:card\" content=\"summary_large_image\" \/>\n<meta name=\"twitter:label1\" content=\"Est. reading time\" \/>\n\t<meta name=\"twitter:data1\" content=\"5 minutes\" \/>\n\t<meta name=\"twitter:label2\" content=\"Written by\" \/>\n\t<meta name=\"twitter:data2\" content=\"tmacbournieolympicca\" \/>\n<script type=\"application\/ld+json\" class=\"yoast-schema-graph\">{\"@context\":\"https:\\\/\\\/schema.org\",\"@graph\":[{\"@type\":\"WebPage\",\"@id\":\"https:\\\/\\\/develop.olympic.ca\\\/olympique\\\/presse\\\/neuf-navigateurs-selectionnes-pour-representer-equipe-canada-a-tokyo-2020\\\/\",\"url\":\"https:\\\/\\\/develop.olympic.ca\\\/olympique\\\/presse\\\/neuf-navigateurs-selectionnes-pour-representer-equipe-canada-a-tokyo-2020\\\/\",\"name\":\"Neuf navigateurs s\u00e9lectionn\u00e9s pour repr\u00e9senter \u00c9quipe Canada \u00e0 Tokyo 2020 - \u00c9quipe Canada | Site officiel de l&#039;\u00e9quipe olympique\",\"isPartOf\":{\"@id\":\"https:\\\/\\\/develop.olympic.ca\\\/olympique\\\/#website\"},\"primaryImageOfPage\":{\"@id\":\"https:\\\/\\\/develop.olympic.ca\\\/olympique\\\/presse\\\/neuf-navigateurs-selectionnes-pour-representer-equipe-canada-a-tokyo-2020\\\/#primaryimage\"},\"image\":{\"@id\":\"https:\\\/\\\/develop.olympic.ca\\\/olympique\\\/presse\\\/neuf-navigateurs-selectionnes-pour-representer-equipe-canada-a-tokyo-2020\\\/#primaryimage\"},\"thumbnailUrl\":\"https:\\\/\\\/develop.olympic.ca\\\/olympique\\\/wp-content\\\/uploads\\\/sites\\\/2\\\/2021\\\/03\\\/TOKYO-2020-TEAM_ANNOUNCEMENTS-Sailing-FeatureImage-2680x1508-v2-e1621278178489.jpg?quality=100\",\"datePublished\":\"2021-03-18T14:20:39+00:00\",\"dateModified\":\"2021-03-18T14:42:45+00:00\",\"inLanguage\":\"fr-FR\",\"potentialAction\":[{\"@type\":\"ReadAction\",\"target\":[\"https:\\\/\\\/develop.olympic.ca\\\/olympique\\\/presse\\\/neuf-navigateurs-selectionnes-pour-representer-equipe-canada-a-tokyo-2020\\\/\"]}]},{\"@type\":\"ImageObject\",\"inLanguage\":\"fr-FR\",\"@id\":\"https:\\\/\\\/develop.olympic.ca\\\/olympique\\\/presse\\\/neuf-navigateurs-selectionnes-pour-representer-equipe-canada-a-tokyo-2020\\\/#primaryimage\",\"url\":\"https:\\\/\\\/develop.olympic.ca\\\/olympique\\\/wp-content\\\/uploads\\\/sites\\\/2\\\/2021\\\/03\\\/TOKYO-2020-TEAM_ANNOUNCEMENTS-Sailing-FeatureImage-2680x1508-v2-e1621278178489.jpg?quality=100\",\"contentUrl\":\"https:\\\/\\\/develop.olympic.ca\\\/olympique\\\/wp-content\\\/uploads\\\/sites\\\/2\\\/2021\\\/03\\\/TOKYO-2020-TEAM_ANNOUNCEMENTS-Sailing-FeatureImage-2680x1508-v2-e1621278178489.jpg?quality=100\",\"width\":2160,\"height\":1215},{\"@type\":\"WebSite\",\"@id\":\"https:\\\/\\\/develop.olympic.ca\\\/olympique\\\/#website\",\"url\":\"https:\\\/\\\/develop.olympic.ca\\\/olympique\\\/\",\"name\":\"\u00c9quipe Canada | Site officiel de l&#039;\u00e9quipe olympique\",\"description\":\"Votre source pour l\u2019\u00c9quipe olympique canadienne. Retrouvez les r\u00e9cits, vid\u00e9os et photos des athl\u00e8tes canadiens, sports olympiques, Jeux olympiques de 2020 et bien plus!\",\"potentialAction\":[{\"@type\":\"SearchAction\",\"target\":{\"@type\":\"EntryPoint\",\"urlTemplate\":\"https:\\\/\\\/develop.olympic.ca\\\/olympique\\\/?s={search_term_string}\"},\"query-input\":{\"@type\":\"PropertyValueSpecification\",\"valueRequired\":true,\"valueName\":\"search_term_string\"}}],\"inLanguage\":\"fr-FR\"}]}<\/script>\n<!-- \/ Yoast SEO plugin. -->","yoast_head_json":{"title":"Neuf navigateurs s\u00e9lectionn\u00e9s pour repr\u00e9senter \u00c9quipe Canada \u00e0 Tokyo 2020 - \u00c9quipe Canada | Site officiel de l&#039;\u00e9quipe olympique","robots":{"index":"index","follow":"follow","max-snippet":"max-snippet:-1","max-image-preview":"max-image-preview:large","max-video-preview":"max-video-preview:-1"},"canonical":"https:\/\/develop.olympic.ca\/olympique\/presse\/neuf-navigateurs-selectionnes-pour-representer-equipe-canada-a-tokyo-2020\/","og_locale":"fr_FR","og_type":"article","og_title":"Neuf navigateurs s\u00e9lectionn\u00e9s pour repr\u00e9senter \u00c9quipe Canada \u00e0 Tokyo 2020 - \u00c9quipe Canada | Site officiel de l&#039;\u00e9quipe olympique","og_description":"KINGSTON (18 mars 2021) \u2013 Jeudi, le Comit\u00e9 olympique canadien (COC) et Voile Canada ont d\u00e9voil\u00e9 la composition de l\u2019\u00e9quipe...","og_url":"https:\/\/develop.olympic.ca\/olympique\/presse\/neuf-navigateurs-selectionnes-pour-representer-equipe-canada-a-tokyo-2020\/","og_site_name":"\u00c9quipe Canada | Site officiel de l&#039;\u00e9quipe olympique","article_modified_time":"2021-03-18T14:42:45+00:00","og_image":[{"width":2160,"height":1215,"url":"https:\/\/develop.olympic.ca\/olympique\/wp-content\/uploads\/sites\/2\/2021\/03\/TOKYO-2020-TEAM_ANNOUNCEMENTS-Sailing-FeatureImage-2680x1508-v2-e1621278178489.jpg?quality=100","type":"image\/jpeg"}],"twitter_card":"summary_large_image","twitter_misc":{"Est. reading time":"5 minutes","Written by":"tmacbournieolympicca"},"schema":{"@context":"https:\/\/schema.org","@graph":[{"@type":"WebPage","@id":"https:\/\/develop.olympic.ca\/olympique\/presse\/neuf-navigateurs-selectionnes-pour-representer-equipe-canada-a-tokyo-2020\/","url":"https:\/\/develop.olympic.ca\/olympique\/presse\/neuf-navigateurs-selectionnes-pour-representer-equipe-canada-a-tokyo-2020\/","name":"Neuf navigateurs s\u00e9lectionn\u00e9s pour repr\u00e9senter \u00c9quipe Canada \u00e0 Tokyo 2020 - \u00c9quipe Canada | Site officiel de l&#039;\u00e9quipe olympique","isPartOf":{"@id":"https:\/\/develop.olympic.ca\/olympique\/#website"},"primaryImageOfPage":{"@id":"https:\/\/develop.olympic.ca\/olympique\/presse\/neuf-navigateurs-selectionnes-pour-representer-equipe-canada-a-tokyo-2020\/#primaryimage"},"image":{"@id":"https:\/\/develop.olympic.ca\/olympique\/presse\/neuf-navigateurs-selectionnes-pour-representer-equipe-canada-a-tokyo-2020\/#primaryimage"},"thumbnailUrl":"https:\/\/develop.olympic.ca\/olympique\/wp-content\/uploads\/sites\/2\/2021\/03\/TOKYO-2020-TEAM_ANNOUNCEMENTS-Sailing-FeatureImage-2680x1508-v2-e1621278178489.jpg?quality=100","datePublished":"2021-03-18T14:20:39+00:00","dateModified":"2021-03-18T14:42:45+00:00","inLanguage":"fr-FR","potentialAction":[{"@type":"ReadAction","target":["https:\/\/develop.olympic.ca\/olympique\/presse\/neuf-navigateurs-selectionnes-pour-representer-equipe-canada-a-tokyo-2020\/"]}]},{"@type":"ImageObject","inLanguage":"fr-FR","@id":"https:\/\/develop.olympic.ca\/olympique\/presse\/neuf-navigateurs-selectionnes-pour-representer-equipe-canada-a-tokyo-2020\/#primaryimage","url":"https:\/\/develop.olympic.ca\/olympique\/wp-content\/uploads\/sites\/2\/2021\/03\/TOKYO-2020-TEAM_ANNOUNCEMENTS-Sailing-FeatureImage-2680x1508-v2-e1621278178489.jpg?quality=100","contentUrl":"https:\/\/develop.olympic.ca\/olympique\/wp-content\/uploads\/sites\/2\/2021\/03\/TOKYO-2020-TEAM_ANNOUNCEMENTS-Sailing-FeatureImage-2680x1508-v2-e1621278178489.jpg?quality=100","width":2160,"height":1215},{"@type":"WebSite","@id":"https:\/\/develop.olympic.ca\/olympique\/#website","url":"https:\/\/develop.olympic.ca\/olympique\/","name":"\u00c9quipe Canada | Site officiel de l&#039;\u00e9quipe olympique","description":"Votre source pour l\u2019\u00c9quipe olympique canadienne. Retrouvez les r\u00e9cits, vid\u00e9os et photos des athl\u00e8tes canadiens, sports olympiques, Jeux olympiques de 2020 et bien plus!","potentialAction":[{"@type":"SearchAction","target":{"@type":"EntryPoint","urlTemplate":"https:\/\/develop.olympic.ca\/olympique\/?s={search_term_string}"},"query-input":{"@type":"PropertyValueSpecification","valueRequired":true,"valueName":"search_term_string"}}],"inLanguage":"fr-FR"}]}},"jetpack_sharing_enabled":true,"_links":{"self":[{"href":"https:\/\/develop.olympic.ca\/olympique\/wp-json\/wp\/v2\/press\/170126","targetHints":{"allow":["GET"]}}],"collection":[{"href":"https:\/\/develop.olympic.ca\/olympique\/wp-json\/wp\/v2\/press"}],"about":[{"href":"https:\/\/develop.olympic.ca\/olympique\/wp-json\/wp\/v2\/types\/press"}],"version-history":[{"count":0,"href":"https:\/\/develop.olympic.ca\/olympique\/wp-json\/wp\/v2\/press\/170126\/revisions"}],"wp:featuredmedia":[{"embeddable":true,"href":"https:\/\/develop.olympic.ca\/olympique\/wp-json\/wp\/v2\/media\/170114"}],"wp:attachment":[{"href":"https:\/\/develop.olympic.ca\/olympique\/wp-json\/wp\/v2\/media?parent=170126"}],"wp:term":[{"taxonomy":"post_tag","embeddable":true,"href":"https:\/\/develop.olympic.ca\/olympique\/wp-json\/wp\/v2\/tags?post=170126"},{"taxonomy":"type-of-press","embeddable":true,"href":"https:\/\/develop.olympic.ca\/olympique\/wp-json\/wp\/v2\/type-of-press?post=170126"},{"taxonomy":"press-topic","embeddable":true,"href":"https:\/\/develop.olympic.ca\/olympique\/wp-json\/wp\/v2\/press-topic?post=170126"},{"taxonomy":"years","embeddable":true,"href":"https:\/\/develop.olympic.ca\/olympique\/wp-json\/wp\/v2\/years?post=170126"}],"curies":[{"name":"wp","href":"https:\/\/api.w.org\/{rel}","templated":true}]}}