{"id":179878,"date":"2021-05-12T09:45:00","date_gmt":"2021-05-12T13:45:00","guid":{"rendered":"https:\/\/develop.olympic.ca\/olympique\/?post_type=press&#038;p=179878"},"modified":"2021-05-11T17:45:37","modified_gmt":"2021-05-11T21:45:37","slug":"lequipe-feminine-de-softball-nommee-pour-representer-equipe-canada-a-tokyo-2020","status":"publish","type":"press","link":"https:\/\/develop.olympic.ca\/olympique\/presse\/lequipe-feminine-de-softball-nommee-pour-representer-equipe-canada-a-tokyo-2020\/","title":{"rendered":"L\u2019\u00e9quipe f\u00e9minine de softball nomm\u00e9e pour repr\u00e9senter \u00c9quipe Canada \u00e0 Tokyo 2020"},"content":{"rendered":"\n<p class=\"wp-block-paragraph\">TORONTO (12 mai 2021) &#8211; Softball Canada et le Comit\u00e9 olympique canadien ont nomm\u00e9 les membres de la formation canadienne f\u00e9minine de softball qui participera aux Jeux olympiques de Tokyo 2020. Ces 15 athl\u00e8tes ont \u00e9t\u00e9 s\u00e9lectionn\u00e9es par le personnel d\u2019entra\u00eeneurs de Softball Canada, conform\u00e9ment au processus de s\u00e9lection de l\u2019\u00e9quipe olympique de l\u2019\u00e9quipe nationale f\u00e9minine.<\/p>\n\n\n\n<p class=\"wp-block-paragraph\">Le Canada s\u2019est qualifi\u00e9 pour les Jeux olympiques de Tokyo 2020 au Tournoi de qualification des Am\u00e9riques de la WBSC \u00e0 Surrey en Colombie-Britannique, en terminant avec le Mexique parmi les deux \u00e9quipes de t\u00eate du groupe de 12 formations participantes.<\/p>\n\n\n\n<p class=\"wp-block-paragraph\">\u00ab Il n\u2019y a pas de plus grand privil\u00e8ge de porter l\u2019uniforme avec le mot Canada inscrit sur le devant et de repr\u00e9senter le pays et les partisans les plus incroyables, affirme la receveure Kaleigh Rafter. Pour moi, il s\u2019agit de la derni\u00e8re \u00e9tape d\u2019un parcours de 14 ans qui remonte \u00e0 2007. Je d\u00e9sire remercier ma famille qui a appuy\u00e9 mon r\u00eave depuis le d\u00e9but. Je remercie aussi Softball Canada pour son soutien envers notre \u00e9quipe depuis le retrait de notre sport du programme olympique. Sans cet engagement, nous ne serions pas dans la position o\u00f9 nous nous retrouvons<br>aujourd\u2019hui. \u00bb<\/p>\n\n\n\n<p class=\"wp-block-paragraph\">Le softball est de retour aux Jeux olympiques apr\u00e8s avoir \u00e9t\u00e9 \u00e9cart\u00e9 du programme des Jeux de Londres 2012 et ceux de Rio 2016. Le Canada a tout juste rat\u00e9 le podium \u00e0 Beijing en 2008, soit le plus r\u00e9cent tournoi olympique de softball.<\/p>\n\n\n\n<p class=\"wp-block-paragraph\">\u00ab La nomination de la formation olympique est une autre \u00e9tape importante dans notre mission vers la m\u00e9daille d\u2019or en 2021, indique la lanceure Sara Groenewegen. Je suis emball\u00e9e par l\u2019occasion de repr\u00e9senter le Canada avec 14 autres femmes nomm\u00e9es au sein de l\u2019\u00e9quipe. Il faut un village pour se pr\u00e9parer pour les Jeux olympiques et m\u00eame si 15 femmes ont \u00e9t\u00e9 nomm\u00e9es au sein de cette formation, il y a une quantit\u00e9 innombrable de personnes qui ont \u00e9t\u00e9 impliqu\u00e9es dans notre pr\u00e9paration pour ce moment. Nous sommes emball\u00e9es et pr\u00eates pour l\u2019occasion d\u2019\u00e9crire une page d\u2019histoire aux Jeux olympiques de Tokyo 2020. \u00bb<\/p>\n\n\n\n<p class=\"wp-block-paragraph\">Le Canada occupe actuellement le troisi\u00e8me rang du Classement mondial de softball f\u00e9minin de la WBSC, ayant notamment remport\u00e9 trois m\u00e9dailles de bronze dans le cadre des cinq derni\u00e8res \u00e9ditions du Championnat du monde de la WBSC, notamment des m\u00e9dailles de bronze cons\u00e9cutives en 2016 et 2018. L\u2019\u00e9quipe a aussi d\u00e9croch\u00e9 une m\u00e9daille d\u2019or aux Jeux panam\u00e9ricains de Toronto en 2015, ainsi que des m\u00e9dailles d\u2019argent aux Jeux de Guadalajara 2011, puis \u00e0 ceux de Lima 2019.<\/p>\n\n\n\n<p class=\"wp-block-paragraph\">\u00ab J\u2019ai une place sp\u00e9ciale dans mon c\u0153ur pour notre \u00e9quipe olympique de softball, a d\u00e9clar\u00e9 Marnie McBean, chef de mission d\u2019\u00c9quipe Canada aux Jeux de Tokyo 2020. En 2008 quand j\u2019ai entrepris mon parcours comme mentore, j\u2019ai pass\u00e9 beaucoup de temps avec cette \u00e9quipe. J\u2019ai beaucoup appris de leur culture sportive et des responsabilit\u00e9s d\u2019\u00e9quipe sans compter l\u2019importance de continuer d\u2019avancer au-del\u00e0 des obstacles. J\u2019ai vraiment h\u00e2te de voir, d&rsquo;appuyer et certainement d\u2019apprendre de notre \u00e9quipe olympique. \u00bb<\/p>\n\n\n\n<p class=\"wp-block-paragraph\">Le tournoi de softball se d\u00e9roulera du 22 au 27 juillet (jours -2 \u00e0 4) au stade de baseball Azuma de Fukushima et au stade de baseball de Yokohama.<\/p>\n\n\n\n<p class=\"wp-block-paragraph\">Voici la liste des athl\u00e8tes nomm\u00e9es au sein de l\u2019\u00e9quipe :&nbsp;<\/p>\n\n\n\n<ol class=\"wp-block-list\"><li><a href=\"https:\/\/develop.olympic.ca\/olympique\/team-canada\/jenna-caira\/\">Jenna Caira<\/a> (Toronto, ON)<\/li><li><a href=\"https:\/\/develop.olympic.ca\/olympique\/team-canada\/emma-entzminger\/\">Emma Entzminger<\/a> (Victoria, C.-B.)<\/li><li><a href=\"https:\/\/develop.olympic.ca\/olympique\/team-canada\/larissa-franklin\/\">Larissa Franklin<\/a> (Maple Ridge, C.-B.)<\/li><li><a href=\"https:\/\/develop.olympic.ca\/olympique\/team-canada\/jenny-gilbert\/\">Jennifer Gilbert<\/a> (Saskatoon, SK)<\/li><li><a href=\"https:\/\/develop.olympic.ca\/olympique\/team-canada\/sara-groenewegen\/\">Sara Groenewegen<\/a> (Surrey, C.-B.)<\/li><li><a href=\"https:\/\/develop.olympic.ca\/olympique\/team-canada\/kelsey-jenkins-harshman\/\">Kelsey Harshman<\/a> (Delta, C.-B.)<\/li><li><a href=\"https:\/\/develop.olympic.ca\/olympique\/team-canada\/victoria-hayward\/\">Victoria Hayward<\/a> (Toronto, ON)<\/li><li><a href=\"https:\/\/develop.olympic.ca\/olympique\/team-canada\/danielle-lawrie\/\">Danielle Lawrie<\/a> (Langley, C.-B.)<\/li><li><a href=\"https:\/\/develop.olympic.ca\/olympique\/team-canada\/janet-leung\/\">Janet Leung<\/a> (Mississauga, ON)<\/li><li><a href=\"https:\/\/develop.olympic.ca\/olympique\/team-canada\/joanne-lye\/\">Joey Lye<\/a> (Toronto, ON)<\/li><li><a href=\"https:\/\/develop.olympic.ca\/olympique\/team-canada\/erika-polidori\/\">Erika Polidori<\/a> (Brantford, ON)<\/li><li><a href=\"https:\/\/develop.olympic.ca\/olympique\/team-canada\/kaleigh-rafter\/\">Kaleigh Rafter<\/a> (Guelph, ON)<\/li><li><a href=\"https:\/\/develop.olympic.ca\/olympique\/team-canada\/lauren-regula\/\">Lauren Regula<\/a> (Trail, C.-B.)<\/li><li><a href=\"https:\/\/develop.olympic.ca\/olympique\/team-canada\/jennifer-salling\/\">Jennifer Salling<\/a> (Port Coquitlam, C.-B.)<\/li><li><a href=\"https:\/\/develop.olympic.ca\/olympique\/team-canada\/natalie-wideman\/\">Natalie Wideman<\/a> (Mississauga, ON)<\/li><\/ol>\n\n\n\n<p class=\"wp-block-paragraph\">&nbsp;Rempla\u00e7antes&nbsp;<\/p>\n\n\n\n<ol class=\"wp-block-list\"><li>Karissa Hovinga (Edmonton, AB)<\/li><li>Callum Pilgrim (Abbotsford, C.-B.)<\/li><li>Morgan Rackel (Calgary, AB)<\/li><\/ol>\n\n\n\n<p class=\"wp-block-paragraph\">&nbsp;Voici la liste des entra\u00eeneurs nomm\u00e9s :&nbsp;<\/p>\n\n\n\n<ol class=\"wp-block-list\"><li>Mark Smith (Falmouth, N.-\u00c9.) \u2013 Entra\u00eeneur-chef<\/li><li>Lonni Alameda (Tallahassee, FL \u2013 (\u00c9.-U.)) \u2013 Entra\u00eeneure adjointe<\/li><li>Melissa Basilio (Oshawa, ON) \u2013 Entra\u00eeneure adjointe<\/li><li>Chris Jones (Oshawa, ON) \u2013 Entra\u00eeneur adjoint<\/li><\/ol>\n\n\n\n<p class=\"wp-block-paragraph\">Avant d\u2019\u00eatre confirm\u00e9es comme membres d\u2019\u00c9quipe Canada, toutes les athl\u00e8tes nomm\u00e9es sont soumises \u00e0 l\u2019approbation du comit\u00e9 de s\u00e9lection de l\u2019\u00e9quipe du Comit\u00e9 olympique canadien quand toutes les nominations ont \u00e9t\u00e9 re\u00e7ues des organismes nationaux de sport.<\/p>\n\n\n\n<p class=\"wp-block-paragraph\">Vous pouvez trouver une liste mise \u00e0 jour de la formation d\u2019\u00c9quipe Canada pour les Jeux de Tokyo en<a href=\"https:\/\/develop.olympic.ca\/olympique\/composition-dequipe-canada\/\"> cliquant ici<\/a> et pour suivre l\u2019\u00e9volution des qualifications, veuillez <a href=\"https:\/\/develop.olympic.ca\/olympique\/suivi-des-qualifications-pour-tokyo-2020\/\">cliquer ici<\/a>.<\/p>\n\n\n\n<p class=\"has-text-align-center wp-block-paragraph\">&nbsp;-30-<\/p>\n\n\n\n<p class=\"wp-block-paragraph\">CONTACTS POUR LES M\u00c9DIAS<\/p>\n\n\n\n<p class=\"wp-block-paragraph\">Gilles LeBlanc, gestionnaire du marketing et des communications<br>Softball Canada<br>T\u00e9l. : 613-523-3386 x3105 \/ Cell. : 613-795-1996<br>Courriel : <a href=\"mailto:gleblanc@softball.ca\">gleblanc@softball.ca<\/a><\/p>\n\n\n\n<p class=\"wp-block-paragraph\">Josh Su, sp\u00e9cialiste des relations publiques<br>Comit\u00e9 olympique canadien<br>Cell. : 647-464-4060<br>Courriel : <a href=\"mailto:jsu@olympique.ca\">jsu@olympique.ca<\/a><\/p>\n","protected":false},"excerpt":{"rendered":"<p>TORONTO (12 mai 2021) &#8211; Softball Canada et le Comit\u00e9 olympique canadien ont nomm\u00e9 les membres de la formation canadienne&#8230;<\/p>\n","protected":false},"featured_media":179846,"template":"","format":"standard","tags":[],"type-of-press":[],"press-topic":[415985544],"years":[682164078],"class_list":["post-179878","press","type-press","status-publish","format-standard","has-post-thumbnail","hentry","press-topic-tokyo-2020","years-682164078"],"acf":[],"yoast_head":"<!-- This site is optimized with the Yoast SEO plugin v27.3 - https:\/\/yoast.com\/product\/yoast-seo-wordpress\/ -->\n<title>L\u2019\u00e9quipe f\u00e9minine de softball nomm\u00e9e pour repr\u00e9senter \u00c9quipe Canada \u00e0 Tokyo 2020 - \u00c9quipe Canada | Site officiel de l&#039;\u00e9quipe olympique<\/title>\n<meta name=\"description\" content=\"Softball Canada et le Comit\u00e9 olympique canadien ont nomm\u00e9 les membres de la formation canadienne f\u00e9minine de softball qui participera aux Jeux olympiques de Tokyo 2020. Ces 15 athl\u00e8tes ont \u00e9t\u00e9 s\u00e9lectionn\u00e9es par le personnel d\u2019entra\u00eeneurs de Softball Canada, conform\u00e9ment au processus de s\u00e9lection de l\u2019\u00e9quipe olympique de l\u2019\u00e9quipe nationale f\u00e9minine.\" \/>\n<meta name=\"robots\" content=\"index, follow, max-snippet:-1, max-image-preview:large, max-video-preview:-1\" \/>\n<link rel=\"canonical\" href=\"https:\/\/develop.olympic.ca\/olympique\/presse\/lequipe-feminine-de-softball-nommee-pour-representer-equipe-canada-a-tokyo-2020\/\" \/>\n<meta property=\"og:locale\" content=\"fr_FR\" \/>\n<meta property=\"og:type\" content=\"article\" \/>\n<meta property=\"og:title\" content=\"L\u2019\u00e9quipe f\u00e9minine de softball nomm\u00e9e pour repr\u00e9senter \u00c9quipe Canada \u00e0 Tokyo 2020 - \u00c9quipe Canada | Site officiel de l&#039;\u00e9quipe olympique\" \/>\n<meta property=\"og:description\" content=\"Softball Canada et le Comit\u00e9 olympique canadien ont nomm\u00e9 les membres de la formation canadienne f\u00e9minine de softball qui participera aux Jeux olympiques de Tokyo 2020. Ces 15 athl\u00e8tes ont \u00e9t\u00e9 s\u00e9lectionn\u00e9es par le personnel d\u2019entra\u00eeneurs de Softball Canada, conform\u00e9ment au processus de s\u00e9lection de l\u2019\u00e9quipe olympique de l\u2019\u00e9quipe nationale f\u00e9minine.\" \/>\n<meta property=\"og:url\" content=\"https:\/\/develop.olympic.ca\/olympique\/presse\/lequipe-feminine-de-softball-nommee-pour-representer-equipe-canada-a-tokyo-2020\/\" \/>\n<meta property=\"og:site_name\" content=\"\u00c9quipe Canada | Site officiel de l&#039;\u00e9quipe olympique\" \/>\n<meta property=\"og:image\" content=\"https:\/\/develop.olympic.ca\/olympique\/wp-content\/uploads\/sites\/2\/2021\/05\/Tokyo-2020-Softball-Team-Announcement-Graphic.jpeg?quality=100\" \/>\n\t<meta property=\"og:image:width\" content=\"1080\" \/>\n\t<meta property=\"og:image:height\" content=\"610\" \/>\n\t<meta property=\"og:image:type\" content=\"image\/jpeg\" \/>\n<meta name=\"twitter:card\" content=\"summary_large_image\" \/>\n<meta name=\"twitter:label1\" content=\"Est. reading time\" \/>\n\t<meta name=\"twitter:data1\" content=\"4 minutes\" \/>\n\t<meta name=\"twitter:label2\" content=\"Written by\" \/>\n\t<meta name=\"twitter:data2\" content=\"tmacbournieolympicca\" \/>\n<script type=\"application\/ld+json\" class=\"yoast-schema-graph\">{\"@context\":\"https:\\\/\\\/schema.org\",\"@graph\":[{\"@type\":\"WebPage\",\"@id\":\"https:\\\/\\\/develop.olympic.ca\\\/olympique\\\/presse\\\/lequipe-feminine-de-softball-nommee-pour-representer-equipe-canada-a-tokyo-2020\\\/\",\"url\":\"https:\\\/\\\/develop.olympic.ca\\\/olympique\\\/presse\\\/lequipe-feminine-de-softball-nommee-pour-representer-equipe-canada-a-tokyo-2020\\\/\",\"name\":\"L\u2019\u00e9quipe f\u00e9minine de softball nomm\u00e9e pour repr\u00e9senter \u00c9quipe Canada \u00e0 Tokyo 2020 - \u00c9quipe Canada | Site officiel de l&#039;\u00e9quipe olympique\",\"isPartOf\":{\"@id\":\"https:\\\/\\\/develop.olympic.ca\\\/olympique\\\/#website\"},\"primaryImageOfPage\":{\"@id\":\"https:\\\/\\\/develop.olympic.ca\\\/olympique\\\/presse\\\/lequipe-feminine-de-softball-nommee-pour-representer-equipe-canada-a-tokyo-2020\\\/#primaryimage\"},\"image\":{\"@id\":\"https:\\\/\\\/develop.olympic.ca\\\/olympique\\\/presse\\\/lequipe-feminine-de-softball-nommee-pour-representer-equipe-canada-a-tokyo-2020\\\/#primaryimage\"},\"thumbnailUrl\":\"https:\\\/\\\/develop.olympic.ca\\\/olympique\\\/wp-content\\\/uploads\\\/sites\\\/2\\\/2021\\\/05\\\/Tokyo-2020-Softball-Team-Announcement-Graphic.jpeg?quality=100\",\"datePublished\":\"2021-05-12T13:45:00+00:00\",\"description\":\"Softball Canada et le Comit\u00e9 olympique canadien ont nomm\u00e9 les membres de la formation canadienne f\u00e9minine de softball qui participera aux Jeux olympiques de Tokyo 2020. Ces 15 athl\u00e8tes ont \u00e9t\u00e9 s\u00e9lectionn\u00e9es par le personnel d\u2019entra\u00eeneurs de Softball Canada, conform\u00e9ment au processus de s\u00e9lection de l\u2019\u00e9quipe olympique de l\u2019\u00e9quipe nationale f\u00e9minine.\",\"inLanguage\":\"fr-FR\",\"potentialAction\":[{\"@type\":\"ReadAction\",\"target\":[\"https:\\\/\\\/develop.olympic.ca\\\/olympique\\\/presse\\\/lequipe-feminine-de-softball-nommee-pour-representer-equipe-canada-a-tokyo-2020\\\/\"]}]},{\"@type\":\"ImageObject\",\"inLanguage\":\"fr-FR\",\"@id\":\"https:\\\/\\\/develop.olympic.ca\\\/olympique\\\/presse\\\/lequipe-feminine-de-softball-nommee-pour-representer-equipe-canada-a-tokyo-2020\\\/#primaryimage\",\"url\":\"https:\\\/\\\/develop.olympic.ca\\\/olympique\\\/wp-content\\\/uploads\\\/sites\\\/2\\\/2021\\\/05\\\/Tokyo-2020-Softball-Team-Announcement-Graphic.jpeg?quality=100\",\"contentUrl\":\"https:\\\/\\\/develop.olympic.ca\\\/olympique\\\/wp-content\\\/uploads\\\/sites\\\/2\\\/2021\\\/05\\\/Tokyo-2020-Softball-Team-Announcement-Graphic.jpeg?quality=100\",\"width\":1080,\"height\":610},{\"@type\":\"WebSite\",\"@id\":\"https:\\\/\\\/develop.olympic.ca\\\/olympique\\\/#website\",\"url\":\"https:\\\/\\\/develop.olympic.ca\\\/olympique\\\/\",\"name\":\"\u00c9quipe Canada | Site officiel de l&#039;\u00e9quipe olympique\",\"description\":\"Votre source pour l\u2019\u00c9quipe olympique canadienne. Retrouvez les r\u00e9cits, vid\u00e9os et photos des athl\u00e8tes canadiens, sports olympiques, Jeux olympiques de 2020 et bien plus!\",\"potentialAction\":[{\"@type\":\"SearchAction\",\"target\":{\"@type\":\"EntryPoint\",\"urlTemplate\":\"https:\\\/\\\/develop.olympic.ca\\\/olympique\\\/?s={search_term_string}\"},\"query-input\":{\"@type\":\"PropertyValueSpecification\",\"valueRequired\":true,\"valueName\":\"search_term_string\"}}],\"inLanguage\":\"fr-FR\"}]}<\/script>\n<!-- \/ Yoast SEO plugin. -->","yoast_head_json":{"title":"L\u2019\u00e9quipe f\u00e9minine de softball nomm\u00e9e pour repr\u00e9senter \u00c9quipe Canada \u00e0 Tokyo 2020 - \u00c9quipe Canada | Site officiel de l&#039;\u00e9quipe olympique","description":"Softball Canada et le Comit\u00e9 olympique canadien ont nomm\u00e9 les membres de la formation canadienne f\u00e9minine de softball qui participera aux Jeux olympiques de Tokyo 2020. Ces 15 athl\u00e8tes ont \u00e9t\u00e9 s\u00e9lectionn\u00e9es par le personnel d\u2019entra\u00eeneurs de Softball Canada, conform\u00e9ment au processus de s\u00e9lection de l\u2019\u00e9quipe olympique de l\u2019\u00e9quipe nationale f\u00e9minine.","robots":{"index":"index","follow":"follow","max-snippet":"max-snippet:-1","max-image-preview":"max-image-preview:large","max-video-preview":"max-video-preview:-1"},"canonical":"https:\/\/develop.olympic.ca\/olympique\/presse\/lequipe-feminine-de-softball-nommee-pour-representer-equipe-canada-a-tokyo-2020\/","og_locale":"fr_FR","og_type":"article","og_title":"L\u2019\u00e9quipe f\u00e9minine de softball nomm\u00e9e pour repr\u00e9senter \u00c9quipe Canada \u00e0 Tokyo 2020 - \u00c9quipe Canada | Site officiel de l&#039;\u00e9quipe olympique","og_description":"Softball Canada et le Comit\u00e9 olympique canadien ont nomm\u00e9 les membres de la formation canadienne f\u00e9minine de softball qui participera aux Jeux olympiques de Tokyo 2020. Ces 15 athl\u00e8tes ont \u00e9t\u00e9 s\u00e9lectionn\u00e9es par le personnel d\u2019entra\u00eeneurs de Softball Canada, conform\u00e9ment au processus de s\u00e9lection de l\u2019\u00e9quipe olympique de l\u2019\u00e9quipe nationale f\u00e9minine.","og_url":"https:\/\/develop.olympic.ca\/olympique\/presse\/lequipe-feminine-de-softball-nommee-pour-representer-equipe-canada-a-tokyo-2020\/","og_site_name":"\u00c9quipe Canada | Site officiel de l&#039;\u00e9quipe olympique","og_image":[{"width":1080,"height":610,"url":"https:\/\/develop.olympic.ca\/olympique\/wp-content\/uploads\/sites\/2\/2021\/05\/Tokyo-2020-Softball-Team-Announcement-Graphic.jpeg?quality=100","type":"image\/jpeg"}],"twitter_card":"summary_large_image","twitter_misc":{"Est. reading time":"4 minutes","Written by":"tmacbournieolympicca"},"schema":{"@context":"https:\/\/schema.org","@graph":[{"@type":"WebPage","@id":"https:\/\/develop.olympic.ca\/olympique\/presse\/lequipe-feminine-de-softball-nommee-pour-representer-equipe-canada-a-tokyo-2020\/","url":"https:\/\/develop.olympic.ca\/olympique\/presse\/lequipe-feminine-de-softball-nommee-pour-representer-equipe-canada-a-tokyo-2020\/","name":"L\u2019\u00e9quipe f\u00e9minine de softball nomm\u00e9e pour repr\u00e9senter \u00c9quipe Canada \u00e0 Tokyo 2020 - \u00c9quipe Canada | Site officiel de l&#039;\u00e9quipe olympique","isPartOf":{"@id":"https:\/\/develop.olympic.ca\/olympique\/#website"},"primaryImageOfPage":{"@id":"https:\/\/develop.olympic.ca\/olympique\/presse\/lequipe-feminine-de-softball-nommee-pour-representer-equipe-canada-a-tokyo-2020\/#primaryimage"},"image":{"@id":"https:\/\/develop.olympic.ca\/olympique\/presse\/lequipe-feminine-de-softball-nommee-pour-representer-equipe-canada-a-tokyo-2020\/#primaryimage"},"thumbnailUrl":"https:\/\/develop.olympic.ca\/olympique\/wp-content\/uploads\/sites\/2\/2021\/05\/Tokyo-2020-Softball-Team-Announcement-Graphic.jpeg?quality=100","datePublished":"2021-05-12T13:45:00+00:00","description":"Softball Canada et le Comit\u00e9 olympique canadien ont nomm\u00e9 les membres de la formation canadienne f\u00e9minine de softball qui participera aux Jeux olympiques de Tokyo 2020. Ces 15 athl\u00e8tes ont \u00e9t\u00e9 s\u00e9lectionn\u00e9es par le personnel d\u2019entra\u00eeneurs de Softball Canada, conform\u00e9ment au processus de s\u00e9lection de l\u2019\u00e9quipe olympique de l\u2019\u00e9quipe nationale f\u00e9minine.","inLanguage":"fr-FR","potentialAction":[{"@type":"ReadAction","target":["https:\/\/develop.olympic.ca\/olympique\/presse\/lequipe-feminine-de-softball-nommee-pour-representer-equipe-canada-a-tokyo-2020\/"]}]},{"@type":"ImageObject","inLanguage":"fr-FR","@id":"https:\/\/develop.olympic.ca\/olympique\/presse\/lequipe-feminine-de-softball-nommee-pour-representer-equipe-canada-a-tokyo-2020\/#primaryimage","url":"https:\/\/develop.olympic.ca\/olympique\/wp-content\/uploads\/sites\/2\/2021\/05\/Tokyo-2020-Softball-Team-Announcement-Graphic.jpeg?quality=100","contentUrl":"https:\/\/develop.olympic.ca\/olympique\/wp-content\/uploads\/sites\/2\/2021\/05\/Tokyo-2020-Softball-Team-Announcement-Graphic.jpeg?quality=100","width":1080,"height":610},{"@type":"WebSite","@id":"https:\/\/develop.olympic.ca\/olympique\/#website","url":"https:\/\/develop.olympic.ca\/olympique\/","name":"\u00c9quipe Canada | Site officiel de l&#039;\u00e9quipe olympique","description":"Votre source pour l\u2019\u00c9quipe olympique canadienne. Retrouvez les r\u00e9cits, vid\u00e9os et photos des athl\u00e8tes canadiens, sports olympiques, Jeux olympiques de 2020 et bien plus!","potentialAction":[{"@type":"SearchAction","target":{"@type":"EntryPoint","urlTemplate":"https:\/\/develop.olympic.ca\/olympique\/?s={search_term_string}"},"query-input":{"@type":"PropertyValueSpecification","valueRequired":true,"valueName":"search_term_string"}}],"inLanguage":"fr-FR"}]}},"jetpack_sharing_enabled":true,"_links":{"self":[{"href":"https:\/\/develop.olympic.ca\/olympique\/wp-json\/wp\/v2\/press\/179878","targetHints":{"allow":["GET"]}}],"collection":[{"href":"https:\/\/develop.olympic.ca\/olympique\/wp-json\/wp\/v2\/press"}],"about":[{"href":"https:\/\/develop.olympic.ca\/olympique\/wp-json\/wp\/v2\/types\/press"}],"version-history":[{"count":0,"href":"https:\/\/develop.olympic.ca\/olympique\/wp-json\/wp\/v2\/press\/179878\/revisions"}],"wp:featuredmedia":[{"embeddable":true,"href":"https:\/\/develop.olympic.ca\/olympique\/wp-json\/wp\/v2\/media\/179846"}],"wp:attachment":[{"href":"https:\/\/develop.olympic.ca\/olympique\/wp-json\/wp\/v2\/media?parent=179878"}],"wp:term":[{"taxonomy":"post_tag","embeddable":true,"href":"https:\/\/develop.olympic.ca\/olympique\/wp-json\/wp\/v2\/tags?post=179878"},{"taxonomy":"type-of-press","embeddable":true,"href":"https:\/\/develop.olympic.ca\/olympique\/wp-json\/wp\/v2\/type-of-press?post=179878"},{"taxonomy":"press-topic","embeddable":true,"href":"https:\/\/develop.olympic.ca\/olympique\/wp-json\/wp\/v2\/press-topic?post=179878"},{"taxonomy":"years","embeddable":true,"href":"https:\/\/develop.olympic.ca\/olympique\/wp-json\/wp\/v2\/years?post=179878"}],"curies":[{"name":"wp","href":"https:\/\/api.w.org\/{rel}","templated":true}]}}