{"id":210882,"date":"2022-07-18T22:13:37","date_gmt":"2022-07-19T02:13:37","guid":{"rendered":"https:\/\/develop.olympic.ca\/olympique\/?post_type=press&#038;p=210882"},"modified":"2022-08-02T12:41:44","modified_gmt":"2022-08-02T16:41:44","slug":"lequipe-de-faisabilite-2030-partage-un-nouveau-document-de-questions-et-reponses","status":"publish","type":"press","link":"https:\/\/develop.olympic.ca\/olympique\/presse\/lequipe-de-faisabilite-2030-partage-un-nouveau-document-de-questions-et-reponses\/","title":{"rendered":"L\u2019\u00e9quipe de faisabilit\u00e9 2030 partage un nouveau document de questions et r\u00e9ponses"},"content":{"rendered":"\n<p class=\"wp-block-paragraph\">VANCOUVER (18 juillet 2022) \u2013 Les Premi\u00e8res Nations Lil\u0313wat7\u00fal (L\u00edl\u0313wat), x\u02b7m\u0259\u03b8k\u02b7\u0259y\u0313\u0259m (Musqueam), S\u1e35wx\u0331w\u00fa7mesh (Squamish) et s\u0259lilw\u0259ta\u026c (Tsleil-Waututh), le Comit\u00e9 olympique canadien (COC) et le Comit\u00e9 paralympique canadien (CPC) ont publi\u00e9 un nouveau document de questions et r\u00e9ponses pour r\u00e9pondre \u00e0 des pr\u00e9occupations soulev\u00e9es \u00e0 propos des \u00e9ch\u00e9anciers et de la logistique du projet d\u2019accueil des Jeux olympiques et paralympiques d\u2019hiver en Colombie-Britannique en 2030. Vous pouvez acc\u00e9der \u00e0 ce document <a href=\"https:\/\/www.engagementjeux.ca\/30901\/widgets\/126942\/documents\/85944\" target=\"_blank\" rel=\"noreferrer noopener\">en cliquant ici<\/a>.<\/p>\n\n\n\n<p class=\"wp-block-paragraph\">La semaine derni\u00e8re, les Nations Squamish et Tsleil-Waututh ont chacune appuy\u00e9 \u00e0 l\u2019unanimit\u00e9 la poursuite des travaux sur un projet de candidature. Aujourd\u2019hui, c\u2019est le conseil de la Nation Musqueam qui a appuy\u00e9 la poursuite des travaux. Les repr\u00e9sentants de la communaut\u00e9 sportive canadienne ont aussi accord\u00e9 leur approbation unanime au projet dans le cadre de la Session du COC et de la r\u00e9union du conseil d\u2019administration du CPC au mois de juin.<\/p>\n\n\n\n<p class=\"wp-block-paragraph\">\u00ab Nous sommes extr\u00eamement heureux de compter sur cinq soutiens essentiels \u00e0 la poursuite de nos travaux visant le retour des Jeux olympiques et paralympiques au Canada, a d\u00e9clar\u00e9 Tricia Smith, pr\u00e9sidente du Comit\u00e9 olympique canadien. L\u2019accueil de Jeux olympiques et paralympiques est certainement une t\u00e2che complexe et le soutien de chaque partenaire est essentiel aux succ\u00e8s d\u2019un tel projet. Nous accordons de l\u2019importance aux pr\u00e9occupations soulev\u00e9es par le personnel de la Ville de Vancouver et nous croyons que le rapport souligne le travail qui doit \u00eatre fait, ainsi que le besoin de travailler efficacement ensemble afin de respecter les \u00e9ch\u00e9anciers nationaux et internationaux. Nous avons le privil\u00e8ge de nous appuyer sur une expertise incroyable acquise aux Jeux de Vancouver 2010 pour y parvenir. Ces Jeux sont per\u00e7us par un grand nombre comme parmi les meilleurs Jeux de l\u2019histoire et nous avons maintenant l\u2019occasion de b\u00e2tir sur cet h\u00e9ritage tout en effectuant des pas marquant sur la voie vers la r\u00e9conciliation. \u00bb<\/p>\n\n\n\n<p class=\"wp-block-paragraph\">La Nation L\u00edl\u0313wat, la Ville de Vancouver et la Municipalit\u00e9 de vill\u00e9giature de Whistler ont le projet de candidature \u00e0 l\u2019ordre du jour de leur r\u00e9union du conseil cette semaine.<\/p>\n\n\n\n<p class=\"has-text-align-center wp-block-paragraph\">-30-<\/p>\n\n\n\n<p class=\"wp-block-paragraph\">CONTACTS POUR LES M\u00c9DIAS<br><br>Thomas Hall<br>Cell. : 514-709-1054<br>Courriel : <a href=\"mailto:thall@olympique.ca\">thall@olympique.ca<\/a><\/p>\n","protected":false},"excerpt":{"rendered":"<p>VANCOUVER (18 juillet 2022) \u2013 Les Premi\u00e8res Nations Lil\u0313wat7\u00fal (L\u00edl\u0313wat), x\u02b7m\u0259\u03b8k\u02b7\u0259y\u0313\u0259m (Musqueam), S\u1e35wx\u0331w\u00fa7mesh (Squamish) et s\u0259lilw\u0259ta\u026c (Tsleil-Waututh), le Comit\u00e9 olympique&#8230;<\/p>\n","protected":false},"featured_media":210883,"template":"","format":"standard","tags":[],"type-of-press":[184353519],"press-topic":[415985198],"years":[682163799],"class_list":["post-210882","press","type-press","status-publish","format-standard","has-post-thumbnail","hentry","type-of-press-declarations","press-topic-general","years-682163799"],"acf":[],"yoast_head":"<!-- This site is optimized with the Yoast SEO plugin v27.3 - https:\/\/yoast.com\/product\/yoast-seo-wordpress\/ -->\n<title>L\u2019\u00e9quipe de faisabilit\u00e9 2030 partage un nouveau document de questions et r\u00e9ponses - \u00c9quipe Canada | Site officiel de l&#039;\u00e9quipe olympique<\/title>\n<meta name=\"robots\" content=\"index, follow, max-snippet:-1, max-image-preview:large, max-video-preview:-1\" \/>\n<link rel=\"canonical\" href=\"https:\/\/develop.olympic.ca\/olympique\/presse\/lequipe-de-faisabilite-2030-partage-un-nouveau-document-de-questions-et-reponses\/\" \/>\n<meta property=\"og:locale\" content=\"fr_FR\" \/>\n<meta property=\"og:type\" content=\"article\" \/>\n<meta property=\"og:title\" content=\"L\u2019\u00e9quipe de faisabilit\u00e9 2030 partage un nouveau document de questions et r\u00e9ponses - \u00c9quipe Canada | Site officiel de l&#039;\u00e9quipe olympique\" \/>\n<meta property=\"og:description\" content=\"VANCOUVER (18 juillet 2022) \u2013 Les Premi\u00e8res Nations Lil\u0313wat7\u00fal (L\u00edl\u0313wat), x\u02b7m\u0259\u03b8k\u02b7\u0259y\u0313\u0259m (Musqueam), S\u1e35wx\u0331w\u00fa7mesh (Squamish) et s\u0259lilw\u0259ta\u026c (Tsleil-Waututh), le Comit\u00e9 olympique...\" \/>\n<meta property=\"og:url\" content=\"https:\/\/develop.olympic.ca\/olympique\/presse\/lequipe-de-faisabilite-2030-partage-un-nouveau-document-de-questions-et-reponses\/\" \/>\n<meta property=\"og:site_name\" content=\"\u00c9quipe Canada | Site officiel de l&#039;\u00e9quipe olympique\" \/>\n<meta property=\"article:modified_time\" content=\"2022-08-02T16:41:44+00:00\" \/>\n<meta property=\"og:image\" content=\"https:\/\/develop.olympic.ca\/olympique\/wp-content\/uploads\/sites\/2\/2022\/07\/OLY-20100228DCS118.jpg?quality=100\" \/>\n\t<meta property=\"og:image:width\" content=\"1200\" \/>\n\t<meta property=\"og:image:height\" content=\"800\" \/>\n\t<meta property=\"og:image:type\" content=\"image\/jpeg\" \/>\n<meta name=\"twitter:card\" content=\"summary_large_image\" \/>\n<meta name=\"twitter:label1\" content=\"Est. reading time\" \/>\n\t<meta name=\"twitter:data1\" content=\"2 minutes\" \/>\n\t<meta name=\"twitter:label2\" content=\"Written by\" \/>\n\t<meta name=\"twitter:data2\" content=\"tmacbournieolympicca\" \/>\n<script type=\"application\/ld+json\" class=\"yoast-schema-graph\">{\"@context\":\"https:\\\/\\\/schema.org\",\"@graph\":[{\"@type\":\"WebPage\",\"@id\":\"https:\\\/\\\/develop.olympic.ca\\\/olympique\\\/presse\\\/lequipe-de-faisabilite-2030-partage-un-nouveau-document-de-questions-et-reponses\\\/\",\"url\":\"https:\\\/\\\/develop.olympic.ca\\\/olympique\\\/presse\\\/lequipe-de-faisabilite-2030-partage-un-nouveau-document-de-questions-et-reponses\\\/\",\"name\":\"L\u2019\u00e9quipe de faisabilit\u00e9 2030 partage un nouveau document de questions et r\u00e9ponses - \u00c9quipe Canada | Site officiel de l&#039;\u00e9quipe olympique\",\"isPartOf\":{\"@id\":\"https:\\\/\\\/develop.olympic.ca\\\/olympique\\\/#website\"},\"primaryImageOfPage\":{\"@id\":\"https:\\\/\\\/develop.olympic.ca\\\/olympique\\\/presse\\\/lequipe-de-faisabilite-2030-partage-un-nouveau-document-de-questions-et-reponses\\\/#primaryimage\"},\"image\":{\"@id\":\"https:\\\/\\\/develop.olympic.ca\\\/olympique\\\/presse\\\/lequipe-de-faisabilite-2030-partage-un-nouveau-document-de-questions-et-reponses\\\/#primaryimage\"},\"thumbnailUrl\":\"https:\\\/\\\/develop.olympic.ca\\\/olympique\\\/wp-content\\\/uploads\\\/sites\\\/2\\\/2022\\\/07\\\/OLY-20100228DCS118.jpg?quality=100\",\"datePublished\":\"2022-07-19T02:13:37+00:00\",\"dateModified\":\"2022-08-02T16:41:44+00:00\",\"inLanguage\":\"fr-FR\",\"potentialAction\":[{\"@type\":\"ReadAction\",\"target\":[\"https:\\\/\\\/develop.olympic.ca\\\/olympique\\\/presse\\\/lequipe-de-faisabilite-2030-partage-un-nouveau-document-de-questions-et-reponses\\\/\"]}]},{\"@type\":\"ImageObject\",\"inLanguage\":\"fr-FR\",\"@id\":\"https:\\\/\\\/develop.olympic.ca\\\/olympique\\\/presse\\\/lequipe-de-faisabilite-2030-partage-un-nouveau-document-de-questions-et-reponses\\\/#primaryimage\",\"url\":\"https:\\\/\\\/develop.olympic.ca\\\/olympique\\\/wp-content\\\/uploads\\\/sites\\\/2\\\/2022\\\/07\\\/OLY-20100228DCS118.jpg?quality=100\",\"contentUrl\":\"https:\\\/\\\/develop.olympic.ca\\\/olympique\\\/wp-content\\\/uploads\\\/sites\\\/2\\\/2022\\\/07\\\/OLY-20100228DCS118.jpg?quality=100\",\"width\":1200,\"height\":800,\"caption\":\"Members of the Canadian Olympic Team march into closing ceremonies at BC Place during the 2010 Vancouver Olympic Winter Games in Vancouver, B.C. THE (CANADIAN PRESS)2010(HO-COC-Dave Sandford)\"},{\"@type\":\"WebSite\",\"@id\":\"https:\\\/\\\/develop.olympic.ca\\\/olympique\\\/#website\",\"url\":\"https:\\\/\\\/develop.olympic.ca\\\/olympique\\\/\",\"name\":\"\u00c9quipe Canada | Site officiel de l&#039;\u00e9quipe olympique\",\"description\":\"Votre source pour l\u2019\u00c9quipe olympique canadienne. Retrouvez les r\u00e9cits, vid\u00e9os et photos des athl\u00e8tes canadiens, sports olympiques, Jeux olympiques de 2020 et bien plus!\",\"potentialAction\":[{\"@type\":\"SearchAction\",\"target\":{\"@type\":\"EntryPoint\",\"urlTemplate\":\"https:\\\/\\\/develop.olympic.ca\\\/olympique\\\/?s={search_term_string}\"},\"query-input\":{\"@type\":\"PropertyValueSpecification\",\"valueRequired\":true,\"valueName\":\"search_term_string\"}}],\"inLanguage\":\"fr-FR\"}]}<\/script>\n<!-- \/ Yoast SEO plugin. -->","yoast_head_json":{"title":"L\u2019\u00e9quipe de faisabilit\u00e9 2030 partage un nouveau document de questions et r\u00e9ponses - \u00c9quipe Canada | Site officiel de l&#039;\u00e9quipe olympique","robots":{"index":"index","follow":"follow","max-snippet":"max-snippet:-1","max-image-preview":"max-image-preview:large","max-video-preview":"max-video-preview:-1"},"canonical":"https:\/\/develop.olympic.ca\/olympique\/presse\/lequipe-de-faisabilite-2030-partage-un-nouveau-document-de-questions-et-reponses\/","og_locale":"fr_FR","og_type":"article","og_title":"L\u2019\u00e9quipe de faisabilit\u00e9 2030 partage un nouveau document de questions et r\u00e9ponses - \u00c9quipe Canada | Site officiel de l&#039;\u00e9quipe olympique","og_description":"VANCOUVER (18 juillet 2022) \u2013 Les Premi\u00e8res Nations Lil\u0313wat7\u00fal (L\u00edl\u0313wat), x\u02b7m\u0259\u03b8k\u02b7\u0259y\u0313\u0259m (Musqueam), S\u1e35wx\u0331w\u00fa7mesh (Squamish) et s\u0259lilw\u0259ta\u026c (Tsleil-Waututh), le Comit\u00e9 olympique...","og_url":"https:\/\/develop.olympic.ca\/olympique\/presse\/lequipe-de-faisabilite-2030-partage-un-nouveau-document-de-questions-et-reponses\/","og_site_name":"\u00c9quipe Canada | Site officiel de l&#039;\u00e9quipe olympique","article_modified_time":"2022-08-02T16:41:44+00:00","og_image":[{"width":1200,"height":800,"url":"https:\/\/develop.olympic.ca\/olympique\/wp-content\/uploads\/sites\/2\/2022\/07\/OLY-20100228DCS118.jpg?quality=100","type":"image\/jpeg"}],"twitter_card":"summary_large_image","twitter_misc":{"Est. reading time":"2 minutes","Written by":"tmacbournieolympicca"},"schema":{"@context":"https:\/\/schema.org","@graph":[{"@type":"WebPage","@id":"https:\/\/develop.olympic.ca\/olympique\/presse\/lequipe-de-faisabilite-2030-partage-un-nouveau-document-de-questions-et-reponses\/","url":"https:\/\/develop.olympic.ca\/olympique\/presse\/lequipe-de-faisabilite-2030-partage-un-nouveau-document-de-questions-et-reponses\/","name":"L\u2019\u00e9quipe de faisabilit\u00e9 2030 partage un nouveau document de questions et r\u00e9ponses - \u00c9quipe Canada | Site officiel de l&#039;\u00e9quipe olympique","isPartOf":{"@id":"https:\/\/develop.olympic.ca\/olympique\/#website"},"primaryImageOfPage":{"@id":"https:\/\/develop.olympic.ca\/olympique\/presse\/lequipe-de-faisabilite-2030-partage-un-nouveau-document-de-questions-et-reponses\/#primaryimage"},"image":{"@id":"https:\/\/develop.olympic.ca\/olympique\/presse\/lequipe-de-faisabilite-2030-partage-un-nouveau-document-de-questions-et-reponses\/#primaryimage"},"thumbnailUrl":"https:\/\/develop.olympic.ca\/olympique\/wp-content\/uploads\/sites\/2\/2022\/07\/OLY-20100228DCS118.jpg?quality=100","datePublished":"2022-07-19T02:13:37+00:00","dateModified":"2022-08-02T16:41:44+00:00","inLanguage":"fr-FR","potentialAction":[{"@type":"ReadAction","target":["https:\/\/develop.olympic.ca\/olympique\/presse\/lequipe-de-faisabilite-2030-partage-un-nouveau-document-de-questions-et-reponses\/"]}]},{"@type":"ImageObject","inLanguage":"fr-FR","@id":"https:\/\/develop.olympic.ca\/olympique\/presse\/lequipe-de-faisabilite-2030-partage-un-nouveau-document-de-questions-et-reponses\/#primaryimage","url":"https:\/\/develop.olympic.ca\/olympique\/wp-content\/uploads\/sites\/2\/2022\/07\/OLY-20100228DCS118.jpg?quality=100","contentUrl":"https:\/\/develop.olympic.ca\/olympique\/wp-content\/uploads\/sites\/2\/2022\/07\/OLY-20100228DCS118.jpg?quality=100","width":1200,"height":800,"caption":"Members of the Canadian Olympic Team march into closing ceremonies at BC Place during the 2010 Vancouver Olympic Winter Games in Vancouver, B.C. THE (CANADIAN PRESS)2010(HO-COC-Dave Sandford)"},{"@type":"WebSite","@id":"https:\/\/develop.olympic.ca\/olympique\/#website","url":"https:\/\/develop.olympic.ca\/olympique\/","name":"\u00c9quipe Canada | Site officiel de l&#039;\u00e9quipe olympique","description":"Votre source pour l\u2019\u00c9quipe olympique canadienne. Retrouvez les r\u00e9cits, vid\u00e9os et photos des athl\u00e8tes canadiens, sports olympiques, Jeux olympiques de 2020 et bien plus!","potentialAction":[{"@type":"SearchAction","target":{"@type":"EntryPoint","urlTemplate":"https:\/\/develop.olympic.ca\/olympique\/?s={search_term_string}"},"query-input":{"@type":"PropertyValueSpecification","valueRequired":true,"valueName":"search_term_string"}}],"inLanguage":"fr-FR"}]}},"jetpack_sharing_enabled":true,"_links":{"self":[{"href":"https:\/\/develop.olympic.ca\/olympique\/wp-json\/wp\/v2\/press\/210882","targetHints":{"allow":["GET"]}}],"collection":[{"href":"https:\/\/develop.olympic.ca\/olympique\/wp-json\/wp\/v2\/press"}],"about":[{"href":"https:\/\/develop.olympic.ca\/olympique\/wp-json\/wp\/v2\/types\/press"}],"version-history":[{"count":3,"href":"https:\/\/develop.olympic.ca\/olympique\/wp-json\/wp\/v2\/press\/210882\/revisions"}],"predecessor-version":[{"id":211149,"href":"https:\/\/develop.olympic.ca\/olympique\/wp-json\/wp\/v2\/press\/210882\/revisions\/211149"}],"wp:featuredmedia":[{"embeddable":true,"href":"https:\/\/develop.olympic.ca\/olympique\/wp-json\/wp\/v2\/media\/210883"}],"wp:attachment":[{"href":"https:\/\/develop.olympic.ca\/olympique\/wp-json\/wp\/v2\/media?parent=210882"}],"wp:term":[{"taxonomy":"post_tag","embeddable":true,"href":"https:\/\/develop.olympic.ca\/olympique\/wp-json\/wp\/v2\/tags?post=210882"},{"taxonomy":"type-of-press","embeddable":true,"href":"https:\/\/develop.olympic.ca\/olympique\/wp-json\/wp\/v2\/type-of-press?post=210882"},{"taxonomy":"press-topic","embeddable":true,"href":"https:\/\/develop.olympic.ca\/olympique\/wp-json\/wp\/v2\/press-topic?post=210882"},{"taxonomy":"years","embeddable":true,"href":"https:\/\/develop.olympic.ca\/olympique\/wp-json\/wp\/v2\/years?post=210882"}],"curies":[{"name":"wp","href":"https:\/\/api.w.org\/{rel}","templated":true}]}}