{"id":231863,"date":"2023-10-30T21:34:42","date_gmt":"2023-10-31T01:34:42","guid":{"rendered":"https:\/\/develop.olympic.ca\/olympique\/?post_type=press&#038;p=231863"},"modified":"2023-10-30T21:49:33","modified_gmt":"2023-10-31T01:49:33","slug":"santiago-2023-equipe-canada-a-la-fin-du-jour-10","status":"publish","type":"press","link":"https:\/\/develop.olympic.ca\/olympique\/presse\/santiago-2023-equipe-canada-a-la-fin-du-jour-10\/","title":{"rendered":"Santiago 2023 : \u00c9quipe Canada \u00e0 la fin du Jour 10"},"content":{"rendered":"\n<p class=\"wp-block-paragraph\"><strong>SANTIAGO, CHILI <\/strong>(30 octobre 2023) \u2014 \u00c9quipe Canada a ajout\u00e9 deux m\u00e9dailles d\u2019or, deux d\u2019argent et trois de bronze \u00e0 son total \u00e0 la dixi\u00e8me journ\u00e9e des Jeux panam\u00e9ricains Santiago 2023. Voici ce que vous devez savoir.&nbsp;<\/p>\n\n\n\n<p class=\"wp-block-paragraph\"><strong>NOMBRE DE M\u00c9DAILLES D\u2019\u00c9QUIPE CANADA<\/strong><\/p>\n\n\n\n<p class=\"wp-block-paragraph\"><br>OR : 35 | ARGENT : 32 | BRONZE : 38 | TOTAL : 105<\/p>\n\n\n\n<p class=\"wp-block-paragraph\"><br>HORAIRE\/R\u00c9SULTATS : <a href=\"https:\/\/drive.google.com\/drive\/u\/0\/folders\/1xi8BnIhd3uTtAhiW16yqam4JMNLJTkSv\">R\u00e9sultats du Jour 10 et horaire du Jour 11<\/a><\/p>\n\n\n\n<p class=\"wp-block-paragraph\"><br><strong>FAITS SAILLANTS DU JOUR 10<\/strong><\/p>\n\n\n\n<ul class=\"wp-block-list\">\n<li><strong>Escrime<\/strong>\n<ul class=\"wp-block-list\">\n<li>Deux Canadiens ont remport\u00e9 des m\u00e9dailles au fleuret individuel chez les femmes, soit Eleanor Harvey (Hamilton, ON) qui a remport\u00e9 l\u2019argent et Jessica Guo (Toronto, ON) le bronze.<br><br><\/li>\n\n\n\n<li>Harvey et Guo \u00e9taient aussi membre d\u2019\u00c9quipe Canada aux Jeux de Tokyo 2020 qui a pris le cinqui\u00e8me rang \u00e0 l\u2019\u00e9preuve par \u00e9quipes au fleuret f\u00e9minin, soit le meilleur r\u00e9sultat olympique de l\u2019histoire canadienne \u00e0 cette \u00e9preuve.<br><br><\/li>\n\n\n\n<li>Dylan French (Richmond, C.-B.) a remport\u00e9 l\u2019or de l\u2019\u00e9preuve individuelle masculine de l\u2019\u00e9p\u00e9e, devenant ainsi le premier Canadien champion des Jeux panam\u00e9ricains en escrime dans une \u00e9preuve individuelle depuis Philippe Beaudry au sabre masculin des Jeux de Guadalajara en 2011.<\/li>\n<\/ul>\n<\/li>\n<\/ul>\n\n\n\n<ul class=\"wp-block-list\">\n<li><strong>Judo<\/strong>\n<ul class=\"wp-block-list\">\n<li>Shady El Nahas (Toronto, ON) profite de ses premiers Jeux panam\u00e9ricains pour remporter l\u2019or dans la cat\u00e9gorie masculine des 100 kg \u00e0 Santiago 2023&nbsp;<\/li>\n<\/ul>\n<\/li>\n<\/ul>\n\n\n\n<ul class=\"wp-block-list\">\n<li><strong>Surf<\/strong>\n<ul class=\"wp-block-list\">\n<li>Finn Spencer (Paia, Maui, HI (\u00c9tats-Unis)) a remport\u00e9 la premi\u00e8re m\u00e9daille du Canada lundi, soit une m\u00e9daille de bronze dans l\u2019\u00e9preuve masculine de SUP (surf).\u00a0<br><br><\/li>\n\n\n\n<li>Sanoa Dempfle-Olin (Tofino, C.-B.) a d\u00e9croch\u00e9 l\u2019argent \u00e0 l\u2019\u00e9preuve f\u00e9minine de planche courte. En route vers le podium, elle a obtenu sa place pour les Jeux de Paris 2024 en acc\u00e9dant \u00e0 la grande finale. Dempfle-Olin se qualifie comme la surfeuse la mieux class\u00e9e aux Jeux panam\u00e9ricains qui n\u2019\u00e9tait pas d\u00e9j\u00e0 qualifi\u00e9e pour les Jeux olympiques. Cette place est provisoire et d\u00e9pend de sa participation aux Jeux mondiaux de surf de l\u2019ISA 2024.\u00a0<\/li>\n<\/ul>\n<\/li>\n<\/ul>\n\n\n\n<ul class=\"wp-block-list\">\n<li><strong>Tennis de table<\/strong>\n<ul class=\"wp-block-list\">\n<li>Eugene Wang (Aurora, ON) et Mo Zhang (Vancouver, C.-B.) ont remport\u00e9 la m\u00e9daille de bronze du double mixte. Les Jeux de Santiago 2023 \u00e9taient les cinqui\u00e8mes Jeux panam\u00e9ricains du parcours de Zhang et les troisi\u00e8mes pour Wang.<\/li>\n<\/ul>\n<\/li>\n<\/ul>\n\n\n\n<p class=\"wp-block-paragraph\"><strong>COMMENT REGARDER<\/strong><\/p>\n\n\n\n<ul class=\"wp-block-list\">\n<li><a href=\"https:\/\/develop.olympic.ca\/olympique\/jeux-panamericains-de-santiago-2023-hub-de-contenu\/\">Olympique.ca propose la Zone info des Jeux panam\u00e9ricains de Santiago 2023, un guichet unique qui contient toutes les informations importantes dont vous aurez besoin.<\/a> Vous y trouverez les d\u00e9tails sur ce que les athl\u00e8tes et les \u00e9quipes d\u2019\u00c9quipe Canada doivent r\u00e9aliser pour obtenir leur qualification olympique pour Paris 2024. \u00c9quipe Canada partagera du contenu sur son site Web, ses plateformes de m\u00e9dias sociaux et l\u2019application d\u2019\u00c9quipe Canada.<\/li>\n<\/ul>\n\n\n\n<ul class=\"wp-block-list\">\n<li>Suivez l\u2019action en direct des Jeux panam\u00e9ricains 2023 \u00e0 Santiago, au Chili gr\u00e2ce \u00e0 <a href=\"https:\/\/ici.radio-canada.ca\/sports\/videos\">Radio-Canada<\/a> et <a href=\"https:\/\/www.cbc.ca\/player\/sports\/pan%20am%20games\">CBC<\/a>.<br><\/li>\n\n\n\n<li><a href=\"https:\/\/www.panamsportschannel.org\/main\">Le Panam Sports Channel sera aussi disponible gratuitement au Canada pendant toute la dur\u00e9e de l\u2019\u00e9v\u00e9nement.<\/a><\/li>\n<\/ul>\n\n\n\n<p class=\"wp-block-paragraph\"><strong>RESSOURCES<\/strong><\/p>\n\n\n\n<p class=\"wp-block-paragraph\"><br>VISITEZ : <a href=\"https:\/\/develop.olympic.ca\/olympique\/presse-ressources\/\">Olympique.ca\/presse-ressources\/ pour des informations additionnelles.<\/a><\/p>\n\n\n\n<p class=\"wp-block-paragraph\"><br>SUIVEZ : <a href=\"https:\/\/twitter.com\/TeamCanadaPR\">@TeamCanadaPR pour les alertes m\u00e9dailles<\/a> et d\u2019autres nouvelles importantes.<\/p>\n\n\n\n<p class=\"wp-block-paragraph\"><br>PARIS 2024 : <a href=\"https:\/\/develop.olympic.ca\/olympique\/2023\/07\/11\/des-qualifications-pour-paris-2024-a-decrocher-aux-jeux-panamericains-de-santiago-2023\/\">Des qualifications pour Paris 2024 \u00e0 d\u00e9rocher aux Jeux panam\u00e9ricains de Santiago 2023<\/a><\/p>\n\n\n\n<p class=\"has-text-align-center wp-block-paragraph\">-30-<\/p>\n\n\n\n<p class=\"wp-block-paragraph\"><br>CONTACTS POUR LES M\u00c9DIAS&nbsp;<\/p>\n\n\n\n<p class=\"wp-block-paragraph\"><br>Sam Sokol, Responsable des op\u00e9rations de presse<br>\u00c9quipe Canada<br>WhatsApp : 647-385-7107<br>Courriel : <a href=\"mailto:ssokol@olympique.ca\">ssokol@olympique.ca<\/a><\/p>\n\n\n\n<p class=\"wp-block-paragraph\">Thomas Hall, Chef de presse<br>\u00c9quipe Canada<br>WhatsApp : 514-709-1054<br>Courriel : <a href=\"mailto:ssokol@olympic.ca\">thall@olympique.ca<\/a><\/p>\n","protected":false},"excerpt":{"rendered":"<p>SANTIAGO, CHILI (30 octobre 2023) \u2014 \u00c9quipe Canada a ajout\u00e9 deux m\u00e9dailles d\u2019or, deux d\u2019argent et trois de bronze \u00e0&#8230;<\/p>\n","protected":false},"featured_media":231840,"template":"","format":"standard","tags":[],"type-of-press":[496138],"press-topic":[682165489],"years":[682165479],"class_list":["post-231863","press","type-press","status-publish","format-standard","has-post-thumbnail","hentry","type-of-press-communiques","press-topic-santiago-2023","years-682165479"],"acf":[],"yoast_head":"<!-- This site is optimized with the Yoast SEO plugin v27.5 - https:\/\/yoast.com\/product\/yoast-seo-wordpress\/ -->\n<title>Santiago 2023 : \u00c9quipe Canada \u00e0 la fin du Jour 10 - \u00c9quipe Canada | Site officiel de l&#039;\u00e9quipe olympique<\/title>\n<meta name=\"robots\" content=\"index, follow, max-snippet:-1, max-image-preview:large, max-video-preview:-1\" \/>\n<link rel=\"canonical\" href=\"https:\/\/develop.olympic.ca\/olympique\/presse\/santiago-2023-equipe-canada-a-la-fin-du-jour-10\/\" \/>\n<meta property=\"og:locale\" content=\"fr_FR\" \/>\n<meta property=\"og:type\" content=\"article\" \/>\n<meta property=\"og:title\" content=\"Santiago 2023 : \u00c9quipe Canada \u00e0 la fin du Jour 10 - \u00c9quipe Canada | Site officiel de l&#039;\u00e9quipe olympique\" \/>\n<meta property=\"og:description\" content=\"SANTIAGO, CHILI (30 octobre 2023) \u2014 \u00c9quipe Canada a ajout\u00e9 deux m\u00e9dailles d\u2019or, deux d\u2019argent et trois de bronze \u00e0...\" \/>\n<meta property=\"og:url\" content=\"https:\/\/develop.olympic.ca\/olympique\/presse\/santiago-2023-equipe-canada-a-la-fin-du-jour-10\/\" \/>\n<meta property=\"og:site_name\" content=\"\u00c9quipe Canada | Site officiel de l&#039;\u00e9quipe olympique\" \/>\n<meta property=\"article:modified_time\" content=\"2023-10-31T01:49:33+00:00\" \/>\n<meta property=\"og:image\" content=\"https:\/\/develop.olympic.ca\/olympique\/wp-content\/uploads\/sites\/2\/2023\/10\/S23-Day10-Recap_FR-16x9-1.jpg?quality=100\" \/>\n\t<meta property=\"og:image:width\" content=\"2160\" \/>\n\t<meta property=\"og:image:height\" content=\"1220\" \/>\n\t<meta property=\"og:image:type\" content=\"image\/jpeg\" \/>\n<meta name=\"twitter:card\" content=\"summary_large_image\" \/>\n<meta name=\"twitter:label1\" content=\"Est. reading time\" \/>\n\t<meta name=\"twitter:data1\" content=\"3 minutes\" \/>\n\t<meta name=\"twitter:label2\" content=\"Written by\" \/>\n\t<meta name=\"twitter:data2\" content=\"mannyalmela\" \/>\n<script type=\"application\/ld+json\" class=\"yoast-schema-graph\">{\"@context\":\"https:\\\/\\\/schema.org\",\"@graph\":[{\"@type\":\"WebPage\",\"@id\":\"https:\\\/\\\/develop.olympic.ca\\\/olympique\\\/presse\\\/santiago-2023-equipe-canada-a-la-fin-du-jour-10\\\/\",\"url\":\"https:\\\/\\\/develop.olympic.ca\\\/olympique\\\/presse\\\/santiago-2023-equipe-canada-a-la-fin-du-jour-10\\\/\",\"name\":\"Santiago 2023 : \u00c9quipe Canada \u00e0 la fin du Jour 10 - \u00c9quipe Canada | Site officiel de l&#039;\u00e9quipe olympique\",\"isPartOf\":{\"@id\":\"https:\\\/\\\/develop.olympic.ca\\\/olympique\\\/#website\"},\"primaryImageOfPage\":{\"@id\":\"https:\\\/\\\/develop.olympic.ca\\\/olympique\\\/presse\\\/santiago-2023-equipe-canada-a-la-fin-du-jour-10\\\/#primaryimage\"},\"image\":{\"@id\":\"https:\\\/\\\/develop.olympic.ca\\\/olympique\\\/presse\\\/santiago-2023-equipe-canada-a-la-fin-du-jour-10\\\/#primaryimage\"},\"thumbnailUrl\":\"https:\\\/\\\/develop.olympic.ca\\\/olympique\\\/wp-content\\\/uploads\\\/sites\\\/2\\\/2023\\\/10\\\/S23-Day10-Recap_FR-16x9-1.jpg?quality=100\",\"datePublished\":\"2023-10-31T01:34:42+00:00\",\"dateModified\":\"2023-10-31T01:49:33+00:00\",\"inLanguage\":\"fr-FR\",\"potentialAction\":[{\"@type\":\"ReadAction\",\"target\":[\"https:\\\/\\\/develop.olympic.ca\\\/olympique\\\/presse\\\/santiago-2023-equipe-canada-a-la-fin-du-jour-10\\\/\"]}]},{\"@type\":\"ImageObject\",\"inLanguage\":\"fr-FR\",\"@id\":\"https:\\\/\\\/develop.olympic.ca\\\/olympique\\\/presse\\\/santiago-2023-equipe-canada-a-la-fin-du-jour-10\\\/#primaryimage\",\"url\":\"https:\\\/\\\/develop.olympic.ca\\\/olympique\\\/wp-content\\\/uploads\\\/sites\\\/2\\\/2023\\\/10\\\/S23-Day10-Recap_FR-16x9-1.jpg?quality=100\",\"contentUrl\":\"https:\\\/\\\/develop.olympic.ca\\\/olympique\\\/wp-content\\\/uploads\\\/sites\\\/2\\\/2023\\\/10\\\/S23-Day10-Recap_FR-16x9-1.jpg?quality=100\",\"width\":2160,\"height\":1220,\"caption\":\"Credit ISA\\\/Pablo Jimenez\"},{\"@type\":\"WebSite\",\"@id\":\"https:\\\/\\\/develop.olympic.ca\\\/olympique\\\/#website\",\"url\":\"https:\\\/\\\/develop.olympic.ca\\\/olympique\\\/\",\"name\":\"\u00c9quipe Canada | Site officiel de l&#039;\u00e9quipe olympique\",\"description\":\"Votre source pour l\u2019\u00c9quipe olympique canadienne. Retrouvez les r\u00e9cits, vid\u00e9os et photos des athl\u00e8tes canadiens, sports olympiques, Jeux olympiques de 2020 et bien plus!\",\"potentialAction\":[{\"@type\":\"SearchAction\",\"target\":{\"@type\":\"EntryPoint\",\"urlTemplate\":\"https:\\\/\\\/develop.olympic.ca\\\/olympique\\\/?s={search_term_string}\"},\"query-input\":{\"@type\":\"PropertyValueSpecification\",\"valueRequired\":true,\"valueName\":\"search_term_string\"}}],\"inLanguage\":\"fr-FR\"}]}<\/script>\n<!-- \/ Yoast SEO plugin. -->","yoast_head_json":{"title":"Santiago 2023 : \u00c9quipe Canada \u00e0 la fin du Jour 10 - \u00c9quipe Canada | Site officiel de l&#039;\u00e9quipe olympique","robots":{"index":"index","follow":"follow","max-snippet":"max-snippet:-1","max-image-preview":"max-image-preview:large","max-video-preview":"max-video-preview:-1"},"canonical":"https:\/\/develop.olympic.ca\/olympique\/presse\/santiago-2023-equipe-canada-a-la-fin-du-jour-10\/","og_locale":"fr_FR","og_type":"article","og_title":"Santiago 2023 : \u00c9quipe Canada \u00e0 la fin du Jour 10 - \u00c9quipe Canada | Site officiel de l&#039;\u00e9quipe olympique","og_description":"SANTIAGO, CHILI (30 octobre 2023) \u2014 \u00c9quipe Canada a ajout\u00e9 deux m\u00e9dailles d\u2019or, deux d\u2019argent et trois de bronze \u00e0...","og_url":"https:\/\/develop.olympic.ca\/olympique\/presse\/santiago-2023-equipe-canada-a-la-fin-du-jour-10\/","og_site_name":"\u00c9quipe Canada | Site officiel de l&#039;\u00e9quipe olympique","article_modified_time":"2023-10-31T01:49:33+00:00","og_image":[{"width":2160,"height":1220,"url":"https:\/\/develop.olympic.ca\/olympique\/wp-content\/uploads\/sites\/2\/2023\/10\/S23-Day10-Recap_FR-16x9-1.jpg?quality=100","type":"image\/jpeg"}],"twitter_card":"summary_large_image","twitter_misc":{"Est. reading time":"3 minutes","Written by":"mannyalmela"},"schema":{"@context":"https:\/\/schema.org","@graph":[{"@type":"WebPage","@id":"https:\/\/develop.olympic.ca\/olympique\/presse\/santiago-2023-equipe-canada-a-la-fin-du-jour-10\/","url":"https:\/\/develop.olympic.ca\/olympique\/presse\/santiago-2023-equipe-canada-a-la-fin-du-jour-10\/","name":"Santiago 2023 : \u00c9quipe Canada \u00e0 la fin du Jour 10 - \u00c9quipe Canada | Site officiel de l&#039;\u00e9quipe olympique","isPartOf":{"@id":"https:\/\/develop.olympic.ca\/olympique\/#website"},"primaryImageOfPage":{"@id":"https:\/\/develop.olympic.ca\/olympique\/presse\/santiago-2023-equipe-canada-a-la-fin-du-jour-10\/#primaryimage"},"image":{"@id":"https:\/\/develop.olympic.ca\/olympique\/presse\/santiago-2023-equipe-canada-a-la-fin-du-jour-10\/#primaryimage"},"thumbnailUrl":"https:\/\/develop.olympic.ca\/olympique\/wp-content\/uploads\/sites\/2\/2023\/10\/S23-Day10-Recap_FR-16x9-1.jpg?quality=100","datePublished":"2023-10-31T01:34:42+00:00","dateModified":"2023-10-31T01:49:33+00:00","inLanguage":"fr-FR","potentialAction":[{"@type":"ReadAction","target":["https:\/\/develop.olympic.ca\/olympique\/presse\/santiago-2023-equipe-canada-a-la-fin-du-jour-10\/"]}]},{"@type":"ImageObject","inLanguage":"fr-FR","@id":"https:\/\/develop.olympic.ca\/olympique\/presse\/santiago-2023-equipe-canada-a-la-fin-du-jour-10\/#primaryimage","url":"https:\/\/develop.olympic.ca\/olympique\/wp-content\/uploads\/sites\/2\/2023\/10\/S23-Day10-Recap_FR-16x9-1.jpg?quality=100","contentUrl":"https:\/\/develop.olympic.ca\/olympique\/wp-content\/uploads\/sites\/2\/2023\/10\/S23-Day10-Recap_FR-16x9-1.jpg?quality=100","width":2160,"height":1220,"caption":"Credit ISA\/Pablo Jimenez"},{"@type":"WebSite","@id":"https:\/\/develop.olympic.ca\/olympique\/#website","url":"https:\/\/develop.olympic.ca\/olympique\/","name":"\u00c9quipe Canada | Site officiel de l&#039;\u00e9quipe olympique","description":"Votre source pour l\u2019\u00c9quipe olympique canadienne. Retrouvez les r\u00e9cits, vid\u00e9os et photos des athl\u00e8tes canadiens, sports olympiques, Jeux olympiques de 2020 et bien plus!","potentialAction":[{"@type":"SearchAction","target":{"@type":"EntryPoint","urlTemplate":"https:\/\/develop.olympic.ca\/olympique\/?s={search_term_string}"},"query-input":{"@type":"PropertyValueSpecification","valueRequired":true,"valueName":"search_term_string"}}],"inLanguage":"fr-FR"}]}},"jetpack_sharing_enabled":true,"_links":{"self":[{"href":"https:\/\/develop.olympic.ca\/olympique\/wp-json\/wp\/v2\/press\/231863","targetHints":{"allow":["GET"]}}],"collection":[{"href":"https:\/\/develop.olympic.ca\/olympique\/wp-json\/wp\/v2\/press"}],"about":[{"href":"https:\/\/develop.olympic.ca\/olympique\/wp-json\/wp\/v2\/types\/press"}],"version-history":[{"count":5,"href":"https:\/\/develop.olympic.ca\/olympique\/wp-json\/wp\/v2\/press\/231863\/revisions"}],"predecessor-version":[{"id":231869,"href":"https:\/\/develop.olympic.ca\/olympique\/wp-json\/wp\/v2\/press\/231863\/revisions\/231869"}],"wp:featuredmedia":[{"embeddable":true,"href":"https:\/\/develop.olympic.ca\/olympique\/wp-json\/wp\/v2\/media\/231840"}],"wp:attachment":[{"href":"https:\/\/develop.olympic.ca\/olympique\/wp-json\/wp\/v2\/media?parent=231863"}],"wp:term":[{"taxonomy":"post_tag","embeddable":true,"href":"https:\/\/develop.olympic.ca\/olympique\/wp-json\/wp\/v2\/tags?post=231863"},{"taxonomy":"type-of-press","embeddable":true,"href":"https:\/\/develop.olympic.ca\/olympique\/wp-json\/wp\/v2\/type-of-press?post=231863"},{"taxonomy":"press-topic","embeddable":true,"href":"https:\/\/develop.olympic.ca\/olympique\/wp-json\/wp\/v2\/press-topic?post=231863"},{"taxonomy":"years","embeddable":true,"href":"https:\/\/develop.olympic.ca\/olympique\/wp-json\/wp\/v2\/years?post=231863"}],"curies":[{"name":"wp","href":"https:\/\/api.w.org\/{rel}","templated":true}]}}