{"id":231981,"date":"2023-10-31T23:45:00","date_gmt":"2023-11-01T03:45:00","guid":{"rendered":"https:\/\/develop.olympic.ca\/olympique\/?post_type=press&#038;p=231981"},"modified":"2023-10-31T21:56:59","modified_gmt":"2023-11-01T01:56:59","slug":"santiago-2023-equipe-canada-a-la-fin-du-jour-11","status":"publish","type":"press","link":"https:\/\/develop.olympic.ca\/olympique\/presse\/santiago-2023-equipe-canada-a-la-fin-du-jour-11\/","title":{"rendered":"Santiago 2023 : \u00c9quipe Canada \u00e0 la fin du Jour 11"},"content":{"rendered":"\n<p class=\"wp-block-paragraph\"><strong>SANTIAGO, CHILI <\/strong>(31 octobre 2023) \u2014 \u00c9quipe Canada a ajout\u00e9 une m\u00e9daille d&rsquo;argent \u00e0 son total \u00e0 la onzi\u00e8me journ\u00e9e des Jeux panam\u00e9ricains Santiago 2023. Voici ce que vous devez savoir.\u00a0<\/p>\n\n\n\n<p class=\"wp-block-paragraph\"><strong>NOMBRE DE M\u00c9DAILLES D\u2019\u00c9QUIPE CANADA<\/strong><\/p>\n\n\n\n<p class=\"wp-block-paragraph\"><br>OR : 35 | ARGENT : 33 | BRONZE : 38 | TOTAL : 106<\/p>\n\n\n\n<p class=\"wp-block-paragraph\"><br>HORAIRE\/R\u00c9SULTATS : <a href=\"https:\/\/drive.google.com\/drive\/u\/0\/folders\/1xi8BnIhd3uTtAhiW16yqam4JMNLJTkSv\">R\u00e9sultats du Jour 11 et horaire du Jour 12<\/a><\/p>\n\n\n\n<p class=\"wp-block-paragraph\"><br><strong>FAITS SAILLANTS DU JOUR 11<\/strong><\/p>\n\n\n\n<ul class=\"wp-block-list\">\n<li>Charles Philibert-Thiboutot (Qu\u00e9bec, QC) a couru vers la m\u00e9daille d&rsquo;argent au 5000 m, hommes. Il s\u2019agit d\u2019une deuxi\u00e8me m\u00e9daille aux Jeux panam\u00e9ricains pour Philibert-Thiboutot, qui a remport\u00e9 le bronze au 1500 m, hommes \u00e0 la maison, aux Jeux de Toronto en 2015. L\u2019athl\u00e8te de 32 ans sera aussi de l\u2019\u00e9preuve du 1500 m, hommes \u00e0 la 13e journ\u00e9e des Jeux (2 novembre).<\/li>\n<\/ul>\n\n\n\n<p class=\"wp-block-paragraph\"><strong>COMMENT REGARDER<\/strong><\/p>\n\n\n\n<ul class=\"wp-block-list\">\n<li><a href=\"https:\/\/develop.olympic.ca\/olympique\/jeux-panamericains-de-santiago-2023-hub-de-contenu\/\">Olympique.ca propose la Zone info des Jeux panam\u00e9ricains de Santiago 2023, un guichet unique qui contient toutes les informations importantes dont vous aurez besoin.<\/a> Vous y trouverez les d\u00e9tails sur ce que les athl\u00e8tes et les \u00e9quipes d\u2019\u00c9quipe Canada doivent r\u00e9aliser pour obtenir leur qualification olympique pour Paris 2024. \u00c9quipe Canada partagera du contenu sur son site Web, ses plateformes de m\u00e9dias sociaux et l\u2019application d\u2019\u00c9quipe Canada.<\/li>\n<\/ul>\n\n\n\n<ul class=\"wp-block-list\">\n<li>Suivez l\u2019action en direct des Jeux panam\u00e9ricains 2023 \u00e0 Santiago, au Chili gr\u00e2ce \u00e0 <a href=\"https:\/\/ici.radio-canada.ca\/sports\/videos\">Radio-Canada<\/a> et <a href=\"https:\/\/www.cbc.ca\/player\/sports\/pan%20am%20games\">CBC<\/a>.<br><\/li>\n\n\n\n<li><a href=\"https:\/\/www.panamsportschannel.org\/main\">Le Panam Sports Channel sera aussi disponible gratuitement au Canada pendant toute la dur\u00e9e de l\u2019\u00e9v\u00e9nement.<\/a><\/li>\n<\/ul>\n\n\n\n<p class=\"wp-block-paragraph\"><strong>RESSOURCES<\/strong><\/p>\n\n\n\n<p class=\"wp-block-paragraph\"><br>VISITEZ : <a href=\"https:\/\/develop.olympic.ca\/olympique\/presse-ressources\/\">Olympique.ca\/presse-ressources\/ pour des informations additionnelles.<\/a><\/p>\n\n\n\n<p class=\"wp-block-paragraph\"><br>SUIVEZ : <a href=\"https:\/\/twitter.com\/TeamCanadaPR\">@TeamCanadaPR pour les alertes m\u00e9dailles<\/a> et d\u2019autres nouvelles importantes.<\/p>\n\n\n\n<p class=\"wp-block-paragraph\"><br>PARIS 2024 : <a href=\"https:\/\/develop.olympic.ca\/olympique\/2023\/07\/11\/des-qualifications-pour-paris-2024-a-decrocher-aux-jeux-panamericains-de-santiago-2023\/\">Des qualifications pour Paris 2024 \u00e0 d\u00e9rocher aux Jeux panam\u00e9ricains de Santiago 2023<\/a><\/p>\n\n\n\n<p class=\"has-text-align-center wp-block-paragraph\">-30-<\/p>\n\n\n\n<p class=\"wp-block-paragraph\"><br>CONTACTS POUR LES M\u00c9DIAS&nbsp;<\/p>\n\n\n\n<p class=\"wp-block-paragraph\"><br>Sam Sokol, Responsable des op\u00e9rations de presse<br>\u00c9quipe Canada<br>WhatsApp : 647-385-7107<br>Courriel : <a href=\"mailto:ssokol@olympique.ca\">ssokol@olympique.ca<\/a><\/p>\n\n\n\n<p class=\"wp-block-paragraph\">Thomas Hall, Chef de presse<br>\u00c9quipe Canada<br>WhatsApp : 514-709-1054<br>Courriel : <a href=\"mailto:ssokol@olympic.ca\">thall@olympique.ca<\/a><\/p>\n","protected":false},"excerpt":{"rendered":"<p>SANTIAGO, CHILI (31 octobre 2023) \u2014 \u00c9quipe Canada a ajout\u00e9 une m\u00e9daille d&rsquo;argent \u00e0 son total \u00e0 la onzi\u00e8me journ\u00e9e&#8230;<\/p>\n","protected":false},"featured_media":231991,"template":"","format":"standard","tags":[],"type-of-press":[496138],"press-topic":[682165489],"years":[682165479],"class_list":["post-231981","press","type-press","status-publish","format-standard","has-post-thumbnail","hentry","type-of-press-communiques","press-topic-santiago-2023","years-682165479"],"acf":[],"yoast_head":"<!-- This site is optimized with the Yoast SEO plugin v27.3 - https:\/\/yoast.com\/product\/yoast-seo-wordpress\/ -->\n<title>Santiago 2023 : \u00c9quipe Canada \u00e0 la fin du Jour 11 - \u00c9quipe Canada | Site officiel de l&#039;\u00e9quipe olympique<\/title>\n<meta name=\"robots\" content=\"index, follow, max-snippet:-1, max-image-preview:large, max-video-preview:-1\" \/>\n<link rel=\"canonical\" href=\"https:\/\/develop.olympic.ca\/olympique\/presse\/santiago-2023-equipe-canada-a-la-fin-du-jour-11\/\" \/>\n<meta property=\"og:locale\" content=\"fr_FR\" \/>\n<meta property=\"og:type\" content=\"article\" \/>\n<meta property=\"og:title\" content=\"Santiago 2023 : \u00c9quipe Canada \u00e0 la fin du Jour 11 - \u00c9quipe Canada | Site officiel de l&#039;\u00e9quipe olympique\" \/>\n<meta property=\"og:description\" content=\"SANTIAGO, CHILI (31 octobre 2023) \u2014 \u00c9quipe Canada a ajout\u00e9 une m\u00e9daille d&rsquo;argent \u00e0 son total \u00e0 la onzi\u00e8me journ\u00e9e...\" \/>\n<meta property=\"og:url\" content=\"https:\/\/develop.olympic.ca\/olympique\/presse\/santiago-2023-equipe-canada-a-la-fin-du-jour-11\/\" \/>\n<meta property=\"og:site_name\" content=\"\u00c9quipe Canada | Site officiel de l&#039;\u00e9quipe olympique\" \/>\n<meta property=\"og:image\" content=\"https:\/\/develop.olympic.ca\/olympique\/wp-content\/uploads\/sites\/2\/2023\/10\/s23-day11-recap_frr-16x9-1.jpg?quality=100\" \/>\n\t<meta property=\"og:image:width\" content=\"2160\" \/>\n\t<meta property=\"og:image:height\" content=\"1220\" \/>\n\t<meta property=\"og:image:type\" content=\"image\/jpeg\" \/>\n<meta name=\"twitter:card\" content=\"summary_large_image\" \/>\n<meta name=\"twitter:label1\" content=\"Est. reading time\" \/>\n\t<meta name=\"twitter:data1\" content=\"2 minutes\" \/>\n\t<meta name=\"twitter:label2\" content=\"Written by\" \/>\n\t<meta name=\"twitter:data2\" content=\"psaltsman\" \/>\n<script type=\"application\/ld+json\" class=\"yoast-schema-graph\">{\"@context\":\"https:\\\/\\\/schema.org\",\"@graph\":[{\"@type\":\"WebPage\",\"@id\":\"https:\\\/\\\/develop.olympic.ca\\\/olympique\\\/presse\\\/santiago-2023-equipe-canada-a-la-fin-du-jour-11\\\/\",\"url\":\"https:\\\/\\\/develop.olympic.ca\\\/olympique\\\/presse\\\/santiago-2023-equipe-canada-a-la-fin-du-jour-11\\\/\",\"name\":\"Santiago 2023 : \u00c9quipe Canada \u00e0 la fin du Jour 11 - \u00c9quipe Canada | Site officiel de l&#039;\u00e9quipe olympique\",\"isPartOf\":{\"@id\":\"https:\\\/\\\/develop.olympic.ca\\\/olympique\\\/#website\"},\"primaryImageOfPage\":{\"@id\":\"https:\\\/\\\/develop.olympic.ca\\\/olympique\\\/presse\\\/santiago-2023-equipe-canada-a-la-fin-du-jour-11\\\/#primaryimage\"},\"image\":{\"@id\":\"https:\\\/\\\/develop.olympic.ca\\\/olympique\\\/presse\\\/santiago-2023-equipe-canada-a-la-fin-du-jour-11\\\/#primaryimage\"},\"thumbnailUrl\":\"https:\\\/\\\/develop.olympic.ca\\\/olympique\\\/wp-content\\\/uploads\\\/sites\\\/2\\\/2023\\\/10\\\/s23-day11-recap_frr-16x9-1.jpg?quality=100\",\"datePublished\":\"2023-11-01T03:45:00+00:00\",\"inLanguage\":\"fr-FR\",\"potentialAction\":[{\"@type\":\"ReadAction\",\"target\":[\"https:\\\/\\\/develop.olympic.ca\\\/olympique\\\/presse\\\/santiago-2023-equipe-canada-a-la-fin-du-jour-11\\\/\"]}]},{\"@type\":\"ImageObject\",\"inLanguage\":\"fr-FR\",\"@id\":\"https:\\\/\\\/develop.olympic.ca\\\/olympique\\\/presse\\\/santiago-2023-equipe-canada-a-la-fin-du-jour-11\\\/#primaryimage\",\"url\":\"https:\\\/\\\/develop.olympic.ca\\\/olympique\\\/wp-content\\\/uploads\\\/sites\\\/2\\\/2023\\\/10\\\/s23-day11-recap_frr-16x9-1.jpg?quality=100\",\"contentUrl\":\"https:\\\/\\\/develop.olympic.ca\\\/olympique\\\/wp-content\\\/uploads\\\/sites\\\/2\\\/2023\\\/10\\\/s23-day11-recap_frr-16x9-1.jpg?quality=100\",\"width\":2160,\"height\":1220},{\"@type\":\"WebSite\",\"@id\":\"https:\\\/\\\/develop.olympic.ca\\\/olympique\\\/#website\",\"url\":\"https:\\\/\\\/develop.olympic.ca\\\/olympique\\\/\",\"name\":\"\u00c9quipe Canada | Site officiel de l&#039;\u00e9quipe olympique\",\"description\":\"Votre source pour l\u2019\u00c9quipe olympique canadienne. Retrouvez les r\u00e9cits, vid\u00e9os et photos des athl\u00e8tes canadiens, sports olympiques, Jeux olympiques de 2020 et bien plus!\",\"potentialAction\":[{\"@type\":\"SearchAction\",\"target\":{\"@type\":\"EntryPoint\",\"urlTemplate\":\"https:\\\/\\\/develop.olympic.ca\\\/olympique\\\/?s={search_term_string}\"},\"query-input\":{\"@type\":\"PropertyValueSpecification\",\"valueRequired\":true,\"valueName\":\"search_term_string\"}}],\"inLanguage\":\"fr-FR\"}]}<\/script>\n<!-- \/ Yoast SEO plugin. -->","yoast_head_json":{"title":"Santiago 2023 : \u00c9quipe Canada \u00e0 la fin du Jour 11 - \u00c9quipe Canada | Site officiel de l&#039;\u00e9quipe olympique","robots":{"index":"index","follow":"follow","max-snippet":"max-snippet:-1","max-image-preview":"max-image-preview:large","max-video-preview":"max-video-preview:-1"},"canonical":"https:\/\/develop.olympic.ca\/olympique\/presse\/santiago-2023-equipe-canada-a-la-fin-du-jour-11\/","og_locale":"fr_FR","og_type":"article","og_title":"Santiago 2023 : \u00c9quipe Canada \u00e0 la fin du Jour 11 - \u00c9quipe Canada | Site officiel de l&#039;\u00e9quipe olympique","og_description":"SANTIAGO, CHILI (31 octobre 2023) \u2014 \u00c9quipe Canada a ajout\u00e9 une m\u00e9daille d&rsquo;argent \u00e0 son total \u00e0 la onzi\u00e8me journ\u00e9e...","og_url":"https:\/\/develop.olympic.ca\/olympique\/presse\/santiago-2023-equipe-canada-a-la-fin-du-jour-11\/","og_site_name":"\u00c9quipe Canada | Site officiel de l&#039;\u00e9quipe olympique","og_image":[{"width":2160,"height":1220,"url":"https:\/\/develop.olympic.ca\/olympique\/wp-content\/uploads\/sites\/2\/2023\/10\/s23-day11-recap_frr-16x9-1.jpg?quality=100","type":"image\/jpeg"}],"twitter_card":"summary_large_image","twitter_misc":{"Est. reading time":"2 minutes","Written by":"psaltsman"},"schema":{"@context":"https:\/\/schema.org","@graph":[{"@type":"WebPage","@id":"https:\/\/develop.olympic.ca\/olympique\/presse\/santiago-2023-equipe-canada-a-la-fin-du-jour-11\/","url":"https:\/\/develop.olympic.ca\/olympique\/presse\/santiago-2023-equipe-canada-a-la-fin-du-jour-11\/","name":"Santiago 2023 : \u00c9quipe Canada \u00e0 la fin du Jour 11 - \u00c9quipe Canada | Site officiel de l&#039;\u00e9quipe olympique","isPartOf":{"@id":"https:\/\/develop.olympic.ca\/olympique\/#website"},"primaryImageOfPage":{"@id":"https:\/\/develop.olympic.ca\/olympique\/presse\/santiago-2023-equipe-canada-a-la-fin-du-jour-11\/#primaryimage"},"image":{"@id":"https:\/\/develop.olympic.ca\/olympique\/presse\/santiago-2023-equipe-canada-a-la-fin-du-jour-11\/#primaryimage"},"thumbnailUrl":"https:\/\/develop.olympic.ca\/olympique\/wp-content\/uploads\/sites\/2\/2023\/10\/s23-day11-recap_frr-16x9-1.jpg?quality=100","datePublished":"2023-11-01T03:45:00+00:00","inLanguage":"fr-FR","potentialAction":[{"@type":"ReadAction","target":["https:\/\/develop.olympic.ca\/olympique\/presse\/santiago-2023-equipe-canada-a-la-fin-du-jour-11\/"]}]},{"@type":"ImageObject","inLanguage":"fr-FR","@id":"https:\/\/develop.olympic.ca\/olympique\/presse\/santiago-2023-equipe-canada-a-la-fin-du-jour-11\/#primaryimage","url":"https:\/\/develop.olympic.ca\/olympique\/wp-content\/uploads\/sites\/2\/2023\/10\/s23-day11-recap_frr-16x9-1.jpg?quality=100","contentUrl":"https:\/\/develop.olympic.ca\/olympique\/wp-content\/uploads\/sites\/2\/2023\/10\/s23-day11-recap_frr-16x9-1.jpg?quality=100","width":2160,"height":1220},{"@type":"WebSite","@id":"https:\/\/develop.olympic.ca\/olympique\/#website","url":"https:\/\/develop.olympic.ca\/olympique\/","name":"\u00c9quipe Canada | Site officiel de l&#039;\u00e9quipe olympique","description":"Votre source pour l\u2019\u00c9quipe olympique canadienne. Retrouvez les r\u00e9cits, vid\u00e9os et photos des athl\u00e8tes canadiens, sports olympiques, Jeux olympiques de 2020 et bien plus!","potentialAction":[{"@type":"SearchAction","target":{"@type":"EntryPoint","urlTemplate":"https:\/\/develop.olympic.ca\/olympique\/?s={search_term_string}"},"query-input":{"@type":"PropertyValueSpecification","valueRequired":true,"valueName":"search_term_string"}}],"inLanguage":"fr-FR"}]}},"jetpack_sharing_enabled":true,"_links":{"self":[{"href":"https:\/\/develop.olympic.ca\/olympique\/wp-json\/wp\/v2\/press\/231981","targetHints":{"allow":["GET"]}}],"collection":[{"href":"https:\/\/develop.olympic.ca\/olympique\/wp-json\/wp\/v2\/press"}],"about":[{"href":"https:\/\/develop.olympic.ca\/olympique\/wp-json\/wp\/v2\/types\/press"}],"version-history":[{"count":3,"href":"https:\/\/develop.olympic.ca\/olympique\/wp-json\/wp\/v2\/press\/231981\/revisions"}],"predecessor-version":[{"id":232001,"href":"https:\/\/develop.olympic.ca\/olympique\/wp-json\/wp\/v2\/press\/231981\/revisions\/232001"}],"wp:featuredmedia":[{"embeddable":true,"href":"https:\/\/develop.olympic.ca\/olympique\/wp-json\/wp\/v2\/media\/231991"}],"wp:attachment":[{"href":"https:\/\/develop.olympic.ca\/olympique\/wp-json\/wp\/v2\/media?parent=231981"}],"wp:term":[{"taxonomy":"post_tag","embeddable":true,"href":"https:\/\/develop.olympic.ca\/olympique\/wp-json\/wp\/v2\/tags?post=231981"},{"taxonomy":"type-of-press","embeddable":true,"href":"https:\/\/develop.olympic.ca\/olympique\/wp-json\/wp\/v2\/type-of-press?post=231981"},{"taxonomy":"press-topic","embeddable":true,"href":"https:\/\/develop.olympic.ca\/olympique\/wp-json\/wp\/v2\/press-topic?post=231981"},{"taxonomy":"years","embeddable":true,"href":"https:\/\/develop.olympic.ca\/olympique\/wp-json\/wp\/v2\/years?post=231981"}],"curies":[{"name":"wp","href":"https:\/\/api.w.org\/{rel}","templated":true}]}}