{"id":232119,"date":"2023-11-01T23:45:00","date_gmt":"2023-11-02T03:45:00","guid":{"rendered":"https:\/\/develop.olympic.ca\/olympique\/?post_type=press&#038;p=232119"},"modified":"2023-11-01T21:45:49","modified_gmt":"2023-11-02T01:45:49","slug":"santiago-2023-equipe-canada-a-la-fin-du-jour-12","status":"publish","type":"press","link":"https:\/\/develop.olympic.ca\/olympique\/presse\/santiago-2023-equipe-canada-a-la-fin-du-jour-12\/","title":{"rendered":"Santiago 2023 : \u00c9quipe Canada \u00e0 la fin du Jour 12"},"content":{"rendered":"\n<p class=\"wp-block-paragraph\"><strong>SANTIAGO, CHILI <\/strong>(1er novembre 2023) \u2014 \u00c9quipe Canada a ajout\u00e9 une m\u00e9daille d\u2019argent et neuf m\u00e9dailles de bronze \u00e0 son total \u00e0 la douzi\u00e8me journ\u00e9e des Jeux panam\u00e9ricains Santiago 2023. Voici ce que vous devez savoir.&nbsp;<\/p>\n\n\n\n<p class=\"wp-block-paragraph\"><strong>NOMBRE DE M\u00c9DAILLES D\u2019\u00c9QUIPE CANADA<\/strong><\/p>\n\n\n\n<p class=\"wp-block-paragraph\"><br>OR : 35 | ARGENT : 34 | BRONZE : 47 | TOTAL : 116<\/p>\n\n\n\n<p class=\"wp-block-paragraph\"><br>HORAIRE\/R\u00c9SULTATS : <a href=\"https:\/\/drive.google.com\/drive\/u\/0\/folders\/1xi8BnIhd3uTtAhiW16yqam4JMNLJTkSv\">R\u00e9sultats du Jour 12 et horaire du Jour 13<\/a><\/p>\n\n\n\n<p class=\"wp-block-paragraph\"><br><strong>FAITS SAILLANTS DU JOUR 12<\/strong><\/p>\n\n\n\n<ul class=\"wp-block-list\">\n<li><strong>Athl\u00e9tisme<\/strong>\n<ul class=\"wp-block-list\">\n<li>\u00c0 ses premiers Jeux panam\u00e9ricains, Kaila Butler (Port Coquitlam, C.-B.) a remport\u00e9 une m\u00e9daille de bronze au lancer du marteau chez les femmes.&nbsp;<\/li>\n\n\n\n<li>Apr\u00e8s avoir subi une blessure dans la discipline du saut en hauteur de l\u2019heptathlon chez les femmes, Georgia Ellenwood (Langley, C.-B.) s\u2019est retir\u00e9e du reste de la comp\u00e9tition.<br><\/li>\n<\/ul>\n<\/li>\n\n\n\n<li><strong>Sports \u00e9questres &#8211; Saut d\u2019obstacles<\/strong>\n<ul class=\"wp-block-list\">\n<li>Le Canada a remport\u00e9 la m\u00e9daille d\u2019argent de l\u2019\u00e9preuve par \u00e9quipes, qualifiant ainsi une \u00e9quipe compl\u00e8te de saut pour les Jeux olympiques de Paris 2024.&nbsp;<\/li>\n\n\n\n<li>Le Canada repart donc des Jeux de Santiago 2023 avec un billet pour Paris 2024 dans chacune des trois \u00e9preuves par \u00e9quipes de sports \u00e9questres.<br><\/li>\n<\/ul>\n<\/li>\n\n\n\n<li><strong>Escrime<\/strong>\n<ul class=\"wp-block-list\">\n<li>Trois escrimeurs canadiens ont remport\u00e9 une m\u00e9daille de bronze dans leurs \u00e9preuves respectives :\n<ul class=\"wp-block-list\">\n<li>Ruien (Angel) Xiao (Markham, ON), \u00e9p\u00e9e individuel, femmes&nbsp;<\/li>\n\n\n\n<li>Shaul Gordon (Richmond, C.-B.), sabre individuel, hommes&nbsp;<\/li>\n\n\n\n<li>Fares Arfa (Laval, QC), sabre individuel, hommes&nbsp;<\/li>\n<\/ul>\n<\/li>\n<\/ul>\n<\/li>\n<\/ul>\n\n\n\n<ul class=\"wp-block-list\">\n<li><strong>Squash<\/strong>\n<ul class=\"wp-block-list\">\n<li>Hollie Naughton (Mississauga, ON) a remport\u00e9 la m\u00e9daille de bronze du simple f\u00e9minin. Il s\u2019agit d\u2019une cinqui\u00e8me m\u00e9daille des Jeux panam\u00e9ricains pour Naughton. Elle a fait partie de l\u2019\u00e9quipe f\u00e9minine m\u00e9daill\u00e9e d\u2019argent aux Jeux de Toronto en 2015, puis elle a remport\u00e9 le bronze du simple f\u00e9minin et l\u2019argent de l\u2019\u00e9preuve par \u00e9quipes chez les femmes \u00e0 Lima en 2019.<\/li>\n<\/ul>\n<\/li>\n<\/ul>\n\n\n\n<ul class=\"wp-block-list\">\n<li><strong>Tennis de table<\/strong>\n<ul class=\"wp-block-list\">\n<li>Mo Zhang (Vancouver, C.-B.) et Eugene Wang (Aurora, ON) ont respectivement remport\u00e9 la m\u00e9daille de bronze du simple f\u00e9minin et du simple masculin. Le duo avait aussi remport\u00e9 le bronze du double mixte ensemble \u00e0 la 10e journ\u00e9e des Jeux.&nbsp;<\/li>\n<\/ul>\n<\/li>\n<\/ul>\n\n\n\n<ul class=\"wp-block-list\">\n<li><strong>Lutte &#8211; style libre<\/strong>\n<ul class=\"wp-block-list\">\n<li>\u00c0 leurs premiers Jeux panam\u00e9ricains, Nishan Randhawa (Abbotsford, C.-B.) et Adam Thomson (Komoka, ON) ont chacun remport\u00e9 une m\u00e9daille de bronze chez les hommes dans les cat\u00e9gories des 97 kg et des 74 kg respectivement.&nbsp;<\/li>\n<\/ul>\n<\/li>\n<\/ul>\n\n\n\n<p class=\"wp-block-paragraph\"><strong>COMMENT REGARDER<\/strong><\/p>\n\n\n\n<ul class=\"wp-block-list\">\n<li><a href=\"https:\/\/develop.olympic.ca\/olympique\/jeux-panamericains-de-santiago-2023-hub-de-contenu\/\">Olympique.ca propose la Zone info des Jeux panam\u00e9ricains de Santiago 2023, un guichet unique qui contient toutes les informations importantes dont vous aurez besoin.<\/a> Vous y trouverez les d\u00e9tails sur ce que les athl\u00e8tes et les \u00e9quipes d\u2019\u00c9quipe Canada doivent r\u00e9aliser pour obtenir leur qualification olympique pour Paris 2024. \u00c9quipe Canada partagera du contenu sur son site Web, ses plateformes de m\u00e9dias sociaux et l\u2019application d\u2019\u00c9quipe Canada.<\/li>\n<\/ul>\n\n\n\n<ul class=\"wp-block-list\">\n<li>Suivez l\u2019action en direct des Jeux panam\u00e9ricains 2023 \u00e0 Santiago, au Chili gr\u00e2ce \u00e0 <a href=\"https:\/\/ici.radio-canada.ca\/sports\/videos\">Radio-Canada<\/a> et <a href=\"https:\/\/www.cbc.ca\/player\/sports\/pan%20am%20games\">CBC<\/a>.<br><\/li>\n\n\n\n<li><a href=\"https:\/\/www.panamsportschannel.org\/main\">Le Panam Sports Channel sera aussi disponible gratuitement au Canada pendant toute la dur\u00e9e de l\u2019\u00e9v\u00e9nement.<\/a><\/li>\n<\/ul>\n\n\n\n<p class=\"wp-block-paragraph\"><strong>RESSOURCES<\/strong><\/p>\n\n\n\n<p class=\"wp-block-paragraph\"><br>VISITEZ : <a href=\"https:\/\/develop.olympic.ca\/olympique\/presse-ressources\/\">Olympique.ca\/presse-ressources\/ pour des informations additionnelles.<\/a><\/p>\n\n\n\n<p class=\"wp-block-paragraph\"><br>SUIVEZ : <a href=\"https:\/\/twitter.com\/TeamCanadaPR\">@TeamCanadaPR pour les alertes m\u00e9dailles<\/a> et d\u2019autres nouvelles importantes.<\/p>\n\n\n\n<p class=\"wp-block-paragraph\"><br>PARIS 2024 : <a href=\"https:\/\/develop.olympic.ca\/olympique\/2023\/07\/11\/des-qualifications-pour-paris-2024-a-decrocher-aux-jeux-panamericains-de-santiago-2023\/\">Des qualifications pour Paris 2024 \u00e0 d\u00e9rocher aux Jeux panam\u00e9ricains de Santiago 2023<\/a><\/p>\n\n\n\n<p class=\"has-text-align-center wp-block-paragraph\">-30-<\/p>\n\n\n\n<p class=\"wp-block-paragraph\"><br>CONTACTS POUR LES M\u00c9DIAS&nbsp;<\/p>\n\n\n\n<p class=\"wp-block-paragraph\"><br>Sam Sokol, Responsable des op\u00e9rations de presse<br>\u00c9quipe Canada<br>WhatsApp : 647-385-7107<br>Courriel : <a href=\"mailto:ssokol@olympique.ca\">ssokol@olympique.ca<\/a><\/p>\n\n\n\n<p class=\"wp-block-paragraph\">Thomas Hall, Chef de presse<br>\u00c9quipe Canada<br>WhatsApp : 514-709-1054<br>Courriel : <a href=\"mailto:ssokol@olympic.ca\">thall@olympique.ca<\/a><\/p>\n","protected":false},"excerpt":{"rendered":"<p>SANTIAGO, CHILI (1er novembre 2023) \u2014 \u00c9quipe Canada a ajout\u00e9 une m\u00e9daille d\u2019argent et neuf m\u00e9dailles de bronze \u00e0 son&#8230;<\/p>\n","protected":false},"featured_media":232104,"template":"","format":"standard","tags":[],"type-of-press":[496138],"press-topic":[682165489],"years":[682165479],"class_list":["post-232119","press","type-press","status-publish","format-standard","has-post-thumbnail","hentry","type-of-press-communiques","press-topic-santiago-2023","years-682165479"],"acf":[],"yoast_head":"<!-- This site is optimized with the Yoast SEO plugin v27.5 - https:\/\/yoast.com\/product\/yoast-seo-wordpress\/ -->\n<title>Santiago 2023 : \u00c9quipe Canada \u00e0 la fin du Jour 12 - \u00c9quipe Canada | Site officiel de l&#039;\u00e9quipe olympique<\/title>\n<meta name=\"robots\" content=\"index, follow, max-snippet:-1, max-image-preview:large, max-video-preview:-1\" \/>\n<link rel=\"canonical\" href=\"https:\/\/develop.olympic.ca\/olympique\/presse\/santiago-2023-equipe-canada-a-la-fin-du-jour-12\/\" \/>\n<meta property=\"og:locale\" content=\"fr_FR\" \/>\n<meta property=\"og:type\" content=\"article\" \/>\n<meta property=\"og:title\" content=\"Santiago 2023 : \u00c9quipe Canada \u00e0 la fin du Jour 12 - \u00c9quipe Canada | Site officiel de l&#039;\u00e9quipe olympique\" \/>\n<meta property=\"og:description\" content=\"SANTIAGO, CHILI (1er novembre 2023) \u2014 \u00c9quipe Canada a ajout\u00e9 une m\u00e9daille d\u2019argent et neuf m\u00e9dailles de bronze \u00e0 son...\" \/>\n<meta property=\"og:url\" content=\"https:\/\/develop.olympic.ca\/olympique\/presse\/santiago-2023-equipe-canada-a-la-fin-du-jour-12\/\" \/>\n<meta property=\"og:site_name\" content=\"\u00c9quipe Canada | Site officiel de l&#039;\u00e9quipe olympique\" \/>\n<meta property=\"og:image\" content=\"https:\/\/develop.olympic.ca\/olympique\/wp-content\/uploads\/sites\/2\/2023\/11\/S23-Day12-Recap_FR-16x9-1.jpg?quality=100\" \/>\n\t<meta property=\"og:image:width\" content=\"2160\" \/>\n\t<meta property=\"og:image:height\" content=\"1220\" \/>\n\t<meta property=\"og:image:type\" content=\"image\/jpeg\" \/>\n<meta name=\"twitter:card\" content=\"summary_large_image\" \/>\n<meta name=\"twitter:label1\" content=\"Est. reading time\" \/>\n\t<meta name=\"twitter:data1\" content=\"3 minutes\" \/>\n\t<meta name=\"twitter:label2\" content=\"Written by\" \/>\n\t<meta name=\"twitter:data2\" content=\"psaltsman\" \/>\n<script type=\"application\/ld+json\" class=\"yoast-schema-graph\">{\"@context\":\"https:\\\/\\\/schema.org\",\"@graph\":[{\"@type\":\"WebPage\",\"@id\":\"https:\\\/\\\/develop.olympic.ca\\\/olympique\\\/presse\\\/santiago-2023-equipe-canada-a-la-fin-du-jour-12\\\/\",\"url\":\"https:\\\/\\\/develop.olympic.ca\\\/olympique\\\/presse\\\/santiago-2023-equipe-canada-a-la-fin-du-jour-12\\\/\",\"name\":\"Santiago 2023 : \u00c9quipe Canada \u00e0 la fin du Jour 12 - \u00c9quipe Canada | Site officiel de l&#039;\u00e9quipe olympique\",\"isPartOf\":{\"@id\":\"https:\\\/\\\/develop.olympic.ca\\\/olympique\\\/#website\"},\"primaryImageOfPage\":{\"@id\":\"https:\\\/\\\/develop.olympic.ca\\\/olympique\\\/presse\\\/santiago-2023-equipe-canada-a-la-fin-du-jour-12\\\/#primaryimage\"},\"image\":{\"@id\":\"https:\\\/\\\/develop.olympic.ca\\\/olympique\\\/presse\\\/santiago-2023-equipe-canada-a-la-fin-du-jour-12\\\/#primaryimage\"},\"thumbnailUrl\":\"https:\\\/\\\/develop.olympic.ca\\\/olympique\\\/wp-content\\\/uploads\\\/sites\\\/2\\\/2023\\\/11\\\/S23-Day12-Recap_FR-16x9-1.jpg?quality=100\",\"datePublished\":\"2023-11-02T03:45:00+00:00\",\"inLanguage\":\"fr-FR\",\"potentialAction\":[{\"@type\":\"ReadAction\",\"target\":[\"https:\\\/\\\/develop.olympic.ca\\\/olympique\\\/presse\\\/santiago-2023-equipe-canada-a-la-fin-du-jour-12\\\/\"]}]},{\"@type\":\"ImageObject\",\"inLanguage\":\"fr-FR\",\"@id\":\"https:\\\/\\\/develop.olympic.ca\\\/olympique\\\/presse\\\/santiago-2023-equipe-canada-a-la-fin-du-jour-12\\\/#primaryimage\",\"url\":\"https:\\\/\\\/develop.olympic.ca\\\/olympique\\\/wp-content\\\/uploads\\\/sites\\\/2\\\/2023\\\/11\\\/S23-Day12-Recap_FR-16x9-1.jpg?quality=100\",\"contentUrl\":\"https:\\\/\\\/develop.olympic.ca\\\/olympique\\\/wp-content\\\/uploads\\\/sites\\\/2\\\/2023\\\/11\\\/S23-Day12-Recap_FR-16x9-1.jpg?quality=100\",\"width\":2160,\"height\":1220,\"caption\":\"Miguel Campos\\\/Santiago 2023 v\u00eda Photosport\"},{\"@type\":\"WebSite\",\"@id\":\"https:\\\/\\\/develop.olympic.ca\\\/olympique\\\/#website\",\"url\":\"https:\\\/\\\/develop.olympic.ca\\\/olympique\\\/\",\"name\":\"\u00c9quipe Canada | Site officiel de l&#039;\u00e9quipe olympique\",\"description\":\"Votre source pour l\u2019\u00c9quipe olympique canadienne. Retrouvez les r\u00e9cits, vid\u00e9os et photos des athl\u00e8tes canadiens, sports olympiques, Jeux olympiques de 2020 et bien plus!\",\"potentialAction\":[{\"@type\":\"SearchAction\",\"target\":{\"@type\":\"EntryPoint\",\"urlTemplate\":\"https:\\\/\\\/develop.olympic.ca\\\/olympique\\\/?s={search_term_string}\"},\"query-input\":{\"@type\":\"PropertyValueSpecification\",\"valueRequired\":true,\"valueName\":\"search_term_string\"}}],\"inLanguage\":\"fr-FR\"}]}<\/script>\n<!-- \/ Yoast SEO plugin. -->","yoast_head_json":{"title":"Santiago 2023 : \u00c9quipe Canada \u00e0 la fin du Jour 12 - \u00c9quipe Canada | Site officiel de l&#039;\u00e9quipe olympique","robots":{"index":"index","follow":"follow","max-snippet":"max-snippet:-1","max-image-preview":"max-image-preview:large","max-video-preview":"max-video-preview:-1"},"canonical":"https:\/\/develop.olympic.ca\/olympique\/presse\/santiago-2023-equipe-canada-a-la-fin-du-jour-12\/","og_locale":"fr_FR","og_type":"article","og_title":"Santiago 2023 : \u00c9quipe Canada \u00e0 la fin du Jour 12 - \u00c9quipe Canada | Site officiel de l&#039;\u00e9quipe olympique","og_description":"SANTIAGO, CHILI (1er novembre 2023) \u2014 \u00c9quipe Canada a ajout\u00e9 une m\u00e9daille d\u2019argent et neuf m\u00e9dailles de bronze \u00e0 son...","og_url":"https:\/\/develop.olympic.ca\/olympique\/presse\/santiago-2023-equipe-canada-a-la-fin-du-jour-12\/","og_site_name":"\u00c9quipe Canada | Site officiel de l&#039;\u00e9quipe olympique","og_image":[{"width":2160,"height":1220,"url":"https:\/\/develop.olympic.ca\/olympique\/wp-content\/uploads\/sites\/2\/2023\/11\/S23-Day12-Recap_FR-16x9-1.jpg?quality=100","type":"image\/jpeg"}],"twitter_card":"summary_large_image","twitter_misc":{"Est. reading time":"3 minutes","Written by":"psaltsman"},"schema":{"@context":"https:\/\/schema.org","@graph":[{"@type":"WebPage","@id":"https:\/\/develop.olympic.ca\/olympique\/presse\/santiago-2023-equipe-canada-a-la-fin-du-jour-12\/","url":"https:\/\/develop.olympic.ca\/olympique\/presse\/santiago-2023-equipe-canada-a-la-fin-du-jour-12\/","name":"Santiago 2023 : \u00c9quipe Canada \u00e0 la fin du Jour 12 - \u00c9quipe Canada | Site officiel de l&#039;\u00e9quipe olympique","isPartOf":{"@id":"https:\/\/develop.olympic.ca\/olympique\/#website"},"primaryImageOfPage":{"@id":"https:\/\/develop.olympic.ca\/olympique\/presse\/santiago-2023-equipe-canada-a-la-fin-du-jour-12\/#primaryimage"},"image":{"@id":"https:\/\/develop.olympic.ca\/olympique\/presse\/santiago-2023-equipe-canada-a-la-fin-du-jour-12\/#primaryimage"},"thumbnailUrl":"https:\/\/develop.olympic.ca\/olympique\/wp-content\/uploads\/sites\/2\/2023\/11\/S23-Day12-Recap_FR-16x9-1.jpg?quality=100","datePublished":"2023-11-02T03:45:00+00:00","inLanguage":"fr-FR","potentialAction":[{"@type":"ReadAction","target":["https:\/\/develop.olympic.ca\/olympique\/presse\/santiago-2023-equipe-canada-a-la-fin-du-jour-12\/"]}]},{"@type":"ImageObject","inLanguage":"fr-FR","@id":"https:\/\/develop.olympic.ca\/olympique\/presse\/santiago-2023-equipe-canada-a-la-fin-du-jour-12\/#primaryimage","url":"https:\/\/develop.olympic.ca\/olympique\/wp-content\/uploads\/sites\/2\/2023\/11\/S23-Day12-Recap_FR-16x9-1.jpg?quality=100","contentUrl":"https:\/\/develop.olympic.ca\/olympique\/wp-content\/uploads\/sites\/2\/2023\/11\/S23-Day12-Recap_FR-16x9-1.jpg?quality=100","width":2160,"height":1220,"caption":"Miguel Campos\/Santiago 2023 v\u00eda Photosport"},{"@type":"WebSite","@id":"https:\/\/develop.olympic.ca\/olympique\/#website","url":"https:\/\/develop.olympic.ca\/olympique\/","name":"\u00c9quipe Canada | Site officiel de l&#039;\u00e9quipe olympique","description":"Votre source pour l\u2019\u00c9quipe olympique canadienne. Retrouvez les r\u00e9cits, vid\u00e9os et photos des athl\u00e8tes canadiens, sports olympiques, Jeux olympiques de 2020 et bien plus!","potentialAction":[{"@type":"SearchAction","target":{"@type":"EntryPoint","urlTemplate":"https:\/\/develop.olympic.ca\/olympique\/?s={search_term_string}"},"query-input":{"@type":"PropertyValueSpecification","valueRequired":true,"valueName":"search_term_string"}}],"inLanguage":"fr-FR"}]}},"jetpack_sharing_enabled":true,"_links":{"self":[{"href":"https:\/\/develop.olympic.ca\/olympique\/wp-json\/wp\/v2\/press\/232119","targetHints":{"allow":["GET"]}}],"collection":[{"href":"https:\/\/develop.olympic.ca\/olympique\/wp-json\/wp\/v2\/press"}],"about":[{"href":"https:\/\/develop.olympic.ca\/olympique\/wp-json\/wp\/v2\/types\/press"}],"version-history":[{"count":3,"href":"https:\/\/develop.olympic.ca\/olympique\/wp-json\/wp\/v2\/press\/232119\/revisions"}],"predecessor-version":[{"id":232125,"href":"https:\/\/develop.olympic.ca\/olympique\/wp-json\/wp\/v2\/press\/232119\/revisions\/232125"}],"wp:featuredmedia":[{"embeddable":true,"href":"https:\/\/develop.olympic.ca\/olympique\/wp-json\/wp\/v2\/media\/232104"}],"wp:attachment":[{"href":"https:\/\/develop.olympic.ca\/olympique\/wp-json\/wp\/v2\/media?parent=232119"}],"wp:term":[{"taxonomy":"post_tag","embeddable":true,"href":"https:\/\/develop.olympic.ca\/olympique\/wp-json\/wp\/v2\/tags?post=232119"},{"taxonomy":"type-of-press","embeddable":true,"href":"https:\/\/develop.olympic.ca\/olympique\/wp-json\/wp\/v2\/type-of-press?post=232119"},{"taxonomy":"press-topic","embeddable":true,"href":"https:\/\/develop.olympic.ca\/olympique\/wp-json\/wp\/v2\/press-topic?post=232119"},{"taxonomy":"years","embeddable":true,"href":"https:\/\/develop.olympic.ca\/olympique\/wp-json\/wp\/v2\/years?post=232119"}],"curies":[{"name":"wp","href":"https:\/\/api.w.org\/{rel}","templated":true}]}}