{"id":232357,"date":"2023-11-03T22:34:44","date_gmt":"2023-11-04T02:34:44","guid":{"rendered":"https:\/\/develop.olympic.ca\/olympique\/?post_type=press&#038;p=232357"},"modified":"2023-11-03T22:58:47","modified_gmt":"2023-11-04T02:58:47","slug":"santiago-2023-equipe-canada-a-la-fin-du-jour-14","status":"publish","type":"press","link":"https:\/\/develop.olympic.ca\/olympique\/presse\/santiago-2023-equipe-canada-a-la-fin-du-jour-14\/","title":{"rendered":"Santiago 2023 : \u00c9quipe Canada \u00e0 la fin du Jour 14"},"content":{"rendered":"\n<p class=\"wp-block-paragraph\"><\/p>\n\n\n\n<p class=\"wp-block-paragraph\"><strong>SANTIAGO, CHILI <\/strong>(3 novembre 2023) \u2014 \u00c9quipe Canada a ajout\u00e9 trois m\u00e9dailles d\u2019or, cinq m\u00e9dailles d\u2019argent et cinq m\u00e9dailles de bronze \u00e0 son total \u00e0 la quatorzi\u00e8me journ\u00e9e des Jeux panam\u00e9ricains Santiago 2023. Voici ce que vous devez savoir.&nbsp;<\/p>\n\n\n\n<p class=\"wp-block-paragraph\"><strong>NOMBRE DE M\u00c9DAILLES D\u2019\u00c9QUIPE CANADA<\/strong><\/p>\n\n\n\n<p class=\"wp-block-paragraph\"><br>OR : 40 | ARGENT : 44 | BRONZE : 55 | TOTAL : 139<\/p>\n\n\n\n<p class=\"wp-block-paragraph\"><br>HORAIRE\/R\u00c9SULTATS : <a href=\"https:\/\/drive.google.com\/drive\/u\/0\/folders\/1xi8BnIhd3uTtAhiW16yqam4JMNLJTkSv\">R\u00e9sultats du Jour 14 et horaire du Jour 15<\/a><\/p>\n\n\n\n<p class=\"wp-block-paragraph\"><br><strong>FAITS SAILLANTS DU JOUR 14<\/strong><\/p>\n\n\n\n<ul class=\"wp-block-list\">\n<li><strong>Cano\u00eb-kayak de vitesse<\/strong>\n<ul class=\"wp-block-list\">\n<li>Les pagayeurs canadiens \u00e9taient pr\u00e9sents dans chacune des finales au menu de cette journ\u00e9e de comp\u00e9tition, remportant trois m\u00e9dailles d\u2019or, une d\u2019argent et une de bronze :\n<ul class=\"wp-block-list\">\n<li>Michelle Russell (Fall River, N.-\u00c9.) \u2013 OR, K-1 500 m, femmes<\/li>\n\n\n\n<li>Ian Gaudet (Dartmouth, N.-\u00c9.) et Simon McTavish (Oakville, ON) \u2013 OR, K-2 500 m, hommes<\/li>\n\n\n\n<li>Alix Plomteaux (Lac-Beauport, QC) et Craig Spence (Dartmouth, N.-\u00c9.) \u2013 OR, C-2 500 m, hommes<\/li>\n\n\n\n<li>Canada \u2013 ARGENT, K-4 500 m, femmes&nbsp;<\/li>\n\n\n\n<li>Sophia Jensen (Chelsea, QC)&nbsp; \u2013 BRONZE, C-1 200 m, femmes&nbsp;<\/li>\n<\/ul>\n<\/li>\n<\/ul>\n<\/li>\n<\/ul>\n\n\n\n<ul class=\"wp-block-list\">\n<li><strong>Escrime<\/strong>\n<ul class=\"wp-block-list\">\n<li>Avec une journ\u00e9e de comp\u00e9tition \u00e0 venir pour les escrimeurs canadiens, l\u2019\u00e9quipe a port\u00e9 le total de m\u00e9dailles aux Jeux de Santiago \u00e0 10, apr\u00e8s avoir remport\u00e9 l\u2019argent dans les \u00e9preuves par \u00e9quipes du fleuret masculin et du sabre f\u00e9minin.<\/li>\n<\/ul>\n<\/li>\n<\/ul>\n\n\n\n<ul class=\"wp-block-list\">\n<li><strong>Hockey sur gazon<\/strong>\n<ul class=\"wp-block-list\">\n<li>L\u2019\u00e9quipe canadienne masculine de hockey sur gazon a remport\u00e9 la m\u00e9daille de bronze. Cette victoire a permis au Canada de d\u00e9crocher la derni\u00e8re place panam\u00e9ricaine en jeu pour le tournoi de qualification olympique qui sera disput\u00e9 en janvier 2024, avec la possibilit\u00e9 de d\u00e9crocher un billet pour les Jeux de Paris 2024.<\/li>\n<\/ul>\n<\/li>\n<\/ul>\n\n\n\n<ul class=\"wp-block-list\">\n<li><strong>Karat\u00e9<\/strong>\n<ul class=\"wp-block-list\">\n<li>Claudia Laos-Loo (Surrey, C.-B.) a remport\u00e9 la m\u00e9daille de bronze de l\u2019\u00e9preuve individuelle f\u00e9minine de kata \u00e0 ses premiers Jeux panam\u00e9ricains.<br><br><\/li>\n<\/ul>\n<\/li>\n\n\n\n<li><strong>Natation artistique<\/strong>\n<ul class=\"wp-block-list\">\n<li>Le Canada a remport\u00e9 la m\u00e9daille de bronze de l\u2019\u00e9preuve par \u00e9quipes mixtes. Cette \u00e9preuve a subi plusieurs changements depuis les derniers Jeux panam\u00e9ricains, dans les traces du format olympique o\u00f9 les gagnants sont d\u00e9termin\u00e9s par le pointage cumul\u00e9 de trois performances diff\u00e9rentes, soit le programme technique, le programme libre et le programme acrobatique.<\/li>\n<\/ul>\n<\/li>\n<\/ul>\n\n\n\n<ul class=\"wp-block-list\">\n<li><strong>Squash<\/strong>\n<ul class=\"wp-block-list\">\n<li>Les Canadiens ont ajout\u00e9 une deuxi\u00e8me m\u00e9daille en squash \u00e0 la 14e journ\u00e9e de comp\u00e9tition, gracieuset\u00e9 d\u2019une paire d\u2019athl\u00e8tes qui en \u00e9taient \u00e0 une premi\u00e8re exp\u00e9rience de Jeux panam\u00e9ricains :\n<ul class=\"wp-block-list\">\n<li>George Crowne (Oakville, ON)\/Nicole Bunyan (Victoria, C.-B.), ARGENT,&nbsp; double mixte<\/li>\n<\/ul>\n<\/li>\n<\/ul>\n<\/li>\n<\/ul>\n\n\n\n<ul class=\"wp-block-list\">\n<li><strong>Voile<\/strong>\n<ul class=\"wp-block-list\">\n<li>Les Canadiens ont remport\u00e9 deux m\u00e9dailles en voile en cette journ\u00e9e. Ali ten Hove (Kingston, ON) et Mariah Millen (Toronto, ON) a remport\u00e9 l\u2019argent au skiff f\u00e9minin (49er FX) tandis que Will Jones (Jerseyville, ON) et Justin Barnes (Pickering, ON) ont remport\u00e9 le bronze au skiff masculin (49er).<\/li>\n\n\n\n<li>Les deux duos ont chacun d\u00e9croch\u00e9 une place de quota pour le Canada en vue des Jeux olympiques de Paris 2024 dans leur \u00e9preuve respective comme meilleure embarcation de leur cat\u00e9gorie dans la r\u00e9gion nord-am\u00e9ricaine et des Cara\u00efbes qui n\u2019\u00e9tait pas d\u00e9j\u00e0 qualifi\u00e9e.<\/li>\n<\/ul>\n<\/li>\n<\/ul>\n\n\n\n<ul class=\"wp-block-list\">\n<li><strong>Water-polo<\/strong>\n<ul class=\"wp-block-list\">\n<li>L\u2019\u00e9quipe canadienne f\u00e9minine de water-polo a vaincu le Br\u00e9sil pour acc\u00e9der \u00e0 la finale pour la m\u00e9daille d\u2019or de samedi. L\u2019\u00e9quipe affrontera les \u00c9tats-Unis dans l\u2019espoir de remporter l\u2019or et de d\u00e9crocher une place aux Jeux olympiques de Paris 2024.<\/li>\n\n\n\n<li>L\u2019\u00e9quipe canadienne masculine jouera pour la m\u00e9daille de bronze.<\/li>\n<\/ul>\n<\/li>\n<\/ul>\n\n\n\n<p class=\"wp-block-paragraph\"><strong>SUIVI DES QUALIFICATIONS POUR LES JEUX DE PARIS 2024<\/strong><\/p>\n\n\n\n<ul class=\"wp-block-list\">\n<li><a href=\"https:\/\/develop.olympic.ca\/olympique\/2023\/10\/26\/equipe-canada-decroche-des-billets-pour-paris-2024-aux-jeux-panamericains\/\">Voici un survol des qualifications canadiennes r\u00e9alis\u00e9es pour les Jeux de Paris apr\u00e8s 14 journ\u00e9es de comp\u00e9tition \u00e0 Santiago.&nbsp;<\/a><\/li>\n<\/ul>\n\n\n\n<p class=\"wp-block-paragraph\"><strong>COMMENT REGARDER<\/strong><\/p>\n\n\n\n<ul class=\"wp-block-list\">\n<li><a href=\"https:\/\/develop.olympic.ca\/olympique\/jeux-panamericains-de-santiago-2023-hub-de-contenu\/\">Olympique.ca propose la Zone info des Jeux panam\u00e9ricains de Santiago 2023, un guichet unique qui contient toutes les informations importantes dont vous aurez besoin.<\/a> Vous y trouverez les d\u00e9tails sur ce que les athl\u00e8tes et les \u00e9quipes d\u2019\u00c9quipe Canada doivent r\u00e9aliser pour obtenir leur qualification olympique pour Paris 2024. \u00c9quipe Canada partagera du contenu sur son site Web, ses plateformes de m\u00e9dias sociaux et l\u2019application d\u2019\u00c9quipe Canada.<\/li>\n<\/ul>\n\n\n\n<ul class=\"wp-block-list\">\n<li>Suivez l\u2019action en direct des Jeux panam\u00e9ricains 2023 \u00e0 Santiago, au Chili gr\u00e2ce \u00e0 <a href=\"https:\/\/ici.radio-canada.ca\/sports\/videos\">Radio-Canada<\/a> et <a href=\"https:\/\/www.cbc.ca\/player\/sports\/pan%20am%20games\">CBC<\/a>.<br><\/li>\n\n\n\n<li><a href=\"https:\/\/www.panamsportschannel.org\/main\">Le Panam Sports Channel sera aussi disponible gratuitement au Canada pendant toute la dur\u00e9e de l\u2019\u00e9v\u00e9nement.<\/a><\/li>\n<\/ul>\n\n\n\n<p class=\"wp-block-paragraph\"><br><strong>RESSOURCES<\/strong><br><br>VISITEZ : <a href=\"https:\/\/develop.olympic.ca\/olympique\/presse-ressources\/\">Olympique.ca\/presse-ressources\/ pour des informations additionnelles.<\/a><br><br>SUIVEZ : <a href=\"https:\/\/twitter.com\/TeamCanadaPR\">@TeamCanadaPR pour les alertes m\u00e9dailles<\/a> et d\u2019autres nouvelles importantes.<br><br>PARIS 2024 : <a href=\"https:\/\/develop.olympic.ca\/olympique\/2023\/07\/11\/des-qualifications-pour-paris-2024-a-decrocher-aux-jeux-panamericains-de-santiago-2023\/\">Des qualifications pour Paris 2024 \u00e0 d\u00e9rocher aux Jeux panam\u00e9ricains de Santiago 2023<\/a><\/p>\n\n\n\n<p class=\"has-text-align-center wp-block-paragraph\">-30-<\/p>\n\n\n\n<p class=\"wp-block-paragraph\"><br>CONTACTS POUR LES M\u00c9DIAS\u00a0:<br><br>Sam Sokol, Responsable des op\u00e9rations de presse<br>\u00c9quipe Canada<br>WhatsApp : 647-385-7107<br>Courriel : <a href=\"mailto:ssokol@olympique.ca\">ssokol@olympique.ca<\/a><\/p>\n\n\n\n<p class=\"wp-block-paragraph\">Thomas Hall, Chef de presse<br>\u00c9quipe Canada<br>WhatsApp : 514-709-1054<br>Courriel : <a href=\"mailto:ssokol@olympic.ca\">thall@olympique.ca<\/a><\/p>\n","protected":false},"excerpt":{"rendered":"<p>SANTIAGO, CHILI (3 novembre 2023) \u2014 \u00c9quipe Canada a ajout\u00e9 trois m\u00e9dailles d\u2019or, cinq m\u00e9dailles d\u2019argent et cinq m\u00e9dailles de&#8230;<\/p>\n","protected":false},"featured_media":232336,"template":"","format":"standard","tags":[],"type-of-press":[496138],"press-topic":[682165489],"years":[682165479],"class_list":["post-232357","press","type-press","status-publish","format-standard","has-post-thumbnail","hentry","type-of-press-communiques","press-topic-santiago-2023","years-682165479"],"acf":[],"yoast_head":"<!-- This site is optimized with the Yoast SEO plugin v27.3 - https:\/\/yoast.com\/product\/yoast-seo-wordpress\/ -->\n<title>Santiago 2023 : \u00c9quipe Canada \u00e0 la fin du Jour 14 - \u00c9quipe Canada | Site officiel de l&#039;\u00e9quipe olympique<\/title>\n<meta name=\"robots\" content=\"index, follow, max-snippet:-1, max-image-preview:large, max-video-preview:-1\" \/>\n<link rel=\"canonical\" href=\"https:\/\/develop.olympic.ca\/olympique\/presse\/santiago-2023-equipe-canada-a-la-fin-du-jour-14\/\" \/>\n<meta property=\"og:locale\" content=\"fr_FR\" \/>\n<meta property=\"og:type\" content=\"article\" \/>\n<meta property=\"og:title\" content=\"Santiago 2023 : \u00c9quipe Canada \u00e0 la fin du Jour 14 - \u00c9quipe Canada | Site officiel de l&#039;\u00e9quipe olympique\" \/>\n<meta property=\"og:description\" content=\"SANTIAGO, CHILI (3 novembre 2023) \u2014 \u00c9quipe Canada a ajout\u00e9 trois m\u00e9dailles d\u2019or, cinq m\u00e9dailles d\u2019argent et cinq m\u00e9dailles de...\" \/>\n<meta property=\"og:url\" content=\"https:\/\/develop.olympic.ca\/olympique\/presse\/santiago-2023-equipe-canada-a-la-fin-du-jour-14\/\" \/>\n<meta property=\"og:site_name\" content=\"\u00c9quipe Canada | Site officiel de l&#039;\u00e9quipe olympique\" \/>\n<meta property=\"article:modified_time\" content=\"2023-11-04T02:58:47+00:00\" \/>\n<meta property=\"og:image\" content=\"https:\/\/develop.olympic.ca\/olympique\/wp-content\/uploads\/sites\/2\/2023\/11\/S23-Day14-Recap_FR-16x9_v3.jpg?quality=100\" \/>\n\t<meta property=\"og:image:width\" content=\"2160\" \/>\n\t<meta property=\"og:image:height\" content=\"1220\" \/>\n\t<meta property=\"og:image:type\" content=\"image\/jpeg\" \/>\n<meta name=\"twitter:card\" content=\"summary_large_image\" \/>\n<meta name=\"twitter:label1\" content=\"Est. reading time\" \/>\n\t<meta name=\"twitter:data1\" content=\"4 minutes\" \/>\n\t<meta name=\"twitter:label2\" content=\"Written by\" \/>\n\t<meta name=\"twitter:data2\" content=\"mannyalmela\" \/>\n<script type=\"application\/ld+json\" class=\"yoast-schema-graph\">{\"@context\":\"https:\\\/\\\/schema.org\",\"@graph\":[{\"@type\":\"WebPage\",\"@id\":\"https:\\\/\\\/develop.olympic.ca\\\/olympique\\\/presse\\\/santiago-2023-equipe-canada-a-la-fin-du-jour-14\\\/\",\"url\":\"https:\\\/\\\/develop.olympic.ca\\\/olympique\\\/presse\\\/santiago-2023-equipe-canada-a-la-fin-du-jour-14\\\/\",\"name\":\"Santiago 2023 : \u00c9quipe Canada \u00e0 la fin du Jour 14 - \u00c9quipe Canada | Site officiel de l&#039;\u00e9quipe olympique\",\"isPartOf\":{\"@id\":\"https:\\\/\\\/develop.olympic.ca\\\/olympique\\\/#website\"},\"primaryImageOfPage\":{\"@id\":\"https:\\\/\\\/develop.olympic.ca\\\/olympique\\\/presse\\\/santiago-2023-equipe-canada-a-la-fin-du-jour-14\\\/#primaryimage\"},\"image\":{\"@id\":\"https:\\\/\\\/develop.olympic.ca\\\/olympique\\\/presse\\\/santiago-2023-equipe-canada-a-la-fin-du-jour-14\\\/#primaryimage\"},\"thumbnailUrl\":\"https:\\\/\\\/develop.olympic.ca\\\/olympique\\\/wp-content\\\/uploads\\\/sites\\\/2\\\/2023\\\/11\\\/S23-Day14-Recap_FR-16x9_v3.jpg?quality=100\",\"datePublished\":\"2023-11-04T02:34:44+00:00\",\"dateModified\":\"2023-11-04T02:58:47+00:00\",\"inLanguage\":\"fr-FR\",\"potentialAction\":[{\"@type\":\"ReadAction\",\"target\":[\"https:\\\/\\\/develop.olympic.ca\\\/olympique\\\/presse\\\/santiago-2023-equipe-canada-a-la-fin-du-jour-14\\\/\"]}]},{\"@type\":\"ImageObject\",\"inLanguage\":\"fr-FR\",\"@id\":\"https:\\\/\\\/develop.olympic.ca\\\/olympique\\\/presse\\\/santiago-2023-equipe-canada-a-la-fin-du-jour-14\\\/#primaryimage\",\"url\":\"https:\\\/\\\/develop.olympic.ca\\\/olympique\\\/wp-content\\\/uploads\\\/sites\\\/2\\\/2023\\\/11\\\/S23-Day14-Recap_FR-16x9_v3.jpg?quality=100\",\"contentUrl\":\"https:\\\/\\\/develop.olympic.ca\\\/olympique\\\/wp-content\\\/uploads\\\/sites\\\/2\\\/2023\\\/11\\\/S23-Day14-Recap_FR-16x9_v3.jpg?quality=100\",\"width\":2160,\"height\":1220},{\"@type\":\"WebSite\",\"@id\":\"https:\\\/\\\/develop.olympic.ca\\\/olympique\\\/#website\",\"url\":\"https:\\\/\\\/develop.olympic.ca\\\/olympique\\\/\",\"name\":\"\u00c9quipe Canada | Site officiel de l&#039;\u00e9quipe olympique\",\"description\":\"Votre source pour l\u2019\u00c9quipe olympique canadienne. Retrouvez les r\u00e9cits, vid\u00e9os et photos des athl\u00e8tes canadiens, sports olympiques, Jeux olympiques de 2020 et bien plus!\",\"potentialAction\":[{\"@type\":\"SearchAction\",\"target\":{\"@type\":\"EntryPoint\",\"urlTemplate\":\"https:\\\/\\\/develop.olympic.ca\\\/olympique\\\/?s={search_term_string}\"},\"query-input\":{\"@type\":\"PropertyValueSpecification\",\"valueRequired\":true,\"valueName\":\"search_term_string\"}}],\"inLanguage\":\"fr-FR\"}]}<\/script>\n<!-- \/ Yoast SEO plugin. -->","yoast_head_json":{"title":"Santiago 2023 : \u00c9quipe Canada \u00e0 la fin du Jour 14 - \u00c9quipe Canada | Site officiel de l&#039;\u00e9quipe olympique","robots":{"index":"index","follow":"follow","max-snippet":"max-snippet:-1","max-image-preview":"max-image-preview:large","max-video-preview":"max-video-preview:-1"},"canonical":"https:\/\/develop.olympic.ca\/olympique\/presse\/santiago-2023-equipe-canada-a-la-fin-du-jour-14\/","og_locale":"fr_FR","og_type":"article","og_title":"Santiago 2023 : \u00c9quipe Canada \u00e0 la fin du Jour 14 - \u00c9quipe Canada | Site officiel de l&#039;\u00e9quipe olympique","og_description":"SANTIAGO, CHILI (3 novembre 2023) \u2014 \u00c9quipe Canada a ajout\u00e9 trois m\u00e9dailles d\u2019or, cinq m\u00e9dailles d\u2019argent et cinq m\u00e9dailles de...","og_url":"https:\/\/develop.olympic.ca\/olympique\/presse\/santiago-2023-equipe-canada-a-la-fin-du-jour-14\/","og_site_name":"\u00c9quipe Canada | Site officiel de l&#039;\u00e9quipe olympique","article_modified_time":"2023-11-04T02:58:47+00:00","og_image":[{"width":2160,"height":1220,"url":"https:\/\/develop.olympic.ca\/olympique\/wp-content\/uploads\/sites\/2\/2023\/11\/S23-Day14-Recap_FR-16x9_v3.jpg?quality=100","type":"image\/jpeg"}],"twitter_card":"summary_large_image","twitter_misc":{"Est. reading time":"4 minutes","Written by":"mannyalmela"},"schema":{"@context":"https:\/\/schema.org","@graph":[{"@type":"WebPage","@id":"https:\/\/develop.olympic.ca\/olympique\/presse\/santiago-2023-equipe-canada-a-la-fin-du-jour-14\/","url":"https:\/\/develop.olympic.ca\/olympique\/presse\/santiago-2023-equipe-canada-a-la-fin-du-jour-14\/","name":"Santiago 2023 : \u00c9quipe Canada \u00e0 la fin du Jour 14 - \u00c9quipe Canada | Site officiel de l&#039;\u00e9quipe olympique","isPartOf":{"@id":"https:\/\/develop.olympic.ca\/olympique\/#website"},"primaryImageOfPage":{"@id":"https:\/\/develop.olympic.ca\/olympique\/presse\/santiago-2023-equipe-canada-a-la-fin-du-jour-14\/#primaryimage"},"image":{"@id":"https:\/\/develop.olympic.ca\/olympique\/presse\/santiago-2023-equipe-canada-a-la-fin-du-jour-14\/#primaryimage"},"thumbnailUrl":"https:\/\/develop.olympic.ca\/olympique\/wp-content\/uploads\/sites\/2\/2023\/11\/S23-Day14-Recap_FR-16x9_v3.jpg?quality=100","datePublished":"2023-11-04T02:34:44+00:00","dateModified":"2023-11-04T02:58:47+00:00","inLanguage":"fr-FR","potentialAction":[{"@type":"ReadAction","target":["https:\/\/develop.olympic.ca\/olympique\/presse\/santiago-2023-equipe-canada-a-la-fin-du-jour-14\/"]}]},{"@type":"ImageObject","inLanguage":"fr-FR","@id":"https:\/\/develop.olympic.ca\/olympique\/presse\/santiago-2023-equipe-canada-a-la-fin-du-jour-14\/#primaryimage","url":"https:\/\/develop.olympic.ca\/olympique\/wp-content\/uploads\/sites\/2\/2023\/11\/S23-Day14-Recap_FR-16x9_v3.jpg?quality=100","contentUrl":"https:\/\/develop.olympic.ca\/olympique\/wp-content\/uploads\/sites\/2\/2023\/11\/S23-Day14-Recap_FR-16x9_v3.jpg?quality=100","width":2160,"height":1220},{"@type":"WebSite","@id":"https:\/\/develop.olympic.ca\/olympique\/#website","url":"https:\/\/develop.olympic.ca\/olympique\/","name":"\u00c9quipe Canada | Site officiel de l&#039;\u00e9quipe olympique","description":"Votre source pour l\u2019\u00c9quipe olympique canadienne. Retrouvez les r\u00e9cits, vid\u00e9os et photos des athl\u00e8tes canadiens, sports olympiques, Jeux olympiques de 2020 et bien plus!","potentialAction":[{"@type":"SearchAction","target":{"@type":"EntryPoint","urlTemplate":"https:\/\/develop.olympic.ca\/olympique\/?s={search_term_string}"},"query-input":{"@type":"PropertyValueSpecification","valueRequired":true,"valueName":"search_term_string"}}],"inLanguage":"fr-FR"}]}},"jetpack_sharing_enabled":true,"_links":{"self":[{"href":"https:\/\/develop.olympic.ca\/olympique\/wp-json\/wp\/v2\/press\/232357","targetHints":{"allow":["GET"]}}],"collection":[{"href":"https:\/\/develop.olympic.ca\/olympique\/wp-json\/wp\/v2\/press"}],"about":[{"href":"https:\/\/develop.olympic.ca\/olympique\/wp-json\/wp\/v2\/types\/press"}],"version-history":[{"count":7,"href":"https:\/\/develop.olympic.ca\/olympique\/wp-json\/wp\/v2\/press\/232357\/revisions"}],"predecessor-version":[{"id":232521,"href":"https:\/\/develop.olympic.ca\/olympique\/wp-json\/wp\/v2\/press\/232357\/revisions\/232521"}],"wp:featuredmedia":[{"embeddable":true,"href":"https:\/\/develop.olympic.ca\/olympique\/wp-json\/wp\/v2\/media\/232336"}],"wp:attachment":[{"href":"https:\/\/develop.olympic.ca\/olympique\/wp-json\/wp\/v2\/media?parent=232357"}],"wp:term":[{"taxonomy":"post_tag","embeddable":true,"href":"https:\/\/develop.olympic.ca\/olympique\/wp-json\/wp\/v2\/tags?post=232357"},{"taxonomy":"type-of-press","embeddable":true,"href":"https:\/\/develop.olympic.ca\/olympique\/wp-json\/wp\/v2\/type-of-press?post=232357"},{"taxonomy":"press-topic","embeddable":true,"href":"https:\/\/develop.olympic.ca\/olympique\/wp-json\/wp\/v2\/press-topic?post=232357"},{"taxonomy":"years","embeddable":true,"href":"https:\/\/develop.olympic.ca\/olympique\/wp-json\/wp\/v2\/years?post=232357"}],"curies":[{"name":"wp","href":"https:\/\/api.w.org\/{rel}","templated":true}]}}