{"id":232519,"date":"2023-11-04T22:43:23","date_gmt":"2023-11-05T02:43:23","guid":{"rendered":"https:\/\/develop.olympic.ca\/olympique\/?post_type=press&#038;p=232519"},"modified":"2023-11-04T22:53:07","modified_gmt":"2023-11-05T02:53:07","slug":"santiago-2023-equipe-canada-a-la-fin-du-jour-15","status":"publish","type":"press","link":"https:\/\/develop.olympic.ca\/olympique\/presse\/santiago-2023-equipe-canada-a-la-fin-du-jour-15\/","title":{"rendered":"Santiago 2023 : \u00c9quipe Canada \u00e0 la fin du Jour 15"},"content":{"rendered":"\n<p class=\"wp-block-paragraph\"><br><strong>SANTIAGO, CHILI <\/strong>(4 novembre 2023) \u2014 \u00c9quipe Canada a ajout\u00e9 six m\u00e9dailles d\u2019or, huit m\u00e9dailles d\u2019argent et six m\u00e9dailles de bronze \u00e0 son total \u00e0 la quinzi\u00e8me journ\u00e9e des Jeux panam\u00e9ricains Santiago 2023. Voici ce que vous devez savoir.\u00a0<\/p>\n\n\n\n<p class=\"wp-block-paragraph\"><strong>NOMBRE DE M\u00c9DAILLES D\u2019\u00c9QUIPE CANADA<\/strong><\/p>\n\n\n\n<p class=\"wp-block-paragraph\"><br>OR : 46 | ARGENT : 52 | BRONZE : 61 | TOTAL : 159<\/p>\n\n\n\n<p class=\"wp-block-paragraph\"><br>HORAIRE\/R\u00c9SULTATS : <a href=\"https:\/\/drive.google.com\/drive\/u\/0\/folders\/1xi8BnIhd3uTtAhiW16yqam4JMNLJTkSv\">R\u00e9sultats du Jour 15 et horaire du Jour 16<\/a><\/p>\n\n\n\n<p class=\"wp-block-paragraph\"><br><strong>FAITS SAILLANTS DU JOUR 14<\/strong><\/p>\n\n\n\n<ul class=\"wp-block-list\">\n<li><strong>Athl\u00e9tisme<\/strong>\n<ul class=\"wp-block-list\">\n<li>Ethan Katzberg (Nanaimo, C.-B.) a \u00e9tabli un record panam\u00e9ricain (80,96) en route vers la m\u00e9daille d\u2019or du lancer du marteau chez les hommes.<\/li>\n\n\n\n<li>Jean-Simon Desgagn\u00e9s (Saint-Ferr\u00e9ol-les-Neiges, QC) a remport\u00e9 l\u2019or au 3000 m steeplechase chez les hommes, tandis qu\u2019Alycia Butterworth (Parksville, C.-B.) a remport\u00e9 l\u2019argent chez les femmes.<\/li>\n<\/ul>\n<\/li>\n<\/ul>\n\n\n\n<ul class=\"wp-block-list\">\n<li><strong>Breaking<\/strong>\n<ul class=\"wp-block-list\">\n<li>Philip \u201cPhil Wizard\u201d Kim (Vancouver, C.-B.) est devenu le premier champion des Jeux panam\u00e9ricains de l\u2019histoire en breaking chez les hommes. Avec cette m\u00e9daille d\u2019or, Kim a d\u00e9croch\u00e9 sa place pour les Jeux olympiques de Paris 2024 o\u00f9 son sport fera ses premiers pas au sein du programme olympique.<\/li>\n<\/ul>\n<\/li>\n<\/ul>\n\n\n\n<ul class=\"wp-block-list\">\n<li><strong>Cano<\/strong><strong>\u00eb<\/strong><strong>-kayak de vitesse\u200b<\/strong>\n<ul class=\"wp-block-list\">\n<li>Le Canada a connu une grosse matin\u00e9e sur l\u2019eau avec une r\u00e9colte d\u2019une m\u00e9daille d\u2019or, une d\u2019argent et deux de bronze pour conclure la comp\u00e9tition de cano\u00eb-kayak slalom et de vitesse avec 14 m\u00e9dailles :\n<ul class=\"wp-block-list\">\n<li>Katie Vincent (Mississauga, ON) et Sloan MacKenzie (Windsor Junction, N.-\u00c9.), OR &#8211; C-2 500 m, femmes&nbsp;<\/li>\n\n\n\n<li>Canada &#8211; ARGENT &#8211; K-4 500 m, hommes&nbsp;<\/li>\n\n\n\n<li>Connor Fitzpatrick (Dartmouth, N.-\u00c9.) BRONZE &#8211; C-1 1000 m, hommes&nbsp;<\/li>\n\n\n\n<li>Courtney Stott (Pickering, ON) et Maddy Schmidt (Ottawa, ON) BRONZE &#8211; K-2 500 m, femmes&nbsp;<\/li>\n<\/ul>\n<\/li>\n<\/ul>\n<\/li>\n\n\n\n<li><strong>Escrime<\/strong>\n<ul class=\"wp-block-list\">\n<li>L\u2019\u00e9quipe masculine de sabre a remport\u00e9 l\u2019or tandis que l\u2019\u00e9quipe f\u00e9minine d\u2019\u00e9p\u00e9e a gagn\u00e9 la m\u00e9daille de bronze. Cela porte le total de m\u00e9dailles d\u2019\u00c9quipe Canada en escrime aux Jeux de Santiago 2023 \u00e0 12, soit la plus importante r\u00e9colte de m\u00e9dailles dans ce sport pour le Canada \u00e0 une seule \u00e9dition des Jeux panam\u00e9ricains.&nbsp;<\/li>\n<\/ul>\n<\/li>\n<\/ul>\n\n\n\n<ul class=\"wp-block-list\">\n<li><strong>Gymnastique &#8211; Trampoline<\/strong>\n<ul class=\"wp-block-list\">\n<li>Keegan Soehn (Red Deer, AB) et R\u00e9mi Aubin (Laval, QC) ont remport\u00e9 l\u2019argent au trampoline synchronis\u00e9 chez les hommes. Soehn avait remport\u00e9 l\u2019or \u00e0 Guadalajara 2011 et \u00e0 Toronto 2015 de l\u2019\u00e9preuve masculine de trampoline individuel. Aubin vivait ses premiers Jeux panam\u00e9ricains en carri\u00e8re \u00e0 Santiago 2023.<\/li>\n<\/ul>\n<\/li>\n<\/ul>\n\n\n\n<ul class=\"wp-block-list\">\n<li><strong>Karat\u00e9<\/strong>\n<ul class=\"wp-block-list\">\n<li>Yamina Lahyanssa (Montr\u00e9al, QC) a remport\u00e9 l\u2019argent au 50 kg, femmes. L\u2019athl\u00e8te de 21 ans en \u00e9tait \u00e0 ses premiers Jeux panam\u00e9ricains \u00e0 Santiago 2023.<\/li>\n<\/ul>\n<\/li>\n<\/ul>\n\n\n\n<ul class=\"wp-block-list\">\n<li><strong>Rugby&nbsp;<\/strong>\n<ul class=\"wp-block-list\">\n<li>Les \u00e9quipes f\u00e9minine et masculine ont respectivement remport\u00e9 l\u2019argent et le bronze.<br><br><\/li>\n<\/ul>\n<\/li>\n\n\n\n<li><strong>Softball&nbsp;<\/strong>\n<ul class=\"wp-block-list\">\n<li>L\u2019\u00e9quipe f\u00e9minine de softball du Canada a remport\u00e9 la m\u00e9daille de bronze apr\u00e8s avoir battu le Mexique 7 \u00e0 0.&nbsp;<\/li>\n<\/ul>\n<\/li>\n<\/ul>\n\n\n\n<ul class=\"wp-block-list\">\n<li><strong>Squash<\/strong>\n<ul class=\"wp-block-list\">\n<li>L\u2019\u00e9quipe masculine a remport\u00e9 la m\u00e9daille de bronze.<\/li>\n\n\n\n<li>L\u2019\u00e9quipe f\u00e9minine jouera pour l\u2019or dimanche.<strong><br><\/strong><br><\/li>\n<\/ul>\n<\/li>\n\n\n\n<li><strong>Triathlon<\/strong>\n<ul class=\"wp-block-list\">\n<li>Le Canada a remport\u00e9 le bronze au relais mixte<\/li>\n<\/ul>\n<\/li>\n<\/ul>\n\n\n\n<ul class=\"wp-block-list\">\n<li><strong>Voile&nbsp;<\/strong>\n<ul class=\"wp-block-list\">\n<li>Les athl\u00e8tes canadiens de voile ont ajout\u00e9 deux autres m\u00e9dailles samedi, soit une d\u2019or et une d\u2019argent :\n<ul class=\"wp-block-list\">\n<li>Lee Parkhill (Oakville, ON) a remport\u00e9 l\u2019or de l\u2019\u00e9preuve de classe Sunfish, hommes.&nbsp;<\/li>\n\n\n\n<li>Sarah Douglas (Toronto, ON) a remport\u00e9 l\u2019argent de l\u2019\u00e9preuve de classe ILCA 6, femmes.&nbsp;<\/li>\n<\/ul>\n<\/li>\n<\/ul>\n<\/li>\n<\/ul>\n\n\n\n<ul class=\"wp-block-list\">\n<li><strong>Water-polo<\/strong>\n<ul class=\"wp-block-list\">\n<li>L\u2019\u00e9quipe canadienne f\u00e9minine de water-polo a remport\u00e9 l\u2019argent. Cette formation aura une derni\u00e8re occasion de se qualifier pour les Jeux de Paris 2024 dans le cadre des Championnats du monde de World Aquatics en f\u00e9vrier 2024.<\/li>\n<\/ul>\n<\/li>\n<\/ul>\n\n\n\n<p class=\"wp-block-paragraph\"><strong>SUIVI DES QUALIFICATIONS POUR LES JEUX DE PARIS 2024<\/strong><\/p>\n\n\n\n<ul class=\"wp-block-list\">\n<li><a href=\"https:\/\/develop.olympic.ca\/olympique\/2023\/10\/26\/equipe-canada-decroche-des-billets-pour-paris-2024-aux-jeux-panamericains\/\">Voici un survol des qualifications canadiennes r\u00e9alis\u00e9es pour les Jeux de Paris apr\u00e8s 14 journ\u00e9es de comp\u00e9tition \u00e0 Santiago.&nbsp;<\/a><\/li>\n<\/ul>\n\n\n\n<p class=\"wp-block-paragraph\"><strong>COMMENT REGARDER<\/strong><\/p>\n\n\n\n<ul class=\"wp-block-list\">\n<li><a href=\"https:\/\/develop.olympic.ca\/olympique\/jeux-panamericains-de-santiago-2023-hub-de-contenu\/\">Olympique.ca propose la Zone info des Jeux panam\u00e9ricains de Santiago 2023, un guichet unique qui contient toutes les informations importantes dont vous aurez besoin.<\/a> Vous y trouverez les d\u00e9tails sur ce que les athl\u00e8tes et les \u00e9quipes d\u2019\u00c9quipe Canada doivent r\u00e9aliser pour obtenir leur qualification olympique pour Paris 2024. \u00c9quipe Canada partagera du contenu sur son site Web, ses plateformes de m\u00e9dias sociaux et l\u2019application d\u2019\u00c9quipe Canada.<\/li>\n<\/ul>\n\n\n\n<ul class=\"wp-block-list\">\n<li>Suivez l\u2019action en direct des Jeux panam\u00e9ricains 2023 \u00e0 Santiago, au Chili gr\u00e2ce \u00e0 <a href=\"https:\/\/ici.radio-canada.ca\/sports\/videos\">Radio-Canada<\/a> et <a href=\"https:\/\/www.cbc.ca\/player\/sports\/pan%20am%20games\">CBC<\/a>.<br><br><\/li>\n\n\n\n<li><a href=\"https:\/\/www.panamsportschannel.org\/main\">Le Panam Sports Channel sera aussi disponible gratuitement au Canada pendant toute la dur\u00e9e de l\u2019\u00e9v\u00e9nement.<\/a><\/li>\n<\/ul>\n\n\n\n<p class=\"wp-block-paragraph\"><br><strong>RESSOURCES<\/strong><\/p>\n\n\n\n<p class=\"wp-block-paragraph\"><br>VISITEZ : <a href=\"https:\/\/develop.olympic.ca\/olympique\/presse-ressources\/\">Olympique.ca\/presse-ressources\/ pour des informations additionnelles.<\/a><br><br>SUIVEZ : <a href=\"https:\/\/twitter.com\/TeamCanadaPR\">@TeamCanadaPR pour les alertes m\u00e9dailles<\/a> et d\u2019autres nouvelles importantes.<br><br>PARIS 2024 : <a href=\"https:\/\/develop.olympic.ca\/olympique\/2023\/07\/11\/des-qualifications-pour-paris-2024-a-decrocher-aux-jeux-panamericains-de-santiago-2023\/\">Des qualifications pour Paris 2024 \u00e0 d\u00e9rocher aux Jeux panam\u00e9ricains de Santiago 2023<\/a><\/p>\n\n\n\n<p class=\"has-text-align-center wp-block-paragraph\">-30-<\/p>\n\n\n\n<p class=\"wp-block-paragraph\"><br>CONTACTS POUR LES M\u00c9DIAS\u00a0<br><br>Sam Sokol, Responsable des op\u00e9rations de presse<br>\u00c9quipe Canada<br>WhatsApp : 647-385-7107<br>Courriel : <a href=\"mailto:ssokol@olympique.ca\">ssokol@olympique.ca<\/a><\/p>\n\n\n\n<p class=\"wp-block-paragraph\">Thomas Hall, Chef de presse<br>\u00c9quipe Canada<br>WhatsApp : 514-709-1054<br>Courriel : <a href=\"mailto:ssokol@olympic.ca\">thall@olympique.ca<\/a><\/p>\n","protected":false},"excerpt":{"rendered":"<p>SANTIAGO, CHILI (4 novembre 2023) \u2014 \u00c9quipe Canada a ajout\u00e9 six m\u00e9dailles d\u2019or, huit m\u00e9dailles d\u2019argent et six m\u00e9dailles de&#8230;<\/p>\n","protected":false},"featured_media":232498,"template":"","format":"standard","tags":[],"type-of-press":[496138],"press-topic":[682165489],"years":[682165479],"class_list":["post-232519","press","type-press","status-publish","format-standard","has-post-thumbnail","hentry","type-of-press-communiques","press-topic-santiago-2023","years-682165479"],"acf":[],"yoast_head":"<!-- This site is optimized with the Yoast SEO plugin v27.3 - https:\/\/yoast.com\/product\/yoast-seo-wordpress\/ -->\n<title>Santiago 2023 : \u00c9quipe Canada \u00e0 la fin du Jour 15 - \u00c9quipe Canada | Site officiel de l&#039;\u00e9quipe olympique<\/title>\n<meta name=\"robots\" content=\"index, follow, max-snippet:-1, max-image-preview:large, max-video-preview:-1\" \/>\n<link rel=\"canonical\" href=\"https:\/\/develop.olympic.ca\/olympique\/presse\/santiago-2023-equipe-canada-a-la-fin-du-jour-15\/\" \/>\n<meta property=\"og:locale\" content=\"fr_FR\" \/>\n<meta property=\"og:type\" content=\"article\" \/>\n<meta property=\"og:title\" content=\"Santiago 2023 : \u00c9quipe Canada \u00e0 la fin du Jour 15 - \u00c9quipe Canada | Site officiel de l&#039;\u00e9quipe olympique\" \/>\n<meta property=\"og:description\" content=\"SANTIAGO, CHILI (4 novembre 2023) \u2014 \u00c9quipe Canada a ajout\u00e9 six m\u00e9dailles d\u2019or, huit m\u00e9dailles d\u2019argent et six m\u00e9dailles de...\" \/>\n<meta property=\"og:url\" content=\"https:\/\/develop.olympic.ca\/olympique\/presse\/santiago-2023-equipe-canada-a-la-fin-du-jour-15\/\" \/>\n<meta property=\"og:site_name\" content=\"\u00c9quipe Canada | Site officiel de l&#039;\u00e9quipe olympique\" \/>\n<meta property=\"article:modified_time\" content=\"2023-11-05T02:53:07+00:00\" \/>\n<meta property=\"og:image\" content=\"https:\/\/develop.olympic.ca\/olympique\/wp-content\/uploads\/sites\/2\/2023\/11\/S23-Day15-Recap_FR-16x9-1.jpg?quality=100\" \/>\n\t<meta property=\"og:image:width\" content=\"2160\" \/>\n\t<meta property=\"og:image:height\" content=\"1220\" \/>\n\t<meta property=\"og:image:type\" content=\"image\/jpeg\" \/>\n<meta name=\"twitter:card\" content=\"summary_large_image\" \/>\n<meta name=\"twitter:label1\" content=\"Est. reading time\" \/>\n\t<meta name=\"twitter:data1\" content=\"4 minutes\" \/>\n\t<meta name=\"twitter:label2\" content=\"Written by\" \/>\n\t<meta name=\"twitter:data2\" content=\"mannyalmela\" \/>\n<script type=\"application\/ld+json\" class=\"yoast-schema-graph\">{\"@context\":\"https:\\\/\\\/schema.org\",\"@graph\":[{\"@type\":\"WebPage\",\"@id\":\"https:\\\/\\\/develop.olympic.ca\\\/olympique\\\/presse\\\/santiago-2023-equipe-canada-a-la-fin-du-jour-15\\\/\",\"url\":\"https:\\\/\\\/develop.olympic.ca\\\/olympique\\\/presse\\\/santiago-2023-equipe-canada-a-la-fin-du-jour-15\\\/\",\"name\":\"Santiago 2023 : \u00c9quipe Canada \u00e0 la fin du Jour 15 - \u00c9quipe Canada | Site officiel de l&#039;\u00e9quipe olympique\",\"isPartOf\":{\"@id\":\"https:\\\/\\\/develop.olympic.ca\\\/olympique\\\/#website\"},\"primaryImageOfPage\":{\"@id\":\"https:\\\/\\\/develop.olympic.ca\\\/olympique\\\/presse\\\/santiago-2023-equipe-canada-a-la-fin-du-jour-15\\\/#primaryimage\"},\"image\":{\"@id\":\"https:\\\/\\\/develop.olympic.ca\\\/olympique\\\/presse\\\/santiago-2023-equipe-canada-a-la-fin-du-jour-15\\\/#primaryimage\"},\"thumbnailUrl\":\"https:\\\/\\\/develop.olympic.ca\\\/olympique\\\/wp-content\\\/uploads\\\/sites\\\/2\\\/2023\\\/11\\\/S23-Day15-Recap_FR-16x9-1.jpg?quality=100\",\"datePublished\":\"2023-11-05T02:43:23+00:00\",\"dateModified\":\"2023-11-05T02:53:07+00:00\",\"inLanguage\":\"fr-FR\",\"potentialAction\":[{\"@type\":\"ReadAction\",\"target\":[\"https:\\\/\\\/develop.olympic.ca\\\/olympique\\\/presse\\\/santiago-2023-equipe-canada-a-la-fin-du-jour-15\\\/\"]}]},{\"@type\":\"ImageObject\",\"inLanguage\":\"fr-FR\",\"@id\":\"https:\\\/\\\/develop.olympic.ca\\\/olympique\\\/presse\\\/santiago-2023-equipe-canada-a-la-fin-du-jour-15\\\/#primaryimage\",\"url\":\"https:\\\/\\\/develop.olympic.ca\\\/olympique\\\/wp-content\\\/uploads\\\/sites\\\/2\\\/2023\\\/11\\\/S23-Day15-Recap_FR-16x9-1.jpg?quality=100\",\"contentUrl\":\"https:\\\/\\\/develop.olympic.ca\\\/olympique\\\/wp-content\\\/uploads\\\/sites\\\/2\\\/2023\\\/11\\\/S23-Day15-Recap_FR-16x9-1.jpg?quality=100\",\"width\":2160,\"height\":1220},{\"@type\":\"WebSite\",\"@id\":\"https:\\\/\\\/develop.olympic.ca\\\/olympique\\\/#website\",\"url\":\"https:\\\/\\\/develop.olympic.ca\\\/olympique\\\/\",\"name\":\"\u00c9quipe Canada | Site officiel de l&#039;\u00e9quipe olympique\",\"description\":\"Votre source pour l\u2019\u00c9quipe olympique canadienne. Retrouvez les r\u00e9cits, vid\u00e9os et photos des athl\u00e8tes canadiens, sports olympiques, Jeux olympiques de 2020 et bien plus!\",\"potentialAction\":[{\"@type\":\"SearchAction\",\"target\":{\"@type\":\"EntryPoint\",\"urlTemplate\":\"https:\\\/\\\/develop.olympic.ca\\\/olympique\\\/?s={search_term_string}\"},\"query-input\":{\"@type\":\"PropertyValueSpecification\",\"valueRequired\":true,\"valueName\":\"search_term_string\"}}],\"inLanguage\":\"fr-FR\"}]}<\/script>\n<!-- \/ Yoast SEO plugin. -->","yoast_head_json":{"title":"Santiago 2023 : \u00c9quipe Canada \u00e0 la fin du Jour 15 - \u00c9quipe Canada | Site officiel de l&#039;\u00e9quipe olympique","robots":{"index":"index","follow":"follow","max-snippet":"max-snippet:-1","max-image-preview":"max-image-preview:large","max-video-preview":"max-video-preview:-1"},"canonical":"https:\/\/develop.olympic.ca\/olympique\/presse\/santiago-2023-equipe-canada-a-la-fin-du-jour-15\/","og_locale":"fr_FR","og_type":"article","og_title":"Santiago 2023 : \u00c9quipe Canada \u00e0 la fin du Jour 15 - \u00c9quipe Canada | Site officiel de l&#039;\u00e9quipe olympique","og_description":"SANTIAGO, CHILI (4 novembre 2023) \u2014 \u00c9quipe Canada a ajout\u00e9 six m\u00e9dailles d\u2019or, huit m\u00e9dailles d\u2019argent et six m\u00e9dailles de...","og_url":"https:\/\/develop.olympic.ca\/olympique\/presse\/santiago-2023-equipe-canada-a-la-fin-du-jour-15\/","og_site_name":"\u00c9quipe Canada | Site officiel de l&#039;\u00e9quipe olympique","article_modified_time":"2023-11-05T02:53:07+00:00","og_image":[{"width":2160,"height":1220,"url":"https:\/\/develop.olympic.ca\/olympique\/wp-content\/uploads\/sites\/2\/2023\/11\/S23-Day15-Recap_FR-16x9-1.jpg?quality=100","type":"image\/jpeg"}],"twitter_card":"summary_large_image","twitter_misc":{"Est. reading time":"4 minutes","Written by":"mannyalmela"},"schema":{"@context":"https:\/\/schema.org","@graph":[{"@type":"WebPage","@id":"https:\/\/develop.olympic.ca\/olympique\/presse\/santiago-2023-equipe-canada-a-la-fin-du-jour-15\/","url":"https:\/\/develop.olympic.ca\/olympique\/presse\/santiago-2023-equipe-canada-a-la-fin-du-jour-15\/","name":"Santiago 2023 : \u00c9quipe Canada \u00e0 la fin du Jour 15 - \u00c9quipe Canada | Site officiel de l&#039;\u00e9quipe olympique","isPartOf":{"@id":"https:\/\/develop.olympic.ca\/olympique\/#website"},"primaryImageOfPage":{"@id":"https:\/\/develop.olympic.ca\/olympique\/presse\/santiago-2023-equipe-canada-a-la-fin-du-jour-15\/#primaryimage"},"image":{"@id":"https:\/\/develop.olympic.ca\/olympique\/presse\/santiago-2023-equipe-canada-a-la-fin-du-jour-15\/#primaryimage"},"thumbnailUrl":"https:\/\/develop.olympic.ca\/olympique\/wp-content\/uploads\/sites\/2\/2023\/11\/S23-Day15-Recap_FR-16x9-1.jpg?quality=100","datePublished":"2023-11-05T02:43:23+00:00","dateModified":"2023-11-05T02:53:07+00:00","inLanguage":"fr-FR","potentialAction":[{"@type":"ReadAction","target":["https:\/\/develop.olympic.ca\/olympique\/presse\/santiago-2023-equipe-canada-a-la-fin-du-jour-15\/"]}]},{"@type":"ImageObject","inLanguage":"fr-FR","@id":"https:\/\/develop.olympic.ca\/olympique\/presse\/santiago-2023-equipe-canada-a-la-fin-du-jour-15\/#primaryimage","url":"https:\/\/develop.olympic.ca\/olympique\/wp-content\/uploads\/sites\/2\/2023\/11\/S23-Day15-Recap_FR-16x9-1.jpg?quality=100","contentUrl":"https:\/\/develop.olympic.ca\/olympique\/wp-content\/uploads\/sites\/2\/2023\/11\/S23-Day15-Recap_FR-16x9-1.jpg?quality=100","width":2160,"height":1220},{"@type":"WebSite","@id":"https:\/\/develop.olympic.ca\/olympique\/#website","url":"https:\/\/develop.olympic.ca\/olympique\/","name":"\u00c9quipe Canada | Site officiel de l&#039;\u00e9quipe olympique","description":"Votre source pour l\u2019\u00c9quipe olympique canadienne. Retrouvez les r\u00e9cits, vid\u00e9os et photos des athl\u00e8tes canadiens, sports olympiques, Jeux olympiques de 2020 et bien plus!","potentialAction":[{"@type":"SearchAction","target":{"@type":"EntryPoint","urlTemplate":"https:\/\/develop.olympic.ca\/olympique\/?s={search_term_string}"},"query-input":{"@type":"PropertyValueSpecification","valueRequired":true,"valueName":"search_term_string"}}],"inLanguage":"fr-FR"}]}},"jetpack_sharing_enabled":true,"_links":{"self":[{"href":"https:\/\/develop.olympic.ca\/olympique\/wp-json\/wp\/v2\/press\/232519","targetHints":{"allow":["GET"]}}],"collection":[{"href":"https:\/\/develop.olympic.ca\/olympique\/wp-json\/wp\/v2\/press"}],"about":[{"href":"https:\/\/develop.olympic.ca\/olympique\/wp-json\/wp\/v2\/types\/press"}],"version-history":[{"count":4,"href":"https:\/\/develop.olympic.ca\/olympique\/wp-json\/wp\/v2\/press\/232519\/revisions"}],"predecessor-version":[{"id":232524,"href":"https:\/\/develop.olympic.ca\/olympique\/wp-json\/wp\/v2\/press\/232519\/revisions\/232524"}],"wp:featuredmedia":[{"embeddable":true,"href":"https:\/\/develop.olympic.ca\/olympique\/wp-json\/wp\/v2\/media\/232498"}],"wp:attachment":[{"href":"https:\/\/develop.olympic.ca\/olympique\/wp-json\/wp\/v2\/media?parent=232519"}],"wp:term":[{"taxonomy":"post_tag","embeddable":true,"href":"https:\/\/develop.olympic.ca\/olympique\/wp-json\/wp\/v2\/tags?post=232519"},{"taxonomy":"type-of-press","embeddable":true,"href":"https:\/\/develop.olympic.ca\/olympique\/wp-json\/wp\/v2\/type-of-press?post=232519"},{"taxonomy":"press-topic","embeddable":true,"href":"https:\/\/develop.olympic.ca\/olympique\/wp-json\/wp\/v2\/press-topic?post=232519"},{"taxonomy":"years","embeddable":true,"href":"https:\/\/develop.olympic.ca\/olympique\/wp-json\/wp\/v2\/years?post=232519"}],"curies":[{"name":"wp","href":"https:\/\/api.w.org\/{rel}","templated":true}]}}