{"id":232590,"date":"2023-11-05T14:40:03","date_gmt":"2023-11-05T19:40:03","guid":{"rendered":"https:\/\/develop.olympic.ca\/olympique\/?post_type=press&#038;p=232590"},"modified":"2023-11-05T14:57:15","modified_gmt":"2023-11-05T19:57:15","slug":"katie-vincent-et-phil-wizard-nommes-porte-drapeaux-dequipe-canada-pour-la-ceremonie-de-cloture-des-jeux-de-santiago-2023","status":"publish","type":"press","link":"https:\/\/develop.olympic.ca\/olympique\/presse\/katie-vincent-et-phil-wizard-nommes-porte-drapeaux-dequipe-canada-pour-la-ceremonie-de-cloture-des-jeux-de-santiago-2023\/","title":{"rendered":"Katie Vincent et Phil Wizard nomm\u00e9s porte-drapeaux d\u2019\u00c9quipe Canada pour la c\u00e9r\u00e9monie de cl\u00f4ture des Jeux de Santiago 2023"},"content":{"rendered":"\n<p class=\"wp-block-paragraph\"><em>\u00c9quipe Canada r\u00e9colte 164 m\u00e9dailles, soit sa r\u00e9colte la plus imposante \u00e0 des Jeux panam\u00e9ricains pr\u00e9sent\u00e9s \u00e0 l\u2019\u00e9tranger depuis ceux de Mar del Plata en 1995<\/em><\/p>\n\n\n\n<p class=\"wp-block-paragraph\">SANTIAGO (5 novembre 2023) \u2013 Le Comit\u00e9 olympique canadien (COC) a annonc\u00e9 que la pagayeuse de vitesse Katie Vincent et le breaker Philip Kim, qui concourt sous le nom de \u00ab Phil Wizard \u00bb seront les porte-drapeaux d\u2019\u00c9quipe Canada pour la c\u00e9r\u00e9monie de cl\u00f4ture des Jeux panam\u00e9ricains de Santiago 2023.&nbsp;<\/p>\n\n\n\n<p class=\"wp-block-paragraph\">Vincent a remport\u00e9 l\u2019or au C-2 500 m, femmes de cano\u00eb de vitesse aux c\u00f4t\u00e9s de sa co\u00e9quipi\u00e8re Sloan MacKenzie \u00e0 la 15e journ\u00e9e des Jeux. Kim a remport\u00e9 la premi\u00e8re m\u00e9daille d\u2019or de l\u2019histoire en breaking, hommes aux Jeux panam\u00e9ricains, puisque ce sport faisait ses premiers pas dans cette comp\u00e9tition \u00e0 Santiago 2023. Il a aussi d\u00e9croch\u00e9 une place de quota afin de repr\u00e9senter le Canada aux Jeux olympiques de Paris 2024.<\/p>\n\n\n\n<p class=\"wp-block-paragraph\">\u00c9quipe Canada conclut les Jeux de Santiago 2023 avec 46 m\u00e9dailles d\u2019or, 55 d\u2019argent et 63 de bronze pour prendre le troisi\u00e8me rang du classement des nations pour le nombre de m\u00e9dailles. Les 164 m\u00e9dailles du Canada (et ses 46 m\u00e9dailles d\u2019or), sont le deuxi\u00e8me total du Canada aux Jeux panam\u00e9ricains pr\u00e9sent\u00e9s \u00e0 l\u2019ext\u00e9rieur du pays.<br><br>Pas moins de 468 athl\u00e8tes ont repr\u00e9sent\u00e9 \u00c9quipe Canada \u00e0 Santiago sur 18 jours de comp\u00e9tition. Au-del\u00e0 du total de m\u00e9dailles, voici quelques faits saillants de ces Jeux panam\u00e9ricains :&nbsp;<\/p>\n\n\n\n<ul class=\"wp-block-list\">\n<li>La plus jeune athl\u00e8te des Jeux panam\u00e9ricains, la planchiste Fay de Fazio Eber, \u00e2g\u00e9e de 13 ans, a remport\u00e9 l\u2019or \u00e0 l\u2019\u00e9preuve de park, femmes.<\/li>\n\n\n\n<li>Maggie Mac Neil a remport\u00e9 cinq m\u00e9dailles d\u2019or, \u00e9tablissant le record pour le nombre de m\u00e9dailles d\u2019or par un(e) athl\u00e8te du Canada \u00e0 une seule \u00e9dition des Jeux panam\u00e9ricains. Mac Neil a \u00e9tabli deux records panam\u00e9ricains dans le cadre de ces Jeux.<\/li>\n\n\n\n<li>Le gymnaste Felix Dolci est devenu le premier Canadien\u00a0en 60 ans\u00a0\u00e0 remporter une m\u00e9daille d\u2019or au concours multiple\u00a0chez les hommes\u00a0aux\u00a0Jeux panam\u00e9ricains.<\/li>\n\n\n\n<li>Ethan Katzberg a \u00e9tabli un record des Jeux panam\u00e9ricains au marteau masculin, ce qui lui a valu une m\u00e9daille d\u2019or.<\/li>\n\n\n\n<li>Phil Wizard a remport\u00e9 la premi\u00e8re m\u00e9daille d\u2019or en breaking, hommes dans l\u2019histoire des Jeux panam\u00e9ricains.&nbsp;<\/li>\n\n\n\n<li>Les escrimeurs canadiens ont remport\u00e9 12 m\u00e9dailles pour \u00e9tablir un record d\u2019\u00c9quipe Canada \u00e0 une seule \u00e9dition des Jeux panam\u00e9ricains.<\/li>\n<\/ul>\n\n\n\n<p class=\"wp-block-paragraph\"><strong>D\u00c9CLARATIONS<\/strong><\/p>\n\n\n\n<p class=\"wp-block-paragraph\">\u00ab C\u2019est un honneur immense d\u2019\u00eatre nomm\u00e9e porte-drapeau. Tous mes h\u00e9ros ont v\u00e9cu ce moment et c\u2019est une occasion immense de suivre les traces de grands pagayeurs comme Adam van Koeverden et Mark Oldershaw, et de tourner les r\u00e9flecteurs vers notre sport. Je suis heureuse de repr\u00e9senter notre sport et notre pays de cette fa\u00e7on. Je ne serais pas ici sans le soutien de ma famille, de mes entra\u00eeneurs et de mes co\u00e9quipiers au fil des ann\u00e9es. Je leur dis donc un grand merci, esp\u00e9rant qu\u2019ils puissent c\u00e9l\u00e9brer et suivre l\u2019action depuis la maison ce soir! \u00bb<\/p>\n\n\n\n<p class=\"wp-block-paragraph\">\u2013 Katie Vincent, m\u00e9daill\u00e9e d\u2019or des Jeux panam\u00e9ricains en cano\u00eb de vitesse et porte-drapeau d\u2019\u00c9quipe Canada \u00e0 la c\u00e9r\u00e9monie de cl\u00f4ture des Jeux de Santiago 2023<\/p>\n\n\n\n<p class=\"wp-block-paragraph\">\u00ab Je suis honor\u00e9 d\u2019\u00eatre nomm\u00e9 porte-drapeau. J\u2019ai v\u00e9cu de grandes \u00e9motions quand on me l\u2019a annonc\u00e9. Pour \u00eatre bien honn\u00eate, j\u2019ai vers\u00e9 quelques larmes. Je suis fier d\u2019\u00eatre Canadien et c\u2019est comme si le Canada me disait \u00e0 son tir qu\u2019il \u00e9tait fier de moi, ce qui procure des sentiments incroyables. C\u2019est ma premi\u00e8re fois aux Jeux panam\u00e9ricains, ma premi\u00e8re exp\u00e9rience de Village et d\u2019environnement de Jeux. C\u2019\u00e9tait tr\u00e8s sp\u00e9cial de rencontrer d\u2019autres athl\u00e8tes et l\u2019ensemble de cette exp\u00e9rience a \u00e9t\u00e9 magnifique. \u00bb<\/p>\n\n\n\n<p class=\"wp-block-paragraph\">\u2013 Philip Kim, m\u00e9daill\u00e9 d\u2019or des Jeux panam\u00e9ricains en breaking et porte-drapeau d\u2019\u00c9quipe Canada \u00e0 la c\u00e9r\u00e9monie de cl\u00f4ture des Jeux de Santiago 2023.<\/p>\n\n\n\n<p class=\"wp-block-paragraph\">\u00ab Mon exp\u00e9rience comme chef de mission s\u2019est d\u00e9roul\u00e9e au-del\u00e0 de mes attentes. Gr\u00e2ce aux incroyables performances canadiennes au quotidien, je n\u2019ai jamais \u00e9t\u00e9 aussi fi\u00e8re de porter notre drapeau comme je l\u2019ai fait dans plus de 30 sports. Ce groupe d\u2019athl\u00e8tes a tant accompli et j\u2019ai \u00e9t\u00e9 renvers\u00e9e et honor\u00e9e d\u2019\u00eatre t\u00e9moin de leur passion et de leur d\u00e9vouement. C\u2019\u00e9tait unique pour moi de faire partie de l\u2019\u00e9quipe derri\u00e8re l\u2019\u00e9quipe qui a offert un soutien incroyable \u00e0 nos athl\u00e8tes canadiens. J\u2019ai bien h\u00e2te de voir ce que l\u2019avenir r\u00e9serve pour \u00c9quipe Canada \u00e0 Paris 2024. \u00bb<\/p>\n\n\n\n<p class=\"wp-block-paragraph\">\u2013 Christine Girard, chef de mission d\u2019\u00c9quipe Canada aux Jeux panam\u00e9ricains de Santiago 2023<\/p>\n\n\n\n<p class=\"wp-block-paragraph\">\u00ab Cette \u00e9quipe est arriv\u00e9e \u00e0 Santiago pr\u00eate et d\u00e9termin\u00e9e \u00e0 conna\u00eetre du succ\u00e8s. De ces r\u00e9alisations magnifiques, aux places de quota de qualification d\u00e9croch\u00e9es pour les Jeux de Paris 2024, je peux fi\u00e8rement dire : mission accomplie. Ce groupe sp\u00e9cial d\u2019athl\u00e8tes conduit \u00e0 la c\u00e9r\u00e9monie de cl\u00f4ture de ce soir par Phil Wizard et Katie,&nbsp; a fait un travail exceptionnel pour repr\u00e9senter notre pays. Il est maintenant temps de transposer ce rythme vers Paris l\u2019\u00e9t\u00e9<br>prochain. \u00bb<\/p>\n\n\n\n<p class=\"wp-block-paragraph\">\u2013 Eric Myles, chef du Sport du Comit\u00e9 olympique canadien.<\/p>\n\n\n\n<p class=\"wp-block-paragraph\">\u00ab Les Jeux panam\u00e9ricains repr\u00e9sentent une occasion incroyable pour les athl\u00e8tes des Am\u00e9riques de concourir et de mettre en vitrine leur talent, leur travail acharn\u00e9 et leurs valeurs. Les athl\u00e8tes d\u2019\u00c9quipe Canada ont rendu tous les Canadiens fiers par leur fa\u00e7on de se comporter sur les terrains de jeu comme \u00e0 l\u2019ext\u00e9rieur. Ces performances exceptionnelles nous ont inspir\u00e9s et c\u2019\u00e9tait un honneur de les encourager chaque \u00e9tape du parcours. Merci au comit\u00e9 d\u2019organisation de Santiago 2023 et \u00e0 Panam Sports qui ont pr\u00e9sent\u00e9 de grands Jeux, ainsi qu\u2019au peuple g\u00e9n\u00e9reux de Santiago qui nous a accueillis \u00e0 bras ouverts. \u00bb<\/p>\n\n\n\n<p class=\"wp-block-paragraph\">\u2013 Tricia Smith, pr\u00e9sidente du Comit\u00e9 olympique canadien<\/p>\n\n\n\n<p class=\"wp-block-paragraph\"><\/p>\n\n\n\n<p class=\"wp-block-paragraph\"><strong>JOUR 16<\/strong><\/p>\n\n\n\n<p class=\"wp-block-paragraph\">Le dimanche 5 novembre, \u00c9quipe Canada a ajout\u00e9 trois m\u00e9dailles d\u2019argent et deux de bronze portant le total final de m\u00e9dailles du Canada \u00e0 164 m\u00e9dailles. Voici ce que vous devez savoir.<\/p>\n\n\n\n<p class=\"wp-block-paragraph\"><strong>COMPTE DE M\u00c9DAILLES D\u2019\u00c9QUIPE CANADA<\/strong><br>OR : 46 | ARGENT : 55 | BRONZE : 63 | TOTAL : 164<\/p>\n\n\n\n<p class=\"wp-block-paragraph\"><a href=\"https:\/\/drive.google.com\/drive\/u\/0\/folders\/1xi8BnIhd3uTtAhiW16yqam4JMNLJTkSv\">R\u00e9sultats de la 16e journ\u00e9e<\/a><\/p>\n\n\n\n<ul class=\"wp-block-list\">\n<li><strong>Golf&nbsp;<\/strong>\n<ul class=\"wp-block-list\">\n<li>Alena Sharp (Hamilton, ON) a remport\u00e9 une m\u00e9daille de bronze dans l\u2019\u00e9preuve f\u00e9minine individuelle.&nbsp;<\/li>\n<\/ul>\n<\/li>\n\n\n\n<li><strong>Karat\u00e9<\/strong>\n<ul class=\"wp-block-list\">\n<li>Melissa Bratic (Mississauga, ON) a remport\u00e9 la m\u00e9daille de bronze au 68 kg, femmes.&nbsp;<\/li>\n<\/ul>\n<\/li>\n<\/ul>\n\n\n\n<ul class=\"wp-block-list\">\n<li><strong>Quilles<\/strong>\n<ul class=\"wp-block-list\">\n<li>Mitch Hup\u00e9 (Winnipeg, MB) a remport\u00e9 l\u2019argent en simple masculin, s\u2019ajoutant \u00e0 sa m\u00e9daille d\u2019argent remport\u00e9e en double masculin avec son co\u00e9quipier Fran\u00e7ois Lavoie.<\/li>\n<\/ul>\n<\/li>\n<\/ul>\n\n\n\n<ul class=\"wp-block-list\">\n<li><strong>Squash<\/strong>\n<ul class=\"wp-block-list\">\n<li>Le Canada a remport\u00e9 une m\u00e9daille d\u2019argent \u00e0 l\u2019\u00e9preuve f\u00e9minine par \u00e9quipes, portant le total de m\u00e9dailles remport\u00e9es par le pays \u00e0 quatre dans ce sport aux Jeux de Santiago 2023.&nbsp;<\/li>\n<\/ul>\n<\/li>\n<\/ul>\n\n\n\n<ul class=\"wp-block-list\">\n<li><strong>Tennis de table&nbsp;<\/strong>\n<ul class=\"wp-block-list\">\n<li>Le Canada a remport\u00e9 l\u2019argent \u00e0 l\u2019\u00e9preuve masculine par \u00e9quipes.&nbsp;<\/li>\n<\/ul>\n<\/li>\n<\/ul>\n\n\n\n<p class=\"wp-block-paragraph\"><strong>SUIVI DES QUALIFICATIONS POUR LES JEUX DE PARIS 2024<\/strong><\/p>\n\n\n\n<ul class=\"wp-block-list\">\n<li><a href=\"https:\/\/develop.olympic.ca\/olympique\/2023\/10\/26\/equipe-canada-decroche-des-billets-pour-paris-2024-aux-jeux-panamericains\/\">Voici un survol des qualifications canadiennes r\u00e9alis\u00e9es pour les Jeux de Paris apr\u00e8s 14 journ\u00e9es de comp\u00e9tition \u00e0 Santiago.&nbsp;<\/a><\/li>\n<\/ul>\n\n\n\n<p class=\"wp-block-paragraph\"><strong>RESSOURCES<\/strong><br>VISITEZ : <a href=\"https:\/\/develop.olympic.ca\/olympique\/presse-ressources\/\">Olympique.ca\/presse-ressources\/ pour des informations additionnelles.<\/a><br>SUIVEZ : <a href=\"https:\/\/twitter.com\/TeamCanadaPR\">@TeamCanadaPR pour les alertes m\u00e9dailles<\/a> et d\u2019autres nouvelles importantes.<br>PARIS 2024 : <a href=\"https:\/\/develop.olympic.ca\/olympique\/2023\/07\/11\/des-qualifications-pour-paris-2024-a-decrocher-aux-jeux-panamericains-de-santiago-2023\/\">Des qualifications pour Paris 2024 \u00e0 d\u00e9rocher aux Jeux panam\u00e9ricains de Santiago 2023<\/a><\/p>\n\n\n\n<p class=\"has-text-align-center wp-block-paragraph\">-30-<\/p>\n\n\n\n<p class=\"wp-block-paragraph\">CONTACTS POUR LES M\u00c9DIAS :<br><br>Sam Sokol, Responsable des op\u00e9rations de presse<br>\u00c9quipe Canada<br>WhatsApp : 647-385-7107<br>Courriel : <a href=\"mailto:ssokol@olympique.ca\">ssokol@olympique.ca<\/a><\/p>\n\n\n\n<p class=\"wp-block-paragraph\">Thomas Hall, Chef de presse<br>\u00c9quipe Canada<br>WhatsApp : 514-709-1054<br>Courriel : <a href=\"mailto:ssokol@olympic.ca\">thall@olympique.ca<\/a><\/p>\n","protected":false},"excerpt":{"rendered":"<p>\u00c9quipe Canada r\u00e9colte 164 m\u00e9dailles, soit sa r\u00e9colte la plus imposante \u00e0 des Jeux panam\u00e9ricains pr\u00e9sent\u00e9s \u00e0 l\u2019\u00e9tranger depuis ceux&#8230;<\/p>\n","protected":false},"featured_media":232572,"template":"","format":"standard","tags":[],"type-of-press":[496138],"press-topic":[682165489],"years":[682165479],"class_list":["post-232590","press","type-press","status-publish","format-standard","has-post-thumbnail","hentry","type-of-press-communiques","press-topic-santiago-2023","years-682165479"],"acf":[],"yoast_head":"<!-- This site is optimized with the Yoast SEO plugin v27.3 - https:\/\/yoast.com\/product\/yoast-seo-wordpress\/ -->\n<title>Katie Vincent et Phil Wizard nomm\u00e9s porte-drapeaux d\u2019\u00c9quipe Canada pour la c\u00e9r\u00e9monie de cl\u00f4ture des Jeux de Santiago 2023 - \u00c9quipe Canada | Site officiel de l&#039;\u00e9quipe olympique<\/title>\n<meta name=\"robots\" content=\"index, follow, max-snippet:-1, max-image-preview:large, max-video-preview:-1\" \/>\n<link rel=\"canonical\" href=\"https:\/\/develop.olympic.ca\/olympique\/presse\/katie-vincent-et-phil-wizard-nommes-porte-drapeaux-dequipe-canada-pour-la-ceremonie-de-cloture-des-jeux-de-santiago-2023\/\" \/>\n<meta property=\"og:locale\" content=\"fr_FR\" \/>\n<meta property=\"og:type\" content=\"article\" \/>\n<meta property=\"og:title\" content=\"Katie Vincent et Phil Wizard nomm\u00e9s porte-drapeaux d\u2019\u00c9quipe Canada pour la c\u00e9r\u00e9monie de cl\u00f4ture des Jeux de Santiago 2023 - \u00c9quipe Canada | Site officiel de l&#039;\u00e9quipe olympique\" \/>\n<meta property=\"og:description\" content=\"\u00c9quipe Canada r\u00e9colte 164 m\u00e9dailles, soit sa r\u00e9colte la plus imposante \u00e0 des Jeux panam\u00e9ricains pr\u00e9sent\u00e9s \u00e0 l\u2019\u00e9tranger depuis ceux...\" \/>\n<meta property=\"og:url\" content=\"https:\/\/develop.olympic.ca\/olympique\/presse\/katie-vincent-et-phil-wizard-nommes-porte-drapeaux-dequipe-canada-pour-la-ceremonie-de-cloture-des-jeux-de-santiago-2023\/\" \/>\n<meta property=\"og:site_name\" content=\"\u00c9quipe Canada | Site officiel de l&#039;\u00e9quipe olympique\" \/>\n<meta property=\"article:modified_time\" content=\"2023-11-05T19:57:15+00:00\" \/>\n<meta name=\"twitter:card\" content=\"summary_large_image\" \/>\n<meta name=\"twitter:image\" content=\"https:\/\/develop.olympic.ca\/olympique\/wp-content\/uploads\/sites\/2\/2023\/11\/FlagBearers.jpg?quality=100\" \/>\n<meta name=\"twitter:label1\" content=\"Est. reading time\" \/>\n\t<meta name=\"twitter:data1\" content=\"6 minutes\" \/>\n\t<meta name=\"twitter:label2\" content=\"Written by\" \/>\n\t<meta name=\"twitter:data2\" content=\"mannyalmela\" \/>\n<script type=\"application\/ld+json\" class=\"yoast-schema-graph\">{\"@context\":\"https:\\\/\\\/schema.org\",\"@graph\":[{\"@type\":\"WebPage\",\"@id\":\"https:\\\/\\\/develop.olympic.ca\\\/olympique\\\/presse\\\/katie-vincent-et-phil-wizard-nommes-porte-drapeaux-dequipe-canada-pour-la-ceremonie-de-cloture-des-jeux-de-santiago-2023\\\/\",\"url\":\"https:\\\/\\\/develop.olympic.ca\\\/olympique\\\/presse\\\/katie-vincent-et-phil-wizard-nommes-porte-drapeaux-dequipe-canada-pour-la-ceremonie-de-cloture-des-jeux-de-santiago-2023\\\/\",\"name\":\"Katie Vincent et Phil Wizard nomm\u00e9s porte-drapeaux d\u2019\u00c9quipe Canada pour la c\u00e9r\u00e9monie de cl\u00f4ture des Jeux de Santiago 2023 - \u00c9quipe Canada | Site officiel de l&#039;\u00e9quipe olympique\",\"isPartOf\":{\"@id\":\"https:\\\/\\\/develop.olympic.ca\\\/olympique\\\/#website\"},\"primaryImageOfPage\":{\"@id\":\"https:\\\/\\\/develop.olympic.ca\\\/olympique\\\/presse\\\/katie-vincent-et-phil-wizard-nommes-porte-drapeaux-dequipe-canada-pour-la-ceremonie-de-cloture-des-jeux-de-santiago-2023\\\/#primaryimage\"},\"image\":{\"@id\":\"https:\\\/\\\/develop.olympic.ca\\\/olympique\\\/presse\\\/katie-vincent-et-phil-wizard-nommes-porte-drapeaux-dequipe-canada-pour-la-ceremonie-de-cloture-des-jeux-de-santiago-2023\\\/#primaryimage\"},\"thumbnailUrl\":\"https:\\\/\\\/develop.olympic.ca\\\/olympique\\\/wp-content\\\/uploads\\\/sites\\\/2\\\/2023\\\/11\\\/FlagBearers.jpg?quality=100\",\"datePublished\":\"2023-11-05T19:40:03+00:00\",\"dateModified\":\"2023-11-05T19:57:15+00:00\",\"inLanguage\":\"fr-FR\",\"potentialAction\":[{\"@type\":\"ReadAction\",\"target\":[\"https:\\\/\\\/develop.olympic.ca\\\/olympique\\\/presse\\\/katie-vincent-et-phil-wizard-nommes-porte-drapeaux-dequipe-canada-pour-la-ceremonie-de-cloture-des-jeux-de-santiago-2023\\\/\"]}]},{\"@type\":\"ImageObject\",\"inLanguage\":\"fr-FR\",\"@id\":\"https:\\\/\\\/develop.olympic.ca\\\/olympique\\\/presse\\\/katie-vincent-et-phil-wizard-nommes-porte-drapeaux-dequipe-canada-pour-la-ceremonie-de-cloture-des-jeux-de-santiago-2023\\\/#primaryimage\",\"url\":\"https:\\\/\\\/develop.olympic.ca\\\/olympique\\\/wp-content\\\/uploads\\\/sites\\\/2\\\/2023\\\/11\\\/FlagBearers.jpg?quality=100\",\"contentUrl\":\"https:\\\/\\\/develop.olympic.ca\\\/olympique\\\/wp-content\\\/uploads\\\/sites\\\/2\\\/2023\\\/11\\\/FlagBearers.jpg?quality=100\",\"width\":4796,\"height\":2698},{\"@type\":\"WebSite\",\"@id\":\"https:\\\/\\\/develop.olympic.ca\\\/olympique\\\/#website\",\"url\":\"https:\\\/\\\/develop.olympic.ca\\\/olympique\\\/\",\"name\":\"\u00c9quipe Canada | Site officiel de l&#039;\u00e9quipe olympique\",\"description\":\"Votre source pour l\u2019\u00c9quipe olympique canadienne. Retrouvez les r\u00e9cits, vid\u00e9os et photos des athl\u00e8tes canadiens, sports olympiques, Jeux olympiques de 2020 et bien plus!\",\"potentialAction\":[{\"@type\":\"SearchAction\",\"target\":{\"@type\":\"EntryPoint\",\"urlTemplate\":\"https:\\\/\\\/develop.olympic.ca\\\/olympique\\\/?s={search_term_string}\"},\"query-input\":{\"@type\":\"PropertyValueSpecification\",\"valueRequired\":true,\"valueName\":\"search_term_string\"}}],\"inLanguage\":\"fr-FR\"}]}<\/script>\n<!-- \/ Yoast SEO plugin. -->","yoast_head_json":{"title":"Katie Vincent et Phil Wizard nomm\u00e9s porte-drapeaux d\u2019\u00c9quipe Canada pour la c\u00e9r\u00e9monie de cl\u00f4ture des Jeux de Santiago 2023 - \u00c9quipe Canada | Site officiel de l&#039;\u00e9quipe olympique","robots":{"index":"index","follow":"follow","max-snippet":"max-snippet:-1","max-image-preview":"max-image-preview:large","max-video-preview":"max-video-preview:-1"},"canonical":"https:\/\/develop.olympic.ca\/olympique\/presse\/katie-vincent-et-phil-wizard-nommes-porte-drapeaux-dequipe-canada-pour-la-ceremonie-de-cloture-des-jeux-de-santiago-2023\/","og_locale":"fr_FR","og_type":"article","og_title":"Katie Vincent et Phil Wizard nomm\u00e9s porte-drapeaux d\u2019\u00c9quipe Canada pour la c\u00e9r\u00e9monie de cl\u00f4ture des Jeux de Santiago 2023 - \u00c9quipe Canada | Site officiel de l&#039;\u00e9quipe olympique","og_description":"\u00c9quipe Canada r\u00e9colte 164 m\u00e9dailles, soit sa r\u00e9colte la plus imposante \u00e0 des Jeux panam\u00e9ricains pr\u00e9sent\u00e9s \u00e0 l\u2019\u00e9tranger depuis ceux...","og_url":"https:\/\/develop.olympic.ca\/olympique\/presse\/katie-vincent-et-phil-wizard-nommes-porte-drapeaux-dequipe-canada-pour-la-ceremonie-de-cloture-des-jeux-de-santiago-2023\/","og_site_name":"\u00c9quipe Canada | Site officiel de l&#039;\u00e9quipe olympique","article_modified_time":"2023-11-05T19:57:15+00:00","twitter_card":"summary_large_image","twitter_image":"https:\/\/develop.olympic.ca\/olympique\/wp-content\/uploads\/sites\/2\/2023\/11\/FlagBearers.jpg?quality=100","twitter_misc":{"Est. reading time":"6 minutes","Written by":"mannyalmela"},"schema":{"@context":"https:\/\/schema.org","@graph":[{"@type":"WebPage","@id":"https:\/\/develop.olympic.ca\/olympique\/presse\/katie-vincent-et-phil-wizard-nommes-porte-drapeaux-dequipe-canada-pour-la-ceremonie-de-cloture-des-jeux-de-santiago-2023\/","url":"https:\/\/develop.olympic.ca\/olympique\/presse\/katie-vincent-et-phil-wizard-nommes-porte-drapeaux-dequipe-canada-pour-la-ceremonie-de-cloture-des-jeux-de-santiago-2023\/","name":"Katie Vincent et Phil Wizard nomm\u00e9s porte-drapeaux d\u2019\u00c9quipe Canada pour la c\u00e9r\u00e9monie de cl\u00f4ture des Jeux de Santiago 2023 - \u00c9quipe Canada | Site officiel de l&#039;\u00e9quipe olympique","isPartOf":{"@id":"https:\/\/develop.olympic.ca\/olympique\/#website"},"primaryImageOfPage":{"@id":"https:\/\/develop.olympic.ca\/olympique\/presse\/katie-vincent-et-phil-wizard-nommes-porte-drapeaux-dequipe-canada-pour-la-ceremonie-de-cloture-des-jeux-de-santiago-2023\/#primaryimage"},"image":{"@id":"https:\/\/develop.olympic.ca\/olympique\/presse\/katie-vincent-et-phil-wizard-nommes-porte-drapeaux-dequipe-canada-pour-la-ceremonie-de-cloture-des-jeux-de-santiago-2023\/#primaryimage"},"thumbnailUrl":"https:\/\/develop.olympic.ca\/olympique\/wp-content\/uploads\/sites\/2\/2023\/11\/FlagBearers.jpg?quality=100","datePublished":"2023-11-05T19:40:03+00:00","dateModified":"2023-11-05T19:57:15+00:00","inLanguage":"fr-FR","potentialAction":[{"@type":"ReadAction","target":["https:\/\/develop.olympic.ca\/olympique\/presse\/katie-vincent-et-phil-wizard-nommes-porte-drapeaux-dequipe-canada-pour-la-ceremonie-de-cloture-des-jeux-de-santiago-2023\/"]}]},{"@type":"ImageObject","inLanguage":"fr-FR","@id":"https:\/\/develop.olympic.ca\/olympique\/presse\/katie-vincent-et-phil-wizard-nommes-porte-drapeaux-dequipe-canada-pour-la-ceremonie-de-cloture-des-jeux-de-santiago-2023\/#primaryimage","url":"https:\/\/develop.olympic.ca\/olympique\/wp-content\/uploads\/sites\/2\/2023\/11\/FlagBearers.jpg?quality=100","contentUrl":"https:\/\/develop.olympic.ca\/olympique\/wp-content\/uploads\/sites\/2\/2023\/11\/FlagBearers.jpg?quality=100","width":4796,"height":2698},{"@type":"WebSite","@id":"https:\/\/develop.olympic.ca\/olympique\/#website","url":"https:\/\/develop.olympic.ca\/olympique\/","name":"\u00c9quipe Canada | Site officiel de l&#039;\u00e9quipe olympique","description":"Votre source pour l\u2019\u00c9quipe olympique canadienne. Retrouvez les r\u00e9cits, vid\u00e9os et photos des athl\u00e8tes canadiens, sports olympiques, Jeux olympiques de 2020 et bien plus!","potentialAction":[{"@type":"SearchAction","target":{"@type":"EntryPoint","urlTemplate":"https:\/\/develop.olympic.ca\/olympique\/?s={search_term_string}"},"query-input":{"@type":"PropertyValueSpecification","valueRequired":true,"valueName":"search_term_string"}}],"inLanguage":"fr-FR"}]}},"jetpack_sharing_enabled":true,"_links":{"self":[{"href":"https:\/\/develop.olympic.ca\/olympique\/wp-json\/wp\/v2\/press\/232590","targetHints":{"allow":["GET"]}}],"collection":[{"href":"https:\/\/develop.olympic.ca\/olympique\/wp-json\/wp\/v2\/press"}],"about":[{"href":"https:\/\/develop.olympic.ca\/olympique\/wp-json\/wp\/v2\/types\/press"}],"version-history":[{"count":4,"href":"https:\/\/develop.olympic.ca\/olympique\/wp-json\/wp\/v2\/press\/232590\/revisions"}],"predecessor-version":[{"id":232604,"href":"https:\/\/develop.olympic.ca\/olympique\/wp-json\/wp\/v2\/press\/232590\/revisions\/232604"}],"wp:featuredmedia":[{"embeddable":true,"href":"https:\/\/develop.olympic.ca\/olympique\/wp-json\/wp\/v2\/media\/232572"}],"wp:attachment":[{"href":"https:\/\/develop.olympic.ca\/olympique\/wp-json\/wp\/v2\/media?parent=232590"}],"wp:term":[{"taxonomy":"post_tag","embeddable":true,"href":"https:\/\/develop.olympic.ca\/olympique\/wp-json\/wp\/v2\/tags?post=232590"},{"taxonomy":"type-of-press","embeddable":true,"href":"https:\/\/develop.olympic.ca\/olympique\/wp-json\/wp\/v2\/type-of-press?post=232590"},{"taxonomy":"press-topic","embeddable":true,"href":"https:\/\/develop.olympic.ca\/olympique\/wp-json\/wp\/v2\/press-topic?post=232590"},{"taxonomy":"years","embeddable":true,"href":"https:\/\/develop.olympic.ca\/olympique\/wp-json\/wp\/v2\/years?post=232590"}],"curies":[{"name":"wp","href":"https:\/\/api.w.org\/{rel}","templated":true}]}}