{"id":234441,"date":"2023-12-20T10:50:00","date_gmt":"2023-12-20T15:50:00","guid":{"rendered":"https:\/\/develop.olympic.ca\/olympique\/?post_type=press&#038;p=234441"},"modified":"2023-12-21T15:51:03","modified_gmt":"2023-12-21T20:51:03","slug":"un-jeune-sauteur-a-ski-de-calgary-nommee-au-sein-dequipe-canada-pour-les-jeux-olympiques-de-la-jeunesse-dhiver-de-gangwon-2024","status":"publish","type":"press","link":"https:\/\/develop.olympic.ca\/olympique\/presse\/un-jeune-sauteur-a-ski-de-calgary-nommee-au-sein-dequipe-canada-pour-les-jeux-olympiques-de-la-jeunesse-dhiver-de-gangwon-2024\/","title":{"rendered":"Un jeune sauteur \u00e0 ski de Calgary nomm\u00e9e au sein d\u2019\u00c9quipe Canada pour les Jeux olympiques de la jeunesse d\u2019hiver de Gangwon 2024"},"content":{"rendered":"\n<p class=\"wp-block-paragraph\">CALGARY (20 d\u00e9cembre 2023) \u2013 Saut \u00e0 ski Canada et le Comit\u00e9 olympique canadien ont d\u00e9voil\u00e9 la composition de l\u2019\u00e9quipe canadienne de saut \u00e0 ski qui participera aux Jeux olympiques de la jeunesse d\u2019hiver de Gangwon 2024.<\/p>\n\n\n\n<p class=\"wp-block-paragraph\">Tarik VanWieren (Calgary, AB) sera le seul sauteur \u00e0 ski qui repr\u00e9sentera \u00c9quipe Canada aux Jeux olympiques de la jeunesse d\u2019hiver de Gangwon 2024.<\/p>\n\n\n\n<p class=\"wp-block-paragraph\">Apr\u00e8s avoir qualifi\u00e9 une place de quota pour le Canada aux Championnats du monde de ski nordique juniors de la FIS 2023 en sol canadien \u00e0 Whistler, en Colombie-Britannique, VanWieren a \u00e9t\u00e9 s\u00e9lectionn\u00e9 pour repr\u00e9senter \u00c9quipe Canada aux Jeux de Gangwon 2024 apr\u00e8s avoir \u00e9t\u00e9 le Canadien le mieux class\u00e9 le weekend dernier \u00e0 l\u2019\u00e9tape de Notodden en Norv\u00e8ge de la Coupe de la FIS.<br><br>\u00ab Repr\u00e9senter le Canada aux Jeux olympiques de la jeunesse 2024, est une occasion assez sp\u00e9ciale, a d\u00e9clar\u00e9 VanWieren. Surtout que je vais pouvoir sauter sur le m\u00eame tremplin que Mackenzie Boyd-Clowes aux Jeux de PyeongChang 2018 \u2013 c\u2019est un immense honneur ! \u00bb<br><br>Plus t\u00f4t cette ann\u00e9e, VanWieren a remport\u00e9 une m\u00e9daille de bronze dans une \u00e9preuve de la FIS disput\u00e9e \u00e0 Lake Placid.<\/p>\n\n\n\n<p class=\"wp-block-paragraph\">L\u2019athl\u00e8te de 16 ans a commenc\u00e9 \u00e0 pratiquer le saut \u00e0 ski \u00e0 l\u2019\u00e2ge de sept ans \u00e0 Calgary et il a commenc\u00e9 \u00e0 faire de la comp\u00e9tition \u00e0 huit ans. Membre du Club nordique Altius, le m\u00eame club o\u00f9 les m\u00e9daill\u00e9s olympiques Abigail Strate, Alexandria Loutitt, Mackenzie Boyd-Clowes et Matthew Soukup ont entrepris leurs carri\u00e8res en saut \u00e0 ski, van Wieren doit voyager \u00e0 l\u2019\u00e9tranger pour s\u2019entra\u00eener depuis la fermeture des tremplins de saut \u00e0 ski de Calgary. En plus d\u2019utiliser les installations \u00e0 Lake Placid, Park City et Steamboat Springs, aux \u00c9tats-Unis, ainsi qu\u2019en Pologne, van Wieren s\u2019est aussi d\u00e9plac\u00e9 \u00e0 Planica, en Slov\u00e9nie, pour s\u2019entra\u00eener avec les athl\u00e8tes de l\u2019\u00e9quipe nationale canadienne.<\/p>\n\n\n\n<p class=\"wp-block-paragraph\">\u00ab Tarik est un athl\u00e8te tr\u00e8s prometteur et talentueux, a indiqu\u00e9 Mike Bodnarchuk, copr\u00e9sident de Saut \u00e0 ski Canada. On ne peut faire autrement que d\u2019admirer son cran et sa d\u00e9termination pour devenir un sauteur \u00e0 ski de comp\u00e9tition \u00e9tant donn\u00e9 l\u2019absence d\u2019installations ici au Canada. Je suis enchant\u00e9 de voir que le travail acharn\u00e9 de Tarik lui ait permis de se qualifier pour les Jeux olympiques de la jeunesse. Ce sera pour lui une formidable occasion sur laquelle il pourra b\u00e2tir. \u00bb<br><br>\u00c9quipe Canada a d\u00e9l\u00e9gu\u00e9 une \u00e9quipe de saut \u00e0 ski aux \u00e9ditions d\u2019Innsbruck en 2012 et de Lausanne en 2020 des Jeux olympiques de la jeunesse d\u2019hiver. \u00c0 Innsbruck, Dusty Korek, Taylor Henrich et Nathaniel Mah ont remport\u00e9 la m\u00e9daille de bronze dans l\u2019\u00e9preuve mixte par \u00e9quipes. Deux ann\u00e9es plus tard, Korek et Henrich sont devenus des Olympiens quand ils ont particip\u00e9 aux Jeux de Sotchi en 2014. Henrich a aussi particip\u00e9 aux Jeux de PyeongChang en 2018. L\u2019\u00e9preuve mixte par \u00e9quipes de saut \u00e0 ski a fait ses d\u00e9buts olympiques \u00e0 Beijing 2022, o\u00f9 \u00c9quipe Canada a d\u00e9croch\u00e9 une m\u00e9daille de bronze historique, soit la premi\u00e8re m\u00e9daille \u00e0 vie pour le Canada en saut \u00e0 ski \u00e0 des Jeux olympiques d\u2019hiver.<\/p>\n\n\n\n<p class=\"wp-block-paragraph\">L\u2019\u00e9preuve individuelle masculine de saut \u00e0 ski aura se d\u00e9roulera le 20 janvier (jour 1) au Centre de saut \u00e0 ski d\u2019Alpensia, le m\u00eame site qui a servi pour les Jeux olympiques d\u2019hiver de PyeongChang en 2018.<\/p>\n\n\n\n<p class=\"wp-block-paragraph\">\u00ab F\u00e9licitations \u00e0 Tarik pour sa nomination au sein d\u2019\u00c9quipe Canada en vue des Jeux de Gangwon 2024, a d\u00e9clar\u00e9 Lisa Weagle, chef de mission d\u2019\u00c9quipe Canada aux Jeux olympiques de la jeunesse d\u2019hiver de Gangwon 2024. Bien qu\u2019il sera le seul athl\u00e8te canadien en saut \u00e0 ski \u00e0 participer \u00e0 ces Jeux, il aura tout un pays derri\u00e8re lui pour l\u2019encourager. Nous sommes impatients de te voir prendre ton envol, Tarik ! \u00bb<\/p>\n\n\n\n<p class=\"wp-block-paragraph\">L&rsquo;athl\u00e8te rempla\u00e7ant et l\u2019entra\u00eeneur de saut \u00e0 ski d\u2019\u00c9quipe Canada pour les Jeux olympiques de la jeunesse d\u2019hiver de Gangwon 2024 sont&nbsp; :<br><br>Mitchell Penning (Pottageville, ON) \u2013 Athl\u00e8te rempla\u00e7ant (qui ne fait pas le voyage)<br>Uro\u0161 &lsquo;Balki&rsquo; Vrhovec (Kranj, Slov\u00e9nie) \u2013 Entra\u00eeneur et chef d\u2019\u00e9quipe<\/p>\n\n\n\n<p class=\"wp-block-paragraph\">Les Jeux olympiques de la jeunesse (JOJ) sont la plus grande comp\u00e9tition multisports au monde pour les jeunes athl\u00e8tes de haute performance \u00e2g\u00e9s de 15 \u00e0 18 ans.<a href=\"https:\/\/olympics.com\/en\/gangwon-2024\/\"> Gangwon 2024<\/a> commencera le 19 janvier et se terminera le 1er f\u00e9vrier 2024, regroupant alors 1900 athl\u00e8tes. Gangwon 2024 sera la quatri\u00e8me \u00e9dition des JOJ d\u2019hiver et la premi\u00e8re \u00e0 avoir lieu en Asie. On y retrouvera un<a href=\"https:\/\/stillmed.olympics.com\/media\/Documents\/Olympic-Games\/Gangwon-2024\/Gangwon-2024-Programme.pdf?_ga=2.230086302.323609410.1675024166-549712264.1638302630\"> programme sportif<\/a> totalement \u00e9quilibr\u00e9 sur le plan de la participation des hommes et des femmes, qui comprendra sept sports, 15 disciplines et un total de 81 \u00e9preuves.&nbsp;<\/p>\n\n\n\n<p class=\"wp-block-paragraph\">Avant que les athl\u00e8tes soient nomm\u00e9s pour faire partie d\u2019\u00c9quipe Canada, toutes les nominations sont sujettes \u00e0 l\u2019approbation du comit\u00e9 de s\u00e9lection d\u2019\u00e9quipe du Comit\u00e9 olympique canadien apr\u00e8s qu\u2019il eut re\u00e7u les nominations de la part de tous les organismes nationaux de sport.<\/p>\n\n\n\n<p class=\"wp-block-paragraph\">La plus r\u00e9cente mise \u00e0 jour de la formation d\u2019\u00c9quipe Canada aux Jeux de Gangwon 2024<a href=\"https:\/\/docs.google.com\/spreadsheets\/d\/1nZuHzGAn724P6HFcClDEdAK_P4hedKwQmsG670_-uYM\/edit#gid=0\"> se trouve ici<\/a> et vous trouverez d\u2019autres ressources pour les m\u00e9dias<a href=\"https:\/\/develop.olympic.ca\/olympique\/presse-ressources\/\"> en cliquant ici<\/a>.<\/p>\n\n\n\n<p class=\"has-text-align-center wp-block-paragraph\">\u2013 30 \u2013<\/p>\n\n\n\n<p class=\"wp-block-paragraph\">CONTACTS POUR LES M\u00c9DIAS :<\/p>\n\n\n\n<p class=\"wp-block-paragraph\">Chris Dornan, relations m\u00e9dias<br>Saut \u00e0 ski Canada<br>Cell. : 403-620-8731<br>Courriel : <a href=\"mailto:hpprchris@shaw.ca\">hpprchris@shaw.ca<\/a><br><br>Tara MacBournie, chef des communications d\u2019\u00c9quipe Canada aux Jeux de Gangwon 2024<br>Comit\u00e9 olympique canadien<br>Cell. : 647-522-8328<br>Courriel : <a href=\"mailto:tmacbournie@olympique.ca\">tmacbournie@olympique.ca<\/a><\/p>\n","protected":false},"excerpt":{"rendered":"<p>CALGARY (20 d\u00e9cembre 2023) \u2013 Saut \u00e0 ski Canada et le Comit\u00e9 olympique canadien ont d\u00e9voil\u00e9 la composition de l\u2019\u00e9quipe&#8230;<\/p>\n","protected":false},"featured_media":233833,"template":"","format":"standard","tags":[],"type-of-press":[496138],"press-topic":[682165520],"years":[682165479],"class_list":["post-234441","press","type-press","status-publish","format-standard","has-post-thumbnail","hentry","type-of-press-communiques","press-topic-gangwon-2024","years-682165479"],"acf":[],"yoast_head":"<!-- This site is optimized with the Yoast SEO plugin v27.5 - https:\/\/yoast.com\/product\/yoast-seo-wordpress\/ -->\n<title>Un jeune sauteur \u00e0 ski de Calgary nomm\u00e9e au sein d\u2019\u00c9quipe Canada pour les Jeux olympiques de la jeunesse d\u2019hiver de Gangwon 2024 - \u00c9quipe Canada | Site officiel de l&#039;\u00e9quipe olympique<\/title>\n<meta name=\"description\" content=\"Saut \u00e0 ski Canada et le Comit\u00e9 olympique canadien ont d\u00e9voil\u00e9 la composition de l\u2019\u00e9quipe canadienne de saut \u00e0 ski qui participera aux Jeux olympiques de la jeunesse d\u2019hiver de Gangwon 2024.\" \/>\n<meta name=\"robots\" content=\"index, follow, max-snippet:-1, max-image-preview:large, max-video-preview:-1\" \/>\n<link rel=\"canonical\" href=\"https:\/\/develop.olympic.ca\/olympique\/presse\/un-jeune-sauteur-a-ski-de-calgary-nommee-au-sein-dequipe-canada-pour-les-jeux-olympiques-de-la-jeunesse-dhiver-de-gangwon-2024\/\" \/>\n<meta property=\"og:locale\" content=\"fr_FR\" \/>\n<meta property=\"og:type\" content=\"article\" \/>\n<meta property=\"og:title\" content=\"Un jeune sauteur \u00e0 ski de Calgary nomm\u00e9e au sein d\u2019\u00c9quipe Canada pour les Jeux olympiques de la jeunesse d\u2019hiver de Gangwon 2024 - \u00c9quipe Canada | Site officiel de l&#039;\u00e9quipe olympique\" \/>\n<meta property=\"og:description\" content=\"Saut \u00e0 ski Canada et le Comit\u00e9 olympique canadien ont d\u00e9voil\u00e9 la composition de l\u2019\u00e9quipe canadienne de saut \u00e0 ski qui participera aux Jeux olympiques de la jeunesse d\u2019hiver de Gangwon 2024.\" \/>\n<meta property=\"og:url\" content=\"https:\/\/develop.olympic.ca\/olympique\/presse\/un-jeune-sauteur-a-ski-de-calgary-nommee-au-sein-dequipe-canada-pour-les-jeux-olympiques-de-la-jeunesse-dhiver-de-gangwon-2024\/\" \/>\n<meta property=\"og:site_name\" content=\"\u00c9quipe Canada | Site officiel de l&#039;\u00e9quipe olympique\" \/>\n<meta property=\"article:modified_time\" content=\"2023-12-21T20:51:03+00:00\" \/>\n<meta property=\"og:image\" content=\"https:\/\/develop.olympic.ca\/olympique\/wp-content\/uploads\/sites\/2\/2023\/12\/G24-COC_Lockup.jpg?quality=100\" \/>\n\t<meta property=\"og:image:width\" content=\"2160\" \/>\n\t<meta property=\"og:image:height\" content=\"1216\" \/>\n\t<meta property=\"og:image:type\" content=\"image\/jpeg\" \/>\n<meta name=\"twitter:card\" content=\"summary_large_image\" \/>\n<meta name=\"twitter:label1\" content=\"Est. reading time\" \/>\n\t<meta name=\"twitter:data1\" content=\"5 minutes\" \/>\n\t<meta name=\"twitter:label2\" content=\"Written by\" \/>\n\t<meta name=\"twitter:data2\" content=\"tmacbournieolympicca\" \/>\n<script type=\"application\/ld+json\" class=\"yoast-schema-graph\">{\"@context\":\"https:\\\/\\\/schema.org\",\"@graph\":[{\"@type\":\"WebPage\",\"@id\":\"https:\\\/\\\/develop.olympic.ca\\\/olympique\\\/presse\\\/un-jeune-sauteur-a-ski-de-calgary-nommee-au-sein-dequipe-canada-pour-les-jeux-olympiques-de-la-jeunesse-dhiver-de-gangwon-2024\\\/\",\"url\":\"https:\\\/\\\/develop.olympic.ca\\\/olympique\\\/presse\\\/un-jeune-sauteur-a-ski-de-calgary-nommee-au-sein-dequipe-canada-pour-les-jeux-olympiques-de-la-jeunesse-dhiver-de-gangwon-2024\\\/\",\"name\":\"Un jeune sauteur \u00e0 ski de Calgary nomm\u00e9e au sein d\u2019\u00c9quipe Canada pour les Jeux olympiques de la jeunesse d\u2019hiver de Gangwon 2024 - \u00c9quipe Canada | Site officiel de l&#039;\u00e9quipe olympique\",\"isPartOf\":{\"@id\":\"https:\\\/\\\/develop.olympic.ca\\\/olympique\\\/#website\"},\"primaryImageOfPage\":{\"@id\":\"https:\\\/\\\/develop.olympic.ca\\\/olympique\\\/presse\\\/un-jeune-sauteur-a-ski-de-calgary-nommee-au-sein-dequipe-canada-pour-les-jeux-olympiques-de-la-jeunesse-dhiver-de-gangwon-2024\\\/#primaryimage\"},\"image\":{\"@id\":\"https:\\\/\\\/develop.olympic.ca\\\/olympique\\\/presse\\\/un-jeune-sauteur-a-ski-de-calgary-nommee-au-sein-dequipe-canada-pour-les-jeux-olympiques-de-la-jeunesse-dhiver-de-gangwon-2024\\\/#primaryimage\"},\"thumbnailUrl\":\"https:\\\/\\\/develop.olympic.ca\\\/olympique\\\/wp-content\\\/uploads\\\/sites\\\/2\\\/2023\\\/12\\\/G24-COC_Lockup.jpg?quality=100\",\"datePublished\":\"2023-12-20T15:50:00+00:00\",\"dateModified\":\"2023-12-21T20:51:03+00:00\",\"description\":\"Saut \u00e0 ski Canada et le Comit\u00e9 olympique canadien ont d\u00e9voil\u00e9 la composition de l\u2019\u00e9quipe canadienne de saut \u00e0 ski qui participera aux Jeux olympiques de la jeunesse d\u2019hiver de Gangwon 2024.\",\"inLanguage\":\"fr-FR\",\"potentialAction\":[{\"@type\":\"ReadAction\",\"target\":[\"https:\\\/\\\/develop.olympic.ca\\\/olympique\\\/presse\\\/un-jeune-sauteur-a-ski-de-calgary-nommee-au-sein-dequipe-canada-pour-les-jeux-olympiques-de-la-jeunesse-dhiver-de-gangwon-2024\\\/\"]}]},{\"@type\":\"ImageObject\",\"inLanguage\":\"fr-FR\",\"@id\":\"https:\\\/\\\/develop.olympic.ca\\\/olympique\\\/presse\\\/un-jeune-sauteur-a-ski-de-calgary-nommee-au-sein-dequipe-canada-pour-les-jeux-olympiques-de-la-jeunesse-dhiver-de-gangwon-2024\\\/#primaryimage\",\"url\":\"https:\\\/\\\/develop.olympic.ca\\\/olympique\\\/wp-content\\\/uploads\\\/sites\\\/2\\\/2023\\\/12\\\/G24-COC_Lockup.jpg?quality=100\",\"contentUrl\":\"https:\\\/\\\/develop.olympic.ca\\\/olympique\\\/wp-content\\\/uploads\\\/sites\\\/2\\\/2023\\\/12\\\/G24-COC_Lockup.jpg?quality=100\",\"width\":2160,\"height\":1216},{\"@type\":\"WebSite\",\"@id\":\"https:\\\/\\\/develop.olympic.ca\\\/olympique\\\/#website\",\"url\":\"https:\\\/\\\/develop.olympic.ca\\\/olympique\\\/\",\"name\":\"\u00c9quipe Canada | Site officiel de l&#039;\u00e9quipe olympique\",\"description\":\"Votre source pour l\u2019\u00c9quipe olympique canadienne. Retrouvez les r\u00e9cits, vid\u00e9os et photos des athl\u00e8tes canadiens, sports olympiques, Jeux olympiques de 2020 et bien plus!\",\"potentialAction\":[{\"@type\":\"SearchAction\",\"target\":{\"@type\":\"EntryPoint\",\"urlTemplate\":\"https:\\\/\\\/develop.olympic.ca\\\/olympique\\\/?s={search_term_string}\"},\"query-input\":{\"@type\":\"PropertyValueSpecification\",\"valueRequired\":true,\"valueName\":\"search_term_string\"}}],\"inLanguage\":\"fr-FR\"}]}<\/script>\n<!-- \/ Yoast SEO plugin. -->","yoast_head_json":{"title":"Un jeune sauteur \u00e0 ski de Calgary nomm\u00e9e au sein d\u2019\u00c9quipe Canada pour les Jeux olympiques de la jeunesse d\u2019hiver de Gangwon 2024 - \u00c9quipe Canada | Site officiel de l&#039;\u00e9quipe olympique","description":"Saut \u00e0 ski Canada et le Comit\u00e9 olympique canadien ont d\u00e9voil\u00e9 la composition de l\u2019\u00e9quipe canadienne de saut \u00e0 ski qui participera aux Jeux olympiques de la jeunesse d\u2019hiver de Gangwon 2024.","robots":{"index":"index","follow":"follow","max-snippet":"max-snippet:-1","max-image-preview":"max-image-preview:large","max-video-preview":"max-video-preview:-1"},"canonical":"https:\/\/develop.olympic.ca\/olympique\/presse\/un-jeune-sauteur-a-ski-de-calgary-nommee-au-sein-dequipe-canada-pour-les-jeux-olympiques-de-la-jeunesse-dhiver-de-gangwon-2024\/","og_locale":"fr_FR","og_type":"article","og_title":"Un jeune sauteur \u00e0 ski de Calgary nomm\u00e9e au sein d\u2019\u00c9quipe Canada pour les Jeux olympiques de la jeunesse d\u2019hiver de Gangwon 2024 - \u00c9quipe Canada | Site officiel de l&#039;\u00e9quipe olympique","og_description":"Saut \u00e0 ski Canada et le Comit\u00e9 olympique canadien ont d\u00e9voil\u00e9 la composition de l\u2019\u00e9quipe canadienne de saut \u00e0 ski qui participera aux Jeux olympiques de la jeunesse d\u2019hiver de Gangwon 2024.","og_url":"https:\/\/develop.olympic.ca\/olympique\/presse\/un-jeune-sauteur-a-ski-de-calgary-nommee-au-sein-dequipe-canada-pour-les-jeux-olympiques-de-la-jeunesse-dhiver-de-gangwon-2024\/","og_site_name":"\u00c9quipe Canada | Site officiel de l&#039;\u00e9quipe olympique","article_modified_time":"2023-12-21T20:51:03+00:00","og_image":[{"width":2160,"height":1216,"url":"https:\/\/develop.olympic.ca\/olympique\/wp-content\/uploads\/sites\/2\/2023\/12\/G24-COC_Lockup.jpg?quality=100","type":"image\/jpeg"}],"twitter_card":"summary_large_image","twitter_misc":{"Est. reading time":"5 minutes","Written by":"tmacbournieolympicca"},"schema":{"@context":"https:\/\/schema.org","@graph":[{"@type":"WebPage","@id":"https:\/\/develop.olympic.ca\/olympique\/presse\/un-jeune-sauteur-a-ski-de-calgary-nommee-au-sein-dequipe-canada-pour-les-jeux-olympiques-de-la-jeunesse-dhiver-de-gangwon-2024\/","url":"https:\/\/develop.olympic.ca\/olympique\/presse\/un-jeune-sauteur-a-ski-de-calgary-nommee-au-sein-dequipe-canada-pour-les-jeux-olympiques-de-la-jeunesse-dhiver-de-gangwon-2024\/","name":"Un jeune sauteur \u00e0 ski de Calgary nomm\u00e9e au sein d\u2019\u00c9quipe Canada pour les Jeux olympiques de la jeunesse d\u2019hiver de Gangwon 2024 - \u00c9quipe Canada | Site officiel de l&#039;\u00e9quipe olympique","isPartOf":{"@id":"https:\/\/develop.olympic.ca\/olympique\/#website"},"primaryImageOfPage":{"@id":"https:\/\/develop.olympic.ca\/olympique\/presse\/un-jeune-sauteur-a-ski-de-calgary-nommee-au-sein-dequipe-canada-pour-les-jeux-olympiques-de-la-jeunesse-dhiver-de-gangwon-2024\/#primaryimage"},"image":{"@id":"https:\/\/develop.olympic.ca\/olympique\/presse\/un-jeune-sauteur-a-ski-de-calgary-nommee-au-sein-dequipe-canada-pour-les-jeux-olympiques-de-la-jeunesse-dhiver-de-gangwon-2024\/#primaryimage"},"thumbnailUrl":"https:\/\/develop.olympic.ca\/olympique\/wp-content\/uploads\/sites\/2\/2023\/12\/G24-COC_Lockup.jpg?quality=100","datePublished":"2023-12-20T15:50:00+00:00","dateModified":"2023-12-21T20:51:03+00:00","description":"Saut \u00e0 ski Canada et le Comit\u00e9 olympique canadien ont d\u00e9voil\u00e9 la composition de l\u2019\u00e9quipe canadienne de saut \u00e0 ski qui participera aux Jeux olympiques de la jeunesse d\u2019hiver de Gangwon 2024.","inLanguage":"fr-FR","potentialAction":[{"@type":"ReadAction","target":["https:\/\/develop.olympic.ca\/olympique\/presse\/un-jeune-sauteur-a-ski-de-calgary-nommee-au-sein-dequipe-canada-pour-les-jeux-olympiques-de-la-jeunesse-dhiver-de-gangwon-2024\/"]}]},{"@type":"ImageObject","inLanguage":"fr-FR","@id":"https:\/\/develop.olympic.ca\/olympique\/presse\/un-jeune-sauteur-a-ski-de-calgary-nommee-au-sein-dequipe-canada-pour-les-jeux-olympiques-de-la-jeunesse-dhiver-de-gangwon-2024\/#primaryimage","url":"https:\/\/develop.olympic.ca\/olympique\/wp-content\/uploads\/sites\/2\/2023\/12\/G24-COC_Lockup.jpg?quality=100","contentUrl":"https:\/\/develop.olympic.ca\/olympique\/wp-content\/uploads\/sites\/2\/2023\/12\/G24-COC_Lockup.jpg?quality=100","width":2160,"height":1216},{"@type":"WebSite","@id":"https:\/\/develop.olympic.ca\/olympique\/#website","url":"https:\/\/develop.olympic.ca\/olympique\/","name":"\u00c9quipe Canada | Site officiel de l&#039;\u00e9quipe olympique","description":"Votre source pour l\u2019\u00c9quipe olympique canadienne. Retrouvez les r\u00e9cits, vid\u00e9os et photos des athl\u00e8tes canadiens, sports olympiques, Jeux olympiques de 2020 et bien plus!","potentialAction":[{"@type":"SearchAction","target":{"@type":"EntryPoint","urlTemplate":"https:\/\/develop.olympic.ca\/olympique\/?s={search_term_string}"},"query-input":{"@type":"PropertyValueSpecification","valueRequired":true,"valueName":"search_term_string"}}],"inLanguage":"fr-FR"}]}},"jetpack_sharing_enabled":true,"_links":{"self":[{"href":"https:\/\/develop.olympic.ca\/olympique\/wp-json\/wp\/v2\/press\/234441","targetHints":{"allow":["GET"]}}],"collection":[{"href":"https:\/\/develop.olympic.ca\/olympique\/wp-json\/wp\/v2\/press"}],"about":[{"href":"https:\/\/develop.olympic.ca\/olympique\/wp-json\/wp\/v2\/types\/press"}],"version-history":[{"count":6,"href":"https:\/\/develop.olympic.ca\/olympique\/wp-json\/wp\/v2\/press\/234441\/revisions"}],"predecessor-version":[{"id":234488,"href":"https:\/\/develop.olympic.ca\/olympique\/wp-json\/wp\/v2\/press\/234441\/revisions\/234488"}],"wp:featuredmedia":[{"embeddable":true,"href":"https:\/\/develop.olympic.ca\/olympique\/wp-json\/wp\/v2\/media\/233833"}],"wp:attachment":[{"href":"https:\/\/develop.olympic.ca\/olympique\/wp-json\/wp\/v2\/media?parent=234441"}],"wp:term":[{"taxonomy":"post_tag","embeddable":true,"href":"https:\/\/develop.olympic.ca\/olympique\/wp-json\/wp\/v2\/tags?post=234441"},{"taxonomy":"type-of-press","embeddable":true,"href":"https:\/\/develop.olympic.ca\/olympique\/wp-json\/wp\/v2\/type-of-press?post=234441"},{"taxonomy":"press-topic","embeddable":true,"href":"https:\/\/develop.olympic.ca\/olympique\/wp-json\/wp\/v2\/press-topic?post=234441"},{"taxonomy":"years","embeddable":true,"href":"https:\/\/develop.olympic.ca\/olympique\/wp-json\/wp\/v2\/years?post=234441"}],"curies":[{"name":"wp","href":"https:\/\/api.w.org\/{rel}","templated":true}]}}