{"id":234478,"date":"2023-12-21T10:36:53","date_gmt":"2023-12-21T15:36:53","guid":{"rendered":"https:\/\/develop.olympic.ca\/olympique\/?post_type=press&#038;p=234478"},"modified":"2023-12-21T10:36:59","modified_gmt":"2023-12-21T15:36:59","slug":"quatre-skieurs-de-fonds-nommes-au-sein-dequipe-canada-pour-les-jeux-de-gangwon-2024","status":"publish","type":"press","link":"https:\/\/develop.olympic.ca\/olympique\/presse\/quatre-skieurs-de-fonds-nommes-au-sein-dequipe-canada-pour-les-jeux-de-gangwon-2024\/","title":{"rendered":"Quatre skieurs de fonds nomm\u00e9s au sein d\u2019\u00c9quipe Canada pour les Jeux de Gangwon 2024"},"content":{"rendered":"\n<p class=\"wp-block-paragraph\">CANMORE (12 d\u00e9cembre 2023) &#8211; Nordiq Canada et le Comit\u00e9 olympique canadien ont d\u00e9voil\u00e9 la composition de l\u2019\u00e9quipe de ski de fond du Canada qui participera aux Jeux olympiques de la jeunesse d\u2019hiver de Gangwon 2024.<\/p>\n\n\n\n<p class=\"wp-block-paragraph\">Les membres de l\u2019\u00e9quipe de ski de fond du Canada pour les Jeux olympiques de la jeunesse d\u2019hiver de Gangwon 2024 sont :<\/p>\n\n\n\n<p class=\"wp-block-paragraph\"><strong>Athl\u00e8tes<\/strong><br>Aramintha Bradford (Whitehorse, YK)<br>Leanne Gartner (Canmore, AB)<br>Cedric Martel (Thunder Bay, ON)<br>Eamon Wilson (Burnaby, C.-B.)<\/p>\n\n\n\n<p class=\"wp-block-paragraph\">Les quatre athl\u00e8tes ont \u00e9t\u00e9 s\u00e9lectionn\u00e9s pour faire partie d\u2019\u00c9quipe Canada en se fondant sur leurs performances dans le cadre de la Coupe de l\u2019Alberta 1 et 2, qui ont eu lieu les 9 et 10 d\u00e9cembre \u00e0 Canmore et ont servi d\u2019essais de s\u00e9lection nationale pour les Jeux olympiques de la jeunesse d\u2019hiver. Eamon Wilson est l\u2019athl\u00e8te masculin qualifi\u00e9 qui a obtenu le meilleur classement, terminant quatri\u00e8me au sprint et deuxi\u00e8me dans l\u2019\u00e9preuve de distance.<\/p>\n\n\n\n<p class=\"wp-block-paragraph\">\u00ab En me qualifiant pour les Jeux olympiques de la jeunesse d\u2019hiver 2024 en Cor\u00e9e du Sud, je r\u00e9alise un r\u00eave que j\u2019ai depuis toujours, a d\u00e9clar\u00e9 Wilson. C\u2019est un immense honneur de repr\u00e9senter le Canada et le fait que je vais porter la m\u00eame combinaison de course que les athl\u00e8tes qui ont particip\u00e9 aux Jeux olympiques d\u2019hiver de Beijing 2022, c\u2019est vraiment sp\u00e9cial. Il y a eu beaucoup de travail acharn\u00e9, de ma part et aussi de tous ceux et celles qui m\u2019ont soutenu, alors le fait d\u2019\u00eatre nomm\u00e9 est en quelque sorte la reconnaissance de tout \u00e7a. \u00bb&nbsp;<\/p>\n\n\n\n<p class=\"wp-block-paragraph\">Membre de l\u2019\u00e9quipe nationale de d\u00e9veloppement de ski de fond, Wilson a emmagasin\u00e9 de l\u2019exp\u00e9rience dans la derni\u00e8re ann\u00e9e \u00e0 s\u2019entra\u00eener avec les meilleurs fondeurs prometteurs provenant d\u2019un peu partout au Canada. Un habitu\u00e9 du podium, il a d\u00e9croch\u00e9 l\u2019or et l\u2019argent aux Jeux d\u2019hiver du Canada 2023 et rafl\u00e9 trois m\u00e9dailles aux Championnats canadiens de ski de fond de Nordiq Canada 2023. Wilson est le seul membre de l\u2019\u00e9quipe canadienne de ski de fond de Gangwon 2024 qui a particip\u00e9 \u00e0 des comp\u00e9titions internationales \u00e0 l\u2019ext\u00e9rieur du Canada.<\/p>\n\n\n\n<p class=\"wp-block-paragraph\">Le Canada a d\u00e9l\u00e9gu\u00e9 une \u00e9quipe de fondeurs \u00e0 chacune des \u00e9ditions des Jeux olympiques de la jeunesse d\u2019hiver jusqu\u2019ici. Des athl\u00e8tes comme Liliane Gagnon et Sasha Masson ont b\u00e2ti sur ce qu\u2019ils ont v\u00e9cu aux Jeux olympiques de la jeunesse pour ensuite repr\u00e9senter le Canada aux Championnats du monde de ski nordique de la FIS ainsi qu\u2019aux Championnats du monde de ski nordique des moins de 23 ans, la saison derni\u00e8re.<br><br>\u00ab Nous sommes emball\u00e9s par la s\u00e9lection de ces quatre jeunes athl\u00e8tes de talents qui repr\u00e9senteront fi\u00e8rement le Canada aux Jeux olympiques de la jeunesse d\u2019hiver de 2024, a d\u00e9clar\u00e9 Julie Beaulieu Nordiq, directrice du d\u00e9veloppement sportif pour Nordiq Canada. Ces Jeux les exposent \u00e0 un environnement de comp\u00e9tition internationale multisport tout en leur permettant de concourir contre les meilleurs au monde, ce qui contribuera certainement \u00e0 leur d\u00e9veloppement \u00e0 long terme. Nous avons h\u00e2te de les voir participer \u00e0 des courses aux Jeux et dans les ann\u00e9es suivantes alors qu\u2019ils appliqueront leur exp\u00e9rience aux succ\u00e8s futurs de notre sport. \u00bb<\/p>\n\n\n\n<p class=\"wp-block-paragraph\">Les \u00e9preuves de ski de fond se d\u00e9rouleront du 29 janvier au 1er f\u00e9vrier (jours 10 \u00e0 13) au Centre de biathlon d\u2019Alpensia.<\/p>\n\n\n\n<p class=\"wp-block-paragraph\">\u00ab Je suis ravie d\u2019accueillir nos quatre fondeurs au sein d\u2019\u00c9quipe Canada, a d\u00e9clar\u00e9 Lisa Weagle, chef de mission d\u2019\u00c9quipe Canada aux Jeux de Gangwon 2024. Pour ajouter une couche d\u2019excitation \u00e0 ce parcours, la plupart de ces athl\u00e8tes vivront une premi\u00e8re comp\u00e9tition \u00e0 l\u2019ext\u00e9rieur du Canada. F\u00e9licitations pour leur nomination au sein de l\u2019\u00e9quipe et sachez que le Canada sera derri\u00e8re vous alors que vous concourez avec fiert\u00e9 \u00e0 Gangwon. \u00bb<\/p>\n\n\n\n<p class=\"wp-block-paragraph\">Les athl\u00e8tes rempla\u00e7ants, les entra\u00eeneurs et le personnel de soutien de ski de fond d\u2019\u00c9quipe Canada pour les Jeux olympiques d\u2019hiver de la jeunesse de Gangwon 2024 sont :<\/p>\n\n\n\n<p class=\"wp-block-paragraph\"><strong>Athl\u00e8tes rempla\u00e7ants<\/strong> (qui ne font pas le voyage)<br>Ben Field (Canmore, AB)<br>Emmanuelle Moreau (Mont-Sainte-Anne, QC)<br>Ruby Serrouya (Revelstoke, C.-B.)<br>Raleigh Tarte (Kimberly, C.-B.)<br>J\u00f6el Thibault (Sainte-J\u00e9r\u00f4me, QC)<br>Annika Wallin (Williams Lake, C.-B.)<\/p>\n\n\n\n<p class=\"wp-block-paragraph\"><strong>Entra\u00eeneurs<\/strong><strong><br><\/strong>Eric Bailey (Thunder Bay, ON) \u2013 Entra\u00eeneur<br>Katherine Denise (Ottawa, ON) \u2013 Entra\u00eeneure<\/p>\n\n\n\n<p class=\"wp-block-paragraph\">Les Jeux olympiques de la jeunesse (JOJ) sont la plus grande comp\u00e9tition multisports au monde pour les jeunes athl\u00e8tes de haute performance \u00e2g\u00e9s de 15 \u00e0 18 ans.<a href=\"https:\/\/olympics.com\/en\/gangwon-2024\/\"> Gangwon 2024<\/a> commencera le 19 janvier et se terminera le 1er f\u00e9vrier 2024, regroupant alors 1900 athl\u00e8tes. Gangwon 2024 sera la quatri\u00e8me \u00e9dition des JOJ d\u2019hiver et la premi\u00e8re \u00e0 avoir lieu en Asie. On y retrouvera un<a href=\"https:\/\/stillmed.olympics.com\/media\/Documents\/Olympic-Games\/Gangwon-2024\/Gangwon-2024-Programme.pdf?_ga=2.230086302.323609410.1675024166-549712264.1638302630\"> program<\/a>me sportif totalement \u00e9quilibr\u00e9 sur le plan de la participation des hommes et des femmes, qui comprendra sept sports, 15 disciplines et un total de 81 \u00e9preuves.&nbsp;<\/p>\n\n\n\n<p class=\"wp-block-paragraph\">Avant que les athl\u00e8tes soient nomm\u00e9s pour faire partie d\u2019\u00c9quipe Canada, toutes les nominations sont sujettes \u00e0 l\u2019approbation du comit\u00e9 de s\u00e9lection d\u2019\u00e9quipe du Comit\u00e9 olympique canadien apr\u00e8s qu\u2019il eut re\u00e7u les nominations de la part de tous les organismes nationaux de sport.<\/p>\n\n\n\n<p class=\"wp-block-paragraph\">La plus r\u00e9cente mise \u00e0 jour de la formation d\u2019\u00c9quipe Canada aux Jeux de Gangwon 2024<a href=\"https:\/\/docs.google.com\/spreadsheets\/d\/1nZuHzGAn724P6HFcClDEdAK_P4hedKwQmsG670_-uYM\/edit#gid=0\"> se trouve ici<\/a> et vous trouverez d\u2019autres ressources pour les m\u00e9dias<a href=\"https:\/\/develop.olympic.ca\/olympique\/presse-ressources\/\"> en cliquant ici<\/a>.<\/p>\n\n\n\n<p class=\"has-text-align-center wp-block-paragraph\">-30-<\/p>\n\n\n\n<p class=\"wp-block-paragraph\">CONTACTS POUR LES M\u00c9DIAS<\/p>\n\n\n\n<p class=\"wp-block-paragraph\">Nathaniel Mah\u202f, Coordonnateur du marketing et de l\u2019engagement<br>Nordiq Canada\u202f<br>Cell. : 403-700-4927\u202f\u202f<br>Courriel : <a href=\"mailto:nmah@nordiqcanada.ca\">nmah@nordiqcanada.ca<\/a><\/p>\n\n\n\n<p class=\"wp-block-paragraph\">Tara MacBournie, chef des communications d\u2019\u00c9quipe Canada aux Jeux de Gangwon 2024<br>Comit\u00e9 olympique canadien<br>Cell. : 647-522-8328<br>Courriel : <a href=\"mailto:tmacbournie@olympique.ca\">tmacbournie@olympique.ca<\/a><\/p>\n","protected":false},"excerpt":{"rendered":"<p>CANMORE (12 d\u00e9cembre 2023) &#8211; Nordiq Canada et le Comit\u00e9 olympique canadien ont d\u00e9voil\u00e9 la composition de l\u2019\u00e9quipe de ski&#8230;<\/p>\n","protected":false},"featured_media":233833,"template":"","format":"standard","tags":[],"type-of-press":[496138],"press-topic":[682165520],"years":[682165479],"class_list":["post-234478","press","type-press","status-publish","format-standard","has-post-thumbnail","hentry","type-of-press-communiques","press-topic-gangwon-2024","years-682165479"],"acf":[],"yoast_head":"<!-- This site is optimized with the Yoast SEO plugin v27.3 - https:\/\/yoast.com\/product\/yoast-seo-wordpress\/ -->\n<title>Quatre skieurs de fonds nomm\u00e9s au sein d\u2019\u00c9quipe Canada pour les Jeux de Gangwon 2024 - \u00c9quipe Canada | Site officiel de l&#039;\u00e9quipe olympique<\/title>\n<meta name=\"description\" content=\"Nordiq Canada et le Comit\u00e9 olympique canadien ont d\u00e9voil\u00e9 la composition de l\u2019\u00e9quipe de ski de fond du Canada qui participera aux Jeux olympiques de la jeunesse d\u2019hiver de Gangwon 2024.\" \/>\n<meta name=\"robots\" content=\"index, follow, max-snippet:-1, max-image-preview:large, max-video-preview:-1\" \/>\n<link rel=\"canonical\" href=\"https:\/\/develop.olympic.ca\/olympique\/presse\/quatre-skieurs-de-fonds-nommes-au-sein-dequipe-canada-pour-les-jeux-de-gangwon-2024\/\" \/>\n<meta property=\"og:locale\" content=\"fr_FR\" \/>\n<meta property=\"og:type\" content=\"article\" \/>\n<meta property=\"og:title\" content=\"Quatre skieurs de fonds nomm\u00e9s au sein d\u2019\u00c9quipe Canada pour les Jeux de Gangwon 2024 - \u00c9quipe Canada | Site officiel de l&#039;\u00e9quipe olympique\" \/>\n<meta property=\"og:description\" content=\"Nordiq Canada et le Comit\u00e9 olympique canadien ont d\u00e9voil\u00e9 la composition de l\u2019\u00e9quipe de ski de fond du Canada qui participera aux Jeux olympiques de la jeunesse d\u2019hiver de Gangwon 2024.\" \/>\n<meta property=\"og:url\" content=\"https:\/\/develop.olympic.ca\/olympique\/presse\/quatre-skieurs-de-fonds-nommes-au-sein-dequipe-canada-pour-les-jeux-de-gangwon-2024\/\" \/>\n<meta property=\"og:site_name\" content=\"\u00c9quipe Canada | Site officiel de l&#039;\u00e9quipe olympique\" \/>\n<meta property=\"article:modified_time\" content=\"2023-12-21T15:36:59+00:00\" \/>\n<meta property=\"og:image\" content=\"https:\/\/develop.olympic.ca\/olympique\/wp-content\/uploads\/sites\/2\/2023\/12\/G24-COC_Lockup.jpg?quality=100\" \/>\n\t<meta property=\"og:image:width\" content=\"2160\" \/>\n\t<meta property=\"og:image:height\" content=\"1216\" \/>\n\t<meta property=\"og:image:type\" content=\"image\/jpeg\" \/>\n<meta name=\"twitter:card\" content=\"summary_large_image\" \/>\n<meta name=\"twitter:label1\" content=\"Est. reading time\" \/>\n\t<meta name=\"twitter:data1\" content=\"5 minutes\" \/>\n\t<meta name=\"twitter:label2\" content=\"Written by\" \/>\n\t<meta name=\"twitter:data2\" content=\"tmacbournieolympicca\" \/>\n<script type=\"application\/ld+json\" class=\"yoast-schema-graph\">{\"@context\":\"https:\\\/\\\/schema.org\",\"@graph\":[{\"@type\":\"WebPage\",\"@id\":\"https:\\\/\\\/develop.olympic.ca\\\/olympique\\\/presse\\\/quatre-skieurs-de-fonds-nommes-au-sein-dequipe-canada-pour-les-jeux-de-gangwon-2024\\\/\",\"url\":\"https:\\\/\\\/develop.olympic.ca\\\/olympique\\\/presse\\\/quatre-skieurs-de-fonds-nommes-au-sein-dequipe-canada-pour-les-jeux-de-gangwon-2024\\\/\",\"name\":\"Quatre skieurs de fonds nomm\u00e9s au sein d\u2019\u00c9quipe Canada pour les Jeux de Gangwon 2024 - \u00c9quipe Canada | Site officiel de l&#039;\u00e9quipe olympique\",\"isPartOf\":{\"@id\":\"https:\\\/\\\/develop.olympic.ca\\\/olympique\\\/#website\"},\"primaryImageOfPage\":{\"@id\":\"https:\\\/\\\/develop.olympic.ca\\\/olympique\\\/presse\\\/quatre-skieurs-de-fonds-nommes-au-sein-dequipe-canada-pour-les-jeux-de-gangwon-2024\\\/#primaryimage\"},\"image\":{\"@id\":\"https:\\\/\\\/develop.olympic.ca\\\/olympique\\\/presse\\\/quatre-skieurs-de-fonds-nommes-au-sein-dequipe-canada-pour-les-jeux-de-gangwon-2024\\\/#primaryimage\"},\"thumbnailUrl\":\"https:\\\/\\\/develop.olympic.ca\\\/olympique\\\/wp-content\\\/uploads\\\/sites\\\/2\\\/2023\\\/12\\\/G24-COC_Lockup.jpg?quality=100\",\"datePublished\":\"2023-12-21T15:36:53+00:00\",\"dateModified\":\"2023-12-21T15:36:59+00:00\",\"description\":\"Nordiq Canada et le Comit\u00e9 olympique canadien ont d\u00e9voil\u00e9 la composition de l\u2019\u00e9quipe de ski de fond du Canada qui participera aux Jeux olympiques de la jeunesse d\u2019hiver de Gangwon 2024.\",\"inLanguage\":\"fr-FR\",\"potentialAction\":[{\"@type\":\"ReadAction\",\"target\":[\"https:\\\/\\\/develop.olympic.ca\\\/olympique\\\/presse\\\/quatre-skieurs-de-fonds-nommes-au-sein-dequipe-canada-pour-les-jeux-de-gangwon-2024\\\/\"]}]},{\"@type\":\"ImageObject\",\"inLanguage\":\"fr-FR\",\"@id\":\"https:\\\/\\\/develop.olympic.ca\\\/olympique\\\/presse\\\/quatre-skieurs-de-fonds-nommes-au-sein-dequipe-canada-pour-les-jeux-de-gangwon-2024\\\/#primaryimage\",\"url\":\"https:\\\/\\\/develop.olympic.ca\\\/olympique\\\/wp-content\\\/uploads\\\/sites\\\/2\\\/2023\\\/12\\\/G24-COC_Lockup.jpg?quality=100\",\"contentUrl\":\"https:\\\/\\\/develop.olympic.ca\\\/olympique\\\/wp-content\\\/uploads\\\/sites\\\/2\\\/2023\\\/12\\\/G24-COC_Lockup.jpg?quality=100\",\"width\":2160,\"height\":1216},{\"@type\":\"WebSite\",\"@id\":\"https:\\\/\\\/develop.olympic.ca\\\/olympique\\\/#website\",\"url\":\"https:\\\/\\\/develop.olympic.ca\\\/olympique\\\/\",\"name\":\"\u00c9quipe Canada | Site officiel de l&#039;\u00e9quipe olympique\",\"description\":\"Votre source pour l\u2019\u00c9quipe olympique canadienne. Retrouvez les r\u00e9cits, vid\u00e9os et photos des athl\u00e8tes canadiens, sports olympiques, Jeux olympiques de 2020 et bien plus!\",\"potentialAction\":[{\"@type\":\"SearchAction\",\"target\":{\"@type\":\"EntryPoint\",\"urlTemplate\":\"https:\\\/\\\/develop.olympic.ca\\\/olympique\\\/?s={search_term_string}\"},\"query-input\":{\"@type\":\"PropertyValueSpecification\",\"valueRequired\":true,\"valueName\":\"search_term_string\"}}],\"inLanguage\":\"fr-FR\"}]}<\/script>\n<!-- \/ Yoast SEO plugin. -->","yoast_head_json":{"title":"Quatre skieurs de fonds nomm\u00e9s au sein d\u2019\u00c9quipe Canada pour les Jeux de Gangwon 2024 - \u00c9quipe Canada | Site officiel de l&#039;\u00e9quipe olympique","description":"Nordiq Canada et le Comit\u00e9 olympique canadien ont d\u00e9voil\u00e9 la composition de l\u2019\u00e9quipe de ski de fond du Canada qui participera aux Jeux olympiques de la jeunesse d\u2019hiver de Gangwon 2024.","robots":{"index":"index","follow":"follow","max-snippet":"max-snippet:-1","max-image-preview":"max-image-preview:large","max-video-preview":"max-video-preview:-1"},"canonical":"https:\/\/develop.olympic.ca\/olympique\/presse\/quatre-skieurs-de-fonds-nommes-au-sein-dequipe-canada-pour-les-jeux-de-gangwon-2024\/","og_locale":"fr_FR","og_type":"article","og_title":"Quatre skieurs de fonds nomm\u00e9s au sein d\u2019\u00c9quipe Canada pour les Jeux de Gangwon 2024 - \u00c9quipe Canada | Site officiel de l&#039;\u00e9quipe olympique","og_description":"Nordiq Canada et le Comit\u00e9 olympique canadien ont d\u00e9voil\u00e9 la composition de l\u2019\u00e9quipe de ski de fond du Canada qui participera aux Jeux olympiques de la jeunesse d\u2019hiver de Gangwon 2024.","og_url":"https:\/\/develop.olympic.ca\/olympique\/presse\/quatre-skieurs-de-fonds-nommes-au-sein-dequipe-canada-pour-les-jeux-de-gangwon-2024\/","og_site_name":"\u00c9quipe Canada | Site officiel de l&#039;\u00e9quipe olympique","article_modified_time":"2023-12-21T15:36:59+00:00","og_image":[{"width":2160,"height":1216,"url":"https:\/\/develop.olympic.ca\/olympique\/wp-content\/uploads\/sites\/2\/2023\/12\/G24-COC_Lockup.jpg?quality=100","type":"image\/jpeg"}],"twitter_card":"summary_large_image","twitter_misc":{"Est. reading time":"5 minutes","Written by":"tmacbournieolympicca"},"schema":{"@context":"https:\/\/schema.org","@graph":[{"@type":"WebPage","@id":"https:\/\/develop.olympic.ca\/olympique\/presse\/quatre-skieurs-de-fonds-nommes-au-sein-dequipe-canada-pour-les-jeux-de-gangwon-2024\/","url":"https:\/\/develop.olympic.ca\/olympique\/presse\/quatre-skieurs-de-fonds-nommes-au-sein-dequipe-canada-pour-les-jeux-de-gangwon-2024\/","name":"Quatre skieurs de fonds nomm\u00e9s au sein d\u2019\u00c9quipe Canada pour les Jeux de Gangwon 2024 - \u00c9quipe Canada | Site officiel de l&#039;\u00e9quipe olympique","isPartOf":{"@id":"https:\/\/develop.olympic.ca\/olympique\/#website"},"primaryImageOfPage":{"@id":"https:\/\/develop.olympic.ca\/olympique\/presse\/quatre-skieurs-de-fonds-nommes-au-sein-dequipe-canada-pour-les-jeux-de-gangwon-2024\/#primaryimage"},"image":{"@id":"https:\/\/develop.olympic.ca\/olympique\/presse\/quatre-skieurs-de-fonds-nommes-au-sein-dequipe-canada-pour-les-jeux-de-gangwon-2024\/#primaryimage"},"thumbnailUrl":"https:\/\/develop.olympic.ca\/olympique\/wp-content\/uploads\/sites\/2\/2023\/12\/G24-COC_Lockup.jpg?quality=100","datePublished":"2023-12-21T15:36:53+00:00","dateModified":"2023-12-21T15:36:59+00:00","description":"Nordiq Canada et le Comit\u00e9 olympique canadien ont d\u00e9voil\u00e9 la composition de l\u2019\u00e9quipe de ski de fond du Canada qui participera aux Jeux olympiques de la jeunesse d\u2019hiver de Gangwon 2024.","inLanguage":"fr-FR","potentialAction":[{"@type":"ReadAction","target":["https:\/\/develop.olympic.ca\/olympique\/presse\/quatre-skieurs-de-fonds-nommes-au-sein-dequipe-canada-pour-les-jeux-de-gangwon-2024\/"]}]},{"@type":"ImageObject","inLanguage":"fr-FR","@id":"https:\/\/develop.olympic.ca\/olympique\/presse\/quatre-skieurs-de-fonds-nommes-au-sein-dequipe-canada-pour-les-jeux-de-gangwon-2024\/#primaryimage","url":"https:\/\/develop.olympic.ca\/olympique\/wp-content\/uploads\/sites\/2\/2023\/12\/G24-COC_Lockup.jpg?quality=100","contentUrl":"https:\/\/develop.olympic.ca\/olympique\/wp-content\/uploads\/sites\/2\/2023\/12\/G24-COC_Lockup.jpg?quality=100","width":2160,"height":1216},{"@type":"WebSite","@id":"https:\/\/develop.olympic.ca\/olympique\/#website","url":"https:\/\/develop.olympic.ca\/olympique\/","name":"\u00c9quipe Canada | Site officiel de l&#039;\u00e9quipe olympique","description":"Votre source pour l\u2019\u00c9quipe olympique canadienne. Retrouvez les r\u00e9cits, vid\u00e9os et photos des athl\u00e8tes canadiens, sports olympiques, Jeux olympiques de 2020 et bien plus!","potentialAction":[{"@type":"SearchAction","target":{"@type":"EntryPoint","urlTemplate":"https:\/\/develop.olympic.ca\/olympique\/?s={search_term_string}"},"query-input":{"@type":"PropertyValueSpecification","valueRequired":true,"valueName":"search_term_string"}}],"inLanguage":"fr-FR"}]}},"jetpack_sharing_enabled":true,"_links":{"self":[{"href":"https:\/\/develop.olympic.ca\/olympique\/wp-json\/wp\/v2\/press\/234478","targetHints":{"allow":["GET"]}}],"collection":[{"href":"https:\/\/develop.olympic.ca\/olympique\/wp-json\/wp\/v2\/press"}],"about":[{"href":"https:\/\/develop.olympic.ca\/olympique\/wp-json\/wp\/v2\/types\/press"}],"version-history":[{"count":3,"href":"https:\/\/develop.olympic.ca\/olympique\/wp-json\/wp\/v2\/press\/234478\/revisions"}],"predecessor-version":[{"id":234481,"href":"https:\/\/develop.olympic.ca\/olympique\/wp-json\/wp\/v2\/press\/234478\/revisions\/234481"}],"wp:featuredmedia":[{"embeddable":true,"href":"https:\/\/develop.olympic.ca\/olympique\/wp-json\/wp\/v2\/media\/233833"}],"wp:attachment":[{"href":"https:\/\/develop.olympic.ca\/olympique\/wp-json\/wp\/v2\/media?parent=234478"}],"wp:term":[{"taxonomy":"post_tag","embeddable":true,"href":"https:\/\/develop.olympic.ca\/olympique\/wp-json\/wp\/v2\/tags?post=234478"},{"taxonomy":"type-of-press","embeddable":true,"href":"https:\/\/develop.olympic.ca\/olympique\/wp-json\/wp\/v2\/type-of-press?post=234478"},{"taxonomy":"press-topic","embeddable":true,"href":"https:\/\/develop.olympic.ca\/olympique\/wp-json\/wp\/v2\/press-topic?post=234478"},{"taxonomy":"years","embeddable":true,"href":"https:\/\/develop.olympic.ca\/olympique\/wp-json\/wp\/v2\/years?post=234478"}],"curies":[{"name":"wp","href":"https:\/\/api.w.org\/{rel}","templated":true}]}}