{"id":234521,"date":"2023-12-22T13:00:00","date_gmt":"2023-12-22T18:00:00","guid":{"rendered":"https:\/\/develop.olympic.ca\/olympique\/?post_type=press&#038;p=234521"},"modified":"2024-01-02T13:38:41","modified_gmt":"2024-01-02T18:38:41","slug":"devoilement-de-lequipe-de-ski-alpin-et-de-ski-cross-du-canada-pour-les-jeux-olympiques-de-la-jeunesse-dhiver-de-gangwon-2024","status":"publish","type":"press","link":"https:\/\/develop.olympic.ca\/olympique\/presse\/devoilement-de-lequipe-de-ski-alpin-et-de-ski-cross-du-canada-pour-les-jeux-olympiques-de-la-jeunesse-dhiver-de-gangwon-2024\/","title":{"rendered":"D\u00e9voilement de l\u2019\u00e9quipe de ski alpin et de ski cross du Canada pour les Jeux olympiques de la jeunesse d\u2019hiver de Gangwon 2024"},"content":{"rendered":"\n<p class=\"wp-block-paragraph\">CALGARY (22 d\u00e9cembre 2023) &#8211; Canada Alpin et le Comit\u00e9 olympique canadien ont d\u00e9voil\u00e9 la composition de l\u2019\u00e9quipe canadienne de ski alpin et de ski cross qui participera aux Jeux olympiques de la jeunesse d\u2019hiver de Gangwon 2024.<\/p>\n\n\n\n<p class=\"wp-block-paragraph\">L\u2019\u00e9quipe canadienne de ski alpin et de ski cross pour les Jeux olympiques de la jeunesse d\u2019hiver de Gangwon 2024 sera compos\u00e9e de :<br><br><strong>Athl\u00e8tes \u2013 Ski alpin<br><\/strong>Thomas Carnahan (Ottawa, ON)<br>Sierra Coe (Canmore, AB)<br>Aida Draghia (Ch\u00e2teauguay, QC)<br><br><strong>Athl\u00e8tes &#8211; Ski cross<\/strong><br>William &lsquo;Kael&rsquo; Johnston (Calgary, AB)<br>Anne-Marie Joncas (Whistler, C.-B.)<br>Cole Merrett (Calgary, AB)<br>Kael Oberlander (Big White, C.-B.)<\/p>\n\n\n\n<p class=\"wp-block-paragraph\">Le processus de s\u00e9lection pour les skieurs alpins d\u2019\u00c9quipe Canada \u00e9tait fond\u00e9 sur les performances qu\u2019ils ont r\u00e9alis\u00e9es au cours de la saison 2022-2023. Canada Alpin a s\u00e9lectionn\u00e9 l\u2019athl\u00e8te masculin et l\u2019athl\u00e8te f\u00e9minine les mieux class\u00e9s parmi ceux qui sont inscrits aupr\u00e8s de la F\u00e9d\u00e9ration internationale de ski (FIS) selon la liste FIS 2024. Les athl\u00e8tes ont \u00e9t\u00e9 nomm\u00e9s en se basant sur le total de leurs deux meilleurs classements mondiaux dans leur cat\u00e9gorie d\u2019\u00e2ge ou plus jeune, avec l\u2019obligation qu\u2019au moins un de ces classements ait \u00e9t\u00e9 enregistr\u00e9 dans une \u00e9preuve technique, tels que le slalom (SL) ou le slalom g\u00e9ant (GS).<br><br>Les athl\u00e8tes en ski cross ont \u00e9t\u00e9 s\u00e9lectionn\u00e9s en se fondant sur leurs performances et leur classement au cours d\u2019un camp de s\u00e9lection et une comp\u00e9tition qui ont eu lieu \u00e0 Nakiska, en Alberta, plus t\u00f4t en d\u00e9cembre.<br><br>Sierra Coe, qui a appris \u00e0 skier \u00e0 l\u2019\u00e2ge de deux ans et a disput\u00e9 des courses dans ses premi\u00e8res comp\u00e9titions \u00e0 quatre ans, a remport\u00e9 trois m\u00e9dailles de la FIS en 2023, y compris une m\u00e9daille d\u2019or en slalom \u00e0 l\u2019\u00e9preuve FIS de Burke Mountain en f\u00e9vrier. Coe consid\u00e8re le skieur canadien Kris Mahler comme un mod\u00e8le \u00e0 suivre, et indique que l\u2019id\u00e9e de porter le drapeau canadien sur le dos pendant ses courses l&rsquo;\u00e9merveille chaque fois.<\/p>\n\n\n\n<p class=\"wp-block-paragraph\">\u00ab C\u2019est un honneur d\u2019avoir l\u2019occasion de repr\u00e9senter le Canada aux Jeux olympiques de la jeunesse, a d\u00e9clar\u00e9 Coe. J\u2019ai vraiment h\u00e2te de vivre cette \u00e9tape dans ma carri\u00e8re de skieuse et je suis impatiente de voir ce qu\u2019\u00c9quipe Canada sera en mesure de r\u00e9aliser dans les diff\u00e9rents<br>sports. \u00bb<br><br>Thomas Carnahan, le champion national U16 du slalom en 2022, a d\u00e9croch\u00e9 une m\u00e9daille d\u2019or en slalom le weekend dernier \u00e0 l\u2019\u00e9preuve FIS de Val Saint-C\u00f4me. Aida Draghia, la ni\u00e8ce de Bogdan Mihailescu, un Olympien roumain en water-polo, se dit fi\u00e8re d\u2019avoir eu la d\u00e9termination de continuer et de s\u2019\u00eatre qualifi\u00e9e pour les Jeux olympiques de la jeunesse apr\u00e8s avoir d\u00fb composer avec le d\u00e9c\u00e8s tragique de son ancien entra\u00eeneur au mois de septembre dernier.<br><br>\u00ab F\u00e9licitations aux athl\u00e8tes d\u00e9di\u00e9s qui ont \u00e9t\u00e9 nomm\u00e9s pour repr\u00e9senter \u00c9quipe Canada aux Jeux de Gangwon 2024, a d\u00e9clar\u00e9 Jenni Stielow, gestionnaire du programme alpin EXCEL et gestionnaire du parcours \u00e0 Canada Alpin. Ceci repr\u00e9sente un chapitre emballant pour nos jeunes athl\u00e8tes alors qu\u2019ils entreprennent leur parcours menant aux Jeux olympiques de la jeunesse. Leur remarquable fougue, d\u00e9bordante d\u2019\u00e9nergie et de potentiel sans limites, t\u00e9moigne de leur talent et est une source d\u2019espoir et d\u2019inspiration pour tous les jeunes qui r\u00eavent et aspirent aux m\u00eames choses. Leur engagement et leur enthousiasme dans la poursuite de leurs r\u00eaves ne sont rien de moins qu\u2019inspirants. Soutenons-les sans r\u00e9serve au moment o\u00f9 ils cherchent \u00e0 atteindre l\u2019excellence. \u00bb<br><br>C\u2019est en regardant les Jeux olympiques \u00e0 la t\u00e9l\u00e9 que Cole Merrett a commenc\u00e9 \u00e0 r\u00eaver de skier un jour pour le Canada. L\u2019athl\u00e8te de 16 ans a particip\u00e9 aux Jeux d\u2019hiver du Canada 2023 en ski cross ainsi que dans trois \u00e9preuves alpines, ce qu\u2019il qualifie de r\u00e9alisation dont il est le plus fier \u00e0 l\u2019heure actuelle, hormis le fait qu\u2019il se soit qualifi\u00e9 pour les Jeux olympiques de la jeunesse.<br><br>\u00ab Apr\u00e8s avoir \u00e9t\u00e9 invit\u00e9 au camp de s\u00e9lection pour essayer de me qualifier pour les Jeux olympiques de la jeunesse, j\u2019\u00e9tais aux anges d\u2019avoir cette occasion de rivaliser pour une place, a indiqu\u00e9 Merrett. J\u2019ai eu la chance de finir en t\u00eate les deux journ\u00e9es, ce qui signifiait que j\u2019avais \u00e9t\u00e9 s\u00e9lectionn\u00e9 pour repr\u00e9senter le Canada. Les mots ne suffisent pas pour d\u00e9crire comment je me suis senti au moment o\u00f9 j\u2019ai r\u00e9alis\u00e9 que je m\u2019\u00e9tais qualifi\u00e9, tellement j\u2019\u00e9tais rempli de joie et de bonheur. Je suis impatient d\u2019entreprendre les Jeux olympiques de la jeunesse, \u00e7a va \u00eatre formidable. Allez le Canada! \u00bb<\/p>\n\n\n\n<p class=\"wp-block-paragraph\">Les quatre athl\u00e8tes en seront tous \u00e0 leur premi\u00e8re comp\u00e9tition internationale outre-mer en ski cross aux Jeux de Gangwon 2024.<br><br>\u00ab F\u00e9licitations \u00e0 tous les athl\u00e8tes qui ont r\u00e9ussi \u00e0 se qualifier pour les Jeux olympiques de la jeunesse, a d\u00e9clar\u00e9 Dave Ellis, directeur de la haute performance en ski cross pour Canada Alpin. Cette comp\u00e9tition sert d\u2019introduction pr\u00e9coce \u00e0 la discipline du ski cross et nous esp\u00e9rons que les athl\u00e8tes s\u00e9lectionn\u00e9s continueront de d\u00e9velopper de solides qualit\u00e9s en mati\u00e8re de performance dans toutes les disciplines alpines dans les prochaines ann\u00e9es. Nous souhaitons la meilleure des chances \u00e0 l\u2019\u00e9quipe qui repr\u00e9sentera le Canada aux Jeux olympiques de la jeunesse et leur souhaitons de bien savourer cette premi\u00e8re exp\u00e9rience internationale en ski cross ! \u00bb<br><br>\u00c9quipe Canada a particip\u00e9 aux \u00e9preuves alpines et de ski cross dans chacune des trois \u00e9ditions pr\u00e9c\u00e9dentes des Jeux olympiques de la jeunesse d\u2019hiver. Roni Remme a remport\u00e9 l\u2019argent \u00e0 Innsbruck en 2012 et Ali Nullmeyer a fait de m\u00eame quatre ans plus tard aux Jeux de Lillehammer 2016 \u2013 toutes deux dans l\u2019\u00e9preuve f\u00e9minine du slalom. Trois skieurs alpins sont devenus des Olympiens apr\u00e8s \u00eatre pass\u00e9s par les JOJ, soit Remme, qui a particip\u00e9 aux Jeux de PyeongChang 2018 et \u00e0 ceux de Beijing en 2022, Nullmeyer, qui a \u00e9t\u00e9 de la partie \u00e0 Beijing 2022, et Amelia Smart, qui \u00e9tait des Jeux de Lillehammer en 2016, puis \u00e0 Beijing en 2022.<br><br>En ski cross, \u00c9quipe Canada a remport\u00e9 deux m\u00e9dailles aux Jeux olympiques de la jeunesse \u2013 le bronze de Matty Herauf \u00e0 Innsbruck en 2012 et l\u2019or de Reece Howden \u00e0 Lillehammer en 2016. Jusqu\u2019ici, deux athl\u00e8tes en ski cross des JOJ sont ensuite devenus des Olympiens, soit India Sherret, qui a particip\u00e9 aux Jeux d\u2019Innsbruck 2012 et est devenue une Olympienne \u00e0 PyeongChang en 2018, de m\u00eame que Howden, qui est devenue une Olympienne \u00e0 Beijing en 2022.&nbsp;<\/p>\n\n\n\n<p class=\"wp-block-paragraph\">Les \u00e9preuves de ski alpin se d\u00e9rouleront du 21 au 26 janvier (jours 2 \u00e0 7) \u00e0 la station de ski de Jeongseon. Les courses de ski cross auront lieu les 23 et 24 janvier (jours 4 et 5) \u00e0 la station de ski Welli Hilli Park.<\/p>\n\n\n\n<p class=\"wp-block-paragraph\">\u00ab F\u00e9licitations aux sept skieurs nomm\u00e9s pour faire partie d\u2019\u00c9quipe Canada en vue des Jeux olympiques de la jeunesse, a d\u00e9clar\u00e9 Lisa Weagle, chef de mission d\u2019\u00c9quipe Canada pour les Jeux olympiques de la jeunesse de Gangwon 2024. \u00c9quipe Canada a eu beaucoup de succ\u00e8s aux Jeux olympiques de la jeunesse, autant en ski alpin qu\u2019en ski cross, et plusieurs des skieurs des Jeux olympiques de la jeunesse ont ensuite \u00e9volu\u00e9 au point de devenir des Olympiens. J\u2019esp\u00e8re qu\u2019\u00e0 Gangwon 2024, la tradition se poursuivra pour ces jeunes athl\u00e8tes et qu\u2019ils pourront profiter au maximum de cette possibilit\u00e9 de d\u00e9veloppement pour la suite de leurs carri\u00e8res. \u00bb<\/p>\n\n\n\n<p class=\"wp-block-paragraph\">Les athl\u00e8tes rempla\u00e7ants, les entra\u00eeneurs et le personnel de soutien de ski alpin et ski cross d\u2019\u00c9quipe Canada aux Jeux olympiques de la jeunesse d\u2019hiver de Gangwon 2024 sont :<\/p>\n\n\n\n<p class=\"wp-block-paragraph\"><strong>Athl\u00e8tes rempla\u00e7ants<\/strong><br>Thomas Cais (Field, C.-B.) \u2013 Athl\u00e8te rempla\u00e7ant (qui ne fait pas le voyage)<br>Spencer Zuck (Edmonton, AB) &#8211; Athl\u00e8te rempla\u00e7ant (qui ne fait pas le voyage)<br>Eve Michaud (Edmundston, N.-B.) &#8211; Athl\u00e8te rempla\u00e7ante (qui ne fait pas le voyage)<br>Abby Garnsey (Calgary, AB)- Athl\u00e8te rempla\u00e7ante (qui ne fait pas le voyage)<br>Elsa Feliciello (Piedmont, QC) &#8211; Athl\u00e8te rempla\u00e7ante (qui ne fait pas le voyage)<br>William Foster (Toronto, ON) &#8211; Athl\u00e8te rempla\u00e7ant (qui ne fait pas le voyage)<br><br><strong>Entra\u00eeneurs et personnel de soutien<\/strong><br>Kyle Darling (East Burke, VT (\u00c9tats-Unis)) \u2013 Entra\u00eeneur, alpin<br>Doug Williams (Warren, VT (\u00c9tats-Unis)) &#8211; Entra\u00eeneur, alpin<br>Kya Fairley (Onoway, AB) &#8211; Entra\u00eeneure, cross<br>Zachary Flynn (Winchester, ON) &#8211; Technicien<br>Jenni Stielow (Canmore, AB) \u2013 Chef d\u2019\u00e9quipe<\/p>\n\n\n\n<p class=\"wp-block-paragraph\">Les Jeux olympiques de la jeunesse (JOJ) sont la plus grande comp\u00e9tition multisports au monde pour les jeunes athl\u00e8tes de haute performance \u00e2g\u00e9s de 15 \u00e0 18 ans.<a href=\"https:\/\/olympics.com\/en\/gangwon-2024\/\"> Gangwon 2024<\/a> commencera le 19 janvier et se terminera le 1er f\u00e9vrier 2024, regroupant alors 1900 athl\u00e8tes. Gangwon 2024 sera la quatri\u00e8me \u00e9dition des JOJ d\u2019hiver et la premi\u00e8re \u00e0 avoir lieu en Asie. On y retrouvera un<a href=\"https:\/\/stillmed.olympics.com\/media\/Documents\/Olympic-Games\/Gangwon-2024\/Gangwon-2024-Programme.pdf?_ga=2.230086302.323609410.1675024166-549712264.1638302630\"> programme sportif<\/a> totalement \u00e9quilibr\u00e9 sur le plan de la participation des hommes et des femmes, qui comprendra sept sports, 15 disciplines et un total de 81 \u00e9preuves.&nbsp;<\/p>\n\n\n\n<p class=\"wp-block-paragraph\">Avant que les athl\u00e8tes soient nomm\u00e9s pour faire partie d\u2019\u00c9quipe Canada, toutes les nominations sont sujettes \u00e0 l\u2019approbation du comit\u00e9 de s\u00e9lection d\u2019\u00e9quipe du Comit\u00e9 olympique canadien apr\u00e8s qu\u2019il eut re\u00e7u les nominations de la part de tous les organismes nationaux de sport.<\/p>\n\n\n\n<p class=\"wp-block-paragraph\">La plus r\u00e9cente mise \u00e0 jour de la formation d\u2019\u00c9quipe Canada aux Jeux de Gangwon 2024<a href=\"https:\/\/docs.google.com\/spreadsheets\/d\/1nZuHzGAn724P6HFcClDEdAK_P4hedKwQmsG670_-uYM\/edit#gid=0\"> se trouve ici<\/a> et vous trouverez d\u2019autres ressources pour les m\u00e9dias<a href=\"https:\/\/develop.olympic.ca\/olympique\/presse-ressources\/\"> en cliquant ici<\/a>.<\/p>\n\n\n\n<p class=\"has-text-align-center wp-block-paragraph\">\u2013 30 \u2013<\/p>\n\n\n\n<p class=\"wp-block-paragraph\">CONTACTS POUR LES M\u00c9DIAS :<\/p>\n\n\n\n<p class=\"wp-block-paragraph\">Mark Halliday, Directeur, marque et communications<br>Canada Alpin<br>T\u00e9l. : 403-777-3204<br>Courriel : <a href=\"mailto:media@alpinecanada.org\">media@alpinecanada.org<\/a><\/p>\n\n\n\n<p class=\"wp-block-paragraph\">Tara MacBournie, chef des communications d\u2019\u00c9quipe Canada aux Jeux de Gangwon 2024<br>Comit\u00e9 olympique canadien<br>Cell. : 647-522-8328<br>Courriel : <a href=\"mailto:tmacbournie@olympique.ca\">tmacbournie@olympique.ca<\/a><\/p>\n","protected":false},"excerpt":{"rendered":"<p>CALGARY (22 d\u00e9cembre 2023) &#8211; Canada Alpin et le Comit\u00e9 olympique canadien ont d\u00e9voil\u00e9 la composition de l\u2019\u00e9quipe canadienne de&#8230;<\/p>\n","protected":false},"featured_media":233833,"template":"","format":"standard","tags":[],"type-of-press":[496138],"press-topic":[682165520],"years":[682165479],"class_list":["post-234521","press","type-press","status-publish","format-standard","has-post-thumbnail","hentry","type-of-press-communiques","press-topic-gangwon-2024","years-682165479"],"acf":[],"yoast_head":"<!-- This site is optimized with the Yoast SEO plugin v27.3 - https:\/\/yoast.com\/product\/yoast-seo-wordpress\/ -->\n<title>D\u00e9voilement de l\u2019\u00e9quipe de ski alpin et de ski cross du Canada pour les Jeux olympiques de la jeunesse d\u2019hiver de Gangwon 2024 - \u00c9quipe Canada | Site officiel de l&#039;\u00e9quipe olympique<\/title>\n<meta name=\"description\" content=\"Canada Alpin et le Comit\u00e9 olympique canadien ont d\u00e9voil\u00e9 la composition de l\u2019\u00e9quipe canadienne de ski alpin et de ski cross qui participera aux Jeux olympiques de la jeunesse d\u2019hiver de Gangwon 2024.\" \/>\n<meta name=\"robots\" content=\"index, follow, max-snippet:-1, max-image-preview:large, max-video-preview:-1\" \/>\n<link rel=\"canonical\" href=\"https:\/\/develop.olympic.ca\/olympique\/presse\/devoilement-de-lequipe-de-ski-alpin-et-de-ski-cross-du-canada-pour-les-jeux-olympiques-de-la-jeunesse-dhiver-de-gangwon-2024\/\" \/>\n<meta property=\"og:locale\" content=\"fr_FR\" \/>\n<meta property=\"og:type\" content=\"article\" \/>\n<meta property=\"og:title\" content=\"D\u00e9voilement de l\u2019\u00e9quipe de ski alpin et de ski cross du Canada pour les Jeux olympiques de la jeunesse d\u2019hiver de Gangwon 2024 - \u00c9quipe Canada | Site officiel de l&#039;\u00e9quipe olympique\" \/>\n<meta property=\"og:description\" content=\"Canada Alpin et le Comit\u00e9 olympique canadien ont d\u00e9voil\u00e9 la composition de l\u2019\u00e9quipe canadienne de ski alpin et de ski cross qui participera aux Jeux olympiques de la jeunesse d\u2019hiver de Gangwon 2024.\" \/>\n<meta property=\"og:url\" content=\"https:\/\/develop.olympic.ca\/olympique\/presse\/devoilement-de-lequipe-de-ski-alpin-et-de-ski-cross-du-canada-pour-les-jeux-olympiques-de-la-jeunesse-dhiver-de-gangwon-2024\/\" \/>\n<meta property=\"og:site_name\" content=\"\u00c9quipe Canada | Site officiel de l&#039;\u00e9quipe olympique\" \/>\n<meta property=\"article:modified_time\" content=\"2024-01-02T18:38:41+00:00\" \/>\n<meta property=\"og:image\" content=\"https:\/\/develop.olympic.ca\/olympique\/wp-content\/uploads\/sites\/2\/2023\/12\/G24-COC_Lockup.jpg?quality=100\" \/>\n\t<meta property=\"og:image:width\" content=\"2160\" \/>\n\t<meta property=\"og:image:height\" content=\"1216\" \/>\n\t<meta property=\"og:image:type\" content=\"image\/jpeg\" \/>\n<meta name=\"twitter:card\" content=\"summary_large_image\" \/>\n<meta name=\"twitter:label1\" content=\"Est. reading time\" \/>\n\t<meta name=\"twitter:data1\" content=\"8 minutes\" \/>\n\t<meta name=\"twitter:label2\" content=\"Written by\" \/>\n\t<meta name=\"twitter:data2\" content=\"tmacbournieolympicca\" \/>\n<script type=\"application\/ld+json\" class=\"yoast-schema-graph\">{\"@context\":\"https:\\\/\\\/schema.org\",\"@graph\":[{\"@type\":\"WebPage\",\"@id\":\"https:\\\/\\\/develop.olympic.ca\\\/olympique\\\/presse\\\/devoilement-de-lequipe-de-ski-alpin-et-de-ski-cross-du-canada-pour-les-jeux-olympiques-de-la-jeunesse-dhiver-de-gangwon-2024\\\/\",\"url\":\"https:\\\/\\\/develop.olympic.ca\\\/olympique\\\/presse\\\/devoilement-de-lequipe-de-ski-alpin-et-de-ski-cross-du-canada-pour-les-jeux-olympiques-de-la-jeunesse-dhiver-de-gangwon-2024\\\/\",\"name\":\"D\u00e9voilement de l\u2019\u00e9quipe de ski alpin et de ski cross du Canada pour les Jeux olympiques de la jeunesse d\u2019hiver de Gangwon 2024 - \u00c9quipe Canada | Site officiel de l&#039;\u00e9quipe olympique\",\"isPartOf\":{\"@id\":\"https:\\\/\\\/develop.olympic.ca\\\/olympique\\\/#website\"},\"primaryImageOfPage\":{\"@id\":\"https:\\\/\\\/develop.olympic.ca\\\/olympique\\\/presse\\\/devoilement-de-lequipe-de-ski-alpin-et-de-ski-cross-du-canada-pour-les-jeux-olympiques-de-la-jeunesse-dhiver-de-gangwon-2024\\\/#primaryimage\"},\"image\":{\"@id\":\"https:\\\/\\\/develop.olympic.ca\\\/olympique\\\/presse\\\/devoilement-de-lequipe-de-ski-alpin-et-de-ski-cross-du-canada-pour-les-jeux-olympiques-de-la-jeunesse-dhiver-de-gangwon-2024\\\/#primaryimage\"},\"thumbnailUrl\":\"https:\\\/\\\/develop.olympic.ca\\\/olympique\\\/wp-content\\\/uploads\\\/sites\\\/2\\\/2023\\\/12\\\/G24-COC_Lockup.jpg?quality=100\",\"datePublished\":\"2023-12-22T18:00:00+00:00\",\"dateModified\":\"2024-01-02T18:38:41+00:00\",\"description\":\"Canada Alpin et le Comit\u00e9 olympique canadien ont d\u00e9voil\u00e9 la composition de l\u2019\u00e9quipe canadienne de ski alpin et de ski cross qui participera aux Jeux olympiques de la jeunesse d\u2019hiver de Gangwon 2024.\",\"inLanguage\":\"fr-FR\",\"potentialAction\":[{\"@type\":\"ReadAction\",\"target\":[\"https:\\\/\\\/develop.olympic.ca\\\/olympique\\\/presse\\\/devoilement-de-lequipe-de-ski-alpin-et-de-ski-cross-du-canada-pour-les-jeux-olympiques-de-la-jeunesse-dhiver-de-gangwon-2024\\\/\"]}]},{\"@type\":\"ImageObject\",\"inLanguage\":\"fr-FR\",\"@id\":\"https:\\\/\\\/develop.olympic.ca\\\/olympique\\\/presse\\\/devoilement-de-lequipe-de-ski-alpin-et-de-ski-cross-du-canada-pour-les-jeux-olympiques-de-la-jeunesse-dhiver-de-gangwon-2024\\\/#primaryimage\",\"url\":\"https:\\\/\\\/develop.olympic.ca\\\/olympique\\\/wp-content\\\/uploads\\\/sites\\\/2\\\/2023\\\/12\\\/G24-COC_Lockup.jpg?quality=100\",\"contentUrl\":\"https:\\\/\\\/develop.olympic.ca\\\/olympique\\\/wp-content\\\/uploads\\\/sites\\\/2\\\/2023\\\/12\\\/G24-COC_Lockup.jpg?quality=100\",\"width\":2160,\"height\":1216},{\"@type\":\"WebSite\",\"@id\":\"https:\\\/\\\/develop.olympic.ca\\\/olympique\\\/#website\",\"url\":\"https:\\\/\\\/develop.olympic.ca\\\/olympique\\\/\",\"name\":\"\u00c9quipe Canada | Site officiel de l&#039;\u00e9quipe olympique\",\"description\":\"Votre source pour l\u2019\u00c9quipe olympique canadienne. Retrouvez les r\u00e9cits, vid\u00e9os et photos des athl\u00e8tes canadiens, sports olympiques, Jeux olympiques de 2020 et bien plus!\",\"potentialAction\":[{\"@type\":\"SearchAction\",\"target\":{\"@type\":\"EntryPoint\",\"urlTemplate\":\"https:\\\/\\\/develop.olympic.ca\\\/olympique\\\/?s={search_term_string}\"},\"query-input\":{\"@type\":\"PropertyValueSpecification\",\"valueRequired\":true,\"valueName\":\"search_term_string\"}}],\"inLanguage\":\"fr-FR\"}]}<\/script>\n<!-- \/ Yoast SEO plugin. -->","yoast_head_json":{"title":"D\u00e9voilement de l\u2019\u00e9quipe de ski alpin et de ski cross du Canada pour les Jeux olympiques de la jeunesse d\u2019hiver de Gangwon 2024 - \u00c9quipe Canada | Site officiel de l&#039;\u00e9quipe olympique","description":"Canada Alpin et le Comit\u00e9 olympique canadien ont d\u00e9voil\u00e9 la composition de l\u2019\u00e9quipe canadienne de ski alpin et de ski cross qui participera aux Jeux olympiques de la jeunesse d\u2019hiver de Gangwon 2024.","robots":{"index":"index","follow":"follow","max-snippet":"max-snippet:-1","max-image-preview":"max-image-preview:large","max-video-preview":"max-video-preview:-1"},"canonical":"https:\/\/develop.olympic.ca\/olympique\/presse\/devoilement-de-lequipe-de-ski-alpin-et-de-ski-cross-du-canada-pour-les-jeux-olympiques-de-la-jeunesse-dhiver-de-gangwon-2024\/","og_locale":"fr_FR","og_type":"article","og_title":"D\u00e9voilement de l\u2019\u00e9quipe de ski alpin et de ski cross du Canada pour les Jeux olympiques de la jeunesse d\u2019hiver de Gangwon 2024 - \u00c9quipe Canada | Site officiel de l&#039;\u00e9quipe olympique","og_description":"Canada Alpin et le Comit\u00e9 olympique canadien ont d\u00e9voil\u00e9 la composition de l\u2019\u00e9quipe canadienne de ski alpin et de ski cross qui participera aux Jeux olympiques de la jeunesse d\u2019hiver de Gangwon 2024.","og_url":"https:\/\/develop.olympic.ca\/olympique\/presse\/devoilement-de-lequipe-de-ski-alpin-et-de-ski-cross-du-canada-pour-les-jeux-olympiques-de-la-jeunesse-dhiver-de-gangwon-2024\/","og_site_name":"\u00c9quipe Canada | Site officiel de l&#039;\u00e9quipe olympique","article_modified_time":"2024-01-02T18:38:41+00:00","og_image":[{"width":2160,"height":1216,"url":"https:\/\/develop.olympic.ca\/olympique\/wp-content\/uploads\/sites\/2\/2023\/12\/G24-COC_Lockup.jpg?quality=100","type":"image\/jpeg"}],"twitter_card":"summary_large_image","twitter_misc":{"Est. reading time":"8 minutes","Written by":"tmacbournieolympicca"},"schema":{"@context":"https:\/\/schema.org","@graph":[{"@type":"WebPage","@id":"https:\/\/develop.olympic.ca\/olympique\/presse\/devoilement-de-lequipe-de-ski-alpin-et-de-ski-cross-du-canada-pour-les-jeux-olympiques-de-la-jeunesse-dhiver-de-gangwon-2024\/","url":"https:\/\/develop.olympic.ca\/olympique\/presse\/devoilement-de-lequipe-de-ski-alpin-et-de-ski-cross-du-canada-pour-les-jeux-olympiques-de-la-jeunesse-dhiver-de-gangwon-2024\/","name":"D\u00e9voilement de l\u2019\u00e9quipe de ski alpin et de ski cross du Canada pour les Jeux olympiques de la jeunesse d\u2019hiver de Gangwon 2024 - \u00c9quipe Canada | Site officiel de l&#039;\u00e9quipe olympique","isPartOf":{"@id":"https:\/\/develop.olympic.ca\/olympique\/#website"},"primaryImageOfPage":{"@id":"https:\/\/develop.olympic.ca\/olympique\/presse\/devoilement-de-lequipe-de-ski-alpin-et-de-ski-cross-du-canada-pour-les-jeux-olympiques-de-la-jeunesse-dhiver-de-gangwon-2024\/#primaryimage"},"image":{"@id":"https:\/\/develop.olympic.ca\/olympique\/presse\/devoilement-de-lequipe-de-ski-alpin-et-de-ski-cross-du-canada-pour-les-jeux-olympiques-de-la-jeunesse-dhiver-de-gangwon-2024\/#primaryimage"},"thumbnailUrl":"https:\/\/develop.olympic.ca\/olympique\/wp-content\/uploads\/sites\/2\/2023\/12\/G24-COC_Lockup.jpg?quality=100","datePublished":"2023-12-22T18:00:00+00:00","dateModified":"2024-01-02T18:38:41+00:00","description":"Canada Alpin et le Comit\u00e9 olympique canadien ont d\u00e9voil\u00e9 la composition de l\u2019\u00e9quipe canadienne de ski alpin et de ski cross qui participera aux Jeux olympiques de la jeunesse d\u2019hiver de Gangwon 2024.","inLanguage":"fr-FR","potentialAction":[{"@type":"ReadAction","target":["https:\/\/develop.olympic.ca\/olympique\/presse\/devoilement-de-lequipe-de-ski-alpin-et-de-ski-cross-du-canada-pour-les-jeux-olympiques-de-la-jeunesse-dhiver-de-gangwon-2024\/"]}]},{"@type":"ImageObject","inLanguage":"fr-FR","@id":"https:\/\/develop.olympic.ca\/olympique\/presse\/devoilement-de-lequipe-de-ski-alpin-et-de-ski-cross-du-canada-pour-les-jeux-olympiques-de-la-jeunesse-dhiver-de-gangwon-2024\/#primaryimage","url":"https:\/\/develop.olympic.ca\/olympique\/wp-content\/uploads\/sites\/2\/2023\/12\/G24-COC_Lockup.jpg?quality=100","contentUrl":"https:\/\/develop.olympic.ca\/olympique\/wp-content\/uploads\/sites\/2\/2023\/12\/G24-COC_Lockup.jpg?quality=100","width":2160,"height":1216},{"@type":"WebSite","@id":"https:\/\/develop.olympic.ca\/olympique\/#website","url":"https:\/\/develop.olympic.ca\/olympique\/","name":"\u00c9quipe Canada | Site officiel de l&#039;\u00e9quipe olympique","description":"Votre source pour l\u2019\u00c9quipe olympique canadienne. Retrouvez les r\u00e9cits, vid\u00e9os et photos des athl\u00e8tes canadiens, sports olympiques, Jeux olympiques de 2020 et bien plus!","potentialAction":[{"@type":"SearchAction","target":{"@type":"EntryPoint","urlTemplate":"https:\/\/develop.olympic.ca\/olympique\/?s={search_term_string}"},"query-input":{"@type":"PropertyValueSpecification","valueRequired":true,"valueName":"search_term_string"}}],"inLanguage":"fr-FR"}]}},"jetpack_sharing_enabled":true,"_links":{"self":[{"href":"https:\/\/develop.olympic.ca\/olympique\/wp-json\/wp\/v2\/press\/234521","targetHints":{"allow":["GET"]}}],"collection":[{"href":"https:\/\/develop.olympic.ca\/olympique\/wp-json\/wp\/v2\/press"}],"about":[{"href":"https:\/\/develop.olympic.ca\/olympique\/wp-json\/wp\/v2\/types\/press"}],"version-history":[{"count":5,"href":"https:\/\/develop.olympic.ca\/olympique\/wp-json\/wp\/v2\/press\/234521\/revisions"}],"predecessor-version":[{"id":234638,"href":"https:\/\/develop.olympic.ca\/olympique\/wp-json\/wp\/v2\/press\/234521\/revisions\/234638"}],"wp:featuredmedia":[{"embeddable":true,"href":"https:\/\/develop.olympic.ca\/olympique\/wp-json\/wp\/v2\/media\/233833"}],"wp:attachment":[{"href":"https:\/\/develop.olympic.ca\/olympique\/wp-json\/wp\/v2\/media?parent=234521"}],"wp:term":[{"taxonomy":"post_tag","embeddable":true,"href":"https:\/\/develop.olympic.ca\/olympique\/wp-json\/wp\/v2\/tags?post=234521"},{"taxonomy":"type-of-press","embeddable":true,"href":"https:\/\/develop.olympic.ca\/olympique\/wp-json\/wp\/v2\/type-of-press?post=234521"},{"taxonomy":"press-topic","embeddable":true,"href":"https:\/\/develop.olympic.ca\/olympique\/wp-json\/wp\/v2\/press-topic?post=234521"},{"taxonomy":"years","embeddable":true,"href":"https:\/\/develop.olympic.ca\/olympique\/wp-json\/wp\/v2\/years?post=234521"}],"curies":[{"name":"wp","href":"https:\/\/api.w.org\/{rel}","templated":true}]}}