{"id":235036,"date":"2024-01-17T09:30:00","date_gmt":"2024-01-17T14:30:00","guid":{"rendered":"https:\/\/develop.olympic.ca\/olympique\/?post_type=press&#038;p=235036"},"modified":"2024-01-17T07:46:25","modified_gmt":"2024-01-17T12:46:25","slug":"deux-athletes-selectionnes-comme-porte-drapeaux-dequipe-canada-a-la-ceremonie-douverture-des-jeux-de-gangwon-2024","status":"publish","type":"press","link":"https:\/\/develop.olympic.ca\/olympique\/presse\/deux-athletes-selectionnes-comme-porte-drapeaux-dequipe-canada-a-la-ceremonie-douverture-des-jeux-de-gangwon-2024\/","title":{"rendered":"Deux athl\u00e8tes s\u00e9lectionn\u00e9s comme porte-drapeaux d\u2019\u00c9quipe Canada \u00e0 la c\u00e9r\u00e9monie d\u2019ouverture des Jeux de Gangwon 2024"},"content":{"rendered":"\n<p class=\"wp-block-paragraph\">GANGNEUNG (Cor\u00e9e du Sud) 17 janvier 2024 \u2013 Le Comit\u00e9 olympique canadien (COC) a annonc\u00e9 aujourd\u2019hui que le skieur acrobatique de 16 ans Charlie Beatty et la curleuse de 17 ans Chloe Fediuk seront les porte-drapeaux d\u2019\u00c9quipe Canada pour la c\u00e9r\u00e9monie d\u2019ouverture des Jeux olympiques de la jeunesse d\u2019hiver de Gangwon 2024.<\/p>\n\n\n\n<p class=\"wp-block-paragraph\">Les porte-drapeaux de l\u2019\u00c9quipe olympique canadienne de la jeunesse sont choisis par un comit\u00e9 de s\u00e9lection qui comprend Lisa Weagle, chef de mission d\u2019\u00c9quipe Canada aux Jeux de Gangwon 2024. Cette derni\u00e8re a surpris les deux athl\u00e8tes avec la nouvelle par vid\u00e9oconf\u00e9rence avant leur d\u00e9part pour la Cor\u00e9e du Sud.<br><br>\u00ab Chloe et Charlie ont \u00e9t\u00e9 s\u00e9lectionn\u00e9s comme porte-drapeaux, non seulement en raison de leurs excellentes r\u00e9alisations sportives, mais aussi pour leur leadership, leur caract\u00e8re et leur passion pour le sport, affirme Weagle. Alors qu\u2019il et elle porteront fi\u00e8rement notre drapeau \u00e0 la c\u00e9r\u00e9monie d\u2019ouverture des Jeux olympiques de la jeunesse, ils auront le pouvoir d\u2019inspirer tous les membres d\u2019\u00c9quipe Canada afin d\u2019offrir leur meilleure performance et de repr\u00e9senter leur pays avec fiert\u00e9, tout en motivant la prochaine g\u00e9n\u00e9ration \u00e0 poursuivre l\u2019excellence sportive. \u00bb<\/p>\n\n\n\n<p class=\"wp-block-paragraph\">Charlie Beatty a particip\u00e9 aux \u00e9tapes du circuit senior de la Coupe du monde et aspire \u00e0 participer aux Jeux olympiques. Il est le champion du monde junior en titre en slopestyle. Beatty avait 15 ans \u00e0 l\u2019\u00e9poque, ce qui a fait de lui le plus jeune athl\u00e8te \u00e0 monter sur le podium de l\u2019\u00e9preuve masculine de slopestyle. \u00c0 l\u2019\u00e2ge de 14 ans, il a \u00e9t\u00e9 le plus jeune athl\u00e8te s\u00e9lectionn\u00e9 au sein du programme de prochaine g\u00e9n\u00e9ration (NextGen) de Freestyle Canada. En 2019, Beatty est devenu champion national junior au slopestyle et \u00e0 l\u2019\u00e9preuve de demi-lune. \u00c0 l\u2019\u00e2ge de 11 ans en 2014, Beatty a remport\u00e9 l\u2019or chez les moins de 14 ans au slopestyle et en demi-lune aux Championnats nationaux juniors de Freestyle Canada.<\/p>\n\n\n\n<p class=\"wp-block-paragraph\">Hors des pistes, Beatty est un meneur qui valorise l\u2019importance de redonner \u00e0 la communaut\u00e9. Avec sa famille, Beatty a lanc\u00e9 un \u00e9v\u00e9nement de ski et snowboard intitul\u00e9 \u00ab Shred Cancer \u00bb qui a permis d\u2019amasser plus de 25 000 $ pour l\u2019h\u00f4pital local dans sa communaut\u00e9. En 2019, Beatty a remport\u00e9 la bourse \u00ab Up &amp; Coming \u00bb de la Fondation Sarah Burke d\u00e9cern\u00e9e \u00e0 un(e) jeune athl\u00e8te de talent de sport d\u2019hiver qui contribue positivement \u00e0 sa communaut\u00e9. Il est souvent animateur dans le cadre de comp\u00e9titions locales de ski et il fait des pr\u00e9sentations dans des \u00e9coles et des garderies locales pour encourager la plus jeune g\u00e9n\u00e9ration \u00e0 faire du sport.<\/p>\n\n\n\n<p class=\"wp-block-paragraph\">\u00ab Comme athl\u00e8te des Jeux olympiques de la jeunesse, avoir l\u2019honneur d\u2019\u00eatre porte-drapeau d\u2019\u00e9quipe Canada est une source incroyable d\u2019engouement et de fiert\u00e9. J\u2019ai \u00e9t\u00e9 renvers\u00e9 par des sentiments de gratitude et d\u2019humilit\u00e9 quand j\u2019ai appris la nouvelle \u00bb, a d\u00e9clar\u00e9 Beatty.<\/p>\n\n\n\n<p class=\"wp-block-paragraph\">\u00ab Cette occasion signifie pour moi la d\u00e9termination in\u00e9branlable et la poursuite de l\u2019excellence que poss\u00e8dent tous les athl\u00e8tes canadiens. Au sein de la communaut\u00e9 du ski acrobatique, nous formons une famille unie. Quand je porterai notre drapeau canadien, je partagerai cette unit\u00e9 avec mon sport, mais aussi avec chaque athl\u00e8te canadien qui concourra aux Jeux de Gangwon 2024 et avec tous ceux qui ont appuy\u00e9 mon parcours pour m\u2019y rendre. \u00bb<\/p>\n\n\n\n<p class=\"wp-block-paragraph\">Chloe Fediuk, qui \u00e9voluera au poste de troisi\u00e8me au sein de l\u2019\u00e9quipe mixte de curling \u00e0 Gangwon, joue comme deuxi\u00e8me au sein de son \u00e9quipe junior f\u00e9minine (\u00c9quipe Plett\/\u00c9quipe Alberta). Aux Championnats du monde juniors B de curling, Fediuk et son \u00e9quipe ont remport\u00e9 une m\u00e9daille d\u2019or pour qualifier le Canada aux Championnats du monde juniors de curling 2024 en Finlande en f\u00e9vrier, ou elle portera fi\u00e8rement la feuille d\u2019\u00e9rable une fois de plus. Son \u00e9quipe a aussi d\u00e9croch\u00e9 la m\u00e9daille d\u2019argent aux Jeux d\u2019hiver du Canada en 2023 et a \u00e9crit une page d\u2019histoire en devenant la premi\u00e8re \u00e9quipe \u00e0 remporter l\u2019or chez les moins de 21 ans et les moins de 18 ans la m\u00eame ann\u00e9e aux Championnats canadiens.<br><br>Tout comme c\u2019est le cas pour Beatty, Fediuk est une championne au sein de sa communaut\u00e9. Elle partage sa passion pour le curling avec les d\u00e9butants et appuie souvent les cliniques d\u2019apprentissage au sport dans sa communaut\u00e9. Chloe apporte une \u00e9nergie positive \u00e0 toutes les \u00e9quipes dont elle fait partie et est d\u00e9j\u00e0 une meneuse de sa g\u00e9n\u00e9ration au sein de la communaut\u00e9 de curling.<\/p>\n\n\n\n<p class=\"wp-block-paragraph\">\u00ab Je n\u2019arrivais pas \u00e0 le croire quand j\u2019ai re\u00e7u l\u2019appel de Lisa Weagle m\u2019annon\u00e7ant que je serais une des porte-drapeaux d\u2019\u00c9quipe Canada pour la c\u00e9r\u00e9monie d\u2019ouverture, raconte Fediuk. Je l\u2019ai r\u00e9alis\u00e9 plus tard dans la journ\u00e9e quand je l\u2019ai mentionn\u00e9 \u00e0 voix haute et j\u2019\u00e9tais renvers\u00e9e par les \u00e9motions. Je suis plus qu\u2019emball\u00e9e depuis que j\u2019ai appris la nouvelle. C\u2019est vraiment un honneur de pouvoir vivre cette occasion unique. \u00bb<\/p>\n\n\n\n<p class=\"wp-block-paragraph\">\u00ab Je suis fi\u00e8re et je reste humble tout au long de ce parcours, sachant qu\u2019il y a tellement de personnes \u00e0 remercier qui ont contribu\u00e9 \u00e0 mes succ\u00e8s. Je suis reconnaissante envers le sport et pour les occasions qui me sont offertes de faire partie de quelque chose d\u2019aussi extraordinaire. Le moment o\u00f9 je vais fi\u00e8rement soulever le drapeau canadien avec les jeunes athl\u00e8tes les plus talentueux au pays sera un moment que je ch\u00e9rirai pour toujours. \u00bb<\/p>\n\n\n\n<p class=\"wp-block-paragraph\">Beatty et Fediuk porteront l\u2019unifoli\u00e9 \u00e0 l\u2019Ovale de Gangneung \u00e0 l\u2019occasion de la c\u00e9r\u00e9monie d\u2019ouverture des Jeux de Gangwong le vendredi 19 janvier. Derri\u00e8re eux d\u00e9fileront une bonne partie de leurs 77 jeunes co\u00e9quipiers qui composent la d\u00e9l\u00e9gation d\u2019\u00c9quipe Canada aux Jeux olympiques de la jeunesse d\u2019hiver de Gangwon 2024, ainsi que les athl\u00e8tes de 80 comit\u00e9s nationaux olympiques. Les athl\u00e8tes, qui accumuleront une pr\u00e9cieuse exp\u00e9rience sportive internationale dans un environnement de grands Jeux con\u00e7u pour les jeunes de moins de 18 ans, profiteront aussi de l\u2019occasion d\u2019exp\u00e9rimenter tout ce que les Jeux olympiques de la jeunesse peuvent offrir, soit de grandir, d\u2019\u00eatre habilit\u00e9s \u00e0 promouvoir les valeurs olympiques et de mettre en oeuvre un changement positif par le sport.<\/p>\n\n\n\n<p class=\"wp-block-paragraph\">\u00ab Chloe et Charlie sont d\u2019excellents athl\u00e8tes, mais c\u2019est leur caract\u00e8re \u00e0 l\u2019ext\u00e9rieur de leurs sports ainsi que leur engagement \u00e0 b\u00e2tir leurs communaut\u00e9s et promouvoir le sport aupr\u00e8s d\u2019auditoires plus jeunes qui font d\u2019eux les choix parfaits pour mener cette jeune \u00c9quipe Canada \u00e0 la c\u00e9r\u00e9monie d\u2019ouverture, indique Eric Myles, chef du Sport du Comit\u00e9 olympique canadien. Nous serons heureux de les encourager ainsi que l\u2019ensemble de la d\u00e9l\u00e9gation canadienne alors qu\u2019ils participeront aux Jeux olympiques de la jeunesse d\u2019hiver de Gangwon 2024, qui repr\u00e9sentent une excellente possibilit\u00e9 de d\u00e9veloppement pour les jeunes athl\u00e8tes. \u00bb<br><br>Les JOJ sont la plus grande comp\u00e9tition multisports au monde pour les jeunes athl\u00e8tes de haute performance \u00e2g\u00e9s de 14 \u00e0 18 ans. Les Jeux de Gangwon 2024 se mettront officiellement en branle le vendredi 19 janvier et l\u2019\u00e9v\u00e9nement se poursuivra jusqu\u2019au jeudi 1<sup>er<\/sup> f\u00e9vrier. On mettra de l\u2019avant un<a href=\"https:\/\/stillmed.olympics.com\/media\/Documents\/Olympic-Games\/Gangwon-2024\/Gangwon-2024-Programme.pdf?_ga=2.230086302.323609410.1675024166-549712264.1638302630\"> programme sportif<\/a> qui atteint un \u00e9quilibre parfait des genres et qui est compos\u00e9 de sept sports, de 15 disciplines ainsi que d\u2019un total de 81 \u00e9preuves. Il s\u2019agira de la quatri\u00e8me \u00e9dition des Jeux olympiques de la jeunesse d\u2019hiver et de la premi\u00e8re \u00e0 avoir lieu en Asie. Dans un esprit de d\u00e9veloppement durable, Gangwon 2024 utilisera plusieurs des installations qui ont servi \u00e0 l\u2019occasion des Jeux olympiques d\u2019hiver de PyeongChang 2018, alors que les \u00e9preuves se d\u00e9rouleront \u00e0 Gangneung, PyeongChang, Hoengseong et Jeongseon dans la province du Gangwon en Cor\u00e9e du Sud.<br><br>Comme diffuseur officiel des Jeux de Gangwon 2024 au Canada, CBC\/Radio-Canada offrira une couverture des Jeux sur<a href=\"https:\/\/www.cbc.ca\/sports\"> cbcsports.ca<\/a>,<a href=\"https:\/\/ici.radio-canada.ca\/sports\"> radio-canada.ca\/sports<\/a> ainsi que sur les applications de CBC Sports et de Radio-Canada Sports. La cha\u00eene<a href=\"https:\/\/olympics.com\/en\/olympic-channel\"> Olympic Channel<\/a> offrira aussi une couverture compl\u00e8te des Jeux de Gangwon 2024, qui sera webdiffus\u00e9e sur son application gratuite.<\/p>\n\n\n\n<p class=\"wp-block-paragraph\">La formation compl\u00e8te d\u2019\u00c9quipe Canada aux Jeux de Gangwon 2024 se trouve en cliquant<a href=\"https:\/\/docs.google.com\/spreadsheets\/d\/1nZuHzGAn724P6HFcClDEdAK_P4hedKwQmsG670_-uYM\/edit#gid=0\"> ici<\/a>, et vous pouvez aussi acc\u00e9der \u00e0 d\u2019autres ressources de presse en cliquant<a href=\"https:\/\/develop.olympic.ca\/olympique\/presse-ressources\/\"> ici<\/a>.<\/p>\n\n\n\n<p class=\"has-text-align-center wp-block-paragraph\">&#8211; 30 &#8211;&nbsp;<\/p>\n\n\n\n<p class=\"wp-block-paragraph\">CONTACT POUR LES M\u00c9DIAS<\/p>\n\n\n\n<p class=\"wp-block-paragraph\">Tara MacBournie<br>Responsable des communications d\u2019\u00c9quipe Canada pour les Jeux de Gangwon 2024<br>WhatsApp : 647-522-8328<br>Courriel : <a href=\"mailto:tmacbournie@olympique.ca\">tmacbournie@olympique.ca<\/a><\/p>\n","protected":false},"excerpt":{"rendered":"<p>GANGNEUNG (Cor\u00e9e du Sud) 17 janvier 2024 \u2013 Le Comit\u00e9 olympique canadien (COC) a annonc\u00e9 aujourd\u2019hui que le skieur acrobatique&#8230;<\/p>\n","protected":false},"featured_media":235037,"template":"","format":"standard","tags":[],"type-of-press":[496138],"press-topic":[682165520],"years":[682166484],"class_list":["post-235036","press","type-press","status-publish","format-standard","has-post-thumbnail","hentry","type-of-press-communiques","press-topic-gangwon-2024","years-682166484"],"acf":[],"yoast_head":"<!-- This site is optimized with the Yoast SEO plugin v27.3 - https:\/\/yoast.com\/product\/yoast-seo-wordpress\/ -->\n<title>Deux athl\u00e8tes s\u00e9lectionn\u00e9s comme porte-drapeaux d\u2019\u00c9quipe Canada \u00e0 la c\u00e9r\u00e9monie d\u2019ouverture des Jeux de Gangwon 2024 - \u00c9quipe Canada | Site officiel de l&#039;\u00e9quipe olympique<\/title>\n<meta name=\"description\" content=\"Le Comit\u00e9 olympique canadien (COC) a annonc\u00e9 aujourd\u2019hui que le skieur acrobatique de 16 ans Charlie Beatty et la curleuse de 17 ans Chloe Fediuk seront les porte-drapeaux d\u2019\u00c9quipe Canada pour la c\u00e9r\u00e9monie d\u2019ouverture des Jeux olympiques de la jeunesse d\u2019hiver de Gangwon 2024.\" \/>\n<meta name=\"robots\" content=\"index, follow, max-snippet:-1, max-image-preview:large, max-video-preview:-1\" \/>\n<link rel=\"canonical\" href=\"https:\/\/develop.olympic.ca\/olympique\/presse\/deux-athletes-selectionnes-comme-porte-drapeaux-dequipe-canada-a-la-ceremonie-douverture-des-jeux-de-gangwon-2024\/\" \/>\n<meta property=\"og:locale\" content=\"fr_FR\" \/>\n<meta property=\"og:type\" content=\"article\" \/>\n<meta property=\"og:title\" content=\"Deux athl\u00e8tes s\u00e9lectionn\u00e9s comme porte-drapeaux d\u2019\u00c9quipe Canada \u00e0 la c\u00e9r\u00e9monie d\u2019ouverture des Jeux de Gangwon 2024 - \u00c9quipe Canada | Site officiel de l&#039;\u00e9quipe olympique\" \/>\n<meta property=\"og:description\" content=\"Le Comit\u00e9 olympique canadien (COC) a annonc\u00e9 aujourd\u2019hui que le skieur acrobatique de 16 ans Charlie Beatty et la curleuse de 17 ans Chloe Fediuk seront les porte-drapeaux d\u2019\u00c9quipe Canada pour la c\u00e9r\u00e9monie d\u2019ouverture des Jeux olympiques de la jeunesse d\u2019hiver de Gangwon 2024.\" \/>\n<meta property=\"og:url\" content=\"https:\/\/develop.olympic.ca\/olympique\/presse\/deux-athletes-selectionnes-comme-porte-drapeaux-dequipe-canada-a-la-ceremonie-douverture-des-jeux-de-gangwon-2024\/\" \/>\n<meta property=\"og:site_name\" content=\"\u00c9quipe Canada | Site officiel de l&#039;\u00e9quipe olympique\" \/>\n<meta name=\"twitter:card\" content=\"summary_large_image\" \/>\n<meta name=\"twitter:image\" content=\"https:\/\/develop.olympic.ca\/olympique\/wp-content\/uploads\/sites\/2\/2024\/01\/16x9.png\" \/>\n<meta name=\"twitter:label1\" content=\"Est. reading time\" \/>\n\t<meta name=\"twitter:data1\" content=\"7 minutes\" \/>\n\t<meta name=\"twitter:label2\" content=\"Written by\" \/>\n\t<meta name=\"twitter:data2\" content=\"tmacbournieolympicca\" \/>\n<script type=\"application\/ld+json\" class=\"yoast-schema-graph\">{\"@context\":\"https:\\\/\\\/schema.org\",\"@graph\":[{\"@type\":\"WebPage\",\"@id\":\"https:\\\/\\\/develop.olympic.ca\\\/olympique\\\/presse\\\/deux-athletes-selectionnes-comme-porte-drapeaux-dequipe-canada-a-la-ceremonie-douverture-des-jeux-de-gangwon-2024\\\/\",\"url\":\"https:\\\/\\\/develop.olympic.ca\\\/olympique\\\/presse\\\/deux-athletes-selectionnes-comme-porte-drapeaux-dequipe-canada-a-la-ceremonie-douverture-des-jeux-de-gangwon-2024\\\/\",\"name\":\"Deux athl\u00e8tes s\u00e9lectionn\u00e9s comme porte-drapeaux d\u2019\u00c9quipe Canada \u00e0 la c\u00e9r\u00e9monie d\u2019ouverture des Jeux de Gangwon 2024 - \u00c9quipe Canada | Site officiel de l&#039;\u00e9quipe olympique\",\"isPartOf\":{\"@id\":\"https:\\\/\\\/develop.olympic.ca\\\/olympique\\\/#website\"},\"primaryImageOfPage\":{\"@id\":\"https:\\\/\\\/develop.olympic.ca\\\/olympique\\\/presse\\\/deux-athletes-selectionnes-comme-porte-drapeaux-dequipe-canada-a-la-ceremonie-douverture-des-jeux-de-gangwon-2024\\\/#primaryimage\"},\"image\":{\"@id\":\"https:\\\/\\\/develop.olympic.ca\\\/olympique\\\/presse\\\/deux-athletes-selectionnes-comme-porte-drapeaux-dequipe-canada-a-la-ceremonie-douverture-des-jeux-de-gangwon-2024\\\/#primaryimage\"},\"thumbnailUrl\":\"https:\\\/\\\/develop.olympic.ca\\\/olympique\\\/wp-content\\\/uploads\\\/sites\\\/2\\\/2024\\\/01\\\/16x9.png\",\"datePublished\":\"2024-01-17T14:30:00+00:00\",\"description\":\"Le Comit\u00e9 olympique canadien (COC) a annonc\u00e9 aujourd\u2019hui que le skieur acrobatique de 16 ans Charlie Beatty et la curleuse de 17 ans Chloe Fediuk seront les porte-drapeaux d\u2019\u00c9quipe Canada pour la c\u00e9r\u00e9monie d\u2019ouverture des Jeux olympiques de la jeunesse d\u2019hiver de Gangwon 2024.\",\"inLanguage\":\"fr-FR\",\"potentialAction\":[{\"@type\":\"ReadAction\",\"target\":[\"https:\\\/\\\/develop.olympic.ca\\\/olympique\\\/presse\\\/deux-athletes-selectionnes-comme-porte-drapeaux-dequipe-canada-a-la-ceremonie-douverture-des-jeux-de-gangwon-2024\\\/\"]}]},{\"@type\":\"ImageObject\",\"inLanguage\":\"fr-FR\",\"@id\":\"https:\\\/\\\/develop.olympic.ca\\\/olympique\\\/presse\\\/deux-athletes-selectionnes-comme-porte-drapeaux-dequipe-canada-a-la-ceremonie-douverture-des-jeux-de-gangwon-2024\\\/#primaryimage\",\"url\":\"https:\\\/\\\/develop.olympic.ca\\\/olympique\\\/wp-content\\\/uploads\\\/sites\\\/2\\\/2024\\\/01\\\/16x9.png\",\"contentUrl\":\"https:\\\/\\\/develop.olympic.ca\\\/olympique\\\/wp-content\\\/uploads\\\/sites\\\/2\\\/2024\\\/01\\\/16x9.png\",\"width\":1920,\"height\":1080},{\"@type\":\"WebSite\",\"@id\":\"https:\\\/\\\/develop.olympic.ca\\\/olympique\\\/#website\",\"url\":\"https:\\\/\\\/develop.olympic.ca\\\/olympique\\\/\",\"name\":\"\u00c9quipe Canada | Site officiel de l&#039;\u00e9quipe olympique\",\"description\":\"Votre source pour l\u2019\u00c9quipe olympique canadienne. Retrouvez les r\u00e9cits, vid\u00e9os et photos des athl\u00e8tes canadiens, sports olympiques, Jeux olympiques de 2020 et bien plus!\",\"potentialAction\":[{\"@type\":\"SearchAction\",\"target\":{\"@type\":\"EntryPoint\",\"urlTemplate\":\"https:\\\/\\\/develop.olympic.ca\\\/olympique\\\/?s={search_term_string}\"},\"query-input\":{\"@type\":\"PropertyValueSpecification\",\"valueRequired\":true,\"valueName\":\"search_term_string\"}}],\"inLanguage\":\"fr-FR\"}]}<\/script>\n<!-- \/ Yoast SEO plugin. -->","yoast_head_json":{"title":"Deux athl\u00e8tes s\u00e9lectionn\u00e9s comme porte-drapeaux d\u2019\u00c9quipe Canada \u00e0 la c\u00e9r\u00e9monie d\u2019ouverture des Jeux de Gangwon 2024 - \u00c9quipe Canada | Site officiel de l&#039;\u00e9quipe olympique","description":"Le Comit\u00e9 olympique canadien (COC) a annonc\u00e9 aujourd\u2019hui que le skieur acrobatique de 16 ans Charlie Beatty et la curleuse de 17 ans Chloe Fediuk seront les porte-drapeaux d\u2019\u00c9quipe Canada pour la c\u00e9r\u00e9monie d\u2019ouverture des Jeux olympiques de la jeunesse d\u2019hiver de Gangwon 2024.","robots":{"index":"index","follow":"follow","max-snippet":"max-snippet:-1","max-image-preview":"max-image-preview:large","max-video-preview":"max-video-preview:-1"},"canonical":"https:\/\/develop.olympic.ca\/olympique\/presse\/deux-athletes-selectionnes-comme-porte-drapeaux-dequipe-canada-a-la-ceremonie-douverture-des-jeux-de-gangwon-2024\/","og_locale":"fr_FR","og_type":"article","og_title":"Deux athl\u00e8tes s\u00e9lectionn\u00e9s comme porte-drapeaux d\u2019\u00c9quipe Canada \u00e0 la c\u00e9r\u00e9monie d\u2019ouverture des Jeux de Gangwon 2024 - \u00c9quipe Canada | Site officiel de l&#039;\u00e9quipe olympique","og_description":"Le Comit\u00e9 olympique canadien (COC) a annonc\u00e9 aujourd\u2019hui que le skieur acrobatique de 16 ans Charlie Beatty et la curleuse de 17 ans Chloe Fediuk seront les porte-drapeaux d\u2019\u00c9quipe Canada pour la c\u00e9r\u00e9monie d\u2019ouverture des Jeux olympiques de la jeunesse d\u2019hiver de Gangwon 2024.","og_url":"https:\/\/develop.olympic.ca\/olympique\/presse\/deux-athletes-selectionnes-comme-porte-drapeaux-dequipe-canada-a-la-ceremonie-douverture-des-jeux-de-gangwon-2024\/","og_site_name":"\u00c9quipe Canada | Site officiel de l&#039;\u00e9quipe olympique","twitter_card":"summary_large_image","twitter_image":"https:\/\/develop.olympic.ca\/olympique\/wp-content\/uploads\/sites\/2\/2024\/01\/16x9.png","twitter_misc":{"Est. reading time":"7 minutes","Written by":"tmacbournieolympicca"},"schema":{"@context":"https:\/\/schema.org","@graph":[{"@type":"WebPage","@id":"https:\/\/develop.olympic.ca\/olympique\/presse\/deux-athletes-selectionnes-comme-porte-drapeaux-dequipe-canada-a-la-ceremonie-douverture-des-jeux-de-gangwon-2024\/","url":"https:\/\/develop.olympic.ca\/olympique\/presse\/deux-athletes-selectionnes-comme-porte-drapeaux-dequipe-canada-a-la-ceremonie-douverture-des-jeux-de-gangwon-2024\/","name":"Deux athl\u00e8tes s\u00e9lectionn\u00e9s comme porte-drapeaux d\u2019\u00c9quipe Canada \u00e0 la c\u00e9r\u00e9monie d\u2019ouverture des Jeux de Gangwon 2024 - \u00c9quipe Canada | Site officiel de l&#039;\u00e9quipe olympique","isPartOf":{"@id":"https:\/\/develop.olympic.ca\/olympique\/#website"},"primaryImageOfPage":{"@id":"https:\/\/develop.olympic.ca\/olympique\/presse\/deux-athletes-selectionnes-comme-porte-drapeaux-dequipe-canada-a-la-ceremonie-douverture-des-jeux-de-gangwon-2024\/#primaryimage"},"image":{"@id":"https:\/\/develop.olympic.ca\/olympique\/presse\/deux-athletes-selectionnes-comme-porte-drapeaux-dequipe-canada-a-la-ceremonie-douverture-des-jeux-de-gangwon-2024\/#primaryimage"},"thumbnailUrl":"https:\/\/develop.olympic.ca\/olympique\/wp-content\/uploads\/sites\/2\/2024\/01\/16x9.png","datePublished":"2024-01-17T14:30:00+00:00","description":"Le Comit\u00e9 olympique canadien (COC) a annonc\u00e9 aujourd\u2019hui que le skieur acrobatique de 16 ans Charlie Beatty et la curleuse de 17 ans Chloe Fediuk seront les porte-drapeaux d\u2019\u00c9quipe Canada pour la c\u00e9r\u00e9monie d\u2019ouverture des Jeux olympiques de la jeunesse d\u2019hiver de Gangwon 2024.","inLanguage":"fr-FR","potentialAction":[{"@type":"ReadAction","target":["https:\/\/develop.olympic.ca\/olympique\/presse\/deux-athletes-selectionnes-comme-porte-drapeaux-dequipe-canada-a-la-ceremonie-douverture-des-jeux-de-gangwon-2024\/"]}]},{"@type":"ImageObject","inLanguage":"fr-FR","@id":"https:\/\/develop.olympic.ca\/olympique\/presse\/deux-athletes-selectionnes-comme-porte-drapeaux-dequipe-canada-a-la-ceremonie-douverture-des-jeux-de-gangwon-2024\/#primaryimage","url":"https:\/\/develop.olympic.ca\/olympique\/wp-content\/uploads\/sites\/2\/2024\/01\/16x9.png","contentUrl":"https:\/\/develop.olympic.ca\/olympique\/wp-content\/uploads\/sites\/2\/2024\/01\/16x9.png","width":1920,"height":1080},{"@type":"WebSite","@id":"https:\/\/develop.olympic.ca\/olympique\/#website","url":"https:\/\/develop.olympic.ca\/olympique\/","name":"\u00c9quipe Canada | Site officiel de l&#039;\u00e9quipe olympique","description":"Votre source pour l\u2019\u00c9quipe olympique canadienne. Retrouvez les r\u00e9cits, vid\u00e9os et photos des athl\u00e8tes canadiens, sports olympiques, Jeux olympiques de 2020 et bien plus!","potentialAction":[{"@type":"SearchAction","target":{"@type":"EntryPoint","urlTemplate":"https:\/\/develop.olympic.ca\/olympique\/?s={search_term_string}"},"query-input":{"@type":"PropertyValueSpecification","valueRequired":true,"valueName":"search_term_string"}}],"inLanguage":"fr-FR"}]}},"jetpack_sharing_enabled":true,"_links":{"self":[{"href":"https:\/\/develop.olympic.ca\/olympique\/wp-json\/wp\/v2\/press\/235036","targetHints":{"allow":["GET"]}}],"collection":[{"href":"https:\/\/develop.olympic.ca\/olympique\/wp-json\/wp\/v2\/press"}],"about":[{"href":"https:\/\/develop.olympic.ca\/olympique\/wp-json\/wp\/v2\/types\/press"}],"version-history":[{"count":5,"href":"https:\/\/develop.olympic.ca\/olympique\/wp-json\/wp\/v2\/press\/235036\/revisions"}],"predecessor-version":[{"id":235042,"href":"https:\/\/develop.olympic.ca\/olympique\/wp-json\/wp\/v2\/press\/235036\/revisions\/235042"}],"wp:featuredmedia":[{"embeddable":true,"href":"https:\/\/develop.olympic.ca\/olympique\/wp-json\/wp\/v2\/media\/235037"}],"wp:attachment":[{"href":"https:\/\/develop.olympic.ca\/olympique\/wp-json\/wp\/v2\/media?parent=235036"}],"wp:term":[{"taxonomy":"post_tag","embeddable":true,"href":"https:\/\/develop.olympic.ca\/olympique\/wp-json\/wp\/v2\/tags?post=235036"},{"taxonomy":"type-of-press","embeddable":true,"href":"https:\/\/develop.olympic.ca\/olympique\/wp-json\/wp\/v2\/type-of-press?post=235036"},{"taxonomy":"press-topic","embeddable":true,"href":"https:\/\/develop.olympic.ca\/olympique\/wp-json\/wp\/v2\/press-topic?post=235036"},{"taxonomy":"years","embeddable":true,"href":"https:\/\/develop.olympic.ca\/olympique\/wp-json\/wp\/v2\/years?post=235036"}],"curies":[{"name":"wp","href":"https:\/\/api.w.org\/{rel}","templated":true}]}}