{"id":235387,"date":"2024-01-24T09:40:33","date_gmt":"2024-01-24T14:40:33","guid":{"rendered":""},"modified":"2024-01-24T22:03:55","modified_gmt":"2024-01-25T03:03:55","slug":"gangwon-2024-equipe-canada-a-la-conclusion-du-jour-5","status":"publish","type":"press","link":"https:\/\/develop.olympic.ca\/olympique\/presse\/gangwon-2024-equipe-canada-a-la-conclusion-du-jour-5\/","title":{"rendered":"Gangwon 2024 : \u00c9quipe Canada \u00e0 la conclusion du Jour 5"},"content":{"rendered":"\n<p class=\"wp-block-paragraph\"><\/p>\n\n\n\n<p class=\"wp-block-paragraph\">GANGNEUNG (Cor\u00e9e du Sud) 24 janvier 2024 &#8211; La cinqui\u00e8me journ\u00e9e des Jeux olympiques de la jeunesse d\u2019hiver de Gangwon 2024 a \u00e9t\u00e9 marqu\u00e9e par la conclusion du parcours de plusieurs membres d\u2019\u00c9quipe Canada qui ont disput\u00e9 leur derni\u00e8re \u00e9preuve. Pas moins de 21 athl\u00e8tes \u00e9taient en action dans sept sports \u00e0 cette occasion.<\/p>\n\n\n\n<p class=\"wp-block-paragraph\"><strong>BIATHLON<\/strong><br>Le rideau est tomb\u00e9 sur les \u00e9preuves de biathlon avec la pr\u00e9sentation du relais 4&#215;6 km. L\u2019\u00e9quipe canadienne compos\u00e9e de Flora Csonka (Calgary, AB), Cheyenne Tirschmann (Whitehorse, YK), Luke Hulshof (Calgary, AB) et Justin Konoff (Calgary, AB) a disput\u00e9 une course exceptionnelle, prenant le sixi\u00e8me rang parmi 26 nations. Aucune erreur de tir n\u2019a \u00e9t\u00e9 commise par les Canadiens dans le premier segment debout, un fait d\u2019armes r\u00e9alis\u00e9 par seulement deux autres \u00e9quipes dans cette course. Les quatre athl\u00e8tes sont demeur\u00e9s parmi les 10 meilleurs tout au long de la course alors que Konoff a conclu la premi\u00e8re section au cinqui\u00e8me rang. Ces Jeux olympiques de la jeunesse repr\u00e9sentaient une premi\u00e8re exp\u00e9rience internationale pour cinq des six biathl\u00e8tes d\u2019\u00c9quipe Canada, si bien que ce groupe a acquis une pr\u00e9cieuse exp\u00e9rience de courses internationales tout en cr\u00e9ant de nouvelles amiti\u00e9s.<br><br>\u00ab Ce que j\u2019ai pr\u00e9f\u00e9r\u00e9 a \u00e9t\u00e9 de rencontrer toutes sortes de personnes. Mes co\u00e9quipiers, mais aussi des gens d\u2019autres pays dans notre sport et au Village. Cette exp\u00e9rience a vraiment \u00e9t\u00e9<br>incroyable! \u00bb<br>\u2013 Justin Konoff<\/p>\n\n\n\n<p class=\"wp-block-paragraph\"><strong>CURLING<\/strong><br>Nathan Gray (Dartmouth, N.-\u00c9.), Chloe Fediuk (Edmonton, AB), Owain Fisher (North River, N.-\u00c9.) et Allie Iskiw (Edmonton, AB) ont conclu leur participation aux Jeux olympiques de la jeunesse apr\u00e8s un septi\u00e8me match de tournoi \u00e0 la ronde qui s\u2019est sold\u00e9 par une d\u00e9faite de 4-2 aux mains du Danemark. Dans cet autre match serr\u00e9, \u00c9quipe Canada a lutt\u00e9 jusqu\u2019\u00e0 la fin. L\u2019\u00e9galit\u00e9 a pr\u00e9valu jusqu\u2019\u00e0 ce que le Danemark se donne une priorit\u00e9 d\u2019un point en septi\u00e8me manche, puis en ajoute un autre dans la derni\u00e8re manche. Les membres de l\u2019\u00e9quipe mixte d\u2019\u00c9quipe Canada rentrent \u00e0 la maison apr\u00e8s avoir acquis une exp\u00e9rience incroyable et une faim de poursuivre l\u2019entra\u00eenement et le d\u00e9veloppement.<br><br><strong>PATINAGE DE VITESSE COURTE PISTE<br><\/strong>Courtney Charlong (Campbellton, N.-B.), Victor Chartrand (Laval, QC), Alexis Dubuc-Bilodeau (Trois-Rivi\u00e8res, QC) et Oc\u00e9ane Gu\u00e9rard (Qu\u00e9bec, QC) ont conclu le programme de patinage de vitesse courte piste avec le relais mixte, une \u00e9preuve qui faisait son entr\u00e9e au programme des Jeux olympiques de la jeunesse. \u00c9quipe Canada a pris le deuxi\u00e8me rang en demi-finale, qualifiant le groupe pour la finale A avec la Chine, le Japon et les \u00c9tats-Unis. Apr\u00e8s avoir \u00e9t\u00e9 confortablement install\u00e9s au troisi\u00e8me rang pour une majeure partie de la course, les Canadiens ont termin\u00e9 quatri\u00e8mes en raison d\u2019une chute dans un des derniers tours de piste.<br><br><strong>SKI ACROBATIQUE<br><\/strong>L\u2019\u00e9preuve f\u00e9minine de slopestyle de ski acrobatique \u00e9tait disput\u00e9e \u00e0 la station de ski du parc Welli Hilli. Gabi Dinn (Kamloops, C.-B.) n\u2019a pas connu les descentes qu\u2019elle d\u00e9sirait en qualification, mais a r\u00e9alis\u00e9 un doubl\u00e9 avant sur le dernier saut de sa deuxi\u00e8me descente au grand plaisir de ses co\u00e9quipiers, pour conclure la journ\u00e9e avec fiert\u00e9 et un grand sourire. Ajout de derni\u00e8re minute au sein d\u2019\u00c9quipe Canada en raison d\u2019une r\u00e9attribution de quotas pour l\u2019\u00e9preuve de slopestyle f\u00e9minin de ski acrobatique, Ella Garrod (Vernon, C.-B.) a atteint la finale en d\u00e9crochant la 10e et derni\u00e8re place y donnant acc\u00e8s en qualification. Garrod, qui g\u00e8re son diab\u00e8te de type-1 comme athl\u00e8te de haute performance, a grimp\u00e9 de trois places en finale pour conclure la comp\u00e9tition au septi\u00e8me rang.<br><br>\u00ab C\u2019\u00e9tait tellement plaisant! Je suis emball\u00e9e d\u2019avoir r\u00e9ussi certaines figures et je me suis vraiment amus\u00e9e. Je suis enthousiaste de repr\u00e9senter \u00c9quipe Canada et je crois que nos uniformes lululemon sont absolument fabuleux. J\u2019aime marcher dans le Village et reconna\u00eetre mes co\u00e9quipiers canadiens! J\u2019aime rencontrer d\u2019autres personnes d\u2019autres pays et apprendre sur leurs exp\u00e9riences et leurs sports. Il y a tellement de sports ici! C\u2019est tellement amusant et je suis tr\u00e8s reconnaissante d\u2019\u00eatre ici! \u00bb<br>\u2013 Ella Garrod<br><\/p>\n\n\n\n<p class=\"wp-block-paragraph\"><strong>SKI ALPIN<\/strong><br>Thomas Carnahan (Ottawa, ON) \u00e9tait de retour en action \u00e0 la station de ski Jeongseon High 1 pour l\u2019\u00e9preuve masculine de slalom g\u00e9ant. Malheureusement pour l\u2019athl\u00e8te de 17 ans qui a pris le neuvi\u00e8me rang du Super-G masculin, Carnahan a rat\u00e9 une porte aujourd\u2019hui et n\u2019a pas pu terminer l\u2019\u00e9preuve. Il aura une autre occasion demain parmi le groupe de 78 comp\u00e9titeurs qui participeront au slalom masculin.<\/p>\n\n\n\n<p class=\"wp-block-paragraph\"><strong>SKI CROSS<\/strong><br>William &lsquo;Kael&rsquo; Johnston (Calgary, AB), Anne-Marie Joncas (Whistler, C.-B.), Cole Merrett (Calgary, AB) et Kael Oberlander (Big White, C.-B.) \u00e9taient en action \u00e0 nouveau aujourd\u2019hui dans l\u2019\u00e9preuve par \u00e9quipes mixtes de ski cross. Les quatre athl\u00e8tes ont conclu leur journ\u00e9e en quarts de finale, accumulant une pr\u00e9cieuse exp\u00e9rience de course qui leur servira dans la suite dans leur carri\u00e8re au ski cross.<br><br><strong>SNOWBOARD<br><\/strong>Amalia &lsquo;<em>Billy<\/em>&lsquo; Pelchat (Whistler, C.-B.) et Avery Spalding (Havelock, ON) \u00e9taient en action dans l\u2019\u00e9preuve f\u00e9minine de slopestyle au snowboard. Apr\u00e8s avoir particip\u00e9 aux \u00e9preuves de slopestyle, de big air et de snowboard cross aux Jeux d\u2019hiver du Canada en 2023, Spalding a conclu sa journ\u00e9e au 14e rang. Fille de l\u2019ancien planchiste professionnel J.-F. Pelchat, \u2018<em>Billy<\/em>\u2019 n\u2019\u00e9tait pas pleinement satisfaite de sa performance et avait h\u00e2te de disputer la prochaine \u00e9preuve de big air apr\u00e8s avoir pris le neuvi\u00e8me rang.<br><br>\u00ab Malheureusement, je ne suis pas parvenue \u00e0 r\u00e9ussir une belle descente en finale, mais j\u2019ai eu beaucoup de plaisir et c\u2019\u00e9tait quand m\u00eame incroyable! Je disputerai aussi l\u2019\u00e9preuve de big air alors je vais tenter de me d\u00e9tendre pour \u00eatre pr\u00eate pour cette comp\u00e9tition dans quelques jours. \u00bb<br>\u2013 Billy Pelchat<br><br><strong><em>Pour tous les r\u00e9sultats d\u2019\u00c9quipe Canada en cette cinqui\u00e8me journ\u00e9e, <\/em><\/strong><a href=\"https:\/\/drive.google.com\/file\/d\/1VyeLGRvM9ikYeP4bjWORAMbSo84pwYOW\/view?pli=1\"><strong><em>cliquez ici<\/em><\/strong><\/a><strong><em>.<\/em><br><br>HORAIRE DES DEUX PROCHAINES JOURN\u00c9ES \u2013 <\/strong><a href=\"https:\/\/drive.google.com\/file\/d\/1VtJGdErTi9I6h5hRZENSmtad9dvyFZdD\/view?pli=1\"><strong><em>25 JANVIER (Jour 6)<\/em><\/strong><\/a><strong> \/ <\/strong><a href=\"https:\/\/drive.google.com\/file\/d\/1W2FgboOM2eQ07rYLDeRUEIbNsSXQED8M\/view?pli=1\"><strong>26 JANVIER (Jour 7)<br><\/strong><\/a>*La colonne \u00ab <em>Potential \/ Comp. possible <\/em>\u00bb<em> indique la phase de comp\u00e9tition pr\u00e9vue pour ce(tte) comp\u00e9titeur(trice). Les rang\u00e9es en rouge sont des \u00e9preuves m\u00e9daill\u00e9es.<\/em><\/p>\n\n\n\n<p class=\"wp-block-paragraph\"><strong>COMPTE DE M\u00c9DAILLES D\u2019\u00c9QUIPE CANADA :<\/strong><br>Or &#8211; 0 | Argent &#8211; 1 | Bronze &#8211; 0<strong><br><\/strong><em><br><\/em><strong>COMMENT SUIVRE LES \u00c9PREUVES :<br><\/strong>Comme diffuseur officiel des Jeux de Gangwon 2024 au Canada, CBC\/Radio-Canada offrira une couverture des Jeux sur<a href=\"https:\/\/www.cbc.ca\/sports\"> cbcsports.ca<\/a>,<a href=\"https:\/\/ici.radio-canada.ca\/sports\"> radio-canada.ca\/sports<\/a> ainsi que sur les applications de CBC Sports et de Radio-Canada Sports. La cha\u00eene<a href=\"https:\/\/olympics.com\/en\/olympic-channel\"> Olympic Channel<\/a> offrira aussi une couverture compl\u00e8te des Jeux de Gangwon 2024, qui sera webdiffus\u00e9e sur son application gratuite.<\/p>\n\n\n\n<p class=\"wp-block-paragraph\"><strong>RESOURCES :<\/strong><strong><br><\/strong>PHOTOS : Soumettez une demande \u00e0 Tara (tmacbournie@olympique.ca) pour acc\u00e9der \u00e0 des photos \u00e0 des fins \u00e9ditoriales de<a href=\"https:\/\/images.olympic.ca\/index\"> images.olympic.ca.<\/a> D\u2019autres photos \u00e0 des fins \u00e9ditoriales sont accessibles aux m\u00e9dias sur<a href=\"https:\/\/oisphotos.com\/\"> oisphotos.com<br><\/a>VISITEZ : <a href=\"https:\/\/develop.olympic.ca\/olympique\/presse-ressources\/\">https:\/\/develop.olympic.ca\/olympique\/presse-ressources\/<\/a> pour acc\u00e9der aux bios des athl\u00e8tes et \u00e0 d\u2019autres renseignements sur les Jeux de Gangwon 2024.<br>SUIVEZ : <a href=\"https:\/\/twitter.com\/TeamCanadaPR\">@teamcanadapr sur Twitter (X)<\/a><\/p>\n\n\n\n<p class=\"has-text-align-center wp-block-paragraph\">&#8211; 30 &#8211;&nbsp;<\/p>\n\n\n\n<p class=\"wp-block-paragraph\">CONTACT POUR LES M\u00c9DIAS<\/p>\n\n\n\n<p class=\"wp-block-paragraph\">Tara MacBournie<br>Responsable des communications d\u2019\u00c9quipe Canada pour les Jeux de Gangwon 2024<br>WhatsApp : 647-522-8328<br>Courriel : <a href=\"mailto:tmacbournie@olympique.ca\">tmacbournie@olympique.ca<\/a><\/p>\n","protected":false},"excerpt":{"rendered":"<p>GANGNEUNG (Cor\u00e9e du Sud) 24 janvier 2024 &#8211; La cinqui\u00e8me journ\u00e9e des Jeux olympiques de la jeunesse d\u2019hiver de Gangwon&#8230;<\/p>\n","protected":false},"featured_media":235388,"template":"","format":"standard","tags":[],"type-of-press":[496138],"press-topic":[682165520],"years":[682166484],"class_list":["post-235387","press","type-press","status-publish","format-standard","has-post-thumbnail","hentry","type-of-press-communiques","press-topic-gangwon-2024","years-682166484"],"acf":[],"yoast_head":"<!-- This site is optimized with the Yoast SEO plugin v27.3 - https:\/\/yoast.com\/product\/yoast-seo-wordpress\/ -->\n<title>Gangwon 2024 : \u00c9quipe Canada \u00e0 la conclusion du Jour 5 - \u00c9quipe Canada | Site officiel de l&#039;\u00e9quipe olympique<\/title>\n<meta name=\"robots\" content=\"index, follow, max-snippet:-1, max-image-preview:large, max-video-preview:-1\" \/>\n<link rel=\"canonical\" href=\"https:\/\/develop.olympic.ca\/olympique\/presse\/gangwon-2024-equipe-canada-a-la-conclusion-du-jour-5\/\" \/>\n<meta property=\"og:locale\" content=\"fr_FR\" \/>\n<meta property=\"og:type\" content=\"article\" \/>\n<meta property=\"og:title\" content=\"Gangwon 2024 : \u00c9quipe Canada \u00e0 la conclusion du Jour 5 - \u00c9quipe Canada | Site officiel de l&#039;\u00e9quipe olympique\" \/>\n<meta property=\"og:description\" content=\"GANGNEUNG (Cor\u00e9e du Sud) 24 janvier 2024 &#8211; La cinqui\u00e8me journ\u00e9e des Jeux olympiques de la jeunesse d\u2019hiver de Gangwon...\" \/>\n<meta property=\"og:url\" content=\"https:\/\/develop.olympic.ca\/olympique\/presse\/gangwon-2024-equipe-canada-a-la-conclusion-du-jour-5\/\" \/>\n<meta property=\"og:site_name\" content=\"\u00c9quipe Canada | Site officiel de l&#039;\u00e9quipe olympique\" \/>\n<meta property=\"article:modified_time\" content=\"2024-01-25T03:03:55+00:00\" \/>\n<meta name=\"twitter:card\" content=\"summary_large_image\" \/>\n<meta name=\"twitter:image\" content=\"https:\/\/develop.olympic.ca\/olympique\/wp-content\/uploads\/sites\/2\/2024\/01\/DH_20240124-92204584.jpg?quality=100\" \/>\n<meta name=\"twitter:label1\" content=\"Est. reading time\" \/>\n\t<meta name=\"twitter:data1\" content=\"6 minutes\" \/>\n\t<meta name=\"twitter:label2\" content=\"Written by\" \/>\n\t<meta name=\"twitter:data2\" content=\"mannyalmela\" \/>\n<script type=\"application\/ld+json\" class=\"yoast-schema-graph\">{\"@context\":\"https:\\\/\\\/schema.org\",\"@graph\":[{\"@type\":\"WebPage\",\"@id\":\"https:\\\/\\\/develop.olympic.ca\\\/olympique\\\/presse\\\/gangwon-2024-equipe-canada-a-la-conclusion-du-jour-5\\\/\",\"url\":\"https:\\\/\\\/develop.olympic.ca\\\/olympique\\\/presse\\\/gangwon-2024-equipe-canada-a-la-conclusion-du-jour-5\\\/\",\"name\":\"Gangwon 2024 : \u00c9quipe Canada \u00e0 la conclusion du Jour 5 - \u00c9quipe Canada | Site officiel de l&#039;\u00e9quipe olympique\",\"isPartOf\":{\"@id\":\"https:\\\/\\\/develop.olympic.ca\\\/olympique\\\/#website\"},\"primaryImageOfPage\":{\"@id\":\"https:\\\/\\\/develop.olympic.ca\\\/olympique\\\/presse\\\/gangwon-2024-equipe-canada-a-la-conclusion-du-jour-5\\\/#primaryimage\"},\"image\":{\"@id\":\"https:\\\/\\\/develop.olympic.ca\\\/olympique\\\/presse\\\/gangwon-2024-equipe-canada-a-la-conclusion-du-jour-5\\\/#primaryimage\"},\"thumbnailUrl\":\"https:\\\/\\\/develop.olympic.ca\\\/olympique\\\/wp-content\\\/uploads\\\/sites\\\/2\\\/2024\\\/01\\\/DH_20240124-92204584.jpg?quality=100\",\"datePublished\":\"2024-01-24T14:40:33+00:00\",\"dateModified\":\"2024-01-25T03:03:55+00:00\",\"inLanguage\":\"fr-FR\",\"potentialAction\":[{\"@type\":\"ReadAction\",\"target\":[\"https:\\\/\\\/develop.olympic.ca\\\/olympique\\\/presse\\\/gangwon-2024-equipe-canada-a-la-conclusion-du-jour-5\\\/\"]}]},{\"@type\":\"ImageObject\",\"inLanguage\":\"fr-FR\",\"@id\":\"https:\\\/\\\/develop.olympic.ca\\\/olympique\\\/presse\\\/gangwon-2024-equipe-canada-a-la-conclusion-du-jour-5\\\/#primaryimage\",\"url\":\"https:\\\/\\\/develop.olympic.ca\\\/olympique\\\/wp-content\\\/uploads\\\/sites\\\/2\\\/2024\\\/01\\\/DH_20240124-92204584.jpg?quality=100\",\"contentUrl\":\"https:\\\/\\\/develop.olympic.ca\\\/olympique\\\/wp-content\\\/uploads\\\/sites\\\/2\\\/2024\\\/01\\\/DH_20240124-92204584.jpg?quality=100\",\"width\":3000,\"height\":1530,\"caption\":\"Amalia 'Billy' Pelchat of Canada competes in women\u2019s snowboard slopestyle during the Gangwon 2024 Winter Youth Olympics on Tuesday, January 23, 2024. Photo by Dave Holland\\\/COC *MANDATORY CREDIT*\"},{\"@type\":\"WebSite\",\"@id\":\"https:\\\/\\\/develop.olympic.ca\\\/olympique\\\/#website\",\"url\":\"https:\\\/\\\/develop.olympic.ca\\\/olympique\\\/\",\"name\":\"\u00c9quipe Canada | Site officiel de l&#039;\u00e9quipe olympique\",\"description\":\"Votre source pour l\u2019\u00c9quipe olympique canadienne. Retrouvez les r\u00e9cits, vid\u00e9os et photos des athl\u00e8tes canadiens, sports olympiques, Jeux olympiques de 2020 et bien plus!\",\"potentialAction\":[{\"@type\":\"SearchAction\",\"target\":{\"@type\":\"EntryPoint\",\"urlTemplate\":\"https:\\\/\\\/develop.olympic.ca\\\/olympique\\\/?s={search_term_string}\"},\"query-input\":{\"@type\":\"PropertyValueSpecification\",\"valueRequired\":true,\"valueName\":\"search_term_string\"}}],\"inLanguage\":\"fr-FR\"}]}<\/script>\n<!-- \/ Yoast SEO plugin. -->","yoast_head_json":{"title":"Gangwon 2024 : \u00c9quipe Canada \u00e0 la conclusion du Jour 5 - \u00c9quipe Canada | Site officiel de l&#039;\u00e9quipe olympique","robots":{"index":"index","follow":"follow","max-snippet":"max-snippet:-1","max-image-preview":"max-image-preview:large","max-video-preview":"max-video-preview:-1"},"canonical":"https:\/\/develop.olympic.ca\/olympique\/presse\/gangwon-2024-equipe-canada-a-la-conclusion-du-jour-5\/","og_locale":"fr_FR","og_type":"article","og_title":"Gangwon 2024 : \u00c9quipe Canada \u00e0 la conclusion du Jour 5 - \u00c9quipe Canada | Site officiel de l&#039;\u00e9quipe olympique","og_description":"GANGNEUNG (Cor\u00e9e du Sud) 24 janvier 2024 &#8211; La cinqui\u00e8me journ\u00e9e des Jeux olympiques de la jeunesse d\u2019hiver de Gangwon...","og_url":"https:\/\/develop.olympic.ca\/olympique\/presse\/gangwon-2024-equipe-canada-a-la-conclusion-du-jour-5\/","og_site_name":"\u00c9quipe Canada | Site officiel de l&#039;\u00e9quipe olympique","article_modified_time":"2024-01-25T03:03:55+00:00","twitter_card":"summary_large_image","twitter_image":"https:\/\/develop.olympic.ca\/olympique\/wp-content\/uploads\/sites\/2\/2024\/01\/DH_20240124-92204584.jpg?quality=100","twitter_misc":{"Est. reading time":"6 minutes","Written by":"mannyalmela"},"schema":{"@context":"https:\/\/schema.org","@graph":[{"@type":"WebPage","@id":"https:\/\/develop.olympic.ca\/olympique\/presse\/gangwon-2024-equipe-canada-a-la-conclusion-du-jour-5\/","url":"https:\/\/develop.olympic.ca\/olympique\/presse\/gangwon-2024-equipe-canada-a-la-conclusion-du-jour-5\/","name":"Gangwon 2024 : \u00c9quipe Canada \u00e0 la conclusion du Jour 5 - \u00c9quipe Canada | Site officiel de l&#039;\u00e9quipe olympique","isPartOf":{"@id":"https:\/\/develop.olympic.ca\/olympique\/#website"},"primaryImageOfPage":{"@id":"https:\/\/develop.olympic.ca\/olympique\/presse\/gangwon-2024-equipe-canada-a-la-conclusion-du-jour-5\/#primaryimage"},"image":{"@id":"https:\/\/develop.olympic.ca\/olympique\/presse\/gangwon-2024-equipe-canada-a-la-conclusion-du-jour-5\/#primaryimage"},"thumbnailUrl":"https:\/\/develop.olympic.ca\/olympique\/wp-content\/uploads\/sites\/2\/2024\/01\/DH_20240124-92204584.jpg?quality=100","datePublished":"2024-01-24T14:40:33+00:00","dateModified":"2024-01-25T03:03:55+00:00","inLanguage":"fr-FR","potentialAction":[{"@type":"ReadAction","target":["https:\/\/develop.olympic.ca\/olympique\/presse\/gangwon-2024-equipe-canada-a-la-conclusion-du-jour-5\/"]}]},{"@type":"ImageObject","inLanguage":"fr-FR","@id":"https:\/\/develop.olympic.ca\/olympique\/presse\/gangwon-2024-equipe-canada-a-la-conclusion-du-jour-5\/#primaryimage","url":"https:\/\/develop.olympic.ca\/olympique\/wp-content\/uploads\/sites\/2\/2024\/01\/DH_20240124-92204584.jpg?quality=100","contentUrl":"https:\/\/develop.olympic.ca\/olympique\/wp-content\/uploads\/sites\/2\/2024\/01\/DH_20240124-92204584.jpg?quality=100","width":3000,"height":1530,"caption":"Amalia 'Billy' Pelchat of Canada competes in women\u2019s snowboard slopestyle during the Gangwon 2024 Winter Youth Olympics on Tuesday, January 23, 2024. Photo by Dave Holland\/COC *MANDATORY CREDIT*"},{"@type":"WebSite","@id":"https:\/\/develop.olympic.ca\/olympique\/#website","url":"https:\/\/develop.olympic.ca\/olympique\/","name":"\u00c9quipe Canada | Site officiel de l&#039;\u00e9quipe olympique","description":"Votre source pour l\u2019\u00c9quipe olympique canadienne. Retrouvez les r\u00e9cits, vid\u00e9os et photos des athl\u00e8tes canadiens, sports olympiques, Jeux olympiques de 2020 et bien plus!","potentialAction":[{"@type":"SearchAction","target":{"@type":"EntryPoint","urlTemplate":"https:\/\/develop.olympic.ca\/olympique\/?s={search_term_string}"},"query-input":{"@type":"PropertyValueSpecification","valueRequired":true,"valueName":"search_term_string"}}],"inLanguage":"fr-FR"}]}},"jetpack_sharing_enabled":true,"_links":{"self":[{"href":"https:\/\/develop.olympic.ca\/olympique\/wp-json\/wp\/v2\/press\/235387","targetHints":{"allow":["GET"]}}],"collection":[{"href":"https:\/\/develop.olympic.ca\/olympique\/wp-json\/wp\/v2\/press"}],"about":[{"href":"https:\/\/develop.olympic.ca\/olympique\/wp-json\/wp\/v2\/types\/press"}],"version-history":[{"count":8,"href":"https:\/\/develop.olympic.ca\/olympique\/wp-json\/wp\/v2\/press\/235387\/revisions"}],"predecessor-version":[{"id":235421,"href":"https:\/\/develop.olympic.ca\/olympique\/wp-json\/wp\/v2\/press\/235387\/revisions\/235421"}],"wp:featuredmedia":[{"embeddable":true,"href":"https:\/\/develop.olympic.ca\/olympique\/wp-json\/wp\/v2\/media\/235388"}],"wp:attachment":[{"href":"https:\/\/develop.olympic.ca\/olympique\/wp-json\/wp\/v2\/media?parent=235387"}],"wp:term":[{"taxonomy":"post_tag","embeddable":true,"href":"https:\/\/develop.olympic.ca\/olympique\/wp-json\/wp\/v2\/tags?post=235387"},{"taxonomy":"type-of-press","embeddable":true,"href":"https:\/\/develop.olympic.ca\/olympique\/wp-json\/wp\/v2\/type-of-press?post=235387"},{"taxonomy":"press-topic","embeddable":true,"href":"https:\/\/develop.olympic.ca\/olympique\/wp-json\/wp\/v2\/press-topic?post=235387"},{"taxonomy":"years","embeddable":true,"href":"https:\/\/develop.olympic.ca\/olympique\/wp-json\/wp\/v2\/years?post=235387"}],"curies":[{"name":"wp","href":"https:\/\/api.w.org\/{rel}","templated":true}]}}