{"id":235450,"date":"2024-01-25T09:33:25","date_gmt":"2024-01-25T14:33:25","guid":{"rendered":"https:\/\/develop.olympic.ca\/olympique\/?post_type=press&#038;p=235450"},"modified":"2024-01-25T09:52:00","modified_gmt":"2024-01-25T14:52:00","slug":"gangwon-2024-equipe-canada-a-la-conclusion-du-jour-6","status":"publish","type":"press","link":"https:\/\/develop.olympic.ca\/olympique\/presse\/gangwon-2024-equipe-canada-a-la-conclusion-du-jour-6\/","title":{"rendered":"Gangwon 2024 : \u00c9quipe Canada \u00e0 la conclusion du Jour 6"},"content":{"rendered":"\n<p class=\"wp-block-paragraph\">GANGNEUNG (Cor\u00e9e du Sud) 25 janvier 2024 &#8211; \u00c9quipe Canada a ajout\u00e9 une m\u00e9daille d\u2019argent \u00e0 son total \u00e0 la sixi\u00e8me journ\u00e9e des Jeux olympiques de la jeunesse d\u2019hiver de Gangwon 2024, celle du planchiste d\u2019Eli Bouchard (Lac-Beauport, QC) \u00e0 l\u2019\u00e9preuve masculine de slopestyle. Sept athl\u00e8tes d\u2019\u00c9quipe Canada \u00e9taient en action dans trois sports en cette journ\u00e9e.<\/p>\n\n\n\n<p class=\"wp-block-paragraph\"><strong>SKI ACROBATIQUE<\/strong><br>Charlie Beatty (Horseshoe Valley, ON) et Matthew Lepine (Ottawa, ON) ont particip\u00e9 \u00e0 leur premi\u00e8re \u00e9preuve aux Jeux olympiques de la jeunesse d\u2019hiver \u00e0 l\u2019\u00e9tape masculine de slopestyle en ski acrobatique et les deux Canadiens ont atteint la finale. Lepine a pris la 10e et derni\u00e8re place donnant acc\u00e8s \u00e0 la finale, tandis que Beatty a \u00e9t\u00e9 le meilleur des qualifications, avec un pointage de 92,25 \u00e0 sa deuxi\u00e8me descente apr\u00e8s avoir subi une chute \u00e0 la premi\u00e8re. En finale, les Canadiens n\u2019ont pas \u00e9t\u00e9 en mesure de r\u00e9\u00e9diter leurs performances, terminant huiti\u00e8me et dixi\u00e8me. Le pointage de Beatty en qualification a \u00e9t\u00e9 le meilleur de la journ\u00e9e alors que l\u2019Am\u00e9ricain qui a remport\u00e9 l\u2019\u00e9preuve a obtenu 90,25 points pour monter sur la plus haute marche du podium au terme de la finale. Beatty et Lepine seront de retour pour l\u2019\u00e9preuve de big air plus tard cette semaine.<br><br>\u00ab La qualification a \u00e9t\u00e9 tr\u00e8s bonne pour moi, juste de pouvoir r\u00e9ussir cette performance. \u00c0 ma deuxi\u00e8me tentative, j\u2019avais beaucoup de pression puisque je n\u2019avais pas r\u00e9ussi ma premi\u00e8re descente. Obtenir 92 points \u00e9tait pour moi tr\u00e8s emballant et cela m\u2019a donn\u00e9 confiance pour la finale. J\u2019ai eu trois occasions, j\u2019ai cherch\u00e9 \u00e0 pousser davantage, mais je ne suis pas parvenu \u00e0 faire ce que je d\u00e9sirais. C\u2019est quelque chose que je dois apprendre, \u00eatre plus constant et continuer \u00e0 m\u2019entra\u00eener. \u00bb<br>\u2013 Charlie Beatty<br><br>Il y a pr\u00e8s d\u2019une semaine, Beatty a eu l\u2019honneur de porter le drapeau canadien \u00e0 la c\u00e9r\u00e9monie d\u2019ouverture avec la curleuse Chloe Fediuk. Lepine a aussi soulign\u00e9 que l\u2019exp\u00e9rience de la c\u00e9r\u00e9monie d\u2019ouverture avait \u00e9t\u00e9 un des faits saillants de son parcours aux Jeux olympiques de la jeunesse.<br><br>\u00ab La c\u00e9r\u00e9monie et notre entr\u00e9e avec les v\u00eatements d\u2019\u00c9quipe Canada, puis le simple fait de nous retrouver ici et de compter sur l\u2019appui de tous les partisans canadiens en font une exp\u00e9rience vraiment tr\u00e8s sp\u00e9ciale. \u00bb<br>\u2013 Matthew Lepine<br><br>\u00ab C\u2019\u00e9tait plut\u00f4t surr\u00e9el de porter le drapeau \u00e0 la c\u00e9r\u00e9monie d\u2019ouverture. C\u2019est quelque chose dont j\u2019ai parfois r\u00eav\u00e9 depuis que je suis petit. Quand vient le moment de vivre l\u2019exp\u00e9rience, tu ne te souviens pas trop de tout ce qui se passe, c\u2019est seulement du bonheur et de la joie. C\u2019\u00e9tait certainement un grand honneur de pouvoir faire cela. \u00bb<br>\u2013 Charlie Beatty<br><br><strong>SKI ALPIN<\/strong><br>Les trois skieurs alpins d\u2019\u00c9quipe Canada \u00e9taient de retour sur les pentes \u00e0 l\u2019occasion des \u00e9preuves de slalom. Les Canadiennes ont connu d\u2019excellentes descentes, chacune se hissant parmi les 15 meilleures parmi un groupe de 65 concurrentes. Aida Draghia (Ch\u00e2teauguay, QC) a pris le 10e rang tandis qu\u2019Elsa Feliciello (Piedmont, QC) a termin\u00e9 14e. Chez les gar\u00e7ons, Thomas Carnahan (Ottawa, ON) a r\u00e9alis\u00e9 une solide premi\u00e8re descente, ce qui lui a valu le 16e rang, mais \u00e0 sa deuxi\u00e8me descente, il a \u00e9t\u00e9 agressif en r\u00e9alisant un bon parcours et il a chut\u00e9, ce qui l\u2019a emp\u00each\u00e9 de compl\u00e9ter l\u2019\u00e9preuve. Il s\u2019est relev\u00e9 et participera demain \u00e0 l\u2019\u00e9preuve parall\u00e8le par \u00e9quipes mixtes.<\/p>\n\n\n\n<p class=\"wp-block-paragraph\"><strong>SNOWBOARD<\/strong><br>Apr\u00e8s avoir disput\u00e9 les Championnats du monde juniors de la FIS 2003 en Nouvelle-Z\u00e9lande, o\u00f9 il est n\u00e9 avant de d\u00e9m\u00e9nager en Colombie-Britannique \u00e0 un jeune \u00e2ge, Neko Reimer (Rossland, C.-B.) s\u2019est facilement qualifi\u00e9 pour la finale en prenant la cinqui\u00e8me place. Il a ensuite pris le 10e rang de cette finale et il sera de retour pour l\u2019\u00e9preuve de big air de snowboard dans quelques jours.<br><br>\u00ab Je me sentais bien aujourd\u2019hui! Je n\u2019ai pas r\u00e9ussi mes meilleures descentes depuis quelques jours \u00e0 l\u2019entra\u00eenement, mais je suis tr\u00e8s heureux d\u2019avoir acc\u00e9d\u00e9 \u00e0 la finale. J\u2019ai pass\u00e9 du bon temps et je suis tr\u00e8s heureux d\u2019\u00eatre ici! C\u2019est le plus beau voyage de ma vie et je m\u2019amuse bien. Je vais participer \u00e0 l\u2019\u00e9preuve de big air dans quelques jours alors je vais en profiter pour recevoir des traitements en physio, me reposer beaucoup et manger du ramen. \u00bb<br>\u2013 Neko Reimer<br><br>Eli Bouchard (Lac-Beauport, QC), qui vient d\u2019avoir 16 ans en d\u00e9cembre, s\u2019est qualifi\u00e9 pour la finale prenant le premier rang de l\u2019\u00e9preuve avec un pointage de 83,25. M\u00e9daill\u00e9 d\u2019or au slopestyle et de big air aux Jeux d\u2019hiver du Canada 2023, Bouchard a ensuite fait mieux en finale pour remporter la m\u00e9daille d\u2019argent des Jeux olympiques de la jeunesse gr\u00e2ce \u00e0 un meilleur pointage de 90,00. Rappelons que Bouchard est devenu un ph\u00e9nom\u00e8ne YouTube \u00e0 l\u2019\u00e2ge de huit ans quand il a \u00e9t\u00e9 le plus jeune planchiste connu \u00e0 r\u00e9ussir un double saut p\u00e9rilleux arri\u00e8re. Il sera aussi de retour en piste pour l\u2019\u00e9preuve de big air de snowboard dans les jours \u00e0 venir.<br><br>\u00ab Dans la descente que j\u2019ai r\u00e9ussie, j\u2019ai fait un \u2018<em>Cab 16<\/em>\u2019, une figure que j\u2019ai apprise il y a une semaine alors je suis tr\u00e8s heureux de \u00e7a. C\u2019\u00e9tait super stressant, mais je me suis bien amus\u00e9 et je suis satisfait de ma performance. Je suis aussi tr\u00e8s content d\u2019\u00eatre mont\u00e9 sur le podium! \u00bb<br>\u2013 Eli Bouchard<\/p>\n\n\n\n<p class=\"wp-block-paragraph\"><strong><em>Pour tous les r\u00e9sultats d\u2019\u00c9quipe Canada en cette sixi\u00e8me journ\u00e9e, <\/em><\/strong><a href=\"https:\/\/drive.google.com\/file\/d\/1W2pkq1H1xZV30FnuuV05QNleBCp5aupy\/view?pli=1\"><strong><em>cliquez ici<\/em><\/strong><\/a><strong><em>.<\/em><br><br>HORAIRE DES DEUX PROCHAINES JOURN\u00c9ES \u2013 <\/strong><a href=\"https:\/\/drive.google.com\/file\/d\/1W2FgboOM2eQ07rYLDeRUEIbNsSXQED8M\/view?pli=1\"><strong>26 JANVIER (Jour 7)<\/strong><\/a><strong> \/ <\/strong><a href=\"https:\/\/drive.google.com\/file\/d\/1WIRxB1GePiF92jkSpEYuKCAfunUITTkB\/view?pli=1\"><strong>28 JANVIER (Jour 8)<br><\/strong><\/a>*La colonne \u00ab <em>Potential \/ Comp. possible <\/em>\u00bb<em> indique la phase de comp\u00e9tition pr\u00e9vue pour ce(tte) comp\u00e9titeur(trice). Les rang\u00e9es en rouge sont des \u00e9preuves m\u00e9daill\u00e9es.<\/em><\/p>\n\n\n\n<p class=\"wp-block-paragraph\"><strong>COMPTE DE M\u00c9DAILLES D\u2019\u00c9QUIPE CANADA<\/strong> :<br>Or &#8211; 0 | Argent &#8211; 2 | Bronze &#8211; 0<strong><br><\/strong><em><br><\/em><strong>COMMENT SUIVRE LES \u00c9PREUVES :<br><\/strong>Comme diffuseur officiel des Jeux de Gangwon 2024 au Canada, CBC\/Radio-Canada offrira une couverture des Jeux sur<a href=\"https:\/\/www.cbc.ca\/sports\"> cbcsports.ca<\/a>,<a href=\"https:\/\/ici.radio-canada.ca\/sports\"> radio-canada.ca\/sports<\/a> ainsi que sur les applications de CBC Sports et de Radio-Canada Sports. La cha\u00eene<a href=\"https:\/\/olympics.com\/en\/olympic-channel\"> Olympic Channel<\/a> offrira aussi une couverture compl\u00e8te des Jeux de Gangwon 2024, qui sera webdiffus\u00e9e sur son application gratuite.<\/p>\n\n\n\n<p class=\"wp-block-paragraph\"><strong>RESOURCES :<\/strong><strong><br><\/strong>PHOTOS : Soumettez une demande \u00e0 Tara (tmacbournie@olympique.ca) pour acc\u00e9der \u00e0 des photos \u00e0 des fins \u00e9ditoriales de<a href=\"https:\/\/images.olympic.ca\/index\"> images.olympic.ca.<\/a> D\u2019autres photos \u00e0 des fins \u00e9ditoriales sont accessibles aux m\u00e9dias sur<a href=\"https:\/\/oisphotos.com\/\"> oisphotos.com<br><\/a>VISITEZ : <a href=\"https:\/\/develop.olympic.ca\/olympique\/presse-ressources\/\">https:\/\/develop.olympic.ca\/olympique\/presse-ressources\/<\/a> pour acc\u00e9der aux bios des athl\u00e8tes et \u00e0 d\u2019autres renseignements sur les Jeux de Gangwon 2024.<br>SUIVEZ : <a href=\"https:\/\/twitter.com\/TeamCanadaPR\">@teamcanadapr sur Twitter (X)<\/a><\/p>\n\n\n\n<p class=\"has-text-align-center wp-block-paragraph\">&#8211; 30 &#8211;&nbsp;<\/p>\n\n\n\n<p class=\"wp-block-paragraph\">CONTACT POUR LES M\u00c9DIAS<\/p>\n\n\n\n<p class=\"wp-block-paragraph\">Tara MacBournie<br>Responsable des communications d\u2019\u00c9quipe Canada pour les Jeux de Gangwon 2024<br>WhatsApp : 647-522-8328<br>Courriel : tmacbournie@olympique.ca<\/p>\n","protected":false},"excerpt":{"rendered":"<p>GANGNEUNG (Cor\u00e9e du Sud) 25 janvier 2024 &#8211; \u00c9quipe Canada a ajout\u00e9 une m\u00e9daille d\u2019argent \u00e0 son total \u00e0 la&#8230;<\/p>\n","protected":false},"featured_media":235451,"template":"","format":"standard","tags":[],"type-of-press":[496138],"press-topic":[682165520],"years":[682166484],"class_list":["post-235450","press","type-press","status-publish","format-standard","has-post-thumbnail","hentry","type-of-press-communiques","press-topic-gangwon-2024","years-682166484"],"acf":[],"yoast_head":"<!-- This site is optimized with the Yoast SEO plugin v27.3 - https:\/\/yoast.com\/product\/yoast-seo-wordpress\/ -->\n<title>Gangwon 2024 : \u00c9quipe Canada \u00e0 la conclusion du Jour 6 - \u00c9quipe Canada | Site officiel de l&#039;\u00e9quipe olympique<\/title>\n<meta name=\"robots\" content=\"index, follow, max-snippet:-1, max-image-preview:large, max-video-preview:-1\" \/>\n<link rel=\"canonical\" href=\"https:\/\/develop.olympic.ca\/olympique\/presse\/gangwon-2024-equipe-canada-a-la-conclusion-du-jour-6\/\" \/>\n<meta property=\"og:locale\" content=\"fr_FR\" \/>\n<meta property=\"og:type\" content=\"article\" \/>\n<meta property=\"og:title\" content=\"Gangwon 2024 : \u00c9quipe Canada \u00e0 la conclusion du Jour 6 - \u00c9quipe Canada | Site officiel de l&#039;\u00e9quipe olympique\" \/>\n<meta property=\"og:description\" content=\"GANGNEUNG (Cor\u00e9e du Sud) 25 janvier 2024 &#8211; \u00c9quipe Canada a ajout\u00e9 une m\u00e9daille d\u2019argent \u00e0 son total \u00e0 la...\" \/>\n<meta property=\"og:url\" content=\"https:\/\/develop.olympic.ca\/olympique\/presse\/gangwon-2024-equipe-canada-a-la-conclusion-du-jour-6\/\" \/>\n<meta property=\"og:site_name\" content=\"\u00c9quipe Canada | Site officiel de l&#039;\u00e9quipe olympique\" \/>\n<meta property=\"article:modified_time\" content=\"2024-01-25T14:52:00+00:00\" \/>\n<meta name=\"twitter:card\" content=\"summary_large_image\" \/>\n<meta name=\"twitter:image\" content=\"https:\/\/develop.olympic.ca\/olympique\/wp-content\/uploads\/sites\/2\/2024\/01\/DH_20240125-93104293.jpg?quality=100\" \/>\n<meta name=\"twitter:label1\" content=\"Est. reading time\" \/>\n\t<meta name=\"twitter:data1\" content=\"6 minutes\" \/>\n\t<meta name=\"twitter:label2\" content=\"Written by\" \/>\n\t<meta name=\"twitter:data2\" content=\"zsinha\" \/>\n<script type=\"application\/ld+json\" class=\"yoast-schema-graph\">{\"@context\":\"https:\\\/\\\/schema.org\",\"@graph\":[{\"@type\":\"WebPage\",\"@id\":\"https:\\\/\\\/develop.olympic.ca\\\/olympique\\\/presse\\\/gangwon-2024-equipe-canada-a-la-conclusion-du-jour-6\\\/\",\"url\":\"https:\\\/\\\/develop.olympic.ca\\\/olympique\\\/presse\\\/gangwon-2024-equipe-canada-a-la-conclusion-du-jour-6\\\/\",\"name\":\"Gangwon 2024 : \u00c9quipe Canada \u00e0 la conclusion du Jour 6 - \u00c9quipe Canada | Site officiel de l&#039;\u00e9quipe olympique\",\"isPartOf\":{\"@id\":\"https:\\\/\\\/develop.olympic.ca\\\/olympique\\\/#website\"},\"primaryImageOfPage\":{\"@id\":\"https:\\\/\\\/develop.olympic.ca\\\/olympique\\\/presse\\\/gangwon-2024-equipe-canada-a-la-conclusion-du-jour-6\\\/#primaryimage\"},\"image\":{\"@id\":\"https:\\\/\\\/develop.olympic.ca\\\/olympique\\\/presse\\\/gangwon-2024-equipe-canada-a-la-conclusion-du-jour-6\\\/#primaryimage\"},\"thumbnailUrl\":\"https:\\\/\\\/develop.olympic.ca\\\/olympique\\\/wp-content\\\/uploads\\\/sites\\\/2\\\/2024\\\/01\\\/DH_20240125-93104293.jpg?quality=100\",\"datePublished\":\"2024-01-25T14:33:25+00:00\",\"dateModified\":\"2024-01-25T14:52:00+00:00\",\"inLanguage\":\"fr-FR\",\"potentialAction\":[{\"@type\":\"ReadAction\",\"target\":[\"https:\\\/\\\/develop.olympic.ca\\\/olympique\\\/presse\\\/gangwon-2024-equipe-canada-a-la-conclusion-du-jour-6\\\/\"]}]},{\"@type\":\"ImageObject\",\"inLanguage\":\"fr-FR\",\"@id\":\"https:\\\/\\\/develop.olympic.ca\\\/olympique\\\/presse\\\/gangwon-2024-equipe-canada-a-la-conclusion-du-jour-6\\\/#primaryimage\",\"url\":\"https:\\\/\\\/develop.olympic.ca\\\/olympique\\\/wp-content\\\/uploads\\\/sites\\\/2\\\/2024\\\/01\\\/DH_20240125-93104293.jpg?quality=100\",\"contentUrl\":\"https:\\\/\\\/develop.olympic.ca\\\/olympique\\\/wp-content\\\/uploads\\\/sites\\\/2\\\/2024\\\/01\\\/DH_20240125-93104293.jpg?quality=100\",\"width\":3889,\"height\":2518,\"caption\":\"Eli Bouchard of Canada wins silver in men\u2019s snowboard slopestyle during the Gangwon 2024 Winter Youth Olympics on Thursday, January 25, 2024. Photo by Dave Holland\\\/COC *MANDATORY CREDIT*\"},{\"@type\":\"WebSite\",\"@id\":\"https:\\\/\\\/develop.olympic.ca\\\/olympique\\\/#website\",\"url\":\"https:\\\/\\\/develop.olympic.ca\\\/olympique\\\/\",\"name\":\"\u00c9quipe Canada | Site officiel de l&#039;\u00e9quipe olympique\",\"description\":\"Votre source pour l\u2019\u00c9quipe olympique canadienne. Retrouvez les r\u00e9cits, vid\u00e9os et photos des athl\u00e8tes canadiens, sports olympiques, Jeux olympiques de 2020 et bien plus!\",\"potentialAction\":[{\"@type\":\"SearchAction\",\"target\":{\"@type\":\"EntryPoint\",\"urlTemplate\":\"https:\\\/\\\/develop.olympic.ca\\\/olympique\\\/?s={search_term_string}\"},\"query-input\":{\"@type\":\"PropertyValueSpecification\",\"valueRequired\":true,\"valueName\":\"search_term_string\"}}],\"inLanguage\":\"fr-FR\"}]}<\/script>\n<!-- \/ Yoast SEO plugin. -->","yoast_head_json":{"title":"Gangwon 2024 : \u00c9quipe Canada \u00e0 la conclusion du Jour 6 - \u00c9quipe Canada | Site officiel de l&#039;\u00e9quipe olympique","robots":{"index":"index","follow":"follow","max-snippet":"max-snippet:-1","max-image-preview":"max-image-preview:large","max-video-preview":"max-video-preview:-1"},"canonical":"https:\/\/develop.olympic.ca\/olympique\/presse\/gangwon-2024-equipe-canada-a-la-conclusion-du-jour-6\/","og_locale":"fr_FR","og_type":"article","og_title":"Gangwon 2024 : \u00c9quipe Canada \u00e0 la conclusion du Jour 6 - \u00c9quipe Canada | Site officiel de l&#039;\u00e9quipe olympique","og_description":"GANGNEUNG (Cor\u00e9e du Sud) 25 janvier 2024 &#8211; \u00c9quipe Canada a ajout\u00e9 une m\u00e9daille d\u2019argent \u00e0 son total \u00e0 la...","og_url":"https:\/\/develop.olympic.ca\/olympique\/presse\/gangwon-2024-equipe-canada-a-la-conclusion-du-jour-6\/","og_site_name":"\u00c9quipe Canada | Site officiel de l&#039;\u00e9quipe olympique","article_modified_time":"2024-01-25T14:52:00+00:00","twitter_card":"summary_large_image","twitter_image":"https:\/\/develop.olympic.ca\/olympique\/wp-content\/uploads\/sites\/2\/2024\/01\/DH_20240125-93104293.jpg?quality=100","twitter_misc":{"Est. reading time":"6 minutes","Written by":"zsinha"},"schema":{"@context":"https:\/\/schema.org","@graph":[{"@type":"WebPage","@id":"https:\/\/develop.olympic.ca\/olympique\/presse\/gangwon-2024-equipe-canada-a-la-conclusion-du-jour-6\/","url":"https:\/\/develop.olympic.ca\/olympique\/presse\/gangwon-2024-equipe-canada-a-la-conclusion-du-jour-6\/","name":"Gangwon 2024 : \u00c9quipe Canada \u00e0 la conclusion du Jour 6 - \u00c9quipe Canada | Site officiel de l&#039;\u00e9quipe olympique","isPartOf":{"@id":"https:\/\/develop.olympic.ca\/olympique\/#website"},"primaryImageOfPage":{"@id":"https:\/\/develop.olympic.ca\/olympique\/presse\/gangwon-2024-equipe-canada-a-la-conclusion-du-jour-6\/#primaryimage"},"image":{"@id":"https:\/\/develop.olympic.ca\/olympique\/presse\/gangwon-2024-equipe-canada-a-la-conclusion-du-jour-6\/#primaryimage"},"thumbnailUrl":"https:\/\/develop.olympic.ca\/olympique\/wp-content\/uploads\/sites\/2\/2024\/01\/DH_20240125-93104293.jpg?quality=100","datePublished":"2024-01-25T14:33:25+00:00","dateModified":"2024-01-25T14:52:00+00:00","inLanguage":"fr-FR","potentialAction":[{"@type":"ReadAction","target":["https:\/\/develop.olympic.ca\/olympique\/presse\/gangwon-2024-equipe-canada-a-la-conclusion-du-jour-6\/"]}]},{"@type":"ImageObject","inLanguage":"fr-FR","@id":"https:\/\/develop.olympic.ca\/olympique\/presse\/gangwon-2024-equipe-canada-a-la-conclusion-du-jour-6\/#primaryimage","url":"https:\/\/develop.olympic.ca\/olympique\/wp-content\/uploads\/sites\/2\/2024\/01\/DH_20240125-93104293.jpg?quality=100","contentUrl":"https:\/\/develop.olympic.ca\/olympique\/wp-content\/uploads\/sites\/2\/2024\/01\/DH_20240125-93104293.jpg?quality=100","width":3889,"height":2518,"caption":"Eli Bouchard of Canada wins silver in men\u2019s snowboard slopestyle during the Gangwon 2024 Winter Youth Olympics on Thursday, January 25, 2024. Photo by Dave Holland\/COC *MANDATORY CREDIT*"},{"@type":"WebSite","@id":"https:\/\/develop.olympic.ca\/olympique\/#website","url":"https:\/\/develop.olympic.ca\/olympique\/","name":"\u00c9quipe Canada | Site officiel de l&#039;\u00e9quipe olympique","description":"Votre source pour l\u2019\u00c9quipe olympique canadienne. Retrouvez les r\u00e9cits, vid\u00e9os et photos des athl\u00e8tes canadiens, sports olympiques, Jeux olympiques de 2020 et bien plus!","potentialAction":[{"@type":"SearchAction","target":{"@type":"EntryPoint","urlTemplate":"https:\/\/develop.olympic.ca\/olympique\/?s={search_term_string}"},"query-input":{"@type":"PropertyValueSpecification","valueRequired":true,"valueName":"search_term_string"}}],"inLanguage":"fr-FR"}]}},"jetpack_sharing_enabled":true,"_links":{"self":[{"href":"https:\/\/develop.olympic.ca\/olympique\/wp-json\/wp\/v2\/press\/235450","targetHints":{"allow":["GET"]}}],"collection":[{"href":"https:\/\/develop.olympic.ca\/olympique\/wp-json\/wp\/v2\/press"}],"about":[{"href":"https:\/\/develop.olympic.ca\/olympique\/wp-json\/wp\/v2\/types\/press"}],"version-history":[{"count":7,"href":"https:\/\/develop.olympic.ca\/olympique\/wp-json\/wp\/v2\/press\/235450\/revisions"}],"predecessor-version":[{"id":235461,"href":"https:\/\/develop.olympic.ca\/olympique\/wp-json\/wp\/v2\/press\/235450\/revisions\/235461"}],"wp:featuredmedia":[{"embeddable":true,"href":"https:\/\/develop.olympic.ca\/olympique\/wp-json\/wp\/v2\/media\/235451"}],"wp:attachment":[{"href":"https:\/\/develop.olympic.ca\/olympique\/wp-json\/wp\/v2\/media?parent=235450"}],"wp:term":[{"taxonomy":"post_tag","embeddable":true,"href":"https:\/\/develop.olympic.ca\/olympique\/wp-json\/wp\/v2\/tags?post=235450"},{"taxonomy":"type-of-press","embeddable":true,"href":"https:\/\/develop.olympic.ca\/olympique\/wp-json\/wp\/v2\/type-of-press?post=235450"},{"taxonomy":"press-topic","embeddable":true,"href":"https:\/\/develop.olympic.ca\/olympique\/wp-json\/wp\/v2\/press-topic?post=235450"},{"taxonomy":"years","embeddable":true,"href":"https:\/\/develop.olympic.ca\/olympique\/wp-json\/wp\/v2\/years?post=235450"}],"curies":[{"name":"wp","href":"https:\/\/api.w.org\/{rel}","templated":true}]}}