{"id":235528,"date":"2024-01-26T10:27:06","date_gmt":"2024-01-26T15:27:06","guid":{"rendered":"https:\/\/develop.olympic.ca\/olympique\/?post_type=press&#038;p=235528"},"modified":"2024-01-26T10:29:50","modified_gmt":"2024-01-26T15:29:50","slug":"gangwon-2024-equipe-canada-a-la-conclusion-du-jour-7","status":"publish","type":"press","link":"https:\/\/develop.olympic.ca\/olympique\/presse\/gangwon-2024-equipe-canada-a-la-conclusion-du-jour-7\/","title":{"rendered":"Gangwon 2024 : \u00c9quipe Canada \u00e0 la conclusion du Jour 7"},"content":{"rendered":"\n<p class=\"wp-block-paragraph\">GANGNEUNG (Cor\u00e9e du Sud) 26 janvier 2024 &#8211; Les Jeux olympiques de la jeunesse d\u2019hiver de Gangwon 2024 ont pass\u00e9 le point de mi-parcours au terme de la septi\u00e8me journ\u00e9e. Alors que plusieurs des athl\u00e8tes qui \u00e9taient en action dans la premi\u00e8re semaine ont conclu leurs comp\u00e9titions et que la plupart de ceux qui seront en action dans la deuxi\u00e8me semaine ont intensifi\u00e9 leurs pr\u00e9paratifs \u00e0 l\u2019entra\u00eenement, seulement six repr\u00e9sentants d\u2019\u00c9quipe Canada \u00e9taient en comp\u00e9tition aujourd\u2019hui dans deux sports.<br><br><strong>SKI ACROBATIQUE<\/strong><br>Les sp\u00e9cialistes des bosses d\u2019\u00c9quipe Canada Citrine Boychuk (Sherwood Park, AB),&nbsp; Bradley Koehler (Qu\u00e9bec, QC), Flavie Lamontagne (Qu\u00e9bec, QC) et Jeremy Sauvageau (Montr\u00e9al, QC) ont particip\u00e9 \u00e0 l\u2019\u00e9preuve par \u00e9quipes mixtes de bosses en parall\u00e8le. Boychuk et Sauvageau formaient Canada 1, tandis que Lamontagne et Koehler formaient Canada 2. Koehler et Lamontagne ont conclu leur parcours en huiti\u00e8mes de finale tandis que Boychuk et Sauvageau ont atteint les quarts de finale pour terminer au septi\u00e8me rang de l\u2019\u00e9preuve.<br><br>\u00ab La premi\u00e8re descente a \u00e9t\u00e9 tr\u00e8s bonne. Malheureusement j\u2019\u00e9tais un peu trop appuy\u00e9e sur l\u2019arri\u00e8re de mes skis \u00e0 ma deuxi\u00e8me descente et \u00e7a ne s\u2019est pas pass\u00e9 comme je l\u2019aurais voulu. Globalement, je suis quand m\u00eame satisfaite de comment j\u2019ai pu skier. L\u2019exp\u00e9rience a \u00e9t\u00e9 superbe dans l\u2019ensemble et je suis heureuse d\u2019\u00eatre venue ici et de repr\u00e9senter le Canada. C\u2019\u00e9tait incroyable, tout le monde est gentil et le soutien a \u00e9t\u00e9 excellent.\u00bb<br>\u2013 Citrine Boychuk<br><br>\u00ab C\u2019est un beau parcours pour skier et j\u2019ai tout donn\u00e9 sur la piste! C\u2019\u00e9tait vraiment une belle exp\u00e9rience d\u2019\u00eatre ici et de vivre un vrai moment \u2018olympique\u2019. Quand j\u2019\u00e9tais plus jeune, j\u2019ai vu la performance d\u2019Alex Bilodeau aux Jeux de Vancouver 2010 et c\u2019\u00e9tait mon r\u00eave de pouvoir \u00e0 mon tour skier comme \u00e7a un jour. Je regarde encore cette descente tellement elle m\u2019inspire. Il est un mod\u00e8le pour moi et je d\u00e9sire skier comme lui alors de pouvoir skier ici aux Jeux olympiques de la jeunesse est tr\u00e8s sp\u00e9cial pour moi. \u00bb<br>\u2013 Jeremy Sauvageau<br><br><strong>SKI ALPIN<\/strong><br>Le rideau est tomb\u00e9 sur les \u00e9preuves alpines \u00e0 la station de ski Jeongseon High 1 avec la pr\u00e9sentation de l\u2019\u00e9preuve par \u00e9quipes mixtes de slalom parall\u00e8le. Aida Draghia (Ch\u00e2teauguay, QC) et Thomas &lsquo;<em>Tommy<\/em>&lsquo; Carnahan (Ottawa, ON) repr\u00e9sentaient le Canada. En huiti\u00e8mes de finale, Draghia et Carnahan affrontaient un duo de Fran\u00e7ais, comprenant notamment le m\u00e9daill\u00e9 d\u2019or au slalom g\u00e9ant et m\u00e9daill\u00e9 de bronze au slalom chez les hommes. Les Canadiens ont offert une prestation admirable face \u00e0 des adversaires coriaces pour quatre manches tr\u00e8s serr\u00e9es, mais n\u2019ont pas acc\u00e9d\u00e9 aux quarts de finale. Revenant sur leur parcours aux Jeux olympiques de la jeunesse, les trois skieurs alpins du Canada, qui comprend aussi Elsa Feliciello (Piedmont, QC), ont partag\u00e9 combien l\u2019exp\u00e9rience a \u00e9t\u00e9 pr\u00e9cieuse pour eux.<br><br>\u00ab L\u2019\u00e9v\u00e9nement a \u00e9t\u00e9 incroyable! C\u2019\u00e9tait tellement amusant de voir tous ces skieurs de diff\u00e9rents pays r\u00e9unis ici. J\u2019ai rencontr\u00e9 beaucoup de bonnes personnes et globalement l\u2019exp\u00e9rience a \u00e9t\u00e9 superbe. Une des grandes le\u00e7ons que je tire de cette exp\u00e9rience \u00e9tait d\u2019avoir plus de confiance puisque c\u2019est \u00e7a qui fait de toi une meilleure skieuse dans l\u2019ensemble. \u00bb<br>\u2013 Elsa Feliciello<br><br>\u00ab C\u2019\u00e9tait exceptionnel! Je n\u2019arrive pas \u00e0 croire que je suis ici maintenant, l\u2019exp\u00e9rience a \u00e9t\u00e9 tout simplement incroyable et je suis tellement honor\u00e9e d\u2019\u00eatre ici. Nous avons une \u00e9quipe incroyable et nous avons beaucoup de plaisir avec l\u2019ambiance qui r\u00e8gne au sein d\u2019\u00c9quipe Canada. Je n\u2019oublierai jamais ces Jeux. \u00bb<br>\u2013 Aida Draghia<br><br>Cette \u00e9preuve par \u00e9quipes mixtes de slalom parall\u00e8le a offert une exp\u00e9rience particuli\u00e8rement unique et gratifiante pour Draghia et Carnahan qui ont particip\u00e9 \u00e0 un camp de ski \u00e0 Panorama en Colombie-Britannique chez les moins de 14 ans. Ils avaient b\u00e2ti une amiti\u00e9, mais n\u2019avaient pas ski\u00e9 ensemble jusqu\u2019\u00e0 ces Jeux olympiques de la jeunesse.<br><\/p>\n\n\n\n<p class=\"wp-block-paragraph\">\u00ab C\u2019\u00e9tait une belle exp\u00e9rience. C\u2019\u00e9tait tr\u00e8s amusant de pouvoir \u00eatre avec l\u2019\u00e9quipe. Le ski est un sport plut\u00f4t ind\u00e9pendant alors c\u2019\u00e9tait un changement bienvenu et tr\u00e8s amusant de skier avec Aida aujourd\u2019hui et avec Elsa plus t\u00f4t dans la comp\u00e9tition. \u00bb<br>\u2013 Tommy Carnahan<\/p>\n\n\n\n<p class=\"wp-block-paragraph\">Demain, les skieurs de bosses et les athl\u00e8tes de slopestyle et de big air seront de retour sur la neige. La huiti\u00e8me journ\u00e9e marque aussi le d\u00e9but du tournoi de curling double mixte, de patinage artistique et de hockey pour \u00c9quipe Canada.<\/p>\n\n\n\n<p class=\"wp-block-paragraph\"><strong><em>Pour tous les r\u00e9sultats d\u2019\u00c9quipe Canada en cette septi\u00e8me journ\u00e9e, <\/em><\/strong><a href=\"https:\/\/drive.google.com\/file\/d\/1WN0TcfzSY281jdZBndrHRPrTS5BCkWaB\/view?pli=1\"><strong><em>cliquez ici<\/em><\/strong><\/a><strong><em>.<\/em><br><br>HORAIRE DES DEUX PROCHAINES JOURN\u00c9ES \u2013<\/strong><a href=\"https:\/\/drive.google.com\/file\/d\/1WIRxB1GePiF92jkSpEYuKCAfunUITTkB\/view?pli=1\"><strong>27 JANVIER (Jour 8)<\/strong><\/a><strong> \/ <\/strong><a href=\"https:\/\/drive.google.com\/file\/d\/1WTBsC0J2CG8yCATdftcH1dinm-eAHq7g\/view?pli=1\"><strong>28 JANVIER (Jour 9)<br><\/strong><\/a>*La colonne \u00ab <em>Potential \/ Comp. possible <\/em>\u00bb<em> indique la phase de comp\u00e9tition pr\u00e9vue pour ce(tte) comp\u00e9titeur(trice). Les rang\u00e9es en rouge sont des \u00e9preuves m\u00e9daill\u00e9es.<\/em><\/p>\n\n\n\n<p class=\"wp-block-paragraph\"><strong>COMPTE DE M\u00c9DAILLES D\u2019\u00c9QUIPE CANADA<\/strong> :<br>Or &#8211; 0 | Argent &#8211; 2 | Bronze &#8211; 0<strong><br><\/strong><em><br><\/em><strong>COMMENT SUIVRE LES \u00c9PREUVES :<br><\/strong>Comme diffuseur officiel des Jeux de Gangwon 2024 au Canada, CBC\/Radio-Canada offrira une couverture des Jeux sur<a href=\"https:\/\/www.cbc.ca\/sports\"> cbcsports.ca<\/a>,<a href=\"https:\/\/ici.radio-canada.ca\/sports\"> radio-canada.ca\/sports<\/a> ainsi que sur les applications de CBC Sports et de Radio-Canada Sports. La cha\u00eene<a href=\"https:\/\/olympics.com\/en\/olympic-channel\"> Olympic Channel<\/a> offrira aussi une couverture compl\u00e8te des Jeux de Gangwon 2024, qui sera webdiffus\u00e9e sur son application gratuite.<\/p>\n\n\n\n<p class=\"wp-block-paragraph\"><strong>RESOURCES :<\/strong><strong><br><\/strong>PHOTOS : Soumettez une demande \u00e0 Tara (tmacbournie@olympique.ca) pour acc\u00e9der \u00e0 des photos \u00e0 des fins \u00e9ditoriales de<a href=\"https:\/\/images.olympic.ca\/index\"> images.olympic.ca.<\/a> D\u2019autres photos \u00e0 des fins \u00e9ditoriales sont accessibles aux m\u00e9dias sur<a href=\"https:\/\/oisphotos.com\/\"> oisphotos.com<br><\/a>VISITEZ : <a href=\"https:\/\/develop.olympic.ca\/olympique\/presse-ressources\/\">https:\/\/develop.olympic.ca\/olympique\/presse-ressources\/<\/a> pour acc\u00e9der aux bios des athl\u00e8tes et \u00e0 d\u2019autres renseignements sur les Jeux de Gangwon 2024.<br>SUIVEZ : <a href=\"https:\/\/twitter.com\/TeamCanadaPR\">@teamcanadapr sur Twitter (X)<\/a><\/p>\n\n\n\n<p class=\"has-text-align-center wp-block-paragraph\">&#8211; 30 &#8211;&nbsp;<\/p>\n\n\n\n<p class=\"wp-block-paragraph\">CONTACT POUR LES M\u00c9DIAS :<\/p>\n\n\n\n<p class=\"wp-block-paragraph\">Tara MacBournie<br>Responsable des communications d\u2019\u00c9quipe Canada pour les Jeux de Gangwon 2024<br>WhatsApp : 647-522-8328<br>Courriel : tmacbournie@olympique.ca<\/p>\n","protected":false},"excerpt":{"rendered":"<p>GANGNEUNG (Cor\u00e9e du Sud) 26 janvier 2024 &#8211; Les Jeux olympiques de la jeunesse d\u2019hiver de Gangwon 2024 ont pass\u00e9&#8230;<\/p>\n","protected":false},"featured_media":235529,"template":"","format":"standard","tags":[],"type-of-press":[496138],"press-topic":[682165520],"years":[682166484],"class_list":["post-235528","press","type-press","status-publish","format-standard","has-post-thumbnail","hentry","type-of-press-communiques","press-topic-gangwon-2024","years-682166484"],"acf":[],"yoast_head":"<!-- This site is optimized with the Yoast SEO plugin v27.3 - https:\/\/yoast.com\/product\/yoast-seo-wordpress\/ -->\n<title>Gangwon 2024 : \u00c9quipe Canada \u00e0 la conclusion du Jour 7 - \u00c9quipe Canada | Site officiel de l&#039;\u00e9quipe olympique<\/title>\n<meta name=\"robots\" content=\"index, follow, max-snippet:-1, max-image-preview:large, max-video-preview:-1\" \/>\n<link rel=\"canonical\" href=\"https:\/\/develop.olympic.ca\/olympique\/presse\/gangwon-2024-equipe-canada-a-la-conclusion-du-jour-7\/\" \/>\n<meta property=\"og:locale\" content=\"fr_FR\" \/>\n<meta property=\"og:type\" content=\"article\" \/>\n<meta property=\"og:title\" content=\"Gangwon 2024 : \u00c9quipe Canada \u00e0 la conclusion du Jour 7 - \u00c9quipe Canada | Site officiel de l&#039;\u00e9quipe olympique\" \/>\n<meta property=\"og:description\" content=\"GANGNEUNG (Cor\u00e9e du Sud) 26 janvier 2024 &#8211; Les Jeux olympiques de la jeunesse d\u2019hiver de Gangwon 2024 ont pass\u00e9...\" \/>\n<meta property=\"og:url\" content=\"https:\/\/develop.olympic.ca\/olympique\/presse\/gangwon-2024-equipe-canada-a-la-conclusion-du-jour-7\/\" \/>\n<meta property=\"og:site_name\" content=\"\u00c9quipe Canada | Site officiel de l&#039;\u00e9quipe olympique\" \/>\n<meta property=\"article:modified_time\" content=\"2024-01-26T15:29:50+00:00\" \/>\n<meta name=\"twitter:card\" content=\"summary_large_image\" \/>\n<meta name=\"twitter:image\" content=\"https:\/\/develop.olympic.ca\/olympique\/wp-content\/uploads\/sites\/2\/2024\/01\/DH_20240126-1108841.jpg?quality=100\" \/>\n<meta name=\"twitter:label1\" content=\"Est. reading time\" \/>\n\t<meta name=\"twitter:data1\" content=\"5 minutes\" \/>\n\t<meta name=\"twitter:label2\" content=\"Written by\" \/>\n\t<meta name=\"twitter:data2\" content=\"zsinha\" \/>\n<script type=\"application\/ld+json\" class=\"yoast-schema-graph\">{\"@context\":\"https:\\\/\\\/schema.org\",\"@graph\":[{\"@type\":\"WebPage\",\"@id\":\"https:\\\/\\\/develop.olympic.ca\\\/olympique\\\/presse\\\/gangwon-2024-equipe-canada-a-la-conclusion-du-jour-7\\\/\",\"url\":\"https:\\\/\\\/develop.olympic.ca\\\/olympique\\\/presse\\\/gangwon-2024-equipe-canada-a-la-conclusion-du-jour-7\\\/\",\"name\":\"Gangwon 2024 : \u00c9quipe Canada \u00e0 la conclusion du Jour 7 - \u00c9quipe Canada | Site officiel de l&#039;\u00e9quipe olympique\",\"isPartOf\":{\"@id\":\"https:\\\/\\\/develop.olympic.ca\\\/olympique\\\/#website\"},\"primaryImageOfPage\":{\"@id\":\"https:\\\/\\\/develop.olympic.ca\\\/olympique\\\/presse\\\/gangwon-2024-equipe-canada-a-la-conclusion-du-jour-7\\\/#primaryimage\"},\"image\":{\"@id\":\"https:\\\/\\\/develop.olympic.ca\\\/olympique\\\/presse\\\/gangwon-2024-equipe-canada-a-la-conclusion-du-jour-7\\\/#primaryimage\"},\"thumbnailUrl\":\"https:\\\/\\\/develop.olympic.ca\\\/olympique\\\/wp-content\\\/uploads\\\/sites\\\/2\\\/2024\\\/01\\\/DH_20240126-1108841.jpg?quality=100\",\"datePublished\":\"2024-01-26T15:27:06+00:00\",\"dateModified\":\"2024-01-26T15:29:50+00:00\",\"inLanguage\":\"fr-FR\",\"potentialAction\":[{\"@type\":\"ReadAction\",\"target\":[\"https:\\\/\\\/develop.olympic.ca\\\/olympique\\\/presse\\\/gangwon-2024-equipe-canada-a-la-conclusion-du-jour-7\\\/\"]}]},{\"@type\":\"ImageObject\",\"inLanguage\":\"fr-FR\",\"@id\":\"https:\\\/\\\/develop.olympic.ca\\\/olympique\\\/presse\\\/gangwon-2024-equipe-canada-a-la-conclusion-du-jour-7\\\/#primaryimage\",\"url\":\"https:\\\/\\\/develop.olympic.ca\\\/olympique\\\/wp-content\\\/uploads\\\/sites\\\/2\\\/2024\\\/01\\\/DH_20240126-1108841.jpg?quality=100\",\"contentUrl\":\"https:\\\/\\\/develop.olympic.ca\\\/olympique\\\/wp-content\\\/uploads\\\/sites\\\/2\\\/2024\\\/01\\\/DH_20240126-1108841.jpg?quality=100\",\"width\":5327,\"height\":2986,\"caption\":\"Thomas Carnahan of Canada competes in the mixed team parallel slalom during the Gangwon 2024 Winter Youth Olympics on Monday, February 26, 2024. Photo by Dave Holland\\\/COC *MANDATORY CREDIT*\"},{\"@type\":\"WebSite\",\"@id\":\"https:\\\/\\\/develop.olympic.ca\\\/olympique\\\/#website\",\"url\":\"https:\\\/\\\/develop.olympic.ca\\\/olympique\\\/\",\"name\":\"\u00c9quipe Canada | Site officiel de l&#039;\u00e9quipe olympique\",\"description\":\"Votre source pour l\u2019\u00c9quipe olympique canadienne. Retrouvez les r\u00e9cits, vid\u00e9os et photos des athl\u00e8tes canadiens, sports olympiques, Jeux olympiques de 2020 et bien plus!\",\"potentialAction\":[{\"@type\":\"SearchAction\",\"target\":{\"@type\":\"EntryPoint\",\"urlTemplate\":\"https:\\\/\\\/develop.olympic.ca\\\/olympique\\\/?s={search_term_string}\"},\"query-input\":{\"@type\":\"PropertyValueSpecification\",\"valueRequired\":true,\"valueName\":\"search_term_string\"}}],\"inLanguage\":\"fr-FR\"}]}<\/script>\n<!-- \/ Yoast SEO plugin. -->","yoast_head_json":{"title":"Gangwon 2024 : \u00c9quipe Canada \u00e0 la conclusion du Jour 7 - \u00c9quipe Canada | Site officiel de l&#039;\u00e9quipe olympique","robots":{"index":"index","follow":"follow","max-snippet":"max-snippet:-1","max-image-preview":"max-image-preview:large","max-video-preview":"max-video-preview:-1"},"canonical":"https:\/\/develop.olympic.ca\/olympique\/presse\/gangwon-2024-equipe-canada-a-la-conclusion-du-jour-7\/","og_locale":"fr_FR","og_type":"article","og_title":"Gangwon 2024 : \u00c9quipe Canada \u00e0 la conclusion du Jour 7 - \u00c9quipe Canada | Site officiel de l&#039;\u00e9quipe olympique","og_description":"GANGNEUNG (Cor\u00e9e du Sud) 26 janvier 2024 &#8211; Les Jeux olympiques de la jeunesse d\u2019hiver de Gangwon 2024 ont pass\u00e9...","og_url":"https:\/\/develop.olympic.ca\/olympique\/presse\/gangwon-2024-equipe-canada-a-la-conclusion-du-jour-7\/","og_site_name":"\u00c9quipe Canada | Site officiel de l&#039;\u00e9quipe olympique","article_modified_time":"2024-01-26T15:29:50+00:00","twitter_card":"summary_large_image","twitter_image":"https:\/\/develop.olympic.ca\/olympique\/wp-content\/uploads\/sites\/2\/2024\/01\/DH_20240126-1108841.jpg?quality=100","twitter_misc":{"Est. reading time":"5 minutes","Written by":"zsinha"},"schema":{"@context":"https:\/\/schema.org","@graph":[{"@type":"WebPage","@id":"https:\/\/develop.olympic.ca\/olympique\/presse\/gangwon-2024-equipe-canada-a-la-conclusion-du-jour-7\/","url":"https:\/\/develop.olympic.ca\/olympique\/presse\/gangwon-2024-equipe-canada-a-la-conclusion-du-jour-7\/","name":"Gangwon 2024 : \u00c9quipe Canada \u00e0 la conclusion du Jour 7 - \u00c9quipe Canada | Site officiel de l&#039;\u00e9quipe olympique","isPartOf":{"@id":"https:\/\/develop.olympic.ca\/olympique\/#website"},"primaryImageOfPage":{"@id":"https:\/\/develop.olympic.ca\/olympique\/presse\/gangwon-2024-equipe-canada-a-la-conclusion-du-jour-7\/#primaryimage"},"image":{"@id":"https:\/\/develop.olympic.ca\/olympique\/presse\/gangwon-2024-equipe-canada-a-la-conclusion-du-jour-7\/#primaryimage"},"thumbnailUrl":"https:\/\/develop.olympic.ca\/olympique\/wp-content\/uploads\/sites\/2\/2024\/01\/DH_20240126-1108841.jpg?quality=100","datePublished":"2024-01-26T15:27:06+00:00","dateModified":"2024-01-26T15:29:50+00:00","inLanguage":"fr-FR","potentialAction":[{"@type":"ReadAction","target":["https:\/\/develop.olympic.ca\/olympique\/presse\/gangwon-2024-equipe-canada-a-la-conclusion-du-jour-7\/"]}]},{"@type":"ImageObject","inLanguage":"fr-FR","@id":"https:\/\/develop.olympic.ca\/olympique\/presse\/gangwon-2024-equipe-canada-a-la-conclusion-du-jour-7\/#primaryimage","url":"https:\/\/develop.olympic.ca\/olympique\/wp-content\/uploads\/sites\/2\/2024\/01\/DH_20240126-1108841.jpg?quality=100","contentUrl":"https:\/\/develop.olympic.ca\/olympique\/wp-content\/uploads\/sites\/2\/2024\/01\/DH_20240126-1108841.jpg?quality=100","width":5327,"height":2986,"caption":"Thomas Carnahan of Canada competes in the mixed team parallel slalom during the Gangwon 2024 Winter Youth Olympics on Monday, February 26, 2024. Photo by Dave Holland\/COC *MANDATORY CREDIT*"},{"@type":"WebSite","@id":"https:\/\/develop.olympic.ca\/olympique\/#website","url":"https:\/\/develop.olympic.ca\/olympique\/","name":"\u00c9quipe Canada | Site officiel de l&#039;\u00e9quipe olympique","description":"Votre source pour l\u2019\u00c9quipe olympique canadienne. Retrouvez les r\u00e9cits, vid\u00e9os et photos des athl\u00e8tes canadiens, sports olympiques, Jeux olympiques de 2020 et bien plus!","potentialAction":[{"@type":"SearchAction","target":{"@type":"EntryPoint","urlTemplate":"https:\/\/develop.olympic.ca\/olympique\/?s={search_term_string}"},"query-input":{"@type":"PropertyValueSpecification","valueRequired":true,"valueName":"search_term_string"}}],"inLanguage":"fr-FR"}]}},"jetpack_sharing_enabled":true,"_links":{"self":[{"href":"https:\/\/develop.olympic.ca\/olympique\/wp-json\/wp\/v2\/press\/235528","targetHints":{"allow":["GET"]}}],"collection":[{"href":"https:\/\/develop.olympic.ca\/olympique\/wp-json\/wp\/v2\/press"}],"about":[{"href":"https:\/\/develop.olympic.ca\/olympique\/wp-json\/wp\/v2\/types\/press"}],"version-history":[{"count":5,"href":"https:\/\/develop.olympic.ca\/olympique\/wp-json\/wp\/v2\/press\/235528\/revisions"}],"predecessor-version":[{"id":235575,"href":"https:\/\/develop.olympic.ca\/olympique\/wp-json\/wp\/v2\/press\/235528\/revisions\/235575"}],"wp:featuredmedia":[{"embeddable":true,"href":"https:\/\/develop.olympic.ca\/olympique\/wp-json\/wp\/v2\/media\/235529"}],"wp:attachment":[{"href":"https:\/\/develop.olympic.ca\/olympique\/wp-json\/wp\/v2\/media?parent=235528"}],"wp:term":[{"taxonomy":"post_tag","embeddable":true,"href":"https:\/\/develop.olympic.ca\/olympique\/wp-json\/wp\/v2\/tags?post=235528"},{"taxonomy":"type-of-press","embeddable":true,"href":"https:\/\/develop.olympic.ca\/olympique\/wp-json\/wp\/v2\/type-of-press?post=235528"},{"taxonomy":"press-topic","embeddable":true,"href":"https:\/\/develop.olympic.ca\/olympique\/wp-json\/wp\/v2\/press-topic?post=235528"},{"taxonomy":"years","embeddable":true,"href":"https:\/\/develop.olympic.ca\/olympique\/wp-json\/wp\/v2\/years?post=235528"}],"curies":[{"name":"wp","href":"https:\/\/api.w.org\/{rel}","templated":true}]}}